{"id":27369,"date":"2011-01-23T13:37:03","date_gmt":"2011-01-23T11:37:03","guid":{"rendered":"http:\/\/www.korhanyilmaz.com\/?p=27369"},"modified":"2011-01-23T13:37:03","modified_gmt":"2011-01-23T11:37:03","slug":"akp-hizbullahla-isbirligi-yapiyor","status":"publish","type":"post","link":"http:\/\/www.korhanyilmaz.com\/?p=27369","title":{"rendered":"&#8220;AKP Hizbullah&#8217;la i\u015fbirli\u011fi yap\u0131yor&#8221;"},"content":{"rendered":"<p style=\"text-align: center;\"><a href=\"http:\/\/www.korhanyilmaz.com\/wp-content\/uploads\/2011\/01\/010.jpg\"  class=\"lightview\"><img loading=\"lazy\" decoding=\"async\" class=\"aligncenter size-full wp-image-27370\" src=\"http:\/\/www.korhanyilmaz.com\/wp-content\/uploads\/2011\/01\/010.jpg\" alt=\"\" width=\"346\" height=\"266\" \/><\/a><\/p>\n<p style=\"text-align: justify;\">CHP lideri Kemal K\u0131l\u0131\u00e7daro\u011flu, &#8220;AK Parti Hizbullah&#8217;la i\u015fbirli\u011fi yap\u0131yor. B\u00fct\u00fcn se\u00e7imlerde bunu yapt\u0131&#8221; dedi. K\u0131l\u0131\u00e7daro\u011flu, &#8220;Aslantepe protestosunun demokrasinin g\u00fczel \u00f6rneklerinden biri oldu\u011funu&#8221; da s\u00f6yledi. <!--more--><\/p>\n<p style=\"text-align: justify;\">K\u0131l\u0131\u00e7daro\u011flu, Denizli seyahati s\u0131ras\u0131nda gazetecilerin sorular\u0131n\u0131 yan\u0131tlad\u0131.<\/p>\n<p style=\"text-align: justify;\">CHP lideri, &#8220;AKP&#8217;nin Hizbullah&#8217;la i\u015fbirli\u011fi yapt\u0131\u011f\u0131n\u0131 b\u00f6lgede herkes biliyor. Gidin sorun. B\u00fct\u00fcn se\u00e7imlerde bunu yapt\u0131lar. Yurtta\u015flar bunu s\u00f6yl\u00fcyor. Somut belirtisi \u015fu: Serbest b\u0131rak\u0131ld\u0131ktan sonra imzaya gelmeyen ki\u015filer dahi takip edilmedi, ka\u00e7t\u0131lar. Sorumlusu kim? Ba\u015fbakan hesap vermeli. Ba\u015fbakan, \u0130\u00e7i\u015fleri Bakan\u0131&#8217;na sormal\u0131, imzaya gelmeyen insan\u0131 niye takip etmedin diye. Sormuyorsa i\u015fbirli\u011finin do\u011fru oldu\u011funu g\u00f6steriyor&#8221; dedi.<\/p>\n<p style=\"text-align: justify;\"><strong>Aslantepe protestosu <\/strong><\/p>\n<p style=\"text-align: justify;\">K\u0131l\u0131\u00e7daro\u011flu, Aslantepe Stad\u0131&#8217;n\u0131n a\u00e7\u0131l\u0131\u015f\u0131nda Ba\u015fbakan Erdo\u011fan&#8217;a y\u00f6nelik protestolara ili\u015fkin soruya, &#8220;Asl\u0131nda futbola siyaseti katmak do\u011fru de\u011fil ama say\u0131n Ba\u015fbakan bu konuda bir ad\u0131m att\u0131, tepkiyi g\u00f6rd\u00fc. B\u00fct\u00fcn taraftarlar birle\u015ftiler, ortak tepki g\u00f6sterdiler. Bana g\u00f6re demokrasinin g\u00fczel \u00f6rneklerinden biri. Bu \u00f6rnekten her siyaset\u00e7inin ders almas\u0131 laz\u0131m&#8221; yan\u0131t\u0131n\u0131 verdi.<\/p>\n<p style=\"text-align: justify;\">K\u0131l\u0131\u00e7daro\u011flu, Ba\u015fbakan Yard\u0131mc\u0131s\u0131 B\u00fclent Ar\u0131n\u00e7&#8217;\u0131n s\u00f6zleriyle ilgili d\u00fc\u015f\u00fcncelerinin sorulmas\u0131 \u00fczerine cevap vermedi, &#8220;Arkada\u015flar te\u015fekk\u00fcr ederim&#8221; diyerek ayr\u0131ld\u0131.<\/p>\n<p style=\"text-align: justify;\"><a href=\"http:\/\/www.cnnturk.com\/2011\/turkiye\/01\/23\/akp.hizbullahla.isbirligi.yapiyor\/604252.0\/index.html\" target=\"_blank\"><span style=\"color: #888888;\">CNN T\u00dcRK<\/span><\/a><\/p>\n","protected":false},"excerpt":{"rendered":"<p style=\"text-align: center;\">\n<p style=\"text-align: justify;\">CHP lideri Kemal K\u0131l\u0131\u00e7daro\u011flu, &#8220;AK Parti Hizbullah&#8217;la i\u015fbirli\u011fi yap\u0131yor. B\u00fct\u00fcn se\u00e7imlerde bunu yapt\u0131&#8221; dedi. K\u0131l\u0131\u00e7daro\u011flu, &#8220;Aslantepe protestosunun demokrasinin g\u00fczel \u00f6rneklerinden biri oldu\u011funu&#8221; da s\u00f6yledi. <\/p>\n","protected":false},"author":1,"featured_media":0,"comment_status":"open","ping_status":"closed","sticky":false,"template":"","format":"standard","meta":{"footnotes":""},"categories":[105],"tags":[],"class_list":["post-27369","post","type-post","status-publish","format-standard","hentry","category-gundem","odd"],"_links":{"self":[{"href":"http:\/\/www.korhanyilmaz.com\/index.php?rest_route=\/wp\/v2\/posts\/27369","targetHints":{"allow":["GET"]}}],"collection":[{"href":"http:\/\/www.korhanyilmaz.com\/index.php?rest_route=\/wp\/v2\/posts"}],"about":[{"href":"http:\/\/www.korhanyilmaz.com\/index.php?rest_route=\/wp\/v2\/types\/post"}],"author":[{"embeddable":true,"href":"http:\/\/www.korhanyilmaz.com\/index.php?rest_route=\/wp\/v2\/users\/1"}],"replies":[{"embeddable":true,"href":"http:\/\/www.korhanyilmaz.com\/index.php?rest_route=%2Fwp%2Fv2%2Fcomments&post=27369"}],"version-history":[{"count":0,"href":"http:\/\/www.korhanyilmaz.com\/index.php?rest_route=\/wp\/v2\/posts\/27369\/revisions"}],"wp:attachment":[{"href":"http:\/\/www.korhanyilmaz.com\/index.php?rest_route=%2Fwp%2Fv2%2Fmedia&parent=27369"}],"wp:term":[{"taxonomy":"category","embeddable":true,"href":"http:\/\/www.korhanyilmaz.com\/index.php?rest_route=%2Fwp%2Fv2%2Fcategories&post=27369"},{"taxonomy":"post_tag","embeddable":true,"href":"http:\/\/www.korhanyilmaz.com\/index.php?rest_route=%2Fwp%2Fv2%2Ftags&post=27369"}],"curies":[{"name":"wp","href":"https:\/\/api.w.org\/{rel}","templated":true}]}}