{"id":27364,"date":"2011-01-22T22:33:48","date_gmt":"2011-01-22T20:33:48","guid":{"rendered":"http:\/\/www.korhanyilmaz.com\/?p=27364"},"modified":"2011-01-22T22:33:48","modified_gmt":"2011-01-22T20:33:48","slug":"arinc-hayat-seksten-ve-ickiden-ibaret-degil","status":"publish","type":"post","link":"http:\/\/www.korhanyilmaz.com\/?p=27364","title":{"rendered":"Ar\u0131n\u00e7: &#8220;Hayat seksten ve i\u00e7kiden ibaret de\u011fil&#8221;"},"content":{"rendered":"<p style=\"text-align: center;\"><a href=\"http:\/\/www.korhanyilmaz.com\/wp-content\/uploads\/2011\/01\/009.jpg\"  class=\"lightview\"><img loading=\"lazy\" decoding=\"async\" class=\"aligncenter size-full wp-image-27365\" src=\"http:\/\/www.korhanyilmaz.com\/wp-content\/uploads\/2011\/01\/009.jpg\" alt=\"\" width=\"346\" height=\"266\" \/><\/a><\/p>\n<p style=\"text-align: justify;\">Ba\u015fbakan Yard\u0131mc\u0131s\u0131 B\u00fclent Ar\u0131n\u00e7, yeni alkol y\u00f6netmeli\u011fiyle ba\u015flayan ya\u015fam tarz\u0131na m\u00fcdahale ile ilgili tart\u0131\u015fmalara farkl\u0131 bir yorum getirdi ve &#8220;Hayat seksten ve i\u00e7kiden ibaret de\u011fil&#8221; dedi.<!--more--><\/p>\n<p style=\"text-align: justify;\">Ar\u0131n\u00e7, \u0130zmir&#8217;de gazetecilerin sorular\u0131n\u0131 yan\u0131tlad\u0131.<\/p>\n<p style=\"text-align: justify;\">\u0130\u00e7ki d\u00fczenlemesi hakk\u0131ndaki g\u00f6r\u00fc\u015flerine ili\u015fkin soruyu da yan\u0131tlayan Bakan Ar\u0131n\u00e7, g\u00f6r\u00fc\u015flerini \u015f\u00f6yle ifade etti:<\/p>\n<p style=\"text-align: justify;\">&#8220;Hayat i\u00e7kiden ibaret de\u011fil, hayat seksten ibaret de\u011fil. Bir k\u0131s\u0131m \u00e7a\u011fda\u015f d\u00fc\u015f\u00fcnceye sahip oldu\u011funu s\u00f6yleyenler, sadece i\u00e7ki ve seksle olaya bak\u0131yorlar. Evet onlar da bir insan i\u00e7in \u00e7ok b\u00fcy\u00fck ihtiya\u00e7, onlara da ihtiyac\u0131m\u0131z var, onlar da bir \u015fekilde tatmin edilecek ama T\u00fcrkiye bir hukuk devleti.<\/p>\n<p style=\"text-align: justify;\">Bu hukuk devleti i\u00e7inde her \u015feyin \u00f6l\u00e7\u00fcs\u00fcn\u00fcn olmas\u0131, \u00f6zg\u00fcrl\u00fc\u011f\u00fcn s\u0131n\u0131rs\u0131z olmad\u0131\u011f\u0131 fikri gereklidir. \u00c7a\u011fda\u015fl\u0131\u011f\u0131 i\u00e7ki kadehlerinde aramak ve bulmak isteyenlere ithaf olunur.&#8221;<\/p>\n<p style=\"text-align: justify;\"><strong>&#8220;Bundan sonra darbe olmayacak&#8221; <\/strong><\/p>\n<p style=\"text-align: justify;\">Buca Esnaf ve Sanayici \u0130\u015f Adamlar\u0131 Derne\u011fi&#8217;nin yeme\u011finde de konu\u015fan Ar\u0131n\u00e7, &#8220;Bug\u00fcn T\u00fcrkiye&#8217;de herkes bilmeli ki bundan sonra darbe olmayacak. Bundan sonra ne darbe olacak, ne darbe heveslisi olacak&#8221; dedi.<\/p>\n<p style=\"text-align: justify;\">B\u00fclent Ar\u0131n\u00e7, &#8220;Milli birlik ve karde\u015flik projesi bu y\u00fczy\u0131l\u0131n en iddial\u0131 projesidir. \u00e7ok yak\u0131n zamanda t\u00fcrkiye in\u015fallah ter\u00f6r belas\u0131ndan kurtulacak, m\u00fccadeleyi kazanaca\u011f\u0131z&#8221; diye konu\u015ftu.<\/p>\n<p style=\"text-align: justify;\"><a href=\"http:\/\/www.cnnturk.com\/2011\/turkiye\/01\/22\/arinc.hayat.seksten.ve.ickiden.ibaret.degil\/604222.0\/index.html\" target=\"_blank\"><span style=\"color: #888888;\">CNN T\u00dcRK<\/span><\/a><\/p>\n","protected":false},"excerpt":{"rendered":"<p style=\"text-align: center;\">\n<p style=\"text-align: justify;\">Ba\u015fbakan Yard\u0131mc\u0131s\u0131 B\u00fclent Ar\u0131n\u00e7, yeni alkol y\u00f6netmeli\u011fiyle ba\u015flayan ya\u015fam tarz\u0131na m\u00fcdahale ile ilgili tart\u0131\u015fmalara farkl\u0131 bir yorum getirdi ve &#8220;Hayat seksten ve i\u00e7kiden ibaret de\u011fil&#8221; dedi.<\/p>\n","protected":false},"author":1,"featured_media":0,"comment_status":"open","ping_status":"closed","sticky":false,"template":"","format":"standard","meta":{"footnotes":""},"categories":[105],"tags":[],"class_list":["post-27364","post","type-post","status-publish","format-standard","hentry","category-gundem","odd"],"_links":{"self":[{"href":"http:\/\/www.korhanyilmaz.com\/index.php?rest_route=\/wp\/v2\/posts\/27364","targetHints":{"allow":["GET"]}}],"collection":[{"href":"http:\/\/www.korhanyilmaz.com\/index.php?rest_route=\/wp\/v2\/posts"}],"about":[{"href":"http:\/\/www.korhanyilmaz.com\/index.php?rest_route=\/wp\/v2\/types\/post"}],"author":[{"embeddable":true,"href":"http:\/\/www.korhanyilmaz.com\/index.php?rest_route=\/wp\/v2\/users\/1"}],"replies":[{"embeddable":true,"href":"http:\/\/www.korhanyilmaz.com\/index.php?rest_route=%2Fwp%2Fv2%2Fcomments&post=27364"}],"version-history":[{"count":0,"href":"http:\/\/www.korhanyilmaz.com\/index.php?rest_route=\/wp\/v2\/posts\/27364\/revisions"}],"wp:attachment":[{"href":"http:\/\/www.korhanyilmaz.com\/index.php?rest_route=%2Fwp%2Fv2%2Fmedia&parent=27364"}],"wp:term":[{"taxonomy":"category","embeddable":true,"href":"http:\/\/www.korhanyilmaz.com\/index.php?rest_route=%2Fwp%2Fv2%2Fcategories&post=27364"},{"taxonomy":"post_tag","embeddable":true,"href":"http:\/\/www.korhanyilmaz.com\/index.php?rest_route=%2Fwp%2Fv2%2Ftags&post=27364"}],"curies":[{"name":"wp","href":"https:\/\/api.w.org\/{rel}","templated":true}]}}