{"id":27360,"date":"2011-01-23T12:10:12","date_gmt":"2011-01-23T10:10:12","guid":{"rendered":"http:\/\/www.korhanyilmaz.com\/?p=27360"},"modified":"2011-01-23T12:10:12","modified_gmt":"2011-01-23T10:10:12","slug":"chpli-oran-arinc-endiselendiriyor","status":"publish","type":"post","link":"http:\/\/www.korhanyilmaz.com\/?p=27360","title":{"rendered":"CHP&#8217;li Oran: &#8220;Ar\u0131n\u00e7 endi\u015felendiriyor&#8230;&#8221;"},"content":{"rendered":"<p style=\"text-align: justify;\"><a href=\"http:\/\/www.korhanyilmaz.com\/wp-content\/uploads\/2011\/01\/008.jpg\"  class=\"lightview\"><img loading=\"lazy\" decoding=\"async\" class=\"aligncenter size-full wp-image-27361\" src=\"http:\/\/www.korhanyilmaz.com\/wp-content\/uploads\/2011\/01\/008.jpg\" alt=\"\" width=\"292\" height=\"231\" \/><\/a><\/p>\n<p style=\"text-align: justify;\">CHP Genel Ba\u015fkan Yard\u0131mc\u0131s\u0131 Umut Oran, &#8220;Devlet Bakan\u0131 ve Ba\u015fbakan Yard\u0131mc\u0131s\u0131 B\u00fclent Ar\u0131n\u00e7&#8217;\u0131n, \u00e7a\u011fda\u015f ya\u015famla ilgili alg\u0131lamalar\u0131n\u0131n endi\u015fe verici oldu\u011funu&#8221; ifade etti.<\/p>\n<p style=\"text-align: justify;\">CHP Genel Ba\u015fkan\u0131 Kemal K\u0131l\u0131\u00e7daro\u011flu&#8217;nun sivil toplum \u00f6rg\u00fctleriyle bas\u0131na kapal\u0131 toplant\u0131 yapt\u0131\u011f\u0131 Denizli Colossae Otel&#8217;de, Umut Oran gazetecilere a\u00e7\u0131klamalarda bulundu. <!--more--><\/p>\n<p style=\"text-align: justify;\">Oran, d\u00fcn \u0130zmir&#8217;de Devlet Bakan\u0131 ve Ba\u015fbakan Yard\u0131mc\u0131s\u0131 B\u00fclent Ar\u0131n\u00e7&#8217;\u0131n &#8220;i\u00e7ki ve cinselli\u011fe&#8221; ili\u015fkin s\u00f6zlerinin \u00e7a\u011fda\u015f ya\u015famla ba\u011fda\u015ft\u0131r\u0131lamayaca\u011f\u0131n\u0131 belirterek, &#8220;Say\u0131n Ar\u0131n\u00e7&#8217;\u0131n \u00e7a\u011fda\u015f ya\u015famla ilgili alg\u0131lamalar\u0131 endi\u015fe verici&#8221; dedi.<\/p>\n<p style=\"text-align: justify;\">Ar\u0131n\u00e7&#8217;\u0131n s\u00f6zlerinin, kendisinin ruh d\u00fcnyas\u0131 ile AK Parti&#8217;nin d\u00fcnyas\u0131n\u0131 yans\u0131tt\u0131\u011f\u0131n\u0131 \u00f6ne s\u00fcren Oran, &#8220;(\u00c7a\u011fda\u015f ya\u015fam) denince mutlu T\u00fcrkiye, mutlu bireyler, mutlu toplumu g\u00f6r\u00fcyoruz. \u00c7a\u011fda\u015f ya\u015fam\u0131n arkas\u0131nda sanat, k\u00fclt\u00fcr, insan haklar\u0131, e\u015fitlik, karde\u015flik var. Malesef Say\u0131n Ar\u0131n\u00e7, &#8216;\u00e7a\u011fda\u015f ya\u015fam&#8217; denilince olay\u0131 alkol ve seksle alg\u0131land\u0131r\u0131yor. Say\u0131n Ar\u0131n\u00e7&#8217;\u0131n bu a\u00e7\u0131klamay\u0131 \u0130zmir&#8217;de yapmas\u0131 ayr\u0131 \u015fanss\u0131zl\u0131k&#8221; diye konu\u015ftu.<\/p>\n<p style=\"text-align: justify;\">\u0130zmir&#8217;in milli m\u00fccadelede \u00f6nemli bir yeri oldu\u011funu anlatan Oran, &#8220;Takdir etmemiz gerekirken, bu \u015fehre, b\u00f6lgeye ciddi tenkitler, hatta bir tak\u0131m yak\u0131\u015ft\u0131rmalar getirilmi\u015fti. Bug\u00fcnlerde ahlakla, \u00e7a\u011fda\u015f ya\u015famla ters d\u00fc\u015fen bir yorumda bulunmas\u0131 Say\u0131n Ar\u0131n\u00e7&#8217;\u0131n, \u00fcz\u00fcnt\u00fc, kayg\u0131 verici, kendisini esefle k\u0131n\u0131yorum&#8221; dedi.<\/p>\n<p style=\"text-align: justify;\">Ba\u015fbakan Recep Tayyip Erdo\u011fan&#8217;\u0131n T\u00dcS\u0130AD&#8217;\u0131n genel kurulundaki konu\u015fmas\u0131nda i\u015f d\u00fcnyas\u0131na &#8220;umut yerine ak\u0131l verdi\u011fini&#8221; savunan Oran, &#8220;Ba\u015fbakan&#8217;\u0131n akl\u0131, lafla peynir gemisi y\u00fcr\u00fctme \u00f6rne\u011fi gibi. Ba\u015fbakan divane gibi, &#8216;patronlar, babalar birle\u015fsin yerli otomobil \u00fcretsin&#8230;&#8217; D\u00fcnya ekonomisi tehlikeli s\u00fcre\u00e7ten ge\u00e7iyor, liderlerin g\u00fcndeminde i\u015fsizlik, ekonomi var, Ba\u015fbakan&#8217;\u0131n i\u015fsizlik, yat\u0131r\u0131m sorununa bak\u0131\u015f\u0131 kayg\u0131 verici. Ba\u015fbakan&#8217;\u0131n i\u015fsizlikle ilgili dahiyane form\u00fcl\u00fc \u015fuydu hat\u0131rlarsan\u0131z; &#8216;TOBB \u00fcyesi i\u015f adamlar\u0131 1 ki\u015fi al\u0131rsa i\u015fsizlik sorunu kalmaz&#8217;. Bu bak\u0131\u015f a\u00e7\u0131s\u0131 endi\u015fe verici. Esnaf\u0131n b\u00fcy\u00fck sorunu var, kepenk kapatm\u0131\u015f durumda, Ba\u015fbakan &#8216;bakkallar birle\u015fsin s\u00fcpermarketler kurulsun&#8217; demi\u015fti. \u00c7\u00f6z\u00fcm yollar\u0131 gayriciddi. T\u00fcrkiye&#8217;nin ciddi sorunlar\u0131 var, bu sorunlar\u0131 kavrayacak ciddi h\u00fck\u00fcmete ihtiyac\u0131 var&#8221; dedi.<\/p>\n<p style=\"text-align: justify;\"><a href=\"http:\/\/www.cnnturk.com\/2011\/turkiye\/01\/23\/chpli.oran.arinc.endiselendiriyor\/604244.0\/index.html\" target=\"_blank\"><span style=\"color: #888888;\">CNN T\u00dcRK<\/span><\/a><\/p>\n","protected":false},"excerpt":{"rendered":"<p style=\"text-align: justify;\">\n<p style=\"text-align: justify;\">CHP Genel Ba\u015fkan Yard\u0131mc\u0131s\u0131 Umut Oran, &#8220;Devlet Bakan\u0131 ve Ba\u015fbakan Yard\u0131mc\u0131s\u0131 B\u00fclent Ar\u0131n\u00e7&#8217;\u0131n, \u00e7a\u011fda\u015f ya\u015famla ilgili alg\u0131lamalar\u0131n\u0131n endi\u015fe verici oldu\u011funu&#8221; ifade etti.<\/p>\n<p style=\"text-align: justify;\">CHP Genel Ba\u015fkan\u0131 Kemal K\u0131l\u0131\u00e7daro\u011flu&#8217;nun sivil toplum \u00f6rg\u00fctleriyle bas\u0131na kapal\u0131 toplant\u0131 yapt\u0131\u011f\u0131 Denizli Colossae Otel&#8217;de, Umut Oran gazetecilere a\u00e7\u0131klamalarda bulundu. <\/p>\n","protected":false},"author":1,"featured_media":0,"comment_status":"open","ping_status":"closed","sticky":false,"template":"","format":"standard","meta":{"footnotes":""},"categories":[105],"tags":[],"class_list":["post-27360","post","type-post","status-publish","format-standard","hentry","category-gundem","odd"],"_links":{"self":[{"href":"http:\/\/www.korhanyilmaz.com\/index.php?rest_route=\/wp\/v2\/posts\/27360","targetHints":{"allow":["GET"]}}],"collection":[{"href":"http:\/\/www.korhanyilmaz.com\/index.php?rest_route=\/wp\/v2\/posts"}],"about":[{"href":"http:\/\/www.korhanyilmaz.com\/index.php?rest_route=\/wp\/v2\/types\/post"}],"author":[{"embeddable":true,"href":"http:\/\/www.korhanyilmaz.com\/index.php?rest_route=\/wp\/v2\/users\/1"}],"replies":[{"embeddable":true,"href":"http:\/\/www.korhanyilmaz.com\/index.php?rest_route=%2Fwp%2Fv2%2Fcomments&post=27360"}],"version-history":[{"count":0,"href":"http:\/\/www.korhanyilmaz.com\/index.php?rest_route=\/wp\/v2\/posts\/27360\/revisions"}],"wp:attachment":[{"href":"http:\/\/www.korhanyilmaz.com\/index.php?rest_route=%2Fwp%2Fv2%2Fmedia&parent=27360"}],"wp:term":[{"taxonomy":"category","embeddable":true,"href":"http:\/\/www.korhanyilmaz.com\/index.php?rest_route=%2Fwp%2Fv2%2Fcategories&post=27360"},{"taxonomy":"post_tag","embeddable":true,"href":"http:\/\/www.korhanyilmaz.com\/index.php?rest_route=%2Fwp%2Fv2%2Ftags&post=27360"}],"curies":[{"name":"wp","href":"https:\/\/api.w.org\/{rel}","templated":true}]}}