{"id":27356,"date":"2011-01-22T16:05:28","date_gmt":"2011-01-22T14:05:28","guid":{"rendered":"http:\/\/www.korhanyilmaz.com\/?p=27356"},"modified":"2011-01-22T16:05:28","modified_gmt":"2011-01-22T14:05:28","slug":"bunlar-aydinliktan-korkuyorlar","status":"publish","type":"post","link":"http:\/\/www.korhanyilmaz.com\/?p=27356","title":{"rendered":"Bunlar ayd\u0131nl\u0131ktan korkuyorlar"},"content":{"rendered":"<p style=\"text-align: center;\"><a href=\"http:\/\/www.korhanyilmaz.com\/wp-content\/uploads\/2011\/01\/007.jpg\"  class=\"lightview\"><img loading=\"lazy\" decoding=\"async\" class=\"aligncenter size-full wp-image-27357\" src=\"http:\/\/www.korhanyilmaz.com\/wp-content\/uploads\/2011\/01\/007.jpg\" alt=\"\" width=\"385\" height=\"198\" \/><\/a><\/p>\n<p style=\"text-align: justify;\">Ba\u015fbakan Recep Tayyip Erdo\u011fan, &#8221;T\u0131pk\u0131 12 Eyl\u00fcl Halk Oylamas\u0131&#8217;nda oldu\u011fu gibi bu a\u00e7\u0131l\u0131\u015f t\u00f6reni \u00f6ncesinde Batmanl\u0131lar\u0131 sindirmek, bu a\u00e7\u0131l\u0131\u015f t\u00f6reninden uzak tutmak i\u00e7in o malum odaklar harekete ge\u00e7ti. <!--more--><\/p>\n<p style=\"text-align: justify;\">&#8216;Batmanl\u0131 Ba\u015fbakan\u0131 kar\u015f\u0131lamas\u0131n, Batmanl\u0131 Ba\u015fbakan\u0131 dinlemesin, Batman bu a\u00e7\u0131l\u0131\u015f heyecan\u0131n\u0131 ya\u015famas\u0131n&#8217; diye her t\u00fcrl\u00fc antidemokratik bask\u0131c\u0131 y\u00f6nteme ba\u015fvurdular. Bunlar asl\u0131nda \u0131\u015f\u0131ktan korkuyorlar, bunlar asl\u0131nda ayd\u0131nl\u0131ktan korkuyorlar, bunlar asl\u0131nda demokrasiden, \u00f6zg\u00fcrl\u00fckten korkuyorlar&#8221; dedi.<\/p>\n<p style=\"text-align: justify;\">Erdo\u011fan, &#8221;\u0130nsan yery\u00fcz\u00fcndeki varl\u0131klar\u0131n en \u015fereflisidir. Kim ki bir cana k\u0131yarsa; bilsin ki, b\u00fct\u00fcn alemin can\u0131na k\u0131ym\u0131\u015f gibidir. \u0130slam kelimesiyle, M\u00fcsl\u00fcman kelimesiyle ter\u00f6r kelimesini, cinayeti, sald\u0131r\u0131y\u0131, katli ve bunlar\u0131 yan yana kullananlar, bizzat M\u00fcsl\u00fcmanlara b\u00fcy\u00fck haks\u0131zl\u0131k yapm\u0131\u015f olurlar&#8221; dedi.<\/p>\n<p style=\"text-align: justify;\">BATMAN  &#8211; Erdo\u011fan, Batman Cumhuriyet Meydan\u0131&#8217;nda d\u00fczenlenen toplu a\u00e7\u0131l\u0131\u015f t\u00f6reninde yapt\u0131\u011f\u0131 konu\u015fmas\u0131nda 12 Eyl\u00fcl&#8217;deki Halk Oylamas\u0131&#8217;na de\u011findi.<\/p>\n<p style=\"text-align: justify;\">Halk oylamas\u0131na Batmanl\u0131lar&#8217;\u0131n y\u00fczde 95 gibi \u00e7ok y\u00fcksek bir oranda &#8221;evet&#8221; dedi\u011fini hat\u0131rlatan Erdo\u011fan, &#8221;Bunun i\u00e7in \u015f\u00fckranlar\u0131m\u0131 sunuyorum&#8221; diye konu\u015ftu..<\/p>\n<p style=\"text-align: justify;\">B\u00fct\u00fcn tehditlere ra\u011fmen, b\u00fct\u00fcn korkutmalara ra\u011fmen halk\u0131n \u00f6zg\u00fcr iradesine y\u00f6nelik bask\u0131lara ra\u011fmen Batmanl\u0131lar\u0131n sand\u0131\u011fa gitti\u011fini ve \u00f6zg\u00fcrl\u00fcklere, ileri demokrasiye, hukukun \u00fcst\u00fcnl\u00fc\u011f\u00fcne &#8221;evet&#8221; dedi\u011fini kaydeden Erdo\u011fan, \u015funlar\u0131 s\u00f6yledi:<\/p>\n<p style=\"text-align: justify;\">&#8221;Stat\u00fckoya, stat\u00fckoculara, de\u011fi\u015fimden korkanlara, \u00f6zg\u00fcrl\u00fckten, demokrasiden korkanlara, Batman en g\u00fczel cevab\u0131 verdi. \u0130\u015fte bundan dolay\u0131 hepinize sonsuz te\u015fekk\u00fcr ediyorum. Sevgili Batmanl\u0131lar, bug\u00fcn de Batman tarihi g\u00fcnlerinden birini ya\u015f\u0131yor. Bu g\u00fcn Batman e\u011fitimde, sa\u011fl\u0131kta, sosyal hizmetlerde, tar\u0131mda ve sanayide tam 69 farkl\u0131 eserle 69 farkl\u0131 hizmetle bulu\u015fuyor. Ama \u00e7ok ilgin\u00e7tir, t\u0131pk\u0131 12 Eyl\u00fcl Halk Oylamas\u0131&#8217;nda oldu\u011fu gibi bu a\u00e7\u0131l\u0131\u015f t\u00f6reni \u00f6ncesinde Batmanl\u0131lar\u0131 sindirmek, bu a\u00e7\u0131l\u0131\u015f t\u00f6reninden uzak tutmak i\u00e7in o malum odaklar harekete ge\u00e7ti. &#8216;Batmanl\u0131 Ba\u015fbakan\u0131 kar\u015f\u0131lamas\u0131n, Batmanl\u0131 Ba\u015fbakan\u0131 dinlemesin, Batman bu a\u00e7\u0131l\u0131\u015f heyecan\u0131n\u0131 ya\u015famas\u0131n&#8217; diye her t\u00fcrl\u00fc antidemokratik bask\u0131c\u0131 y\u00f6nteme ba\u015fvurdular. Bunlar asl\u0131nda \u0131\u015f\u0131ktan korkuyorlar. bunlar asl\u0131nda ayd\u0131nl\u0131ktan korkuyorlar, bunlar asl\u0131nda demokrasiden, \u00f6zg\u00fcrl\u00fckten korkuyorlar. Y\u0131llarca yoksullu\u011fu s\u00f6m\u00fcrd\u00fcler. \u015eimdi de \u00e7\u0131k\u0131yorlar, buraya yap\u0131lan yat\u0131r\u0131mlar\u0131, hizmetleri hazmetmediklerini g\u00f6steriyorlar. Yoksulluk devam etsin ki, Batman&#8217;\u0131 istismar edelim istiyorlar. Batakl\u0131k kurumas\u0131n ki, batakl\u0131ktan rant sa\u011flamaya devam edelim istiyorlar.&#8221;<\/p>\n<p style=\"text-align: justify;\"><strong>&#8221;8 YILDIR BU OYUNU BOZDUK&#8221;<\/strong><\/p>\n<p style=\"text-align: justify;\">Ba\u015fbakan Erdo\u011fan, vatanda\u015flar\u0131n, &#8221;Batman sizinle gurur duyuyor&#8221; s\u00f6zleri \u00fczerine, &#8221;Biz sizlerle gurur duyuyoruz. Sizin bu heyecan\u0131n\u0131za, bu co\u015fkunuza, AK kadronun can\u0131 fedad\u0131r. \u0130\u015fte biz 8 y\u0131ld\u0131r bu oyunu bozduk. Bozmaya da devam edece\u011fiz&#8221; dedi.<\/p>\n<p style=\"text-align: justify;\">\u0130ktidarlar\u0131nda tahriklere boyun e\u011fmediklerini dile getiren Erdo\u011fan, \u015f\u00f6yle devam etti:<\/p>\n<p style=\"text-align: justify;\">&#8221;Bundan sonra da, Allah&#8217;\u0131n izniyle sizlerin de deste\u011fiyle boyun e\u011femeyece\u011fiz. Biz hizmet \u00fcrettik, eser \u00fcrettik, karde\u015fli\u011fimizi peki\u015ftirdik. Ayn\u0131 \u015fekilde devam edece\u011fiz. Her gitti\u011fimiz yerde bir \u015fey s\u00f6yledik, &#8216;Yaradan\u0131 yaradandan \u00f6t\u00fcr\u00fc sevmeye&#8217; devam edece\u011fiz. Bug\u00fcn de Batman&#8217;da bu toplu a\u00e7\u0131l\u0131\u015f t\u00f6reni ile dile kolay bir \u00e7\u0131rp\u0131da 69 eserin a\u00e7\u0131l\u0131\u015f\u0131n\u0131 yap\u0131yoruz. T\u00fcrkiye genelinde oldu\u011fu gibi 81 vilayetimizin tek tek her birinde oldu\u011fu gibi Batman&#8217;da da az \u00f6nce Milli E\u011fitim Bakan\u0131m\u0131z\u0131 dinlediniz, e\u011fitime en b\u00fcy\u00fck yat\u0131r\u0131m\u0131 yapt\u0131k. Ama Batman&#8217;da e\u011fitimde hen\u00fcz ula\u015fmam\u0131z gereken noktada de\u011filiz. Daha \u00e7ok yat\u0131r\u0131m yapaca\u011f\u0131z ve yapmaya devam edece\u011fiz. Batman&#8217;da da derslik oralamas\u0131n\u0131 30 \u00f6\u011frenciye indirece\u011fiz, endi\u015feniz olmas\u0131n.&#8221;<\/p>\n<p style=\"text-align: justify;\">8 y\u0131l \u00f6nce Batman&#8217;a geldiklerinde, o d\u00f6nem kendilerinden &#8221;ola\u011fan\u00fcst\u00fc hal uygulamas\u0131n\u0131n&#8221; kald\u0131r\u0131lmas\u0131 ile &#8221;\u00c7eki\u00e7 G\u00fc\u00e7&#8221;\u00fcn g\u00f6nderilmesinin istendi\u011fini ve bu iki talebi yerine getirdiklerini anlatan Erdo\u011fan, \u015f\u00f6yle konu\u015ftu:<\/p>\n<p style=\"text-align: justify;\"><strong>M\u0130LL\u0130 \u0130RADE YARGILANAMAZ AMA<\/strong><\/p>\n<p style=\"text-align: justify;\">&#8221;Durmadan yeni \u015feyler \u00fcretiyoruz. \u00d6zg\u00fcrl\u00fckler \u00f6n\u00fcndeki \u00e7a\u011f d\u0131\u015f\u0131 uygulamalar\u0131 biz kald\u0131rd\u0131k. Telaffuz dahi edilmeyen, konu\u015fulmayan, tart\u0131\u015f\u0131lmayan meseleleri \u00f6zg\u00fcrce konu\u015fulabilir, tart\u0131\u015f\u0131labilir noktaya ta\u015f\u0131d\u0131k. Bak\u0131n sizlerle samimi olarak bir \u015feyi dertle\u015fece\u011fim. Biz devletin televizyonunda K\u00fcrt\u00e7e yay\u0131n yapmaktan korkanlara kar\u015f\u0131 gelip, devletin bir kanal\u0131n\u0131 24 saat K\u00fcrt\u00e7e yay\u0131n yapar hale getirdik mi? Bunu bizim iktidar\u0131m\u0131z yapt\u0131. Gerekli oldu\u011fu i\u00e7in yapt\u0131k. Vatanda\u015f\u0131m\u0131n ana dili ile kendine hitap edilsin diye yapt\u0131k. Cezaevlerinde rahatl\u0131kla ana dille konu\u015fulmuyordu ama bak\u0131n \u015fimdi konu\u015fulabiliyor. Gelirken bir pankart g\u00f6rd\u00fcm; \u00fczerinde bir K\u00fcrt\u00e7e c\u00fcmle; &#8216;Milli iradeye yasak konulamaz veya milli irade yarg\u0131lanamaz&#8217; diye. Do\u011fru milli irade yarg\u0131lanamaz ama milli iradeyle gelenler e\u011fer Anayasa&#8217;ya uygun hareket etmiyorsa yarg\u0131lan\u0131r. Buray\u0131 birbirinden iyi ay\u0131rt etmemiz laz\u0131m. Milli iradeyle gelen yarg\u0131lanamaz do\u011frudur, ancak milli iradeyle gelen Anayasa&#8217;ya, yasalara ters hareket ediyorsa o zaman yarg\u0131lan\u0131r. Bunlar\u0131 birbirinden iyi ay\u0131rt edece\u011fiz. Yani &#8216;milli iradeyle geldim&#8217; diye istedi\u011fin gibi as\u0131p kesemezsin, istedi\u011fin gibi Anayasa, yasa, her \u015feyi \u00e7i\u011fneyip ge\u00e7emezsin.&#8221;<\/p>\n<p style=\"text-align: justify;\"><strong>&#8221;K\u0130M\u0130N RANT PE\u015e\u0130NDE KO\u015eTU\u011eUNA D\u0130KKAT ED\u0130N&#8221;<\/strong><\/p>\n<p style=\"text-align: justify;\">Ba\u015fbakan Erdo\u011fan, ge\u00e7en g\u00fcn bir milletvekilinin &#8221;PKK da, g\u00fcvenlik g\u00fc\u00e7leri de silah b\u0131raks\u0131n&#8221; dedi\u011fini ifade ederek, \u015funlar\u0131 s\u00f6yledi:<\/p>\n<p style=\"text-align: justify;\">&#8221;Bunu diyen bir milletvekili, bunun mant\u0131kl\u0131 bir izah\u0131 olur mu? Ter\u00f6r \u00f6rg\u00fct\u00fc tabii ki silah b\u0131rakacak ama silah g\u00fcvenlik g\u00fcc\u00fcn\u00fcn bir enstr\u00fcman\u0131d\u0131r, onun tamamlay\u0131c\u0131 bir unsurudur. G\u00fcvenlik g\u00fcc\u00fc silah\u0131yla dola\u015f\u0131r. Ne i\u00e7in? Mal g\u00fcvenli\u011fini, can g\u00fcvenli\u011fini sa\u011flamak i\u00e7in, keyfi olarak de\u011fil. Bunu s\u00f6yleyen de maalesef anamuhalefet partisinin bir milletvekili. Biz do\u011fruya talibiz. Karde\u015fli\u011fimiz, birli\u011fimiz, b\u00fct\u00fcnl\u00fc\u011f\u00fcm\u00fcz i\u00e7in ne gerekiyorsa, hangi ad\u0131m\u0131n at\u0131lmas\u0131 gerekiyorsa onlar\u0131 att\u0131k ve atmaya devam ediyoruz. Kimin samimi oldu\u011funa, kimin rant pe\u015finde ko\u015ftu\u011funa, \u00e7\u0131kar pe\u015finde ko\u015ftu\u011funa dikkat edin. Burada birileri yoksulluk sona ermesin istiyor. \u00c7\u00fcnk\u00fc yoksulluk sona ererse yoksullar\u0131 istismar edemeyeceklerini biliyorlar. Burada birileri yasaklar sona ermesin istiyor, \u00e7\u00fcnk\u00fc yasaklar sona ererse benim buradaki karde\u015fimi istismar edemeyeceklerini biliyorlar. Burada birileri istikrar olmas\u0131n, huzur olmas\u0131n istiyor. \u00c7\u00fcnk\u00fc istikrar olursa, g\u00fcven olursa, huzur olursa buray\u0131 bu b\u00f6lgeyi daha fazla istismar edemeyeceklerini biliyorlar. Birileri, a\u00e7\u0131k s\u00f6yl\u00fcyorum burada kan durmas\u0131n, g\u00f6zya\u015f\u0131 durmas\u0131n istiyor. \u00c7\u00fcnk\u00fc kan akmazsa, g\u00f6zya\u015f\u0131 d\u00f6k\u00fclmezse hi\u00e7 kimseyi kand\u0131ramayacaklar\u0131n\u0131, istismar edemeyeceklerini biliyorlar. Ama biz; &#8216;yeter art\u0131k, demokrasi kazans\u0131n&#8217; diyoruz. &#8216;\u0130nsanl\u0131k kazans\u0131n, karde\u015flik kazans\u0131n&#8217; diyoruz. Biz; &#8216;Yeter art\u0131k, silah t\u00fcccarlar\u0131 kazanmas\u0131n, art\u0131k gen\u00e7ler kazans\u0131n, \u00fclke kazans\u0131n, Batman kazans\u0131n&#8217; diyoruz.<\/p>\n<p style=\"text-align: justify;\">Benim K\u00fcrt k\u00f6kenli vatanda\u015flar\u0131m\u0131n duygular\u0131n\u0131 istismar edenler ge\u00e7ti\u011fimiz d\u00f6nemde \u00e7ok b\u00fcy\u00fck bir samimiyet testinden ge\u00e7ti. Y\u0131llarca parti kapatmalar\u0131ndan \u015fikayet ettiler, y\u0131llarca ve partileri kapat\u0131ld\u0131\u011f\u0131 i\u00e7in ma\u011fdur g\u00f6r\u00fcnt\u00fcs\u00fc \u00e7izdiler ama gelin g\u00f6r\u00fcn ki, &#8216;parti kapatmalar\u0131n \u00f6n\u00fcne ge\u00e7elim&#8217; dedi\u011fimizde kendi arkada\u015flar\u0131na bask\u0131 uygulay\u0131p Meclis&#8217;te sand\u0131k ba\u015f\u0131na g\u00f6ndermediler. Benim buradaki karde\u015flerime bask\u0131 uygulay\u0131p sand\u0131klara g\u00f6ndermediler 12 Eyl\u00fclde&#8230; Hani \u00f6zg\u00fcrl\u00fck\u00e7\u00fcyd\u00fcn\u00fcz, hani demokratt\u0131n\u0131z, hani siz evrensel hukuk normlar\u0131n\u0131 istiyordunuz? 12 Eyl\u00fclde kimin ne istedi\u011fi ortaya \u00e7\u0131kt\u0131. 12 Eyl\u00fclde kimin samimi oldu\u011fu, kimin istismar pe\u015finde oldu\u011fu ortaya \u00e7\u0131kt\u0131. 12 Eyl\u00fclde &#8216;hay\u0131r&#8217; cephesiyle i\u015fbirli\u011fi yapt\u0131lar, \u00e7etelerin de\u011firmenine su ta\u015f\u0131d\u0131lar, &#8216;Ergenekon&#8217;un de\u011firmenine su ta\u015f\u0131d\u0131lar. Y\u0131llarca \u015fikayet ettikleri meselelerin ortadan kalkmas\u0131n\u0131 istemediler. \u0130\u015fte benim G\u00fcneydo\u011fulu vatanda\u015f\u0131m bunu g\u00f6rs\u00fcn. Kimin samimi, kimin istismarc\u0131 oldu\u011funu iyi anlas\u0131n. Kimin asl\u0131nda \u00e7\u00f6z\u00fcm istedi\u011fini, kimin de \u00fclkenin hassasiyetlerini ka\u015f\u0131yarak, tahrik siyasetiyle ayakta kalmaya \u00e7al\u0131\u015ft\u0131\u011f\u0131n\u0131, benim milletim g\u00f6rs\u00fcn.&#8221;<\/p>\n<p style=\"text-align: justify;\"><strong>H\u0130ZBULLAH&#8217;A MESAJ VERD\u0130<\/strong><\/p>\n<p style=\"text-align: justify;\">Erdo\u011fan, 3 semavi dinde insan\u0131n hayat\u0131n\u0131n kutsal oldu\u011funu belirterek, &#8221;\u0130nsan yery\u00fcz\u00fcndeki varl\u0131klar\u0131n en \u015fereflisidir. Kim ki bir cana k\u0131yarsa; bilsin ki, b\u00fct\u00fcn alemin can\u0131na k\u0131ym\u0131\u015f gibidir. \u0130slam kelimesiyle, M\u00fcsl\u00fcman kelimesiyle ter\u00f6r kelimesini, cinayeti, sald\u0131r\u0131y\u0131, katli ve bunlar\u0131 yan yana kullananlar, bizzat M\u00fcsl\u00fcmanlara b\u00fcy\u00fck haks\u0131zl\u0131k yapm\u0131\u015f olurlar&#8221; dedi.<\/p>\n<p style=\"text-align: justify;\">Anlam\u0131 bar\u0131\u015f olan \u0130slam&#8217;\u0131n ter\u00f6re m\u00fcsaade etmeyece\u011fini vurgulayan Erdo\u011fan, \u015f\u00f6yle devam etti:<\/p>\n<p style=\"text-align: justify;\">&#8221;Bu \u0130slam dinine b\u00fcy\u00fck sayg\u0131s\u0131zl\u0131kt\u0131r. Dolay\u0131s\u0131yla M\u00fcsl\u00fcmanlar hi\u00e7bir zaman, ne olursa olsun cana kastedemezler. E\u011fer kastediyorsa ona bizim M\u00fcsl\u00fcman dememiz m\u00fcmk\u00fcn de\u011fildir. Bu kadar a\u00e7\u0131k konu\u015fuyorum. Bu din ya\u015fatmak i\u00e7in gelmi\u015ftir. Hi\u00e7 kimse kendi \u015fahsi h\u0131rslar\u0131n\u0131, kendi \u015fahsi d\u00fc\u015f\u00fcncelerini bu dine alet etme hakk\u0131na sahip de\u011fildir. Hi\u00e7 kimse \u0130slam ile \u00f6ld\u00fcrmeyi yan yana g\u00f6sterme c\u00fcretine sahip olamaz. \u015eu anda d\u00fcnyada baz\u0131 art niyetli kampanyalarla \u0130slam ve M\u00fcsl\u00fcmanlar, ter\u00f6rle, cinayetle \u00f6zde\u015f hale getirilmek isteniyor. Baz\u0131lar\u0131 da ne yaz\u0131k ki, bu kara kampanyaya alet oluyorlar. Bizim buna m\u00fcsaade etmemiz m\u00fcmk\u00fcn de\u011fil. Afganistan&#8217;da, M\u0131s\u0131r&#8217;da di\u011fer farkl\u0131 \u00fclkelerde, ne yaz\u0131k ki, zaman zaman T\u00fcrkiye&#8217;de de buna \u015fahit oluyoruz. Tekrar ediyorum, \u0130slam ya\u015fatmak i\u00e7in gelmi\u015ftir. Bunun tersini iddia edenlere kar\u015f\u0131 t\u00fcm milletimin uyan\u0131k olmas\u0131 gerekir. Bunu sizlerden \u00f6zellikle rica ediyorum. \u00dclkenin birli\u011fine, huzuruna, karde\u015fli\u011fine kastedenlere kar\u015f\u0131 herkesin uyan\u0131k olmas\u0131n\u0131 istiyorum. \u0130stiklal Mar\u015f\u0131m\u0131z\u0131n \u015fairi Mehmet Akif Ersoy gayet g\u00fczel s\u00f6yl\u00fcyor: Girmeden bir millete tefrika d\u00fc\u015fman giremez, toplu atarsa y\u00fcrekler onu top sindiremez.&#8221;<\/p>\n<p style=\"text-align: justify;\"><a href=\"http:\/\/www.gazeteport.com.tr\/SIYASET\/NEWS\/GP_840157\" target=\"_blank\">Kaynak : GAZETEPORT<\/a><\/p>\n","protected":false},"excerpt":{"rendered":"<p style=\"text-align: center;\">\n<p style=\"text-align: justify;\">Ba\u015fbakan Recep Tayyip Erdo\u011fan, &#8221;T\u0131pk\u0131 12 Eyl\u00fcl Halk Oylamas\u0131&#8217;nda oldu\u011fu gibi bu a\u00e7\u0131l\u0131\u015f t\u00f6reni \u00f6ncesinde Batmanl\u0131lar\u0131 sindirmek, bu a\u00e7\u0131l\u0131\u015f t\u00f6reninden uzak tutmak i\u00e7in o malum odaklar harekete ge\u00e7ti. <\/p>\n","protected":false},"author":1,"featured_media":0,"comment_status":"open","ping_status":"closed","sticky":false,"template":"","format":"standard","meta":{"footnotes":""},"categories":[105],"tags":[],"class_list":["post-27356","post","type-post","status-publish","format-standard","hentry","category-gundem","odd"],"_links":{"self":[{"href":"http:\/\/www.korhanyilmaz.com\/index.php?rest_route=\/wp\/v2\/posts\/27356","targetHints":{"allow":["GET"]}}],"collection":[{"href":"http:\/\/www.korhanyilmaz.com\/index.php?rest_route=\/wp\/v2\/posts"}],"about":[{"href":"http:\/\/www.korhanyilmaz.com\/index.php?rest_route=\/wp\/v2\/types\/post"}],"author":[{"embeddable":true,"href":"http:\/\/www.korhanyilmaz.com\/index.php?rest_route=\/wp\/v2\/users\/1"}],"replies":[{"embeddable":true,"href":"http:\/\/www.korhanyilmaz.com\/index.php?rest_route=%2Fwp%2Fv2%2Fcomments&post=27356"}],"version-history":[{"count":0,"href":"http:\/\/www.korhanyilmaz.com\/index.php?rest_route=\/wp\/v2\/posts\/27356\/revisions"}],"wp:attachment":[{"href":"http:\/\/www.korhanyilmaz.com\/index.php?rest_route=%2Fwp%2Fv2%2Fmedia&parent=27356"}],"wp:term":[{"taxonomy":"category","embeddable":true,"href":"http:\/\/www.korhanyilmaz.com\/index.php?rest_route=%2Fwp%2Fv2%2Fcategories&post=27356"},{"taxonomy":"post_tag","embeddable":true,"href":"http:\/\/www.korhanyilmaz.com\/index.php?rest_route=%2Fwp%2Fv2%2Ftags&post=27356"}],"curies":[{"name":"wp","href":"https:\/\/api.w.org\/{rel}","templated":true}]}}