{"id":27352,"date":"2011-01-22T13:59:50","date_gmt":"2011-01-22T11:59:50","guid":{"rendered":"http:\/\/www.korhanyilmaz.com\/?p=27352"},"modified":"2011-01-22T13:59:50","modified_gmt":"2011-01-22T11:59:50","slug":"kilicdaroglu-ayvayi-recep-bey-yiyecek","status":"publish","type":"post","link":"http:\/\/www.korhanyilmaz.com\/?p=27352","title":{"rendered":"K\u0131l\u0131\u00e7daro\u011flu: &#8220;Ayvay\u0131 Recep bey yiyecek&#8221;"},"content":{"rendered":"<p style=\"text-align: justify;\"><a href=\"http:\/\/www.korhanyilmaz.com\/wp-content\/uploads\/2011\/01\/006.jpg\"  class=\"lightview\"><img loading=\"lazy\" decoding=\"async\" class=\"size-full wp-image-27353 aligncenter\" src=\"http:\/\/www.korhanyilmaz.com\/wp-content\/uploads\/2011\/01\/006.jpg\" alt=\"\" width=\"385\" height=\"198\" \/><\/a><\/p>\n<p style=\"text-align: justify;\">CHP Genel Ba\u015fkan\u0131 Kemal K\u0131l\u0131\u00e7daro\u011flu, baz\u0131 temaslarda bulunmak \u00fczere Denizli&#8217;ye geldi. Yol boyunca sevgi g\u00f6sterileriyle kar\u015f\u0131lanan K\u0131l\u0131\u00e7daro\u011flu&#8217;na ayva ve nar ikram edildi. K\u0131l\u0131\u00e7daro\u011flu Erdo\u011fan&#8217;a &#8220;Oynak Recep&#8221; tan\u0131mlamas\u0131 yapt\u0131. <!--more--><\/p>\n<p style=\"text-align: justify;\">Kasadan bir ayva se\u00e7en K\u0131l\u0131\u00e7daro\u011flu, bunu \u00fcreticilere g\u00f6stererek, &#8220;Ayvay\u0131 Recep bey yiyecek. \u00dcr\u00fcn\u00fcn\u00fcz Bereketli olsun. Hepinize te\u015fekk\u00fcr ederim&#8221; dedi. K\u0131l\u0131\u00e7daro\u011flu ayr\u0131ca s\u00f6ylemleri ile ilgili kaynak bulamayaca\u011f\u0131n\u0131 s\u00f6yleyen Erdo\u011fan&#8217;a &#8220;Benim ad\u0131m teminat\u0131n garantisidir&#8221; dedi.<\/p>\n<p style=\"text-align: justify;\">DEN\u0130ZL\u0130  &#8211; CHP Genel Ba\u015fkan\u0131 Kemal K\u0131l\u0131\u00e7daro\u011flu, Ba\u015fbakan Recep Tayyip Erdo\u011fan&#8217;\u0131n d\u00fcn Ardahan&#8217;da kendisine y\u00f6nelik &#8221;kaynak&#8221; s\u00f6z\u00fcn\u00fc kulland\u0131\u011f\u0131n\u0131 belirterek, &#8221;Bizim bu toplumda kaynak olmam\u0131z, bu toplumu birle\u015ftirmekten gelir, toplumu ayr\u0131\u015ft\u0131rmaktan de\u011fil. Onlar\u0131n anlad\u0131\u011f\u0131 kaynak bizim anlad\u0131\u011f\u0131m\u0131z anlamda de\u011fil&#8221; dedi. K\u0131l\u0131\u00e7daro\u011flu, kendisinin &#8221;\u00fclkenin kayna\u011f\u0131, \u00e7imentosu&#8221; oldu\u011funu belirtti.<\/p>\n<p style=\"text-align: justify;\">CHP Genel Ba\u015fkan\u0131 Kemal K\u0131l\u0131\u00e7daro\u011flu, &#8221;Bu \u00fclkede \u0131sl\u0131k \u00e7alanlar\u0131n su\u00e7lu, mal\u0131 g\u00f6t\u00fcrenlerin su\u00e7suz oldu\u011fu d\u00fczen varsa elbette bu \u00fclkede kaynak sorunu vard\u0131r&#8221; dedi.<\/p>\n<p style=\"text-align: justify;\">K\u0131l\u0131\u00e7daro\u011flu, Deda D\u00fc\u011f\u00fcn Salonu&#8217;nda \u00e7ift\u00e7i ve \u00fcretici birlikleriyle d\u00fczenlenen toplant\u0131da yapt\u0131\u011f\u0131 konu\u015fmada, Denizli&#8217;de kriz d\u00f6neminde binlerce i\u015f\u00e7inin i\u015fsiz kald\u0131\u011f\u0131n\u0131, sanayide kay\u0131plar\u0131n oldu\u011funu belirterek, Denizli&#8217;nin bu b\u00f6lgenin g\u00f6zbebe\u011fi oldu\u011funu ifade etti. AK Parti iktidar\u0131 d\u00f6neminde pamuk \u00e7ift\u00e7isinin y\u00fcz\u00fcn\u00fcn g\u00fclmedi\u011fini, pamu\u011fun Yunanistan&#8217;dan al\u0131nd\u0131\u011f\u0131n\u0131 dile getiren K\u0131l\u0131\u00e7daro\u011flu, kimsenin pamuk ekmek istemedi\u011fini belirtti. Mevcut h\u00fck\u00fcmet ne yaparsa yaps\u0131n, gelece\u011fe umutla bak\u0131lmas\u0131 gerekti\u011fini savunan K\u0131l\u0131\u00e7daro\u011flu, \u015funlar\u0131 s\u00f6yledi:<\/p>\n<p style=\"text-align: justify;\">&#8221;Ne yapaca\u011f\u0131z ona bakmal\u0131y\u0131z. T\u00fcrkiye&#8217;yi nas\u0131l ayd\u0131nl\u0131\u011fa \u00e7\u0131kar\u0131r\u0131z, ona bakmal\u0131y\u0131z. Ve biz karanl\u0131klar\u0131 ayd\u0131nl\u0131\u011fa \u00e7\u0131karmak i\u00e7in ortak m\u00fccadele etmek zorunday\u0131z, beyez gelece\u011fe bakmal\u0131y\u0131z. Bu m\u00fccadeleye var m\u0131s\u0131n\u0131z? \u0130\u015f\u00e7isiyle, \u00e7ift\u00e7isiyle, k\u00f6yl\u00fcs\u00fcyle, sanayicisiyle, emeklisiyle, memuruyla beraber m\u00fccadele etmek zorunday\u0131z. T\u00fcrkiye bir s\u00fcre\u00e7ten ge\u00e7iyor. \u00d6zg\u00fcrl\u00fcklerimiz s\u0131n\u0131rland\u0131, bize &#8216;\u00dcretmeyin&#8217; diyorlar, &#8216;Sadece t\u00fcketin&#8217;. &#8216;\u00c7al\u0131\u015fmay\u0131n&#8217; diyorlar, &#8216;\u0130\u015fsiz kal\u0131n. Yoksul olun&#8217; diyorlar, &#8216;ekme\u011fe ve makarnaya muhta\u00e7 olun&#8217; diyorlar.  \u00c7al\u0131\u015fmak sadece benim, sadece sizin g\u00f6reviniz de\u011fil, hepimizin ortak g\u00f6revi olmal\u0131. Hep beraber AKP&#8217;nin yaratt\u0131\u011f\u0131 karamsarl\u0131\u011f\u0131 da\u011f\u0131tmak i\u00e7in m\u00fccadele edece\u011fiz. Bu m\u00fccadelenin yolu, ortak \u00e7al\u0131\u015fmaktan ge\u00e7iyor.&#8221;<\/p>\n<p style=\"text-align: justify;\"><strong>&#8221;TOPLUMU B\u00d6LMEYECE\u011e\u0130Z, KAYNA\u015eTIRACA\u011eIZ&#8221;<\/strong><\/p>\n<p style=\"text-align: justify;\">CHP&#8217;nin \u00f6nerilerinin bulunmad\u0131\u011f\u0131n\u0131n iddia edildi\u011fini, kurultayda bu \u00f6nerileri sayd\u0131\u011f\u0131n\u0131 belirten K\u0131l\u0131\u00e7daro\u011fu, 41 \u00f6nerileri bulundu\u011funu anlatt\u0131. \u00d6nerilerin daha da artaca\u011f\u0131n\u0131 s\u00f6yleyen K\u0131l\u0131\u00e7daro\u011flu, o \u00f6nerilerin b\u00fcy\u00fck k\u0131sm\u0131n\u0131n hak ve \u00f6zg\u00fcrlerle ilgili oldu\u011funu vurgulad\u0131. K\u0131l\u0131\u00e7daro\u011flu, \u00f6\u011frenciler \u00fcniversiteyi kazand\u0131\u011f\u0131nda anne ve babalar\u0131n kalacak yer nedeniyle s\u0131k\u0131nt\u0131 ya\u015fad\u0131\u011f\u0131n\u0131, yurt sorununun \u00e7\u00f6z\u00fcmlenmedi\u011fini belirterek, kendilerinin bu sorunu \u00e7\u00f6zeceklerini dile getirdi. Bununla ilgili TOK\u0130&#8217;ye g\u00f6rev vereceklerini bildiren K\u0131l\u0131\u00e7daro\u011flu, &#8221;TOK\u0130 yapacak dedik. Recep Bey \u00e7\u0131kt\u0131, &#8216;Efendim TOK\u0130&#8217;nin o g\u00f6revi zaten var&#8217; dedi. Biz de biliyoruz, g\u00f6revi var. Niye yurt yapma talimat\u0131 vermiyorsun, niye gen\u00e7leri karanl\u0131k odaklara teslim ediyorsun. Biz bunu yapaca\u011f\u0131z dedik. Bunun s\u00f6z\u00fcn\u00fc verdik&#8221; diye konu\u015ftu.<\/p>\n<p style=\"text-align: justify;\">Gen\u00e7lerin \u00e7a\u011fda\u015f, uygar, her \u015feyin tart\u0131\u015f\u0131ld\u0131\u011f\u0131 \u00f6zg\u00fcrl\u00fck ortam\u0131ndaki \u00fcniversitelerde yeti\u015fece\u011fini, yoksullu\u011fu bitireceklerini ve aile sigortas\u0131 getireceklerini kaydeden K\u0131l\u0131\u00e7daro\u011flu, \u015f\u00f6yle devam etti:<\/p>\n<p style=\"text-align: justify;\">&#8221;Bir tek a\u00e7 \u00e7ocuk yata\u011fa girmeyecek dedik ve bu kayna\u011f\u0131n garantisi benim dedim. Benim ad\u0131m Kemal ise, ben bu kayna\u011f\u0131 bulurum dedim. Ve Recep Bey&#8217;i bir tela\u015f ald\u0131. Vay efendim, &#8216;Siz bu vaatlerinizle, nereden bulacaks\u0131n\u0131z bu paray\u0131. Bu kayna\u011f\u0131 neden bulacaks\u0131n\u0131z&#8217; Yanda\u015f\u0131na gelince kaynak var, mal\u0131 g\u00f6t\u00fcrenlere kaynak var, s\u0131ra fakir fukaraya gelince, &#8216;Kaynak yok&#8217; Kaynak var bu \u00fclkede. D\u00fcn Ardahan&#8217;da konu\u015fmu\u015f. Bana &#8216;Kaynak&#8217; demi\u015f. \u015eunu s\u00f6yleyeyim. Ben bu \u00fclkenin kayna\u011f\u0131y\u0131m. Bu \u00fclkenin \u00e7imentosuyum ben.<\/p>\n<p style=\"text-align: justify;\">Biz toplumu g\u00fc\u00e7l\u00fc k\u0131lmak isteriz. Do\u011fusundan bat\u0131s\u0131na, g\u00fcneyinden kuzeyine hepimizin birle\u015fmesi laz\u0131m. Zulme kar\u015f\u0131 birle\u015fece\u011fiz. Bask\u0131ya kar\u015f\u0131 birle\u015fece\u011fiz. \u00d6zg\u00fcrl\u00fcm\u00fcz\u00fc savunaca\u011f\u0131z. Ve bunun i\u00e7in bizler, bu \u00fclkenin kayna\u011f\u0131 olaca\u011f\u0131z, \u00e7imentosu olaca\u011f\u0131z. Ama unutmay\u0131n ben hi\u00e7bir zaman, &#8216;Sabah tan\u0131yordum, ak\u015fam tan\u0131m\u0131yorum&#8217; demedim. Onu s\u00f6yleyenlere &#8216;Oynak Recep&#8217; denir biliyorsunuz. Bizim bu toplumda kaynak olmam\u0131z, bu toplumu birle\u015ftirmekten gelir, toplumu ayr\u0131\u015ft\u0131rmaktan de\u011fil. Onlar\u0131n anlad\u0131\u011f\u0131n kaynak bizim anlad\u0131\u011f\u0131m\u0131z anlamda de\u011fil. Ne demi\u015f, efendim &#8216;Kuyru\u011fa girersiniz, birisi gelir, yandan kaynak olur&#8217; \u00c7\u00fcnk\u00fc bunlar\u0131n kafas\u0131 \u00fc\u00e7ka\u011f\u0131da \u00e7al\u0131\u015f\u0131yor. D\u00fczg\u00fcn bir \u015feye \u00e7al\u0131\u015fmaz bunlar\u0131n kafas\u0131. Biz diyoruz ki bu toplumda  herkes, b\u00fct\u00fcn yurtta\u015flar bir arada \u00f6zg\u00fcrce ve hepsinin karn\u0131 doyarak ya\u015fayacak. Bunun m\u00fccadelesini yapaca\u011f\u0131z. Onlar\u0131n yapt\u0131\u011f\u0131 gibi yapmayaca\u011f\u0131z. Toplumu b\u00f6lmeyece\u011fiz. Toplumu kayna\u015ft\u0131raca\u011f\u0131z. Toplum bir arada olacak, huzur i\u00e7inde olacak. Ve biz s\u00f6yledik, Denizli&#8217;den bir daha s\u00f6yl\u00fcyoruz. Bizim co\u011frafyam\u0131zda halk\u0131n iktidar\u0131nda bir tek \u00e7ocuk bile yata\u011fa a\u00e7 girmeyecek diyoruz.&#8221;<\/p>\n<p style=\"text-align: justify;\"><strong>9 SENE \u00d6NCEK\u0130 S\u00d6ZLER\u0130N\u0130 TUTMADI<\/strong><\/p>\n<p style=\"text-align: justify;\">2002 y\u0131l\u0131nda Ba\u015fbakan Erdo\u011fan&#8217;\u0131n Denizli&#8217;ye gelerek, akaryak\u0131ttan b\u00fct\u00fcn vergileri silme s\u00f6z\u00fc verdi\u011fini savunan K\u0131l\u0131\u00e7daro\u011flu, bunun i\u00e7in 3 sene izin istedi\u011fini ancak iktidarda 9. seneye girilecek olmas\u0131na ra\u011fmen bu s\u00f6z\u00fcn yerine getirilmedi\u011fini s\u00f6yledi. &#8221;\u00c7\u00fcnk\u00fc bunlar d\u00fczg\u00fcn adam de\u011fil. Bunlar\u0131n kafas\u0131 \u00fc\u00e7ka\u011f\u0131da \u00e7al\u0131\u015f\u0131r. Bunlar &#8216;Milleti nas\u0131l soyaca\u011f\u0131z&#8217; diye beklerler. Bunlar\u0131n kafas\u0131ndaki d\u00fc\u015f\u00fcnce budur&#8221; diyen K\u0131l\u0131\u00e7daro\u011flu, kendilerinin mazottan \u00d6TV&#8217;yi kald\u0131rma s\u00f6z\u00fc verdiklerini, fiyatlar\u0131 yar\u0131 yar\u0131ya d\u00fc\u015f\u00fcreceklerini belirtti. Bu konuda kendilerine kaynak sorulamad\u0131\u011f\u0131n\u0131 dile getiren K\u0131l\u0131\u00e7daro\u011flu, &#8221;Verdi\u011fi s\u00f6z var ya. Birisi o s\u00f6z\u00fc hat\u0131rlat\u0131r, korkusu oradan. Biz onu her yerde hat\u0131rlataca\u011f\u0131z. Milletimiz bunlar\u0131n ne kadar \u00fc\u00e7ka\u011f\u0131t\u00e7\u0131 oldu\u011funu bilsin diye. Milletimiz nas\u0131l soyuldu\u011funu bilsin diye bunlar\u0131 anlataca\u011f\u0131z. Onun i\u00e7in \u00e7ift\u00e7iyi destekleyece\u011fiz, \u00fcr\u00fcn\u00fc destekleyece\u011fiz. Al\u0131nterinin kar\u015f\u0131l\u0131\u011f\u0131n\u0131 verece\u011fiz&#8221; dedi.<\/p>\n<p style=\"text-align: justify;\"><strong>TOPLANTI \u00d6NCES\u0130 AYVA \u0130KRAMI<\/strong><\/p>\n<p style=\"text-align: justify;\">CHP Genel Ba\u015fkan\u0131 Kemal K\u0131l\u0131\u00e7daro\u011flu, sanayicelerle toplant\u0131 yapmak \u00fczere salona gelirken, kendisini yolda durduran vatanda\u015flarla sohbet etti. Kocaba\u015f beldesinde otob\u00fcsten inen K\u0131l\u0131\u00e7daro\u011flu&#8217;na ayva ve Hicaz nar\u0131 ikram edildi. K\u0131l\u0131\u00e7daro\u011flu, &#8221;Bu ayvay\u0131 Recep Bey&#8217;e yedirece\u011fiz&#8221; dedi.<\/p>\n<p style=\"text-align: justify;\"><strong>12&#8217;DEN B\u0130Z HESAP SORACA\u011eIZ <\/strong><\/p>\n<p style=\"text-align: justify;\">K\u0131l\u0131\u00e7daro\u011flu, Deda D\u00fc\u011f\u00fcn Salonu&#8217;nda \u00e7ift\u00e7i ve \u00fcretici birlikleriyle d\u00fczenlenen toplant\u0131da yapt\u0131\u011f\u0131 konu\u015fmada, AK Parti&#8217;nin milleti yoksulla\u015ft\u0131rd\u0131\u011f\u0131n\u0131, Ba\u015fbakan Recep Tayyip Erdo\u011fan&#8217;\u0131n d\u00fcnyan\u0131n en zengin Ba\u015fbakanlar\u0131ndan birisi oldu\u011funu savundu.<\/p>\n<p style=\"text-align: justify;\">Erdo\u011fan&#8217;\u0131n y\u0131rt\u0131k ayakkab\u0131yla siyasete girdi\u011fini, &#8221;Ben yoksul bir adam\u0131m, fakir fukaray\u0131m&#8221; diye milletten oy toplad\u0131\u011f\u0131n\u0131 kaydeden K\u0131l\u0131\u00e7daro\u011flu, &#8221;Peki geldi\u011fi nokta ne? Unutmay\u0131n, T\u00fcrkiye kendi kendine yeten d\u00fcnyadaki ender ekonomilerden biriydi. Bug\u00fcn geldi\u011fimiz noktada T\u00fcrkiye kendi kendine yetmiyor. En sonunda biz, kurbanl\u0131klar\u0131m\u0131z\u0131 da ithal ettik. \u00d6nce hayvanc\u0131l\u0131\u011f\u0131 \u00f6ld\u00fcrd\u00fcler, milleti et yiyemez hale getirdiler. \u015eimdi ithalat\u0131 serbest b\u0131rakt\u0131lar, \u015fimdi de \u00fcreticiyi \u00f6ld\u00fcrecekler. Ama\u00e7lar\u0131 o. Onlar ne yaparsa yaps\u0131n, siz hepsini biliyorsunuz, as\u0131l \u00f6nemli olan biz ne yapaca\u011f\u0131z? Han\u0131mlar \u00e7al\u0131\u015facak, beyler \u00e7al\u0131\u015facak, gen\u00e7lerimiz \u00e7al\u0131\u015facak. AKP kabusundan T\u00fcrkiye&#8217;yi kurtarmak zorunday\u0131z. Bu \u00fclkeye temiz siyaseti getirmek zorunday\u0131z&#8221; diye konu\u015ftu.<\/p>\n<p style=\"text-align: justify;\">K\u0131l\u0131\u00e7daro\u011flu, demokratik yollardan m\u00fccadele vereceklerini belirterek, &#8221;\u00e7al\u0131\u015f\u0131n derken&#8221; beraber \u00e7al\u0131\u015fmak, &#8221;\u00fcretin&#8221; derken beraber \u00fcretmek ve m\u00fccadele etmek anlam\u0131nda s\u00f6yledi\u011fini kaydetti. K\u0131l\u0131\u00e7daro\u011flu, &#8221;Elbette ki biz 1930&#8217;lar\u0131n, 40&#8217;lar\u0131n, 50&#8217;lerin, 60&#8217;lar\u0131n ruhunu inkar etmeyece\u011fiz. Ama gelece\u011fi g\u00fc\u00e7l\u00fc T\u00fcrkiye kurmak i\u00e7in ortak m\u00fccadeleyi ve ortak sava\u015f\u0131 beraber s\u00fcrd\u00fcrmek zorunday\u0131z. Siz tarlada \u00e7al\u0131\u015facaks\u0131n\u0131z, biz sahada \u00e7al\u0131\u015faca\u011f\u0131z, han\u0131mlar evde \u00e7al\u0131\u015facak, erkekler kahvede s\u00f6yleyecek, gen\u00e7lere g\u00fcvenece\u011fiz. Ve gen\u00e7lerin \u00f6n\u00fcndeki b\u00fct\u00fcn engelleri kald\u0131raca\u011f\u0131z&#8221;dedi.<\/p>\n<p style=\"text-align: justify;\"><strong>&#8221;ASLA VE ASLA K\u00d6LE OLARAK G\u0130TMEYECE\u011e\u0130Z&#8221; <\/strong><\/p>\n<p style=\"text-align: justify;\">Bir \u00e7ift\u00e7inin, &#8221;K\u00f6le olarak geldik, k\u00f6le olarak gidece\u011fiz&#8221; demesi \u00fczerine K\u0131l\u0131\u00e7daro\u011flu, &#8221;Asla ve asla k\u00f6le olarak gitmeyece\u011fiz. M\u00fccadele edece\u011fiz. Al\u0131nterinin kar\u015f\u0131l\u0131\u011f\u0131n\u0131 verece\u011fiz. \u00d6zg\u00fcrl\u00fc\u011f\u00fcm\u00fcz\u00fc sa\u011flayaca\u011f\u0131z. Bak\u0131n\u0131z, bizim kitab\u0131m\u0131zda karamsarl\u0131\u011fa yer yok. Biz g\u00fc\u00e7l\u00fcy\u00fcz. \u00c7\u00fcnk\u00fc biz halk\u0131z. Halk\u0131n g\u00fcc\u00fcne inanaca\u011f\u0131z. G\u00fcc\u00fcm\u00fcz\u00fc halktan alaca\u011f\u0131z. M\u00fccadelemizi b\u00f6yle y\u00fcr\u00fctece\u011fiz. \u0130\u015f\u00e7isiyle, \u00e7ift\u00e7isiyle, k\u00f6yl\u00fcs\u00fcyle, memuruyla, sanayicisiyle m\u00fccadelemizi yapaca\u011f\u0131z&#8221; diye konu\u015ftu.<\/p>\n<p style=\"text-align: justify;\">Referandumda Denizli&#8217;nin iyi bir s\u0131nav verdi\u011fini, &#8221;Al Anayasa&#8217;n\u0131, ba\u015f\u0131na \u00e7al&#8221; dedi\u011fini ifade eden K\u0131l\u0131\u00e7daro\u011flu, s\u0131ran\u0131n genel se\u00e7imlere geldi\u011fini, 12 Haziran&#8217;da da ayn\u0131 g\u00fcc\u00fc, ayn\u0131 dayan\u0131\u015fmay\u0131, ayn\u0131 m\u00fccadeleyi bekledi\u011fini s\u00f6yledi.<\/p>\n<p style=\"text-align: justify;\">K\u0131l\u0131\u00e7daro\u011flu, kentin sanayide \u00f6rnek oldu\u011funu, yabanc\u0131 sermaye olmadan Denizli&#8217;nin kalk\u0131nd\u0131\u011f\u0131n\u0131 kaydederek, s\u00f6zlerini \u015f\u00f6yle s\u00fcrd\u00fcrd\u00fc:<\/p>\n<p style=\"text-align: justify;\">&#8221;Denizli&#8217;ye ciddi bir hava getirdiniz. Ayn\u0131 \u015fey siyasette de olmal\u0131, ayn\u0131 \u015fey demokraside olmal\u0131, ayn\u0131 \u015fey \u00f6zg\u00fcrl\u00fcklerde olmal\u0131 ve b\u00fct\u00fcn Denizlili karde\u015flerimin ortak m\u00fccadele etmesi laz\u0131m. Niye ortak m\u00fccadele? Kendimiz i\u00e7in de\u011fil, \u00e7ocuklar\u0131m\u0131z i\u00e7in verece\u011fiz bu m\u00fccadeleyi. E\u011fer \u00e7ocuklar\u0131m\u0131z i\u00e7in m\u00fccadele etmezsek, ge\u00e7mi\u015fte yapt\u0131\u011f\u0131m\u0131z m\u00fccadele t\u00fcm\u00fcyle havada kalm\u0131\u015f olur. Demokratik yollardan, sand\u0131\u011fa giderek, \u00f6zg\u00fcrce d\u00fc\u015f\u00fcnerek, \u00e7ocuklar\u0131m\u0131z\u0131n gelece\u011fini d\u00fc\u015f\u00fcnerek, onlara g\u00fczel bir T\u00fcrkiye&#8217;yi b\u0131rakmak i\u00e7in sand\u0131\u011fa gidece\u011fiz. Art\u0131k unutmay\u0131n yeni bir CHP var, g\u00fc\u00e7l\u00fc bir CHP var, devrimci bir CHP var, unutmay\u0131n halk\u00e7\u0131 bir CHP var, unutmay\u0131n gen\u00e7lerden kad\u0131nlardan yana olan bir CHP var, \u00fcretimden, emekten yana olan bir CHP var. Unutmay\u0131n toplumu kucaklayan CHP var. Niye s\u00f6yl\u00fcyorum, AKP toplumu ayr\u0131\u015ft\u0131ran bir partidir, biz kayna\u015ft\u0131ran bir partiyiz. AKP toplumu b\u00f6len bir partidir, biz toplumun bir arada olmas\u0131n\u0131 isteyen bir partiyiz. AKP yoksullu\u011fu s\u00f6m\u00fcren bir partidir, biz karn\u0131n\u0131n doymas\u0131n\u0131 ve herkesin zenginle\u015fmesini isteyen bir partiyiz. AKP \u00fcretimi yasaklayan bir partidir, biz \u00fcreten T\u00fcrkiye&#8217;den yanay\u0131z, T\u00fcrkiye&#8217;nin \u00fcretmesini isteriz. AKP k\u00f6yl\u00fcy\u00fc peri\u015fan eden bir partidir, Biz kurucu genel ba\u015fkan\u0131m\u0131z &#8216;K\u00f6yl\u00fc milletin efendisidir&#8217; diyen bir siyaset anlay\u0131\u015f\u0131na sahibiz. Onun i\u00e7in bizimle AKP aras\u0131nda siyahla beyaz kadar bir fark var. Biz beyaz ve temiz bir ka\u011f\u0131d\u0131z. En ufak bir siyah leke bile bizde g\u00f6r\u00fclmez. Onlar\u0131n tamam\u0131 siyaht\u0131r. Bakmay\u0131n kendileri &#8216;Ak&#8217; diyorlar, tamam\u0131 siyaht\u0131r. Tamam\u0131 karad\u0131r. Tamam\u0131 mal\u0131 g\u00f6t\u00fcr\u00fcr, mal\u0131 g\u00f6t\u00fcrmek \u00fczere kurmu\u015flar d\u00fczeni. Biz bu d\u00fczeni de\u011fi\u015ftirece\u011fiz. M\u00fccadelesini verece\u011fiz. Ve bunun g\u00fcc\u00fc sizin ellerinizdedir. E\u011fir g\u00fcc\u00fcn\u00fcz\u00fc birle\u015ftirir, bir arada olursan\u0131z, birli\u011finizi korursan\u0131z, sand\u0131\u011fa giderken \u00e7ocuklar\u0131n\u0131z\u0131n gelece\u011fini d\u00fc\u015f\u00fcnerek giderseniz \u00e7ok \u015fey kazan\u0131r\u0131z. T\u00fcrkiye&#8217;ye demokrasiyi getiririz. T\u00fcrkiye&#8217;ye \u00f6zg\u00fcrl\u00fc\u011f\u00fc getiririz, T\u00fcrkiye&#8217;ye bar\u0131\u015f\u0131 getiririz.  Ayr\u0131\u015fmayaca\u011f\u0131z, bu bizim i\u00e7in \u00e7ok \u00f6nemli, b\u00f6l\u00fcn\u00fcrseniz ayr\u0131\u015f\u0131rsan\u0131z birilerinin yemi durumuna gelirsiniz. Biz m\u00fccadeleyi yaparken beraber yapaca\u011f\u0131z. T\u00fcrkiye&#8217;de \u00e7al\u0131\u015fan \u00fcreten bir T\u00fcrkiye&#8217;yi yeniden kuraca\u011f\u0131z ve gelece\u011fe g\u00fcvenle bakaca\u011f\u0131z. Bizim amac\u0131m\u0131z bu. Korku imparatorlu\u011funu y\u0131kmak bizim elimizde, m\u00fccadelesini beraber yapaca\u011f\u0131z. &#8217;12 Eyl\u00fcl&#8217;den hesap soraca\u011f\u0131z&#8217; dediler. Unutmay\u0131n bunlar hesap mesap sormaz. O hesab\u0131 in\u015fallah biz soraca\u011f\u0131z. Hep beraber m\u00fccadelesini yapaca\u011f\u0131z.&#8221;<\/p>\n<p style=\"text-align: justify;\">K\u0131l\u0131\u00e7daro\u011flu, &#8221;\u00f6n se\u00e7im istiyoruz&#8221; yazan pankart \u00fczerine de &#8221;CHP&#8217;ye demokrasiyi getirece\u011fiz, hi\u00e7 meraklanmay\u0131n. Karde\u015fli\u011fi getirece\u011fiz, hi\u00e7 meraklanmay\u0131n&#8221; dedi.<\/p>\n<p style=\"text-align: justify;\"><a href=\"http:\/\/www.gazeteport.com.tr\/GUNCEL\/NEWS\/GP_840107\" target=\"_blank\"><span style=\"color: #888888;\">Kaynak : GAZETEPORT<\/span><\/a><\/p>\n","protected":false},"excerpt":{"rendered":"<p style=\"text-align: justify;\">\n<p style=\"text-align: justify;\">CHP Genel Ba\u015fkan\u0131 Kemal K\u0131l\u0131\u00e7daro\u011flu, baz\u0131 temaslarda bulunmak \u00fczere Denizli&#8217;ye geldi. Yol boyunca sevgi g\u00f6sterileriyle kar\u015f\u0131lanan K\u0131l\u0131\u00e7daro\u011flu&#8217;na ayva ve nar ikram edildi. K\u0131l\u0131\u00e7daro\u011flu Erdo\u011fan&#8217;a &#8220;Oynak Recep&#8221; tan\u0131mlamas\u0131 yapt\u0131. <\/p>\n","protected":false},"author":1,"featured_media":0,"comment_status":"open","ping_status":"closed","sticky":false,"template":"","format":"standard","meta":{"footnotes":""},"categories":[105],"tags":[],"class_list":["post-27352","post","type-post","status-publish","format-standard","hentry","category-gundem","odd"],"_links":{"self":[{"href":"http:\/\/www.korhanyilmaz.com\/index.php?rest_route=\/wp\/v2\/posts\/27352","targetHints":{"allow":["GET"]}}],"collection":[{"href":"http:\/\/www.korhanyilmaz.com\/index.php?rest_route=\/wp\/v2\/posts"}],"about":[{"href":"http:\/\/www.korhanyilmaz.com\/index.php?rest_route=\/wp\/v2\/types\/post"}],"author":[{"embeddable":true,"href":"http:\/\/www.korhanyilmaz.com\/index.php?rest_route=\/wp\/v2\/users\/1"}],"replies":[{"embeddable":true,"href":"http:\/\/www.korhanyilmaz.com\/index.php?rest_route=%2Fwp%2Fv2%2Fcomments&post=27352"}],"version-history":[{"count":0,"href":"http:\/\/www.korhanyilmaz.com\/index.php?rest_route=\/wp\/v2\/posts\/27352\/revisions"}],"wp:attachment":[{"href":"http:\/\/www.korhanyilmaz.com\/index.php?rest_route=%2Fwp%2Fv2%2Fmedia&parent=27352"}],"wp:term":[{"taxonomy":"category","embeddable":true,"href":"http:\/\/www.korhanyilmaz.com\/index.php?rest_route=%2Fwp%2Fv2%2Fcategories&post=27352"},{"taxonomy":"post_tag","embeddable":true,"href":"http:\/\/www.korhanyilmaz.com\/index.php?rest_route=%2Fwp%2Fv2%2Ftags&post=27352"}],"curies":[{"name":"wp","href":"https:\/\/api.w.org\/{rel}","templated":true}]}}