{"id":27347,"date":"2011-01-23T00:45:52","date_gmt":"2011-01-22T22:45:52","guid":{"rendered":"http:\/\/www.korhanyilmaz.com\/?p=27347"},"modified":"2011-01-23T00:45:52","modified_gmt":"2011-01-22T22:45:52","slug":"islamda-boyle-bir-odul-yok","status":"publish","type":"post","link":"http:\/\/www.korhanyilmaz.com\/?p=27347","title":{"rendered":"&#8220;\u0130slam&#8217;da b\u00f6yle bir \u00f6d\u00fcl yok!&#8221;"},"content":{"rendered":"<p style=\"text-align: center;\"><a href=\"http:\/\/www.korhanyilmaz.com\/wp-content\/uploads\/2011\/01\/005.jpg\"  class=\"lightview\"><img loading=\"lazy\" decoding=\"async\" class=\"size-full wp-image-27348 aligncenter\" src=\"http:\/\/www.korhanyilmaz.com\/wp-content\/uploads\/2011\/01\/005.jpg\" alt=\"\" width=\"362\" height=\"230\" \/><\/a><\/p>\n<p style=\"text-align: justify;\">CHP Parti Meclisi (PM) \u00fcyesi emekli m\u00fcft\u00fc \u0130hsan \u00d6zkes,  Ba\u015fbakan Erdo\u011fan\u2019a Kuveyt\u2019te verilen, \u00dcst\u00fcn M\u00fcsl\u00fcman \u015eahsiyet \u00d6d\u00fcl\u00fcn\u00fcn islam\u2019da yeri olmad\u0131\u011f\u0131n\u0131 s\u00f6yledi.<\/p>\n<p style=\"text-align: justify;\">ANKARA &#8211; CHP Parti Meclisi (PM) \u00fcyesi emekli m\u00fcft\u00fc \u0130hsan \u00d6zkes,  Ba\u015fbakan Erdo\u011fan\u2019a Kuveyt\u2019te verilen \u00dcst\u00fcn M\u00fcsl\u00fcman \u015eahsiyet \u00d6d\u00fcl\u00fcn\u00fcn islam\u2019da yerinin olmad\u0131\u011f\u0131n\u0131 s\u00f6yledi ve &#8220;Y\u00fcce dinimizde, \u00dcst\u00fcn M\u00fcsl\u00fcman \u015eahsiyet \u00d6d\u00fcl\u00fc kavram\u0131, asla yoktur ve olamaz&#8221; dedi. <!--more--><\/p>\n<p style=\"text-align: justify;\">1400 y\u0131ll\u0131k \u0130slam tarihinde hi\u00e7bir islam bilgini i\u00e7in \u201c\u00dcst\u00fcn M\u00fcsl\u00fcman \u015eahsiyet\u201d iddias\u0131nda bulunulmad\u0131\u011f\u0131n\u0131 da belirten \u00d6zkes, yapt\u0131\u011f\u0131 a\u00e7\u0131klamada, \u2018\u2019\u0130slam tarihinde b\u00f6yle bir unvan ve \u00f6d\u00fcl hi\u00e7 duyulmam\u0131\u015f ve g\u00f6r\u00fclmemi\u015ftir\u2019\u2019 diyerek \u015funlar\u0131 s\u00f6yledi:<\/p>\n<p style=\"text-align: justify;\">\u2018\u2019Genel Se\u00e7imlerini kaybetmemek i\u00e7in iktidar\u0131n elinden geleni yapaca\u011f\u0131 anla\u015f\u0131lmaktad\u0131r. Din \u00fczerinden siyasetin en yo\u011fun ge\u00e7ece\u011fi belli olan bir se\u00e7im s\u00fcrecindeyiz. S\u0131ffin sava\u015f\u0131nda harbi kaybetmek \u00fczere olan Muaviye\u2019nin Kuran sayfalar\u0131n\u0131 m\u0131zraklar\u0131n u\u00e7lar\u0131na takt\u0131rd\u0131\u011f\u0131n\u0131, Hz. Ali ordusunun \u2018Biz Kuran\u2019a kar\u015f\u0131 sava\u015fmay\u0131z\u2019 diyerek sava\u015f\u0131 durdurdu\u011fu, b\u00f6ylece can\u0131n\u0131 kurtarmakla kalmayan Muaviye\u2019ye halifelik yolunun a\u00e7\u0131ld\u0131\u011f\u0131n\u0131 duymayan var m\u0131?\u2019\u2019<\/p>\n<p style=\"text-align: justify;\"><strong>\u2018\u2019D\u0130N\u0130 ACIMASIZCA KULLANIYORLAR\u2019\u2019<\/strong><\/p>\n<p style=\"text-align: justify;\">\u2018\u2019 Dini semboller ve s\u00f6ylemler ile iktidara gelen bir partinin iktidardan gitmemek i\u00e7in de dini ac\u0131mas\u0131zca kullanaca\u011f\u0131 a\u00e7\u0131kt\u0131r\u2019\u2019 diyen \u00d6zkes, \u2018\u2019Ancak, \u015f\u00fcphe yok ki; Allah, y\u00fcce \u0130slam\u2019\u0131 kimseye siyaset malzemesi olarak g\u00f6ndermedi, yery\u00fcz\u00fcndeki t\u00fcm insanl\u0131\u011fa ilahi bir din olarak g\u00f6nderdi. Din istismar\u0131na dur denilmelidir. Dinine sayg\u0131s\u0131 ve sevgisi olanlar, y\u00fcce \u0130slam\u2019\u0131n siyaset malzemesi yap\u0131lmas\u0131na asla raz\u0131 olmamal\u0131d\u0131r\u2019\u2019 a\u00e7\u0131klamas\u0131n\u0131 yapt\u0131.<\/p>\n<p style=\"text-align: justify;\">\u00d6zkes, \u2018\u2019Din \u00fczerinde oynanan bu oyunlara bak\u0131nca birilerine Allah\u2019la Kand\u0131rma Projesi \u00d6d\u00fcl\u00fc veya \u2018Din \u0130stismar\u0131nda Rekor K\u0131rma\u2019, \u2018\u0130ktidar \u0130\u00e7in Dini Kullanma\u2019 plaketi verilse daha isabetli olur\u2019\u2019 yorumunda da bulundu.<\/p>\n<p style=\"text-align: justify;\"><a href=\"http:\/\/www.gazeteport.com.tr\/SIYASET\/NEWS\/GP_840315\" target=\"_blank\"><span style=\"color: #888888;\">Kaynak : Yusuf Sahici &#8211; GAZETEPORT<\/span><\/a><\/p>\n","protected":false},"excerpt":{"rendered":"<p style=\"text-align: center;\">\n<p style=\"text-align: justify;\">CHP Parti Meclisi (PM) \u00fcyesi emekli m\u00fcft\u00fc \u0130hsan \u00d6zkes, Ba\u015fbakan Erdo\u011fan\u2019a Kuveyt\u2019te verilen, \u00dcst\u00fcn M\u00fcsl\u00fcman \u015eahsiyet \u00d6d\u00fcl\u00fcn\u00fcn islam\u2019da yeri olmad\u0131\u011f\u0131n\u0131 s\u00f6yledi.<\/p>\n<p style=\"text-align: justify;\">ANKARA &#8211; CHP Parti Meclisi (PM) \u00fcyesi emekli m\u00fcft\u00fc \u0130hsan \u00d6zkes, Ba\u015fbakan Erdo\u011fan\u2019a Kuveyt\u2019te verilen \u00dcst\u00fcn M\u00fcsl\u00fcman \u015eahsiyet \u00d6d\u00fcl\u00fcn\u00fcn islam\u2019da yerinin olmad\u0131\u011f\u0131n\u0131 s\u00f6yledi ve &#8220;Y\u00fcce dinimizde, \u00dcst\u00fcn <\/p>\n","protected":false},"author":1,"featured_media":0,"comment_status":"open","ping_status":"closed","sticky":false,"template":"","format":"standard","meta":{"footnotes":""},"categories":[105],"tags":[],"class_list":["post-27347","post","type-post","status-publish","format-standard","hentry","category-gundem","odd"],"_links":{"self":[{"href":"http:\/\/www.korhanyilmaz.com\/index.php?rest_route=\/wp\/v2\/posts\/27347","targetHints":{"allow":["GET"]}}],"collection":[{"href":"http:\/\/www.korhanyilmaz.com\/index.php?rest_route=\/wp\/v2\/posts"}],"about":[{"href":"http:\/\/www.korhanyilmaz.com\/index.php?rest_route=\/wp\/v2\/types\/post"}],"author":[{"embeddable":true,"href":"http:\/\/www.korhanyilmaz.com\/index.php?rest_route=\/wp\/v2\/users\/1"}],"replies":[{"embeddable":true,"href":"http:\/\/www.korhanyilmaz.com\/index.php?rest_route=%2Fwp%2Fv2%2Fcomments&post=27347"}],"version-history":[{"count":0,"href":"http:\/\/www.korhanyilmaz.com\/index.php?rest_route=\/wp\/v2\/posts\/27347\/revisions"}],"wp:attachment":[{"href":"http:\/\/www.korhanyilmaz.com\/index.php?rest_route=%2Fwp%2Fv2%2Fmedia&parent=27347"}],"wp:term":[{"taxonomy":"category","embeddable":true,"href":"http:\/\/www.korhanyilmaz.com\/index.php?rest_route=%2Fwp%2Fv2%2Fcategories&post=27347"},{"taxonomy":"post_tag","embeddable":true,"href":"http:\/\/www.korhanyilmaz.com\/index.php?rest_route=%2Fwp%2Fv2%2Ftags&post=27347"}],"curies":[{"name":"wp","href":"https:\/\/api.w.org\/{rel}","templated":true}]}}