{"id":27333,"date":"2011-01-21T13:10:54","date_gmt":"2011-01-21T11:10:54","guid":{"rendered":"http:\/\/www.korhanyilmaz.com\/?p=27333"},"modified":"2011-01-21T13:10:54","modified_gmt":"2011-01-21T11:10:54","slug":"akpde-istifa","status":"publish","type":"post","link":"http:\/\/www.korhanyilmaz.com\/?p=27333","title":{"rendered":"AKP&#8217;de istifa!"},"content":{"rendered":"<p style=\"text-align: center;\"><a href=\"http:\/\/www.korhanyilmaz.com\/wp-content\/uploads\/2011\/01\/003.jpg\"  class=\"lightview\"><img loading=\"lazy\" decoding=\"async\" class=\"aligncenter size-full wp-image-27334\" src=\"http:\/\/www.korhanyilmaz.com\/wp-content\/uploads\/2011\/01\/003.jpg\" alt=\"\" width=\"434\" height=\"202\" \/><\/a><\/p>\n<p style=\"text-align: justify;\">AKP Antalya Milletvekili Yusuf Ziya \u0130rbe\u00e7 partisinden istifa etti.<\/p>\n<p style=\"text-align: justify;\">\u0130rbe\u00e7 d\u00fczenledi\u011fi bas\u0131n toplant\u0131s\u0131nda &#8220;Kayg\u0131lar\u0131ma sebep olan hadiselerin ba\u015f\u0131nda, Ba\u015fbakan\u2019\u0131n, her konu\u015fmas\u0131nda toplumu ayr\u0131\u015ft\u0131rmaya y\u00f6nelik s\u00f6ylemleri gelmektedir&#8221; dedi. <!--more--><\/p>\n<p style=\"text-align: justify;\"><a href=\"http:\/\/www.korhanyilmaz.com\/wp-content\/uploads\/2011\/01\/0011.jpg\"  class=\"lightview\"><img loading=\"lazy\" decoding=\"async\" class=\"alignleft size-full wp-image-27326\" style=\"margin-left: 10px; margin-right: 10px;\" title=\"0011\" src=\"http:\/\/www.korhanyilmaz.com\/wp-content\/uploads\/2011\/01\/0011.jpg\" alt=\"\" width=\"250\" height=\"188\" \/><\/a>\u0130rbe\u00e7, vatan\u0131na, milletine ba\u011fl\u0131 bir milletvekili olarak, AK Parti\u2019nin, \u00f6zellikle i\u00e7 politikada takip eti\u011fi stratejinin, T\u00fcrkiye\u2019ye getirece\u011fi zararlar konusunda endi\u015feli oldu\u011funu ifade etti. \u0130rbe\u00e7, takip edilen politikalarla milletin sosyolojik, psikolojik ve co\u011frafi y\u00f6nden b\u00f6l\u00fcnme s\u00fcrecine s\u00fcr\u00fcklendi\u011fini iddia etti.<\/p>\n<p style=\"text-align: justify;\">Bu endi\u015felerini parti toplant\u0131lar\u0131nda da defalarca dile getirdi\u011fini belirten \u0130rbe\u00e7, &#8220;Ancak yapt\u0131\u011f\u0131m g\u00f6r\u00fc\u015fme, konu\u015fma ve ikazlar\u0131n fayda getirmedi\u011fini m\u00fc\u015fahede ettim. Bu kayg\u0131lar\u0131ma sebep olan hadiselerin ba\u015f\u0131nda, Ba\u015fbakan\u2019\u0131n, her konu\u015fmas\u0131nda toplumu ayr\u0131\u015ft\u0131rmaya y\u00f6nelik s\u00f6ylemleri gelmektedir&#8221; dedi.<\/p>\n<p style=\"text-align: justify;\">\u0130rbe\u00e7, \u015f\u00f6yle devam etti:<\/p>\n<p style=\"text-align: justify;\">&#8220;<span style=\"text-decoration: underline;\">\u015eahsen, milletin ismini telaffuz etmekten ka\u00e7\u0131nan bir tutuma kar\u015f\u0131 tepki vermek zorunlulu\u011funu hissediyorum. \u00dclkemizin anayasal ad\u0131 T\u00fcrkiye\u2019dir ve \u00fczerinde vatanda\u015f s\u0131fat\u0131yla ya\u015fayan herkes T\u00fcrk\u2019t\u00fcr. Bu, bir alt kimlik de\u011fildir. Oysa Ba\u015fbakan, s\u00f6ylemlerinde, milletimizi b\u00fct\u00fcnle\u015ftirici bir unsur olan T\u00fcrkl\u00fc\u011f\u00fc, s\u00fcrekli ve anla\u015f\u0131lmaz bir bi\u00e7imde alt kimlik haline getirme \u00e7abas\u0131 i\u00e7indedir.AK Parti\u2019ye oy vermi\u015f, ayn\u0131 endi\u015feleri ta\u015f\u0131yan milletvekili arkada\u015flar\u0131m\u0131n ve vatanda\u015flar\u0131m\u0131z\u0131n oldu\u011funu da biliyorum.<\/span>&#8220;<\/p>\n<p style=\"text-align: justify;\">Bu d\u00fc\u015f\u00fcncelerle AK Parti\u2019den istifa etti\u011fini s\u00f6yleyen \u0130rbe\u00e7, &#8220;G\u00f6revimi bundan b\u00f6yle de bir nefer olarak ayn\u0131 hassasiyet i\u00e7inde s\u00fcrd\u00fcrece\u011fim&#8221; dedi.<\/p>\n<p style=\"text-align: justify;\">Gazetecilerin sorular\u0131n\u0131 yan\u0131tlayan \u0130rbe\u00e7, ba\u015fka bir partide g\u00f6revini s\u00fcrd\u00fcr\u00fcp s\u00fcrd\u00fcrmeyece\u011fi y\u00f6n\u00fcndeki soru \u00fczerine, bu konuda ilkeleri do\u011frultusunda bir karar verece\u011fini, ancak \u015fimdi ba\u011f\u0131ms\u0131z milletvekili s\u0131fat\u0131yla \u00e7al\u0131\u015fmalar\u0131n\u0131 s\u00fcrd\u00fcrece\u011fini bildirdi.<\/p>\n<p style=\"text-align: justify;\">Herhangi bir teklif sonucu istifa etmedi\u011fini, bunun bir prensip karar\u0131 oldu\u011funu s\u00f6yleyen \u0130rbe\u00e7, yapaca\u011f\u0131 de\u011ferlendirmelerin ard\u0131ndan gelecek g\u00fcnlerde a\u00e7\u0131klamada bulunaca\u011f\u0131n\u0131 ifade etti.<\/p>\n<p style=\"text-align: justify;\">\u0130rbe\u00e7\u2019in istifas\u0131yla AK Parti\u2019nin TBMM\u2019deki milletvekili say\u0131s\u0131 334\u2019e d\u00fc\u015ft\u00fc.<\/p>\n<p style=\"text-align: justify;\"><strong><em>\u0130rbe\u00e7\u2019in istifa etmesinin ard\u0131ndan TBMM\u2019deki sandalye da\u011f\u0131l\u0131m\u0131 \u015f\u00f6yle oldu: <\/em><\/strong><\/p>\n<p style=\"text-align: justify;\">AKP 334<\/p>\n<p style=\"text-align: justify;\">CHP 101<\/p>\n<p style=\"text-align: justify;\">MHP 70<\/p>\n<p style=\"text-align: justify;\">BDP 20<\/p>\n<p style=\"text-align: justify;\">Ba\u011f\u0131ms\u0131z 9<\/p>\n<p style=\"text-align: justify;\">DSP 6<\/p>\n<p style=\"text-align: justify;\">TP 1<\/p>\n<p style=\"text-align: justify;\">Bo\u015f 9<\/p>\n<p style=\"text-align: justify;\">Toplam 550<\/p>\n<p style=\"text-align: justify;\"><a href=\"http:\/\/haber.gazetevatan.com\/akpde-istifa\/354337\/9\/Siyaset\" target=\"_blank\"><span style=\"color: #888888;\">Kaynak : VATAN<\/span><\/a><\/p>\n","protected":false},"excerpt":{"rendered":"<p style=\"text-align: center;\">\n<p style=\"text-align: justify;\">AKP Antalya Milletvekili Yusuf Ziya \u0130rbe\u00e7 partisinden istifa etti.<\/p>\n<p style=\"text-align: justify;\">\u0130rbe\u00e7 d\u00fczenledi\u011fi bas\u0131n toplant\u0131s\u0131nda &#8220;Kayg\u0131lar\u0131ma sebep olan hadiselerin ba\u015f\u0131nda, Ba\u015fbakan\u2019\u0131n, her konu\u015fmas\u0131nda toplumu ayr\u0131\u015ft\u0131rmaya y\u00f6nelik s\u00f6ylemleri gelmektedir&#8221; dedi. <\/p>\n","protected":false},"author":1,"featured_media":0,"comment_status":"open","ping_status":"closed","sticky":false,"template":"","format":"standard","meta":{"footnotes":""},"categories":[105],"tags":[],"class_list":["post-27333","post","type-post","status-publish","format-standard","hentry","category-gundem","odd"],"_links":{"self":[{"href":"http:\/\/www.korhanyilmaz.com\/index.php?rest_route=\/wp\/v2\/posts\/27333","targetHints":{"allow":["GET"]}}],"collection":[{"href":"http:\/\/www.korhanyilmaz.com\/index.php?rest_route=\/wp\/v2\/posts"}],"about":[{"href":"http:\/\/www.korhanyilmaz.com\/index.php?rest_route=\/wp\/v2\/types\/post"}],"author":[{"embeddable":true,"href":"http:\/\/www.korhanyilmaz.com\/index.php?rest_route=\/wp\/v2\/users\/1"}],"replies":[{"embeddable":true,"href":"http:\/\/www.korhanyilmaz.com\/index.php?rest_route=%2Fwp%2Fv2%2Fcomments&post=27333"}],"version-history":[{"count":0,"href":"http:\/\/www.korhanyilmaz.com\/index.php?rest_route=\/wp\/v2\/posts\/27333\/revisions"}],"wp:attachment":[{"href":"http:\/\/www.korhanyilmaz.com\/index.php?rest_route=%2Fwp%2Fv2%2Fmedia&parent=27333"}],"wp:term":[{"taxonomy":"category","embeddable":true,"href":"http:\/\/www.korhanyilmaz.com\/index.php?rest_route=%2Fwp%2Fv2%2Fcategories&post=27333"},{"taxonomy":"post_tag","embeddable":true,"href":"http:\/\/www.korhanyilmaz.com\/index.php?rest_route=%2Fwp%2Fv2%2Ftags&post=27333"}],"curies":[{"name":"wp","href":"https:\/\/api.w.org\/{rel}","templated":true}]}}