{"id":27329,"date":"2011-01-21T02:15:53","date_gmt":"2011-01-21T00:15:53","guid":{"rendered":"http:\/\/www.korhanyilmaz.com\/?p=27329"},"modified":"2011-01-21T02:15:53","modified_gmt":"2011-01-21T00:15:53","slug":"basbakandan-hukuk-dersi-almayiz","status":"publish","type":"post","link":"http:\/\/www.korhanyilmaz.com\/?p=27329","title":{"rendered":"&#8220;Ba\u015fbakan&#8217;dan hukuk dersi almay\u0131z&#8221;"},"content":{"rendered":"<p style=\"text-align: justify;\"><a href=\"http:\/\/www.korhanyilmaz.com\/wp-content\/uploads\/2011\/01\/0021.jpg\"  class=\"lightview\"><img loading=\"lazy\" decoding=\"async\" class=\"aligncenter size-full wp-image-27330\" src=\"http:\/\/www.korhanyilmaz.com\/wp-content\/uploads\/2011\/01\/0021.jpg\" alt=\"\" width=\"280\" height=\"200\" \/><\/a><\/p>\n<p style=\"text-align: justify;\">Ankara Baro Ba\u015fkan\u0131 Metin Feyzio\u011flu, Ba\u015fbakan Erdo\u011fan\u2019\u0131n, \u201cBunlar ne bi\u00e7in hukuk\u00e7u, okuduklar\u0131n\u0131 anlam\u0131yorlar m\u0131\u201d s\u00f6zlerine ili\u015fkin olarak Gazeteport\u2019a a\u00e7\u0131klamalarda bulundu.<!--more--><\/p>\n<p style=\"text-align: justify;\"><strong>BA\u015eBAKAN: D\u00dc\u015eK\u00dcN BA\u011eIMLI DEMEK DE\u011e\u0130L, BUNLAR ANLAMIYOR<\/strong><\/p>\n<p style=\"text-align: justify;\">Ba\u015fbakan Erdo\u011fan d\u00fcn ger\u00e7ekle\u015fen T\u00dcS\u0130AD Genel Kurul\u2019unda yapt\u0131\u011f\u0131 konu\u015fman\u0131n bir b\u00f6l\u00fcm\u00fcnde Anakara Barosu\u2019nun Dan\u0131\u015ftay nezdinde yapt\u0131\u011f\u0131 i\u00e7ki y\u00f6netmeli\u011fini iptal ba\u015fvurusuna de\u011finerek, \u201cBunlar ne bi\u00e7im hukuk\u00e7u, okuduklar\u0131 metni anlam\u0131yorlar m\u0131, Anayasa,  \u2018devlet gen\u00e7lerin i\u00e7kiye d\u00fc\u015fk\u00fcnl\u00fc\u011f\u00fcne kar\u015f\u0131 \u00f6nlem al\u0131r derken ba\u011f\u0131ml\u0131lar\u0131 kastediyor\u2019  diyorlar. Allah a\u015fk\u0131na d\u00fc\u015fk\u00fcn ba\u011f\u0131ml\u0131 m\u0131 demek, bunlar T\u00fcrk\u00e7e bilmiyor mu?\u201d \u015feklinde konu\u015fmu\u015ftu.<\/p>\n<p style=\"text-align: justify;\">Ankara Baro Ba\u015fkan\u0131 Profes\u00f6r Metin Feyzio\u011flu ise, Ba\u015fbakan\u2019\u0131n bu s\u00f6zlerini Gazeteport\u2019a \u015fu \u015fekilde de\u011ferlendirdi:<\/p>\n<p style=\"text-align: justify;\"><strong>BA\u015eBAKAN \u0130DARE OLARAK CEVABINI DANI\u015eTAY\u2019A VERECEK, BEN\u0130MLE POLEM\u0130KLE OLMAZ<\/strong><\/p>\n<p style=\"text-align: justify;\">\u201cBen polemik y\u00fcr\u00fctmek istemiyorum. Ankara Barosu\u2019nun ba\u015fkan\u0131 olarak hukuku ve onun kurumsall\u0131\u011f\u0131n\u0131 temsil ediyorum. Bu kapsamda i\u00e7ki y\u00f6netmeli\u011fine ili\u015fkin olarak Dan\u0131\u015ftay\u2019a ba\u015fvurduk. \u0130dareyi hukuka \u015fikayet ettik. Ba\u015fbakan idarenin  ba\u015f\u0131. Onunla bas\u0131n \u00fczerinden polemi\u011fe girmem. Ba\u015fbakan idarenin ba\u015f\u0131 olarak yaz\u0131l\u0131 olarak Dan\u0131\u015ftay\u2019a cevap verecek. Benimle polemik yaparak olmaz.<\/p>\n<p style=\"text-align: justify;\"><strong>B\u0130Z  HUKUKU DA, ANAYASA MADDELER\u0130N\u0130 DE GAYET \u0130Y\u0130 B\u0130L\u0130R\u0130Z<\/strong><\/p>\n<p style=\"text-align: justify;\">Ama biz Ankara Barosu olarak hukuku \u00e7ok iyi biliriz.  \u0130\u015fimiz bu zaten. Anayasa maddelerinde ne dendi\u011fini, maddelerin ve c\u00fcmlelerin nas\u0131l yorumlanaca\u011f\u0131n\u0131 da gayet iyi biliriz. Ders almam\u0131za gerek yok. Bunu yaparken de hi\u00e7bir siyasi etki alt\u0131nda kalmay\u0131z.<\/p>\n<p style=\"text-align: justify;\"><strong>UMARIM BA\u015eBAKAN ALKOL ALANLARA BA\u011eIMLI G\u00d6Z\u00dcYLE BAKMIYORDUR<\/strong><\/p>\n<p style=\"text-align: justify;\">Anayasa\u2019n\u0131n s\u00f6z konusu maddesinde devlet gen\u00e7leri alkol ba\u011f\u0131ml\u0131l\u0131\u011f\u0131ndan korur anlam\u0131na gelecek bi\u00e7imde, \u201cDevlet gen\u00e7leri alkole d\u00fc\u015fk\u00fcnl\u00fckten korur\u201d diyor. D\u00fc\u015fk\u00fcnl\u00fc\u011f\u00fcn buradaki yorumu ba\u011f\u0131ml\u0131l\u0131kt\u0131r. Aksi takdirde bu, devletin gen\u00e7lere alkol\u00fc tamamen yasaklad\u0131\u011f\u0131 anlam\u0131na gelirdi. Umar\u0131m Ba\u015fbakan alkol alan herkese alkol ba\u011f\u0131ml\u0131s\u0131 g\u00f6z\u00fcyle bakm\u0131yordur. Bu maddeyi bu \u015fekilde yorumlamas\u0131ndan bu anlam \u00e7\u0131kabilir zira.\u201d<\/p>\n<p style=\"text-align: justify;\"><a href=\"http:\/\/www.gazeteport.com.tr\/GUNCEL\/NEWS\/GP_839178\" target=\"_blank\"><span style=\"color: #888888;\">Kaynak : GAZETEPORT<\/span><\/a><\/p>\n","protected":false},"excerpt":{"rendered":"<p style=\"text-align: justify;\">\n<p style=\"text-align: justify;\">Ankara Baro Ba\u015fkan\u0131 Metin Feyzio\u011flu, Ba\u015fbakan Erdo\u011fan\u2019\u0131n, \u201cBunlar ne bi\u00e7in hukuk\u00e7u, okuduklar\u0131n\u0131 anlam\u0131yorlar m\u0131\u201d s\u00f6zlerine ili\u015fkin olarak Gazeteport\u2019a a\u00e7\u0131klamalarda bulundu.<\/p>\n","protected":false},"author":1,"featured_media":0,"comment_status":"open","ping_status":"closed","sticky":false,"template":"","format":"standard","meta":{"footnotes":""},"categories":[105],"tags":[],"class_list":["post-27329","post","type-post","status-publish","format-standard","hentry","category-gundem","odd"],"_links":{"self":[{"href":"http:\/\/www.korhanyilmaz.com\/index.php?rest_route=\/wp\/v2\/posts\/27329","targetHints":{"allow":["GET"]}}],"collection":[{"href":"http:\/\/www.korhanyilmaz.com\/index.php?rest_route=\/wp\/v2\/posts"}],"about":[{"href":"http:\/\/www.korhanyilmaz.com\/index.php?rest_route=\/wp\/v2\/types\/post"}],"author":[{"embeddable":true,"href":"http:\/\/www.korhanyilmaz.com\/index.php?rest_route=\/wp\/v2\/users\/1"}],"replies":[{"embeddable":true,"href":"http:\/\/www.korhanyilmaz.com\/index.php?rest_route=%2Fwp%2Fv2%2Fcomments&post=27329"}],"version-history":[{"count":0,"href":"http:\/\/www.korhanyilmaz.com\/index.php?rest_route=\/wp\/v2\/posts\/27329\/revisions"}],"wp:attachment":[{"href":"http:\/\/www.korhanyilmaz.com\/index.php?rest_route=%2Fwp%2Fv2%2Fmedia&parent=27329"}],"wp:term":[{"taxonomy":"category","embeddable":true,"href":"http:\/\/www.korhanyilmaz.com\/index.php?rest_route=%2Fwp%2Fv2%2Fcategories&post=27329"},{"taxonomy":"post_tag","embeddable":true,"href":"http:\/\/www.korhanyilmaz.com\/index.php?rest_route=%2Fwp%2Fv2%2Ftags&post=27329"}],"curies":[{"name":"wp","href":"https:\/\/api.w.org\/{rel}","templated":true}]}}