{"id":27317,"date":"2011-01-18T19:21:35","date_gmt":"2011-01-18T17:21:35","guid":{"rendered":"http:\/\/www.korhanyilmaz.com\/?p=27317"},"modified":"2011-01-18T19:21:35","modified_gmt":"2011-01-18T17:21:35","slug":"universitedeki-polis-aramasina-iptal","status":"publish","type":"post","link":"http:\/\/www.korhanyilmaz.com\/?p=27317","title":{"rendered":"\u00dcniversitedeki polis aramas\u0131na iptal"},"content":{"rendered":"<p style=\"text-align: justify;\"><a href=\"http:\/\/www.korhanyilmaz.com\/wp-content\/uploads\/2011\/01\/067.jpg\"  class=\"lightview\"><img loading=\"lazy\" decoding=\"async\" class=\"aligncenter size-full wp-image-27318\" src=\"http:\/\/www.korhanyilmaz.com\/wp-content\/uploads\/2011\/01\/067.jpg\" alt=\"\" width=\"307\" height=\"236\" \/><\/a><\/p>\n<p style=\"text-align: justify;\">\u0130stanbul 12. Asliye Ceza Mahkemesi, \u0130stanbul \u00dcniversitesi&#8217;nin Fatih&#8217;teki fak\u00fclte, y\u00fcksekokul ve di\u011fer idari binalar\u0131n\u0131n yak\u0131n \u00e7evresinde bir y\u0131l s\u00fcreyle arama izni verilmesine ili\u015fkin karar\u0131n iptaline h\u00fckmetti.<\/p>\n<p style=\"text-align: justify;\">\u0130stanbul 12. Asliye Ceza Mahkemesi, \u0130stanbul 1. Sulh Ceza Mahkemesi&#8217;nin 30 Kas\u0131m 2010&#8217;da ald\u0131\u011f\u0131, 1 Aral\u0131k 2010 ile 30 Kas\u0131m 2011 tarihleri aras\u0131nda \u0130\u00dc&#8217;n\u00fcn Fatih&#8217;teki fak\u00fclte, y\u00fcksekokul ve di\u011fer idari binalar\u0131n\u0131n yak\u0131n \u00e7evresinde ki\u015filerin \u00fcst\u00fcnde, \u00fczerinde bulunan \u00f6zel ka\u011f\u0131tlarda, di\u011fer e\u015fya ile arac\u0131nda \u00f6nleme aramas\u0131 yap\u0131lmas\u0131na ili\u015fkin karara y\u00f6nelik itiraz\u0131 inceledi. <!--more--><\/p>\n<p style=\"text-align: justify;\">Mahkeme, itiraz\u0131 kabul ederek, \u00f6nleme aramas\u0131 karar\u0131n\u0131n iptaline h\u00fckmetti.<\/p>\n<p style=\"text-align: justify;\">Kararda, \u015f\u00f6yle denildi: &#8220;Temel hak ve \u00f6zg\u00fcrl\u00fcklerin Anayasa ve yasalar\u0131n aksine y\u00f6netmelikle s\u0131n\u0131rland\u0131r\u0131lmas\u0131 gibi bir uygulaman\u0131n da ortaya \u00e7\u0131kabilece\u011fi anla\u015f\u0131lmakta ise de, hakim taraf\u0131ndan yasalara, Anayasa&#8217;ya, uluslararas\u0131 s\u00f6zle\u015fmelere, temel hak ve \u00f6zg\u00fcrl\u00fcklere ayk\u0131r\u0131 bir \u00f6nleme karar\u0131n\u0131n verilebilece\u011fi elbette d\u00fc\u015f\u00fcn\u00fclemez.<\/p>\n<p style=\"text-align: justify;\">\u0130\u00dc&#8217;de g\u00fcvenli\u011fi tehdit edici faaliyetlerin neler oldu\u011fu talep yaz\u0131s\u0131nda ve itiraza konu kararda a\u00e7\u0131klanmam\u0131\u015f, ortaya \u00e7\u0131kan somut olgulara dayal\u0131 tehlike ve \u00f6nlenmesi ama\u00e7lanan su\u00e7un ne oldu\u011fu belli olmad\u0131\u011f\u0131 gibi, somut olgular\u0131n ortaya konuldu\u011funun da s\u00f6ylenemeyece\u011fi, burada \u00f6ng\u00f6r\u00fclerin kabul edilemeyece\u011fi, karara dayanak yap\u0131lamayaca\u011f\u0131 dikkate al\u0131nmal\u0131d\u0131r.<\/p>\n<p style=\"text-align: justify;\">\u0130stanbul&#8217;da di\u011fer illerdeki gibi halen ola\u011fan y\u00fcr\u00fcrl\u00fckteki rejimin uyguland\u0131\u011f\u0131, ola\u011fan \u00fcst\u00fc hal veya s\u0131k\u0131y\u00f6netim uygulamas\u0131 yap\u0131lmad\u0131\u011f\u0131, milli g\u00fcvenlik ve kamu d\u00fczenini sars\u0131c\u0131 somut olaylar\u0131n belgelendirilmedi\u011fi, genel sa\u011fl\u0131k ve genel ahlak\u0131n korunmas\u0131n\u0131 \u00f6ng\u00f6ren herhangi bir duruma somut olguya dayal\u0131 olarak yer verilmedi\u011fi anla\u015f\u0131lmaktad\u0131r.&#8221;<\/p>\n<p style=\"text-align: justify;\">Adli ve \u00d6nleme Aramalar\u0131 Y\u00f6netmeli\u011finde \u00f6nleme aramas\u0131 karar\u0131n\u0131n s\u00fcresine ili\u015fkin bir s\u0131n\u0131rlama yer almad\u0131\u011f\u0131, buna kar\u015f\u0131n arama kararlar\u0131n\u0131n bir ay, alt ay veya bir y\u0131l gibi keyfi s\u00fcrelerle verilebilece\u011finin d\u00fc\u015f\u00fcn\u00fclemeyece\u011fi belirtilen kararda, Anayasa&#8217;n\u0131n 13. maddesinin b\u00f6yle bir keyfili\u011fe engel te\u015fkil etti\u011fi bildirildi.<\/p>\n<p style=\"text-align: justify;\">Kararda, \u015fu g\u00f6r\u00fc\u015flere yer verildi: &#8220;\u00d6nleme aramas\u0131 \u00f6zel hayat\u0131n gizlili\u011fi ilkesine etki eden bir i\u015flem sonucunu do\u011furmaktad\u0131r, bu nedenle s\u0131n\u0131rl\u0131 ve \u00f6l\u00e7\u00fcl\u00fc olmak zorundad\u0131r. Herhangi bir ceza soru\u015fturma a\u015famas\u0131nda bile \u015f\u00fcphelilerin ev ve arac\u0131nda bir defaya mahsus arama izni verilip arama dahi s\u0131n\u0131rl\u0131 ve belirli bir zamanda yap\u0131l\u0131rken, somut bir su\u00e7un \u015f\u00fcphelisi olmayan sadece \u00f6nleme aramas\u0131na maruz b\u0131rak\u0131lan ki\u015filer hakk\u0131nda bir y\u0131l gibi uzunca say\u0131labilecek bir s\u00fcre ile onlar\u0131n her halde aranabileceklerine ili\u015fkin bir karar\u0131n verilmesi hakimin karar verme yetkisinin devri anlam\u0131na gelebilece\u011fi gibi Anayasa ile yasalar\u0131n \u00f6z\u00fcne de uygun d\u00fc\u015fmeyecektir.<\/p>\n<p style=\"text-align: justify;\">Somut bir su\u00e7un \u015f\u00fcphelisi olmayan ki\u015filer hakk\u0131nda bir y\u0131l s\u00fcreli genel arama karar\u0131n\u0131n \u00f6zel hayat\u0131n gizlili\u011fini ve masumiyet karinesini ihlal edece\u011fi, Anayasa&#8217;n\u0131n 20, 21 ve 22. maddeleri ile A\u0130HS&#8217;in 8. maddesine de ayk\u0131r\u0131l\u0131k te\u015fkil edece\u011fi unutulmamal\u0131d\u0131r.&#8221;<\/p>\n<p style=\"text-align: justify;\">A\u00e7\u0131klanan nedenlerle itiraz\u0131n kabul edildi\u011fi belirtilen kararda, \u00f6nleme aramas\u0131 karar\u0131n\u0131n iptaline h\u00fckmedildi\u011fi bildirildi.<\/p>\n<p style=\"text-align: justify;\"><a href=\"http:\/\/www.cnnturk.com\/2011\/turkiye\/01\/18\/universitedeki.polis.aramasina.iptal\/603679.0\/index.html\" target=\"_blank\"><span style=\"color: #888888;\">CNN T\u00dcRK<\/span><\/a><\/p>\n","protected":false},"excerpt":{"rendered":"<p style=\"text-align: justify;\">\n<p style=\"text-align: justify;\">\u0130stanbul 12. Asliye Ceza Mahkemesi, \u0130stanbul \u00dcniversitesi&#8217;nin Fatih&#8217;teki fak\u00fclte, y\u00fcksekokul ve di\u011fer idari binalar\u0131n\u0131n yak\u0131n \u00e7evresinde bir y\u0131l s\u00fcreyle arama izni verilmesine ili\u015fkin karar\u0131n iptaline h\u00fckmetti.<\/p>\n<p style=\"text-align: justify;\">\u0130stanbul 12. Asliye Ceza Mahkemesi, \u0130stanbul 1. Sulh Ceza Mahkemesi&#8217;nin 30 Kas\u0131m 2010&#8217;da ald\u0131\u011f\u0131, 1 Aral\u0131k 2010 ile 30 Kas\u0131m 2011 tarihleri <\/p>\n","protected":false},"author":1,"featured_media":0,"comment_status":"open","ping_status":"closed","sticky":false,"template":"","format":"standard","meta":{"footnotes":""},"categories":[105],"tags":[],"class_list":["post-27317","post","type-post","status-publish","format-standard","hentry","category-gundem","odd"],"_links":{"self":[{"href":"http:\/\/www.korhanyilmaz.com\/index.php?rest_route=\/wp\/v2\/posts\/27317","targetHints":{"allow":["GET"]}}],"collection":[{"href":"http:\/\/www.korhanyilmaz.com\/index.php?rest_route=\/wp\/v2\/posts"}],"about":[{"href":"http:\/\/www.korhanyilmaz.com\/index.php?rest_route=\/wp\/v2\/types\/post"}],"author":[{"embeddable":true,"href":"http:\/\/www.korhanyilmaz.com\/index.php?rest_route=\/wp\/v2\/users\/1"}],"replies":[{"embeddable":true,"href":"http:\/\/www.korhanyilmaz.com\/index.php?rest_route=%2Fwp%2Fv2%2Fcomments&post=27317"}],"version-history":[{"count":0,"href":"http:\/\/www.korhanyilmaz.com\/index.php?rest_route=\/wp\/v2\/posts\/27317\/revisions"}],"wp:attachment":[{"href":"http:\/\/www.korhanyilmaz.com\/index.php?rest_route=%2Fwp%2Fv2%2Fmedia&parent=27317"}],"wp:term":[{"taxonomy":"category","embeddable":true,"href":"http:\/\/www.korhanyilmaz.com\/index.php?rest_route=%2Fwp%2Fv2%2Fcategories&post=27317"},{"taxonomy":"post_tag","embeddable":true,"href":"http:\/\/www.korhanyilmaz.com\/index.php?rest_route=%2Fwp%2Fv2%2Ftags&post=27317"}],"curies":[{"name":"wp","href":"https:\/\/api.w.org\/{rel}","templated":true}]}}