{"id":27312,"date":"2011-01-18T15:36:27","date_gmt":"2011-01-18T13:36:27","guid":{"rendered":"http:\/\/www.korhanyilmaz.com\/?p=27312"},"modified":"2011-01-18T15:36:27","modified_gmt":"2011-01-18T13:36:27","slug":"ahmet-altan-hz-muhammedle-cevap-verdi","status":"publish","type":"post","link":"http:\/\/www.korhanyilmaz.com\/?p=27312","title":{"rendered":"Ahmet Altan Hz. Muhammed&#8217;le cevap verdi"},"content":{"rendered":"<p><a href=\"http:\/\/www.korhanyilmaz.com\/wp-content\/uploads\/2011\/01\/066.jpg\"  class=\"lightview\"><img loading=\"lazy\" decoding=\"async\" class=\"aligncenter size-full wp-image-27314\" src=\"http:\/\/www.korhanyilmaz.com\/wp-content\/uploads\/2011\/01\/066.jpg\" alt=\"\" width=\"414\" height=\"219\" \/><\/a><\/p>\n<p style=\"text-align: justify;\">Ahmet Altan&#8217;dan kendisine &#8220;kof kabaday\u0131&#8221; s\u00f6z\u00fc i\u00e7in dava a\u00e7an Ba\u015fbakan Recep Tayyip Erdo\u011fan&#8217;a zehir zemberek bir yaz\u0131 daha geldi.<\/p>\n<p style=\"text-align: justify;\">Altan bu kez Erdo\u011fan&#8217;\u0131 Hazreti Muhammed&#8217;in bir s\u00f6z\u00fc ile vurdu, Ba\u015fbakan\u0131n &#8220;\u00c7ankaya&#8221; i\u00e7in g\u00fcnah duraklar\u0131n\u0131n oldu\u011fu bir yola sapt\u0131\u011f\u0131n\u0131 s\u00f6yleyip yaz\u0131n\u0131n finalini Erdo\u011fan&#8217;\u0131 \u00e7\u0131ld\u0131rtacak \u015fu s\u00f6zlerle noktalad\u0131: <!--more--><\/p>\n<p style=\"text-align: justify;\">&#8220;Bir \u00c7ankaya i\u00e7in de\u011fmez kaybolmaya.<\/p>\n<p style=\"text-align: justify;\">\u00c7ankaya&#8217;ya belki \u00e7\u0131kars\u0131n ama aynaya bakt\u0131\u011f\u0131nda bir bo\u015flukta Hazreti Muhammed&#8217;in laf\u0131n\u0131 g\u00f6r\u00fcrs\u00fcn yaln\u0131zca.<\/p>\n<p style=\"text-align: justify;\">&#8220;Utanmad\u0131ktan sonra diledi\u011fini yap.&#8221;<\/p>\n<p style=\"text-align: justify;\">\u0130\u015fte &#8220;kof kabaday\u0131&#8221;dan sonra Erdo\u011fan&#8217;\u0131n y\u00fcre\u011fine oturacak ikinci yaz\u0131:<\/p>\n<p style=\"text-align: justify;\"><strong>DAVA <\/strong><\/p>\n<p style=\"text-align: justify;\">Bir y\u00f6netici, kendisine \u00fcmit ba\u011flayan insanlar\u0131, b\u00fcy\u00fck kitleleri kendi ki\u015fisel \u00e7\u0131kar\u0131 i\u00e7in yar\u0131 yolda b\u0131rak\u0131p ba\u015fka bir yola sapt\u0131\u011f\u0131nda, yapt\u0131klar\u0131n\u0131n anla\u015f\u0131lmamas\u0131 art\u0131k k\u00fc\u00e7\u00fckl\u00fc b\u00fcy\u00fckl\u00fc bir\u00e7ok kurnazl\u0131\u011f\u0131n ve g\u00fcnah\u0131n duraklar\u0131na u\u011frayaca\u011f\u0131 bir yolculu\u011fa \u00e7\u0131km\u0131\u015f demektir.<\/p>\n<p style=\"text-align: justify;\">Cumhuriyet tarihinin en \u00f6nemli liderlerinden biri olan Ba\u015fbakan Erdo\u011fan da, akl\u0131n\u0131 se\u00e7imlere ve se\u00e7imlerden sonra belirlenecek cumhurba\u015fkanl\u0131\u011f\u0131na tak\u0131p da b\u00fct\u00fcn hesaplar\u0131n\u0131 kendi ki\u015fisel ikbaline g\u00f6re bi\u00e7imlemeye ba\u015flay\u0131nca bu talihsiz yolculu\u011fa \u00e7\u0131kt\u0131.<\/p>\n<p style=\"text-align: justify;\"><strong>GAZETE K\u00d6\u015eELER\u0130NDEK\u0130 ERDO\u011eAN &#8220;\u00c7A\u015e&#8221;LARI<\/strong><\/p>\n<p style=\"text-align: justify;\">B\u00fcy\u00fck siyasi kaymalar\u0131n yan\u0131 s\u0131ra k\u00fc\u00e7\u00fck kurnazl\u0131klara da tevess\u00fcl ediyor art\u0131k.<\/p>\n<p style=\"text-align: justify;\">Sen ad\u0131m\u0131 vermeden bana &#8220;m\u00fcrebbiye&#8221; diyeceksin, &#8220;despot&#8221; diyeceksin, utanmadan ailemi kavgaya kar\u0131\u015ft\u0131racaks\u0131n, ben cevap verince de &#8220;bana hakaret ediyorlar&#8221; diye mahkemeye ko\u015facaks\u0131n. Gazete k\u00f6\u015felerine yerle\u015ftirdi\u011fin &#8220;\u00e7a\u015f&#8221;lar\u0131n da &#8220;ama Ba\u015fbakan \u00f6yle demedi ki&#8221; diye yalanc\u0131 tan\u0131kl\u0131\u011fa s\u0131vanacak.<\/p>\n<p style=\"text-align: justify;\"><strong>UTANMADIKTAN SONRA D\u0130LED\u0130\u011e\u0130N\u0130 YAP<\/strong><\/p>\n<p style=\"text-align: justify;\">Tarihi de\u011fi\u015ftirmesini bekledi\u011fimiz, bu yolda \u00e7ok da \u00f6nemli ad\u0131mlar atm\u0131\u015f, sava\u015flar vermi\u015f bir adam\u0131n bu hallere d\u00fc\u015ft\u00fc\u011f\u00fcn\u00fc g\u00f6rmek \u00fcz\u00fcyor insan\u0131.<\/p>\n<p style=\"text-align: justify;\">Hazreti Muhammed&#8217;in \u00e7ok sevdi\u011fim bir laf\u0131 vard\u0131r.<\/p>\n<p style=\"text-align: justify;\">&#8220;Utanmad\u0131ktan sonra diledi\u011fini yap&#8221; diyor.<\/p>\n<p style=\"text-align: justify;\">Ba\u015fbakan&#8217;a tavsiyem, bu laf\u0131 yazd\u0131r\u0131p ba\u015fucuna asmas\u0131.<\/p>\n<p style=\"text-align: justify;\">Niye yap\u0131yor bunu?<\/p>\n<p style=\"text-align: justify;\">Ahmet Altan&#8217;\u0131n sat\u0131rlar\u0131 Erdo\u011fan&#8217;\u0131n askerle i\u015fbirli\u011fi yapt\u0131\u011f\u0131 s\u00f6ylemi ile devam ediyor. Sadece bu da de\u011fil. Erdo\u011fan&#8217;\u0131n generallerin maa\u015flar\u0131n\u0131 halktan saklad\u0131\u011f\u0131n\u0131, K\u00fcrt a\u00e7\u0131l\u0131m\u0131n\u0131 rafa kald\u0131rd\u0131\u011f\u0131n\u0131, MGK&#8217;daki pa\u015falar\u0131n a\u011fz\u0131 ile konu\u015fmaya ba\u015flad\u0131\u011f\u0131n\u0131, AB yolunu ask\u0131ya ald\u0131\u011f\u0131n\u0131, yeni anayasa laf\u0131n\u0131 art\u0131k a\u011fz\u0131na almad\u0131\u011f\u0131n\u0131 s\u00f6yl\u00fcyor.<\/p>\n<p style=\"text-align: justify;\">Sonra da yaz\u0131s\u0131na \u015f\u00f6yle devam ediyor:<\/p>\n<p style=\"text-align: justify;\"><strong>ERDO\u011eAN&#8217;IN TEK DERD\u0130 \u00c7ANKAYA<\/strong><\/p>\n<p style=\"text-align: justify;\">B\u00fct\u00fcn bunlara bakt\u0131\u011f\u0131n\u0131zda, Erdo\u011fan&#8217;\u0131n se\u00e7im ve \u00c7ankaya hesaplar\u0131yla d\u00fcmen k\u0131r\u0131p &#8220;devletin&#8221; saf\u0131na, &#8220;ezenlerin&#8221; yan\u0131na ge\u00e7ti\u011fini g\u00f6r\u00fcyorsunuz.<\/p>\n<p style=\"text-align: justify;\">Bunu saklayabilmek i\u00e7in de &#8220;heykel, dizi, i\u00e7ki&#8221; t\u00fcr\u00fcnden &#8220;semboller&#8221; \u00fcst\u00fcnden yapay bir kavga \u00e7\u0131kart\u0131p, bir sis perdesi olu\u015fturuyor.<\/p>\n<p style=\"text-align: justify;\">Bizi, &#8220;MHP&#8217;lile\u015ferek demokratikle\u015fece\u011fimize&#8221; inand\u0131rmaya \u00e7al\u0131\u015f\u0131yor.<\/p>\n<p style=\"text-align: justify;\">B\u00f6yle bir Erdo\u011fan&#8217;a ihtiyac\u0131 yok T\u00fcrkiye&#8217;nin, referandumdaki gibi bir Erdo\u011fan&#8217;a ihtiyac\u0131 var.<\/p>\n<p style=\"text-align: justify;\">Biz &#8220;sevdi\u011fimiz Erdo\u011fan&#8221; kaybolmas\u0131n diye u\u011fra\u015f\u0131yoruz.<\/p>\n<p style=\"text-align: justify;\">O, Erdo\u011fan&#8217;\u0131 kaybettirmek i\u00e7in u\u011fra\u015f\u0131yor.<\/p>\n<p style=\"text-align: justify;\">Bir \u00c7ankaya i\u00e7in de\u011fmez kaybolmaya.<\/p>\n<p style=\"text-align: justify;\">\u00c7ankaya&#8217;ya belki \u00e7\u0131kars\u0131n ama aynaya bakt\u0131\u011f\u0131nda bir bo\u015flukta Hazreti Muhammed&#8217;in laf\u0131n\u0131 g\u00f6r\u00fcrs\u00fcn yaln\u0131zca.<\/p>\n<p style=\"text-align: justify;\"><span style=\"text-decoration: underline;\"><strong>&#8220;Utanmad\u0131ktan sonra diledi\u011fini yap.&#8221;<\/strong><\/span><\/p>\n<p style=\"text-align: justify;\"><a href=\"http:\/\/www.gazeteport.com.tr\/GUNCEL\/NEWS\/GP_837602\" target=\"_blank\"><span style=\"color: #888888;\">Kaynak : GAZETEPORT<strong><\/strong><\/span><\/a><span style=\"text-decoration: underline;\"><strong><br \/>\n<\/strong><\/span><\/p>\n","protected":false},"excerpt":{"rendered":"<\/p>\n<p style=\"text-align: justify;\">Ahmet Altan&#8217;dan kendisine &#8220;kof kabaday\u0131&#8221; s\u00f6z\u00fc i\u00e7in dava a\u00e7an Ba\u015fbakan Recep Tayyip Erdo\u011fan&#8217;a zehir zemberek bir yaz\u0131 daha geldi.<\/p>\n<p style=\"text-align: justify;\">Altan bu kez Erdo\u011fan&#8217;\u0131 Hazreti Muhammed&#8217;in bir s\u00f6z\u00fc ile vurdu, Ba\u015fbakan\u0131n &#8220;\u00c7ankaya&#8221; i\u00e7in g\u00fcnah duraklar\u0131n\u0131n oldu\u011fu bir yola sapt\u0131\u011f\u0131n\u0131 s\u00f6yleyip yaz\u0131n\u0131n finalini Erdo\u011fan&#8217;\u0131 \u00e7\u0131ld\u0131rtacak \u015fu s\u00f6zlerle noktalad\u0131: <\/p>\n","protected":false},"author":1,"featured_media":0,"comment_status":"open","ping_status":"closed","sticky":false,"template":"","format":"standard","meta":{"footnotes":""},"categories":[105],"tags":[],"class_list":["post-27312","post","type-post","status-publish","format-standard","hentry","category-gundem","odd"],"_links":{"self":[{"href":"http:\/\/www.korhanyilmaz.com\/index.php?rest_route=\/wp\/v2\/posts\/27312","targetHints":{"allow":["GET"]}}],"collection":[{"href":"http:\/\/www.korhanyilmaz.com\/index.php?rest_route=\/wp\/v2\/posts"}],"about":[{"href":"http:\/\/www.korhanyilmaz.com\/index.php?rest_route=\/wp\/v2\/types\/post"}],"author":[{"embeddable":true,"href":"http:\/\/www.korhanyilmaz.com\/index.php?rest_route=\/wp\/v2\/users\/1"}],"replies":[{"embeddable":true,"href":"http:\/\/www.korhanyilmaz.com\/index.php?rest_route=%2Fwp%2Fv2%2Fcomments&post=27312"}],"version-history":[{"count":0,"href":"http:\/\/www.korhanyilmaz.com\/index.php?rest_route=\/wp\/v2\/posts\/27312\/revisions"}],"wp:attachment":[{"href":"http:\/\/www.korhanyilmaz.com\/index.php?rest_route=%2Fwp%2Fv2%2Fmedia&parent=27312"}],"wp:term":[{"taxonomy":"category","embeddable":true,"href":"http:\/\/www.korhanyilmaz.com\/index.php?rest_route=%2Fwp%2Fv2%2Fcategories&post=27312"},{"taxonomy":"post_tag","embeddable":true,"href":"http:\/\/www.korhanyilmaz.com\/index.php?rest_route=%2Fwp%2Fv2%2Ftags&post=27312"}],"curies":[{"name":"wp","href":"https:\/\/api.w.org\/{rel}","templated":true}]}}