{"id":27308,"date":"2011-01-18T19:27:49","date_gmt":"2011-01-18T17:27:49","guid":{"rendered":"http:\/\/www.korhanyilmaz.com\/?p=27308"},"modified":"2011-01-18T19:27:49","modified_gmt":"2011-01-18T17:27:49","slug":"hsykda-balyoz-atamalari","status":"publish","type":"post","link":"http:\/\/www.korhanyilmaz.com\/?p=27308","title":{"rendered":"HSYK&#8217;da &#8216;Balyoz&#8217; atamalar\u0131"},"content":{"rendered":"<p style=\"text-align: justify;\"><a href=\"http:\/\/www.korhanyilmaz.com\/wp-content\/uploads\/2011\/01\/065.jpg\"  class=\"lightview\"><img loading=\"lazy\" decoding=\"async\" class=\"aligncenter size-full wp-image-27309\" src=\"http:\/\/www.korhanyilmaz.com\/wp-content\/uploads\/2011\/01\/065.jpg\" alt=\"\" width=\"413\" height=\"220\" \/><\/a><\/p>\n<p style=\"text-align: justify;\">&#8220;Balyoz&#8221; soru\u015fturmas\u0131 kapsam\u0131nda daha \u00f6nce tahliye kararlar\u0131 veren iki hakim daha HSYK karar\u0131yla ba\u015fka yerlere atand\u0131.<\/p>\n<p style=\"text-align: justify;\">&#8220;Balyoz&#8221; soru\u015fturmas\u0131nda tahliye kararlar\u0131 veren 12. A\u011f\u0131r Ceza Mahkemesi \u00fcyesi Oktay Kuban da 6 Ocak&#8217;taki HSYK kararnamesiyle Eski\u015fehir&#8217;e atanm\u0131\u015ft\u0131.<\/p>\n<p style=\"text-align: justify;\">Ankara Cumhuriyet Ba\u015fsavc\u0131l\u0131\u011f\u0131\u2019na atanan \u0130brahim Ethem Kuri\u015f, Ba\u015fsavc\u0131l\u0131k\u2019ta yeni g\u00f6revlendirmeler yapt\u0131. Buna g\u00f6re, b\u00fcrokratlara y\u00f6nelik soru\u015fturmalar\u0131nda g\u00f6revli Cumhuriyet Savc\u0131s\u0131 Abbas \u00d6zden\u2019le birlikte yakla\u015f\u0131k 120 savc\u0131n\u0131n g\u00f6rev yerleri de\u011fi\u015fti.<!--more--><\/p>\n<p style=\"text-align: justify;\">ANKARA &#8211; &#8220;Balyoz&#8221; soru\u015fturmas\u0131 kapsam\u0131nda daha \u00f6nce tahliye kararlar\u0131 veren iki hakim daha HSYK karar\u0131yla ba\u015fka yerlere atand\u0131. \u0130stanbul 9. A\u011f\u0131r Ceza Mahkemesi \u00fcyesi Y\u0131lmaz Alp Fatih&#8217;e yine ayn\u0131 mahkemede g\u00f6rev yapan Tuncay Aslan ise Bak\u0131rk\u00f6y adliyesine atand\u0131.<\/p>\n<p style=\"text-align: justify;\">Yine &#8220;Balyoz&#8221; soru\u015fturmas\u0131nda tahliye kararlar\u0131 veren 12. A\u011f\u0131r Ceza Mahkemesi \u00fcyesi Oktay Kuban da 6 Ocak&#8217;taki HSYK kararnamesiyle Eski\u015fehir&#8217;e atanm\u0131\u015ft\u0131.<\/p>\n<p style=\"text-align: justify;\"><strong>ANKARA ADL\u0130YES\u0130\u2019NDE YAKLA\u015eIK 120 SAVCININ G\u00d6REV\u0130 DE\u011e\u0130\u015eT\u0130R\u0130LD\u0130<\/strong><\/p>\n<p style=\"text-align: justify;\">Hakimler ve Savc\u0131lar Y\u00fcksek Kurulu\u2019nca \u0130stanbul Sar\u0131yer\u2019den Ankara Cumhuriyet Ba\u015fsavc\u0131l\u0131\u011f\u0131\u2019na atanan \u0130brahim Ethem Kuri\u015f, Ba\u015fsavc\u0131l\u0131k\u2019ta yeni g\u00f6revlendirmeler yapt\u0131. Buna g\u00f6re, b\u00fcrokratlara y\u00f6nelik soru\u015fturmalar\u0131nda g\u00f6revli Cumhuriyet Savc\u0131s\u0131 Abbas \u00d6zden\u2019le birlikte yakla\u015f\u0131k 150 savc\u0131dan 120\u2019sinin g\u00f6rev yerleri de\u011fi\u015fti.<\/p>\n<p style=\"text-align: justify;\">HSYK, ge\u00e7ti\u011fimiz g\u00fcnlerde yapt\u0131\u011f\u0131 atamayla Sar\u0131yer Cumhuriyet Savc\u0131s\u0131 \u0130brahim Ethem Kuri\u015f\u2019i Ankara Cumhuriyet Ba\u015fsavc\u0131s\u0131 olarak g\u00f6revlendirmi\u015fti. HSYK\u2019ca yap\u0131lan ataman\u0131n ard\u0131ndan Cumhuriyet Savc\u0131l\u0131\u011f\u0131 \u0130\u015f B\u00f6l\u00fcm\u00fc Y\u00f6nergesi de hayata ge\u00e7ti.<\/p>\n<p style=\"text-align: justify;\">S\u00f6z konusu atama yarg\u0131 kulislerinde tart\u0131\u015fmaya neden oldu. Kuri\u015f, g\u00f6reve geldikten sonra Ba\u015fsavc\u0131l\u0131kta baz\u0131 de\u011fi\u015fikler yapt\u0131. Edinilen bilgiye g\u00f6re, b\u00fcrokratlara y\u00f6nelik soru\u015fturmalarda \u00f6ne \u00e7\u0131kan Cumhuriyet Savc\u0131s\u0131 Abbas \u00d6zden \u0130nfaz Savc\u0131l\u0131\u011f\u0131\u2019nda g\u00f6revlendirildi. Ayr\u0131ca Ankara Adliyesi\u2019nde g\u00f6revli yakla\u015f\u0131k 120 savc\u0131n\u0131n da g\u00f6rev yeri de\u011fi\u015fti.<\/p>\n<p style=\"text-align: justify;\"><strong>\u201cYARGIYI D\u00d6N\u00dc\u015eT\u00dcRME PROJES\u0130\u201d<\/strong><\/p>\n<p style=\"text-align: justify;\">YARSAV Ba\u015fkan\u0131 Emine \u00dclker Tarhan, de\u011fi\u015fikli\u011fi \u201cAnayasa de\u011fi\u015fikli\u011fiyle yarg\u0131y\u0131 d\u00f6n\u00fc\u015ft\u00fcrme projesi\u201d olarak de\u011ferlendirdi. \u201c\u015eimdi bu projenin Ankara Adliyesi aya\u011f\u0131na ge\u00e7ildi\u011fini d\u00fc\u015f\u00fcn\u00fcyoruz\u201d diyen Tarhan \u015f\u00f6yle konu\u015ftu:<\/p>\n<p style=\"text-align: justify;\">\u201cYetki Kararnamesinin ard\u0131ndan Cumhuriyet Savc\u0131l\u0131\u011f\u0131 \u0130\u015f B\u00f6l\u00fcm\u00fc Y\u00f6nergesi yap\u0131ld\u0131. Bu \u00f6nergeyle d\u00f6n\u00fc\u015ft\u00fcrme projesi de h\u0131z kazand\u0131. Adliye&#8217;de yakla\u015f\u0131k 150 savc\u0131 var. 120\u2019sinin b\u00fcrolar\u0131 ve ba\u011fl\u0131 olduklar\u0131 soru\u015fturma y\u00f6ntemleri de\u011fi\u015ftirildi. Onlar\u0131n aras\u0131nda 10-15 y\u0131ld\u0131r uzmanla\u015fm\u0131\u015f ayn\u0131 b\u00fcroda \u00e7al\u0131\u015fm\u0131\u015f arkada\u015flar\u0131m\u0131z var. Bunlar g\u00f6revlerinden al\u0131nd\u0131lar. Daha g\u00f6revlerine ba\u015flamam\u0131\u015f, senelerce m\u00fcfetti\u015flik yapm\u0131\u015f idari i\u015f yapan ki\u015filer atand\u0131lar. Bakanl\u0131ktan kararnameyle savc\u0131l\u0131\u011fa verildi. Soru\u015fturmalar\u0131 tamamlamak \u00fczere olan arkada\u015flardan g\u00f6revleri al\u0131narak bu m\u00fcfetti\u015flere verildi. Bunlar\u0131n aras\u0131ndan Abbas \u00d6zden var. \u00d6zden 10 senedir, Memur B\u00fcrosu&#8217;nda \u00e7al\u0131\u015f\u0131yor. Yani b\u00fcrokratlar\u0131n soru\u015fturmalar\u0131yla ilgili b\u00fcroda \u00e7al\u0131\u015f\u0131yor. O konuda uzmanla\u015fm\u0131\u015f bir arkada\u015f\u0131m\u0131z.\u201d<\/p>\n<p style=\"text-align: justify;\">Bas\u0131n ve memur soru\u015fturmalar\u0131n\u0131n \u00f6zel soru\u015fturma kapsam\u0131nda oldu\u011funu bunun da dikkate al\u0131nmas\u0131 gerekti\u011fini vurgulayan Tarhan, bu t\u00fcr su\u00e7lara bakmakla g\u00f6revli savc\u0131lar\u0131n uzman olmas\u0131 gerekti\u011fini kaydetti. Tarhan &#8220;Yarg\u0131da i\u015fler bu de\u011fi\u015fiklikler daha da artacakt\u0131r. Bu m\u00fcfetti\u015fler nas\u0131l h\u0131zland\u0131racaklar bu i\u015fleri anlam\u0131yorum. Konular\u0131 nas\u0131l anlayacaklar\u201d dedi.<\/p>\n<p style=\"text-align: justify;\"><a href=\"http:\/\/www.gazeteport.com.tr\/GUNCEL\/NEWS\/GP_837649\" target=\"_blank\"><span style=\"color: #888888;\">Kaynak : GAZETEPORT<\/span><\/a><\/p>\n","protected":false},"excerpt":{"rendered":"<p style=\"text-align: justify;\">\n<p style=\"text-align: justify;\">&#8220;Balyoz&#8221; soru\u015fturmas\u0131 kapsam\u0131nda daha \u00f6nce tahliye kararlar\u0131 veren iki hakim daha HSYK karar\u0131yla ba\u015fka yerlere atand\u0131.<\/p>\n<p style=\"text-align: justify;\">&#8220;Balyoz&#8221; soru\u015fturmas\u0131nda tahliye kararlar\u0131 veren 12. A\u011f\u0131r Ceza Mahkemesi \u00fcyesi Oktay Kuban da 6 Ocak&#8217;taki HSYK kararnamesiyle Eski\u015fehir&#8217;e atanm\u0131\u015ft\u0131.<\/p>\n<p style=\"text-align: justify;\">Ankara Cumhuriyet Ba\u015fsavc\u0131l\u0131\u011f\u0131\u2019na atanan \u0130brahim Ethem Kuri\u015f, Ba\u015fsavc\u0131l\u0131k\u2019ta yeni g\u00f6revlendirmeler yapt\u0131. <\/p>\n","protected":false},"author":1,"featured_media":0,"comment_status":"open","ping_status":"closed","sticky":false,"template":"","format":"standard","meta":{"footnotes":""},"categories":[105],"tags":[],"class_list":["post-27308","post","type-post","status-publish","format-standard","hentry","category-gundem","odd"],"_links":{"self":[{"href":"http:\/\/www.korhanyilmaz.com\/index.php?rest_route=\/wp\/v2\/posts\/27308","targetHints":{"allow":["GET"]}}],"collection":[{"href":"http:\/\/www.korhanyilmaz.com\/index.php?rest_route=\/wp\/v2\/posts"}],"about":[{"href":"http:\/\/www.korhanyilmaz.com\/index.php?rest_route=\/wp\/v2\/types\/post"}],"author":[{"embeddable":true,"href":"http:\/\/www.korhanyilmaz.com\/index.php?rest_route=\/wp\/v2\/users\/1"}],"replies":[{"embeddable":true,"href":"http:\/\/www.korhanyilmaz.com\/index.php?rest_route=%2Fwp%2Fv2%2Fcomments&post=27308"}],"version-history":[{"count":0,"href":"http:\/\/www.korhanyilmaz.com\/index.php?rest_route=\/wp\/v2\/posts\/27308\/revisions"}],"wp:attachment":[{"href":"http:\/\/www.korhanyilmaz.com\/index.php?rest_route=%2Fwp%2Fv2%2Fmedia&parent=27308"}],"wp:term":[{"taxonomy":"category","embeddable":true,"href":"http:\/\/www.korhanyilmaz.com\/index.php?rest_route=%2Fwp%2Fv2%2Fcategories&post=27308"},{"taxonomy":"post_tag","embeddable":true,"href":"http:\/\/www.korhanyilmaz.com\/index.php?rest_route=%2Fwp%2Fv2%2Ftags&post=27308"}],"curies":[{"name":"wp","href":"https:\/\/api.w.org\/{rel}","templated":true}]}}