{"id":27301,"date":"2011-01-17T14:14:07","date_gmt":"2011-01-17T12:14:07","guid":{"rendered":"http:\/\/www.korhanyilmaz.com\/?p=27301"},"modified":"2011-01-17T14:14:07","modified_gmt":"2011-01-17T12:14:07","slug":"dinc-bilgine-hapis-cezasi","status":"publish","type":"post","link":"http:\/\/www.korhanyilmaz.com\/?p=27301","title":{"rendered":"Din\u00e7 Bilgin&#8217;e hapis cezas\u0131"},"content":{"rendered":"<p style=\"text-align: justify;\"><a href=\"http:\/\/www.korhanyilmaz.com\/wp-content\/uploads\/2011\/01\/063.jpg\"  class=\"lightview\"><img loading=\"lazy\" decoding=\"async\" class=\"aligncenter size-full wp-image-27302\" src=\"http:\/\/www.korhanyilmaz.com\/wp-content\/uploads\/2011\/01\/063.jpg\" alt=\"\" width=\"360\" height=\"239\" \/><\/a><\/p>\n<p style=\"text-align: justify;\">Etibank&#8217;\u0131n eski patronuna 4 y\u0131l 10 ay 10 g\u00fcn hapis cezas\u0131 \u00e7\u0131kt\u0131. Avukat\u0131n\u0131n verdi\u011fi bilgiye g\u00f6re daha \u00f6nce cezaevinde 11 ay kalan Din\u00e7 Bilgin karar kesinle\u015firse 15 ay daha hapis yatacak.<\/p>\n<p style=\"text-align: justify;\"><strong>\u0130STANBUL<\/strong> &#8211; \u0130stanbul 8. A\u011f\u0131r Ceza Mahkemesi, Etibank\u2019\u0131n zarara u\u011frat\u0131lmas\u0131yla ilgili 27 san\u0131\u011f\u0131n yarg\u0131land\u0131\u011f\u0131 davada, bankan\u0131n eski sahibi Din\u00e7 Bilgin hakk\u0131nda &#8220;c\u00fcr\u00fcm i\u015flemek i\u00e7in te\u015fekk\u00fcl olu\u015fturma&#8221;, &#8220;doland\u0131r\u0131c\u0131l\u0131k&#8221; ve &#8220;\u00f6zel belgede sahtecilik&#8221; su\u00e7lar\u0131ndan a\u00e7\u0131lan kamu davalar\u0131n\u0131 zaman a\u015f\u0131m\u0131 gerek\u00e7esiyle ortadan kald\u0131rd\u0131. <!--more--><\/p>\n<p style=\"text-align: justify;\">\u0130stanbul 8. A\u011f\u0131r Ceza Mahkemesindeki duru\u015fmaya, Din\u00e7 Bilgin ve o\u011flu \u00d6nay \u015eevket Bilgin\u2019in de aralar\u0131nda bulundu\u011fu 13 tutuksuz san\u0131k kat\u0131ld\u0131.<\/p>\n<p style=\"text-align: justify;\">Duru\u015fmaya kat\u0131lan san\u0131klar, son s\u00f6zlerinin sorulmas\u0131 \u00fczerine, su\u00e7suz olduklar\u0131n\u0131 belirterek beraatlerini istedi.<\/p>\n<p style=\"text-align: justify;\">Ara verilmesinin ard\u0131ndan karar\u0131n\u0131 a\u00e7\u0131klayan mahkeme heyeti, san\u0131k Din\u00e7 Bilgin hakk\u0131nda &#8220;c\u00fcr\u00fcm i\u015flemek i\u00e7in te\u015fekk\u00fcl olu\u015fturma&#8221;, &#8220;doland\u0131r\u0131c\u0131l\u0131k&#8221; ve &#8220;\u00f6zel belgede sahtecilik&#8221; su\u00e7lar\u0131ndan a\u00e7\u0131lan kamu davalar\u0131n\u0131n 7 y\u0131l 6 ay zaman a\u015f\u0131m\u0131 m\u00fcddetini doldurdu\u011funu belirterek, bu su\u00e7lamalar\u0131n ortadan kald\u0131r\u0131lmas\u0131na karar verdi.<\/p>\n<p style=\"text-align: justify;\">San\u0131k Din\u00e7 Bilgin\u2019in ger\u00e7ek ki\u015fi ortak olmas\u0131 sebebiyle &#8220;su\u00e7 i\u015fleme kast\u0131n\u0131n yo\u011funlu\u011fu, kendisine ait firmalar\u0131n haks\u0131z menfaatten yararlanm\u0131\u015f olmas\u0131 ve \u00f6zellikle meydana gelen zimmet miktar\u0131n\u0131n a\u011f\u0131rl\u0131\u011f\u0131&#8221; g\u00f6z \u00f6n\u00fcne al\u0131narak 15 y\u0131l hapis cezas\u0131 ve 456 milyon 90 bin 526 lira adli cezaya karar veren mahkeme heyeti, Din\u00e7 Bilgin\u2019in hapis cezas\u0131n\u0131, isnat edilen eylemi zincirleme bi\u00e7imde i\u015fledi\u011finden, 17 y\u0131l 6 aya \u00e7\u0131kard\u0131.<\/p>\n<p style=\"text-align: justify;\">Heyet, 5411 say\u0131l\u0131 Bankac\u0131l\u0131k Yasas\u0131 y\u00fcr\u00fcrl\u00fc\u011fe girmeden banka zarar\u0131n\u0131n tamam\u0131n\u0131n \u00f6denmi\u015f olmas\u0131 sebebiyle 3\u2019te 2 oran\u0131nda indirime giderek Bilgin\u2019in cezas\u0131n\u0131 5 y\u0131l 10 ay hapis cezas\u0131na ve 155 milyon 30 bin 188 lira adli cezaya \u00e7evrilmesine karar vererek, san\u0131\u011f\u0131n mahkemedeki iyi halini g\u00f6z \u00f6n\u00fcne alarak tekrar indirime giderek cezay\u0131 4 y\u0131l 10 ay 10 g\u00fcn hapis cezas\u0131na ve 129 milyon 191 bin 823 lira cezaya \u00e7evirdi.<\/p>\n<p style=\"text-align: justify;\">Mahkeme heyeti, san\u0131k \u00d6nay \u015eevket Bilgin hakk\u0131ndaki &#8220;c\u00fcr\u00fcm i\u015flemek i\u00e7in olu\u015fan te\u015fekk\u00fcle kat\u0131lma&#8221; ve &#8220;doland\u0131r\u0131c\u0131l\u0131k&#8221; su\u00e7lar\u0131ndan a\u00e7\u0131lan kamu davalar\u0131n\u0131n da 7 y\u0131l 6 ay zaman a\u015f\u0131m\u0131 m\u00fcddeti doldu\u011fundan ortadan kald\u0131r\u0131lmas\u0131na karar verdi.<\/p>\n<p style=\"text-align: justify;\">San\u0131k \u00d6nay \u015eevket Bilgin de &#8220;zimmet&#8221; su\u00e7undan 3 y\u0131l 2 ay 26 g\u00fcn hapis cezas\u0131 ve 19 milyon 939 bin 633 lira cezaya \u00e7arpt\u0131r\u0131ld\u0131.<\/p>\n<p style=\"text-align: justify;\">San\u0131klardan \u0130smail Hakk\u0131 Karakaya\u2019n\u0131n Etibank\u2019\u0131n 12 Mart 1999 ile 27 Ekim 2000 aras\u0131nda y\u00f6netim kurulu \u00fcyesi, 15 A\u011fustos 2000 ile 27 Ekim 2000 aras\u0131nda genel m\u00fcd\u00fcr s\u0131fat\u0131yla g\u00f6rev yapt\u0131\u011f\u0131n\u0131 belirten mahkeme heyeti, san\u0131\u011f\u0131n bankan\u0131n 151 milyon 961 bin 18 liras\u0131n\u0131n m\u00fcteselsil \u015fekilde &#8220;ihtilasen zimmete&#8221; ge\u00e7irme fiillerine kat\u0131ld\u0131\u011f\u0131n\u0131n belirlendi\u011fi kaydetti.<\/p>\n<p style=\"text-align: justify;\">Karakaya\u2019ya 3 y\u0131l 10 ay 20 g\u00fcn hapis ve 126 milyon 634 bin 182 lira adli ceza veren mahkeme heyeti, san\u0131k hakk\u0131ndaki &#8220;doland\u0131r\u0131c\u0131l\u0131k&#8221; su\u00e7undan a\u00e7\u0131lan davan\u0131n zaman a\u015f\u0131m\u0131 gerek\u00e7esiyle ortadan kald\u0131r\u0131lmas\u0131na h\u00fckmetti.<\/p>\n<p style=\"text-align: justify;\">Mustafa Din\u00e7er\u2019in Newyork Off-Shore Limited \u015eirketinin hissedar\u0131 ve y\u00f6netim kurulu ba\u015fkan\u0131 oldu\u011funu, Din\u00e7 Bilgin\u2019in talimat\u0131yla bankan\u0131n kaynaklar\u0131n\u0131n off-shore \u015firketine depo edildikten sonra grup firmalar\u0131na kredi olarak aktar\u0131lmas\u0131n\u0131 sa\u011flayarak 95 milyon 272 bin 126 lira banka paras\u0131n\u0131n haks\u0131z olarak mal edinilmesini sa\u011flad\u0131\u011f\u0131n\u0131 belirten mahkeme heyeti, Din\u00e7er\u2019i de 2 y\u0131l 1 ay hapis, 238 milyon 180 bin 315 lira cezaya \u00e7arpt\u0131rd\u0131.<\/p>\n<p style=\"text-align: justify;\">Mahkeme heyeti, 1998 ile 2000 y\u0131llar\u0131 aras\u0131nda bankan\u0131n y\u00f6netim kurulu ba\u015fkan vekili ve bir d\u00f6nem de genel m\u00fcd\u00fcr\u00fc olarak g\u00f6rev yapan \u015e\u00fckr\u00fc Karahasano\u011flu\u2019nun da 95 milyon 272 bin 126 lira banka paras\u0131n\u0131n haks\u0131z olarak mal edinilmesini sa\u011flad\u0131\u011f\u0131n\u0131 belirterek, san\u0131\u011fa 3 y\u0131l 11 ay 6 g\u00fcn hapis, 104 milyon 185 bin 117 lira ceza verdi.<\/p>\n<p style=\"text-align: justify;\">Karahasano\u011flu hakk\u0131nda &#8220;doland\u0131r\u0131c\u0131l\u0131k&#8221; su\u00e7undan a\u00e7\u0131lan davan\u0131n zaman a\u015f\u0131m\u0131 nedeniyle ortadan kald\u0131r\u0131lmas\u0131na karar veren mahkeme heyeti, bankada y\u00f6netim kurulu \u00fcyesi ve genel m\u00fcd\u00fcr yard\u0131mc\u0131s\u0131 olarak g\u00f6rev yapan Zeki \u00dcnal\u2019\u0131 da eylemlerinden dolay\u0131 4 y\u0131l 6 ay 13 g\u00fcn hapis ve 123 milyon 951 bin 496 lira adli cezaya \u00e7arpt\u0131r\u0131rken \u00dcnal hakk\u0131ndaki &#8220;doland\u0131r\u0131c\u0131l\u0131k&#8221; su\u00e7undan a\u00e7\u0131lan davay\u0131 da zaman a\u015f\u0131m\u0131 nedeniyle ortadan kald\u0131rd\u0131.<\/p>\n<p style=\"text-align: justify;\">Ay\u015fe Hande G\u00fcven, Cahit Demir, Ay\u015fe Emel Tah\u0131l, Hakk\u0131 Cengiz K\u0131rg\u00fcl, Ulvi Sezer Peks\u00f6z, Ahmet Can ve Seda Eren\u2019in te\u015fvik primi ad\u0131 alt\u0131nda yap\u0131lan i\u015flemlerle &#8220;zimmet&#8221; su\u00e7u i\u015fledi\u011fini belirten mahkeme heyeti, bu san\u0131klar\u0131 1 y\u0131l 11 ay 10\u2019ar g\u00fcn hapis ve 6 bin 666\u2019\u015far lira adli cezaya \u00e7arpt\u0131rd\u0131, ayn\u0131 olayla ilgili Haluk Fikret Abo\u015fo\u011flu\u2019na 1 y\u0131l 8 ay hapis ve 6 bin 666 lira ceza verdi.<\/p>\n<p style=\"text-align: justify;\">Mahkeme heyeti, bu san\u0131klar\u0131n hapis cezalar\u0131na ili\u015fkin h\u00fckm\u00fcn a\u00e7\u0131klanmas\u0131n\u0131n geri b\u0131rak\u0131lmas\u0131n\u0131 ve 5 y\u0131l denetim s\u00fcresine tabi tutulmalar\u0131n\u0131 kararla\u015ft\u0131rd\u0131.<\/p>\n<p style=\"text-align: justify;\">Ferhat Yengilo\u011flu, Murat Y\u00fcksel, Ay\u015fe Hande G\u00fcven, Ziya Ko\u015fay ve Hakk\u0131 Cengiz K\u0131rg\u00fcl\u2019\u00fcn &#8220;ihtilasen zimmet&#8221; ve &#8220;doland\u0131r\u0131c\u0131l\u0131k&#8221; su\u00e7lar\u0131ndan beraatine karar veren mahkeme heyeti, Yal\u00e7\u0131n Ayayd\u0131n, Mehmet Nail Ke\u00e7ili, T\u00fcrker \u0130nano\u011flu, Yasin Kadri Ekinci, Nevzat Ak, Aziz Ba\u015fkut Okayg\u00fcn, Ali C\u00fcneyt Ortan, Ufuk Akal\u0131n ve Ali Fait Yener\u2019in de &#8220;zimmet su\u00e7una i\u015ftirak&#8221;ten beraatine h\u00fckmetti.<\/p>\n<p style=\"text-align: justify;\"><strong>-YURT DI\u015eINA \u00c7IKI\u015e YASA\u011eI-<\/strong><\/p>\n<p style=\"text-align: justify;\">&#8220;Zimmet su\u00e7una i\u015ftirak&#8221;ten hakk\u0131nda dava a\u00e7\u0131lan Mehmet Sert\u2019\u0131n vefat etti\u011fi anla\u015f\u0131ld\u0131\u011f\u0131ndan hakk\u0131ndaki davan\u0131n d\u00fc\u015f\u00fcr\u00fclmesini kararla\u015ft\u0131ran mahkeme heyeti, Din\u00e7 Bilgin, \u00d6nay \u015eevket Bilgin, \u0130smail Hakk\u0131 Karakaya, Mustafa Din\u00e7er, \u015e\u00fckr\u00fc Karahasano\u011flu ve Zeki \u00dcnal hakk\u0131ndaki yurt d\u0131\u015f\u0131na \u00e7\u0131k\u0131\u015f yasa\u011f\u0131 kararlar\u0131n\u0131n s\u00fcrd\u00fcr\u00fclmesine karar verdi.<\/p>\n<p style=\"text-align: justify;\">Mahkeme heyeti, Etibank A\u015e\u2019nin \u00d6zelle\u015ftirme \u0130daresince ihalesi yap\u0131ld\u0131ktan sonra iddianamelerde ileri s\u00fcr\u00fcld\u00fc\u011f\u00fc \u00fczere ihalede ikinci y\u00fcksek paray\u0131 veren gruba teklif edilmeden, bankac\u0131l\u0131k sekt\u00f6r\u00fc bak\u0131m\u0131ndan bor\u00e7lu oldu\u011fu iddia edilen Bilgin grubuna ve Bankac\u0131l\u0131k Yasas\u0131\u2019n\u0131n 64. maddesi uyar\u0131nca izlemeye al\u0131nan \u0130nterbank A\u015e\u2019nin mali durumu bozuk oldu\u011fu iddia edilen \u00c7a\u011flar Grubu ile olu\u015fturulan Medya \u0130pek Holding A\u015e\u2019ye sat\u0131lmas\u0131nda kas\u0131t ve ihmali olabileceklerle ilgili gerekli g\u00f6r\u00fclmesi halinde yasal i\u015flem yap\u0131lmas\u0131n\u0131n takdir ve ifas\u0131 i\u00e7in karar kesinle\u015fti\u011finde bir \u00f6rne\u011finin \u0130stanbul Cumhuriyet Ba\u015fsavc\u0131l\u0131\u011f\u0131na g\u00f6nderilmesini de karara ba\u011flad\u0131.<\/p>\n<p style=\"text-align: justify;\">Mahkeme heyeti \u00fcyelerinden hakim \u0130lhan Karag\u00f6z, birka\u00e7 nedenle \u00e7o\u011funluk karar\u0131na muhalif kald\u0131\u011f\u0131n\u0131 bildirdi. (aa)<\/p>\n<p style=\"text-align: justify;\"><strong>-DAVANIN GE\u00c7M\u0130\u015e\u0130-<\/strong><\/p>\n<p style=\"text-align: justify;\">\u0130stanbul 8. A\u011f\u0131r Ceza Mahkemesi, 22 Temmuz 2005 tarihli karar\u0131nda, bankan\u0131n zarara u\u011frat\u0131lmas\u0131na ili\u015fkin Din\u00e7 Bilgin\u2019i &#8220;zimmet&#8221; su\u00e7undan 14 y\u0131l hapis ve 499 milyon 977 bin TL para, \u015eevket \u00d6nay Bilgin\u2019i 9 y\u0131l 4 ay hapis, \u015e\u00fckr\u00fc Karahasano\u011flu ile Zeki \u00dcnal\u2019\u0131 9 y\u0131l 26\u2019\u015far g\u00fcn hapis, Mustafa Din\u00e7er ile \u0130smail Hakk\u0131 Karakaya\u2019y\u0131 da 7 y\u0131l 9 ay 10\u2019ar g\u00fcn hapis cezas\u0131na \u00e7arpt\u0131rm\u0131\u015ft\u0131.<\/p>\n<p style=\"text-align: justify;\">&#8220;Nitelikli doland\u0131r\u0131c\u0131l\u0131k&#8221; su\u00e7undan Cavit \u00c7a\u011flar\u2019\u0131n 3 y\u0131l 1 ay 15 g\u00fcn hapis cezas\u0131na \u00e7arpt\u0131r\u0131ld\u0131\u011f\u0131 kararda Mustafa \u00c7a\u011flar\u2019a 1 y\u0131l 6 ay 22 g\u00fcn, Hakk\u0131 Cengiz K\u0131rg\u00fcl\u2019e de &#8220;\u00f6zel belgede sahtecilik&#8221; su\u00e7undan 1 y\u0131l 8 ay hapis cezas\u0131 verilmi\u015f, ancak bu cezalar ertelenmi\u015fti.<\/p>\n<p style=\"text-align: justify;\">Mahkeme heyeti, Din\u00e7 Bilgin, Cavit \u00c7a\u011flar, Mehmet Nail Ke\u00e7ili, \u015eevket \u00d6nay Bilgin, Mustafa \u00c7a\u011flar, T\u00fcrker \u0130nano\u011flu ve Nevzat Ak\u2019\u0131n da aralar\u0131nda bulundu\u011fu 23 san\u0131\u011f\u0131n &#8220;c\u00fcr\u00fcm i\u015flemek amac\u0131yla te\u015fekk\u00fcl olu\u015fturma, bu te\u015fekk\u00fcle \u00fcye olma ve te\u015fekk\u00fcl \u00fcyelerine yard\u0131m etme&#8221; su\u00e7lar\u0131na ili\u015fkin beraat\u0131na karar vermi\u015fti.<\/p>\n<p style=\"text-align: justify;\">Yarg\u0131tay 7. Ceza Dairesi, yerel mahkemenin karar\u0131n\u0131 usul eksikli\u011finden bozmu\u015f, ayr\u0131ca karardan sonra y\u00fcr\u00fcrl\u00fc\u011fe giren Bankac\u0131l\u0131k Yasas\u0131\u2019nda lehe h\u00fck\u00fcmler olup olmad\u0131\u011f\u0131n\u0131n incelenmesini istemi\u015fti.<\/p>\n<p style=\"text-align: justify;\">Yarg\u0131tay\u2019\u0131n bozma karar\u0131 \u00fczerine davan\u0131n yeniden g\u00f6r\u00fclmesine ba\u015flanm\u0131\u015f, Bilgin ailesi, avukatlar\u0131 arac\u0131l\u0131\u011f\u0131yla reddi hakim talebinde bulunmu\u015f, ancak mahkeme bu talebi reddetmi\u015fti.<\/p>\n<p style=\"text-align: justify;\">Bunun \u00fczerine \u0130stanbul 8. A\u011f\u0131r Ceza Mahkemesi de Din\u00e7 Bilgin ve \u015eevket \u00d6nay Bilgin hakk\u0131ndaki bu karar\u0131 kabul ederek, dosyalar\u0131n\u0131 ay\u0131rm\u0131\u015ft\u0131. Bu san\u0131klar\u0131n yarg\u0131lanmas\u0131na \u0130stanbul 3. A\u011f\u0131r Ceza Mahkemesinde devam edilmi\u015fti.<\/p>\n<p style=\"text-align: justify;\">Di\u011fer san\u0131klar a\u00e7\u0131s\u0131ndan yarg\u0131lamay\u0131 s\u00fcrd\u00fcren mahkeme heyeti, 15 Kas\u0131m 2006 tarihli duru\u015fmada Cavit \u00c7a\u011flar\u2019\u0131 &#8220;nitelikli doland\u0131r\u0131c\u0131l\u0131k&#8221; su\u00e7undan 3 y\u0131l 1 ay 15 g\u00fcn hapis ve 20 bin 830 TL adli para cezas\u0131na mahkum etmi\u015fti.<\/p>\n<p style=\"text-align: justify;\">Mustafa \u00c7a\u011flar\u2019\u0131 da ayn\u0131 su\u00e7lamaya ili\u015fkin olarak 1 y\u0131l 6 ay 22 g\u00fcn hapis ve 15 bin 620 TL adli para cezas\u0131na \u00e7arpt\u0131ran mahkeme heyeti, cezan\u0131n ertelenmesine karar vermi\u015fti. Bankan\u0131n d\u00f6rt y\u00f6neticisini de 11 y\u0131l 8 ay ile 7 y\u0131l 9 ay aras\u0131nda hapis cezas\u0131na \u00e7arpt\u0131ran mahkeme heyeti, di\u011fer san\u0131klar a\u00e7\u0131s\u0131ndan beraat ve ortadan kald\u0131rma kararlar\u0131 vermi\u015fti.<\/p>\n<p style=\"text-align: justify;\"><strong>-2. BOZMA-<\/strong><\/p>\n<p style=\"text-align: justify;\">Karar\u0131 inceleyen Yarg\u0131tay 7. Ceza Dairesi, Cavit \u00c7a\u011flar ve o\u011flu Mustafa \u00c7a\u011flar hakk\u0131ndaki davay\u0131 zaman a\u015f\u0131m\u0131 nedeniyle ortadan kald\u0131rm\u0131\u015ft\u0131.<\/p>\n<p style=\"text-align: justify;\">Din\u00e7 Bilgin ve o\u011flu \u015eevket \u00d6nay Bilgin\u2019in hukuki durumlar\u0131n\u0131n ve su\u00e7 vasf\u0131n\u0131n ihtisas mahkemesi olan \u0130stanbul 8. A\u011f\u0131r Ceza Mahkemesinde birlikte yap\u0131lacak yarg\u0131lamada de\u011ferlendirilmesi gerekti\u011fini belirten y\u00fcksek mahkeme, di\u011fer san\u0131klar hakk\u0131ndaki karar\u0131 da \u00e7e\u015fitli nedenlerle bozmu\u015ftu.<\/p>\n<p style=\"text-align: justify;\">Davan\u0131n yeniden g\u00f6r\u00fclmesine ba\u015flanmas\u0131n\u0131n ard\u0131ndan Din\u00e7 Bilgin ve \u015eevket \u00d6nay Bilgin\u2019in ayr\u0131lan dosyalar\u0131, yeniden ana davayla birle\u015ftirilmi\u015fti. (aa)<\/p>\n<p style=\"text-align: justify;\"><a href=\"http:\/\/www.radikal.com.tr\/Radikal.aspx?aType=RadikalDetayV3&amp;ArticleID=1036843&amp;Date=18.01.2011&amp;CategoryID=77\" target=\"_blank\"><span style=\"color: #888888;\">Kaynak : RAD\u0130KAL<\/span><\/a><\/p>\n","protected":false},"excerpt":{"rendered":"<p style=\"text-align: justify;\">\n<p style=\"text-align: justify;\">Etibank&#8217;\u0131n eski patronuna 4 y\u0131l 10 ay 10 g\u00fcn hapis cezas\u0131 \u00e7\u0131kt\u0131. Avukat\u0131n\u0131n verdi\u011fi bilgiye g\u00f6re daha \u00f6nce cezaevinde 11 ay kalan Din\u00e7 Bilgin karar kesinle\u015firse 15 ay daha hapis yatacak.<\/p>\n<p style=\"text-align: justify;\">\u0130STANBUL &#8211; \u0130stanbul 8. A\u011f\u0131r Ceza Mahkemesi, Etibank\u2019\u0131n zarara u\u011frat\u0131lmas\u0131yla ilgili 27 san\u0131\u011f\u0131n yarg\u0131land\u0131\u011f\u0131 davada, bankan\u0131n eski <\/p>\n","protected":false},"author":1,"featured_media":0,"comment_status":"open","ping_status":"closed","sticky":false,"template":"","format":"standard","meta":{"footnotes":""},"categories":[105],"tags":[],"class_list":["post-27301","post","type-post","status-publish","format-standard","hentry","category-gundem","odd"],"_links":{"self":[{"href":"http:\/\/www.korhanyilmaz.com\/index.php?rest_route=\/wp\/v2\/posts\/27301","targetHints":{"allow":["GET"]}}],"collection":[{"href":"http:\/\/www.korhanyilmaz.com\/index.php?rest_route=\/wp\/v2\/posts"}],"about":[{"href":"http:\/\/www.korhanyilmaz.com\/index.php?rest_route=\/wp\/v2\/types\/post"}],"author":[{"embeddable":true,"href":"http:\/\/www.korhanyilmaz.com\/index.php?rest_route=\/wp\/v2\/users\/1"}],"replies":[{"embeddable":true,"href":"http:\/\/www.korhanyilmaz.com\/index.php?rest_route=%2Fwp%2Fv2%2Fcomments&post=27301"}],"version-history":[{"count":0,"href":"http:\/\/www.korhanyilmaz.com\/index.php?rest_route=\/wp\/v2\/posts\/27301\/revisions"}],"wp:attachment":[{"href":"http:\/\/www.korhanyilmaz.com\/index.php?rest_route=%2Fwp%2Fv2%2Fmedia&parent=27301"}],"wp:term":[{"taxonomy":"category","embeddable":true,"href":"http:\/\/www.korhanyilmaz.com\/index.php?rest_route=%2Fwp%2Fv2%2Fcategories&post=27301"},{"taxonomy":"post_tag","embeddable":true,"href":"http:\/\/www.korhanyilmaz.com\/index.php?rest_route=%2Fwp%2Fv2%2Ftags&post=27301"}],"curies":[{"name":"wp","href":"https:\/\/api.w.org\/{rel}","templated":true}]}}