{"id":27290,"date":"2011-01-17T16:10:13","date_gmt":"2011-01-17T14:10:13","guid":{"rendered":"http:\/\/www.korhanyilmaz.com\/?p=27290"},"modified":"2011-01-17T16:10:13","modified_gmt":"2011-01-17T14:10:13","slug":"erdogana-twitterdan-yanit","status":"publish","type":"post","link":"http:\/\/www.korhanyilmaz.com\/?p=27290","title":{"rendered":"Erdo\u011fan&#8217;a Twitter&#8217;dan yan\u0131t!"},"content":{"rendered":"<p style=\"text-align: center;\"><a href=\"http:\/\/www.korhanyilmaz.com\/wp-content\/uploads\/2011\/01\/061.jpg\"  class=\"lightview\"><img loading=\"lazy\" decoding=\"async\" class=\"aligncenter size-full wp-image-27291\" src=\"http:\/\/www.korhanyilmaz.com\/wp-content\/uploads\/2011\/01\/061.jpg\" alt=\"\" width=\"420\" height=\"210\" \/><\/a><\/p>\n<p style=\"text-align: justify;\">K\u0131l\u0131\u00e7daro\u011flu: Umar\u0131m Ba\u015fbakan T\u00fcrkiye\u2019nin \u00e7evredeki di\u011fer \u00fclkelere benzemedi\u011fini anlamakta ddaha fazla gecikmez. \u00d6mer Seyfettin\u2019in \u2019Diyet\u2019 isimli hikayesini de hi\u00e7 akl\u0131ndan \u00e7\u0131karmaz.<\/p>\n<p style=\"text-align: justify;\">CHP Genel Ba\u015fkan\u0131 Kemal K\u0131l\u0131\u00e7daro\u011flu, &#8220;Bu toplumun bir uzla\u015f\u0131ya, ho\u015fg\u00f6r\u00fcye ve birbirini oldu\u011fu gibi kabule ihtiyac\u0131 var. Bu \u00fclkenin Ba\u015fbakan\u0131n\u0131n toplumun \u00f6n\u00fcnde, hele hele uluslararas\u0131 ortamlarda kendi vatanda\u015flar\u0131 taraf\u0131ndan \u0131sl\u0131klan\u0131r hale gelmesinden hepimiz rahats\u0131z\u0131z. B\u00f6yle bir ortam\u0131n \u00fclkemize yarar\u0131 olmaz&#8221; dedi. <!--more--><\/p>\n<p style=\"text-align: justify;\">K\u0131l\u0131\u00e7daro\u011flu, sosyal payla\u015f\u0131m sitesi Twitter\u2019daki hesab\u0131 \u00fczerinden aktard\u0131\u011f\u0131 mesajda, 2 g\u00fcn \u00f6nce TT Arena Stad\u0131 a\u00e7\u0131l\u0131\u015f\u0131nda Galatasarayl\u0131lar\u0131n g\u00f6sterdi\u011fi tepkinin benzerinin, D\u00fcnya Basketbol \u015eampiyonas\u0131\u2019nda da ya\u015fand\u0131\u011f\u0131n\u0131 belirtti.<\/p>\n<p style=\"text-align: justify;\">Kemal K\u0131l\u0131\u00e7daro\u011flu, \u015funlar\u0131 kaydetti:<\/p>\n<p style=\"text-align: justify;\">&#8220;Misafirperverlik, k\u00fclt\u00fcr\u00fcm\u00fcz\u00fcn temel esaslar\u0131ndand\u0131r. Hele hele k\u00fclt\u00fcr\u00fcm\u00fcz gere\u011fi birisi iyilik yapt\u0131ysa, ona kar\u015f\u0131 daha da s\u0131cak davran\u0131r\u0131z. Bir de misafir devlet b\u00fcy\u00fc\u011f\u00fc ise sayg\u0131m\u0131z daha da artar. Onu ho\u015f tutmak, iyi a\u011f\u0131rlamak, \u015f\u00fckran borcumuzu \u00f6demek i\u00e7in elimizden geleni yapar\u0131z. Bu T\u00fcrkiye\u2019nin do\u011fusundan bat\u0131s\u0131na, kuzeyinden g\u00fcneyine b\u00f6yledir. B\u00f6ylesine g\u00fc\u00e7l\u00fc haslete ra\u011fmen acaba hangi sebepler, hi\u00e7bir tahrik olmaks\u0131z\u0131n mutlu olunmas\u0131 gereken bir g\u00fcnde, koca bir stadyum dolusu insan\u0131 Ba\u015fbakan\u0131 \u0131sl\u0131klamaya itti. Mutlaka Say\u0131n Ba\u015fbakan da d\u00fc\u015f\u00fcn\u00fcyordur bunu. Say\u0131n Ba\u015fbakan \u2019her \u015feyi ben bilirim, sizin i\u00e7in iyi olan bir \u015fey varsa, onu da ben bilir ve yapar\u0131m\u2019 tavr\u0131yla, toplumsal ya\u015fam \u00fczerinde kurdu\u011fu bask\u0131larla, ya\u015fam alanlar\u0131 ve \u00f6zg\u00fcrl\u00fcklerinin gittik\u00e7e k\u0131s\u0131tland\u0131\u011f\u0131 duygusuna kap\u0131lan, k\u00f6\u015feye s\u0131k\u0131\u015ft\u0131\u011f\u0131n\u0131 her g\u00fcn daha fazla hisseden, \u2019\u015fehirlerde ya\u015fayan insanlar\u0131n\u2019 sab\u0131r s\u0131n\u0131rlar\u0131n\u0131 m\u0131 zorluyor acaba? S\u00fcrekli olarak televizyonlardan halk\u0131 azarlayan Ba\u015fbakan g\u00f6r\u00fcnt\u00fcs\u00fc toplumsal korkuyu mu yayg\u0131nla\u015ft\u0131r\u0131yor dalga dalga?<\/p>\n<p style=\"text-align: justify;\">\u0130nsanlar\u0131n Ba\u015fbakan\u0131 g\u00f6rd\u00fc\u011f\u00fcnde, i\u00e7inde y\u0131llard\u0131r biriken duygular\u0131 g\u00f6stermekte s\u0131n\u0131r tan\u0131mayan bir hale gelmesi ba\u015fka neyle a\u00e7\u0131klanabilir? Baz\u0131lar\u0131 i\u00e7in Say\u0131n Ba\u015fbakan padi\u015fah olarak g\u00f6r\u00fcnebilir ama toplumun \u00f6nemli bir kesimi i\u00e7in Say\u0131n Ba\u015fbakan ula\u015f\u0131labilir, ele\u015ftirilebilir, e\u015fitler aras\u0131nda birinci, AB yolunda ilerleyen demokratik bir \u00fclkenin se\u00e7ilmi\u015f Ba\u015fbakan\u0131d\u0131r. Zira birinci bak\u0131\u015f a\u00e7\u0131s\u0131na g\u00f6re, tepe y\u00f6netici ne harcarsa kendi m\u00fclk\u00fcnden harcar, ikinci bak\u0131\u015f a\u00e7\u0131s\u0131na g\u00f6reyse, Ba\u015fbakan halk\u0131n paras\u0131n\u0131 yine halk i\u00e7in ve e\u015fitlik g\u00f6zeterek harcar. \u0130n\u015fallah Say\u0131n Ba\u015fbakan her zaman oldu\u011fu gibi, ma\u00e7ta kendisini \u0131sl\u0131klayanlar\u0131 \u2019tuzu kurular, s\u0131rt\u0131 kal\u0131nlar\u2019 diye nitelendirip a\u015fa\u011f\u0131layarak sorunu ge\u00e7i\u015ftirmez. Hele halk\u0131n paras\u0131yla yap\u0131lan stad\u0131, ben yapt\u0131m deme ucuzculu\u011funa hi\u00e7 ka\u00e7maz. Umar\u0131m T\u00fcrkiye\u2019nin \u00e7evredeki di\u011fer \u00fclkelere benzemedi\u011fini anlamakta da daha fazla gecikmez. \u00d6mer Seyfettin\u2019in \u2019Diyet\u2019 isimli hikayesini de hi\u00e7 akl\u0131ndan \u00e7\u0131karmaz.<\/p>\n<p style=\"text-align: justify;\">Biz bu konuda polemik istemiyoruz ve kendisine yard\u0131mc\u0131 olmaya haz\u0131r\u0131z. Basit bir olay de\u011fil kar\u015f\u0131 kar\u015f\u0131ya oldu\u011fumuz \u015fey. Bu toplumun bir uzla\u015f\u0131ya, ho\u015fg\u00f6r\u00fcye ve birbirini oldu\u011fu gibi kabule ihtiyac\u0131 var. Bu \u00fclkenin Ba\u015fbakan\u0131n\u0131n toplumun \u00f6n\u00fcnde, hele hele uluslararas\u0131 ortamlarda kendi vatanda\u015flar\u0131 taraf\u0131ndan \u0131sl\u0131klan\u0131r hale gelmesinden hepimiz rahats\u0131z\u0131z. B\u00f6yle bir ortam\u0131n \u00fclkemize yarar\u0131 olmaz.&#8221;<\/p>\n<p style=\"text-align: justify;\"><strong>-T\u00dcRK\u0130YE PART\u0130S\u0130 GENEL BA\u015eKANI \u015eENER- <\/strong><\/p>\n<p style=\"text-align: justify;\">\u00d6te yandan T\u00fcrkiye Partisi Genel Ba\u015fkan\u0131 Abd\u00fcllatif \u015eener de twitter\u2019daki hesab\u0131 arac\u0131l\u0131\u011f\u0131yla yazd\u0131\u011f\u0131 mesajda, &#8220;Ba\u015fbakan\u0131n Seyrantepe\u2019nin yap\u0131m\u0131nda, \u2019GS\u2019nin 1 Allah kuru\u015fu yok\u2019 dedi\u011fi para, \u0130svi\u00e7re\u2019deki gizli hesaplardan gelmemi\u015ftir. Bu halk\u0131n paras\u0131d\u0131r&#8221; ifadelerini kulland\u0131.<\/p>\n<p style=\"text-align: justify;\"><a href=\"http:\/\/haber.gazetevatan.com\/erdogana-twitterdan-yanit\/353402\/9\/Siyaset\" target=\"_blank\"><span style=\"color: #888888;\">Kaynak : VATAN<\/span><\/a><\/p>\n","protected":false},"excerpt":{"rendered":"<p style=\"text-align: center;\">\n<p style=\"text-align: justify;\">K\u0131l\u0131\u00e7daro\u011flu: Umar\u0131m Ba\u015fbakan T\u00fcrkiye\u2019nin \u00e7evredeki di\u011fer \u00fclkelere benzemedi\u011fini anlamakta ddaha fazla gecikmez. \u00d6mer Seyfettin\u2019in \u2019Diyet\u2019 isimli hikayesini de hi\u00e7 akl\u0131ndan \u00e7\u0131karmaz.<\/p>\n<p style=\"text-align: justify;\">CHP Genel Ba\u015fkan\u0131 Kemal K\u0131l\u0131\u00e7daro\u011flu, &#8220;Bu toplumun bir uzla\u015f\u0131ya, ho\u015fg\u00f6r\u00fcye ve birbirini oldu\u011fu gibi kabule ihtiyac\u0131 var. Bu \u00fclkenin Ba\u015fbakan\u0131n\u0131n toplumun \u00f6n\u00fcnde, hele hele uluslararas\u0131 ortamlarda kendi <\/p>\n","protected":false},"author":1,"featured_media":0,"comment_status":"open","ping_status":"closed","sticky":false,"template":"","format":"standard","meta":{"footnotes":""},"categories":[105],"tags":[],"class_list":["post-27290","post","type-post","status-publish","format-standard","hentry","category-gundem","odd"],"_links":{"self":[{"href":"http:\/\/www.korhanyilmaz.com\/index.php?rest_route=\/wp\/v2\/posts\/27290","targetHints":{"allow":["GET"]}}],"collection":[{"href":"http:\/\/www.korhanyilmaz.com\/index.php?rest_route=\/wp\/v2\/posts"}],"about":[{"href":"http:\/\/www.korhanyilmaz.com\/index.php?rest_route=\/wp\/v2\/types\/post"}],"author":[{"embeddable":true,"href":"http:\/\/www.korhanyilmaz.com\/index.php?rest_route=\/wp\/v2\/users\/1"}],"replies":[{"embeddable":true,"href":"http:\/\/www.korhanyilmaz.com\/index.php?rest_route=%2Fwp%2Fv2%2Fcomments&post=27290"}],"version-history":[{"count":0,"href":"http:\/\/www.korhanyilmaz.com\/index.php?rest_route=\/wp\/v2\/posts\/27290\/revisions"}],"wp:attachment":[{"href":"http:\/\/www.korhanyilmaz.com\/index.php?rest_route=%2Fwp%2Fv2%2Fmedia&parent=27290"}],"wp:term":[{"taxonomy":"category","embeddable":true,"href":"http:\/\/www.korhanyilmaz.com\/index.php?rest_route=%2Fwp%2Fv2%2Fcategories&post=27290"},{"taxonomy":"post_tag","embeddable":true,"href":"http:\/\/www.korhanyilmaz.com\/index.php?rest_route=%2Fwp%2Fv2%2Ftags&post=27290"}],"curies":[{"name":"wp","href":"https:\/\/api.w.org\/{rel}","templated":true}]}}