{"id":27287,"date":"2011-01-17T11:15:56","date_gmt":"2011-01-17T09:15:56","guid":{"rendered":"http:\/\/www.korhanyilmaz.com\/?p=27287"},"modified":"2011-01-17T11:15:56","modified_gmt":"2011-01-17T09:15:56","slug":"jitemi-ben-kurdum-jitem-benim","status":"publish","type":"post","link":"http:\/\/www.korhanyilmaz.com\/?p=27287","title":{"rendered":"&#8220;J\u0130TEM&#8217;i ben kurdum, J\u0130TEM benim&#8221;"},"content":{"rendered":"<p style=\"text-align: justify;\"><a href=\"http:\/\/www.korhanyilmaz.com\/wp-content\/uploads\/2011\/01\/060.jpg\"  class=\"lightview\"><img loading=\"lazy\" decoding=\"async\" class=\"aligncenter size-full wp-image-27288\" src=\"http:\/\/www.korhanyilmaz.com\/wp-content\/uploads\/2011\/01\/060.jpg\" alt=\"\" width=\"412\" height=\"220\" \/><\/a><\/p>\n<p style=\"text-align: justify;\">Ergenekon san\u0131\u011f\u0131 emekli Albay Arif Do\u011fan, g\u00f6n\u00fcll\u00fc verdi\u011fi ifadesinde  &#8221;J\u0130TEM benim. J\u0130TEM benimle vard\u0131r. J\u0130TEM kadrolu bir kurulu\u015f de\u011fildir, ge\u00e7ici s\u00fcre i\u00e7in kurulmu\u015f operatif istihbarat birli\u011fidir&#8221;<\/p>\n<p style=\"text-align: justify;\">&#8221;J\u0130TEM&#8217;in hepsi sivildir. Bir tek asker benim. 10 bin ki\u015fi vard\u0131r. Ama 20&#8217;den fazlas\u0131 bir araya gelmez. PKK&#8217;n\u0131n \u00f6l\u00fcm b\u00f6lgesine giren birimdir. Buradaki subaylara sorun \u00f6l\u00fcm b\u00f6lgesinin ne oldu\u011funu bilmezler&#8221; <!--more--><\/p>\n<p style=\"text-align: justify;\">PKK ve J\u0130TEM itiraf\u00e7\u0131s\u0131 Abd\u00fclkadir Aygan&#8217;\u0131 \u00f6ld\u00fcrtt\u00fc\u011f\u00fcn\u00fc iddia eden Do\u011fan, &#8221;Hizbulkontra&#8217;y\u0131 da ben kurdum. \u015eimdiki Hizbullah de\u011fil, H\u00fcseyin Velio\u011flu&#8217;nun ilk kurdu\u011fu te\u015fkilat\u0131 ben kurdurttum&#8221; dedi.<\/p>\n<p style=\"text-align: justify;\">Arif Do\u011fan Susurluk kazas\u0131yla ilgili &#8221;Kazada \u00f6len k\u0131z\u0131 biliyor musun?&#8221; sorusuna &#8221;Gonca Us&#8221; diye yan\u0131t veren Pekg\u00fczel&#8217;e Do\u011fan, &#8221;Onun kim oldu\u011funu kimse daha bilmiyor. Kazada \u00f6len k\u0131z bir bakan\u0131n, eski bir milletvekilinin k\u0131z\u0131yd\u0131. Abdullah \u00c7atl\u0131&#8217;n\u0131n dostu oldu\u011fu yalan&#8221; dedi.<\/p>\n<p style=\"text-align: justify;\">\u0130STANBUL &#8211; \u0130stanbul 13. A\u011f\u0131r Ceza Mahkemesince Silivri Ceza \u0130nfaz Kurumlar\u0131 Yerle\u015fkesi&#8217;nde olu\u015fturulan salonda g\u00f6r\u00fclen davan\u0131n bug\u00fcnk\u00fc duru\u015fmas\u0131na, tutuklu san\u0131klar gazeteci Tuncay \u00d6zkan ve Mustafa Balbay&#8217;a destek vermek amac\u0131yla \u0130zmir&#8217;den gelen, aralar\u0131nda T\u00fcrkiye Gazeteciler Federasyonu ve \u0130zmir Gazeteciler Cemiyeti Ba\u015fkan\u0131 Atilla Sertel&#8217;in de bulundu\u011fu gazeteciler ile \u00e7ok say\u0131da izleyici otob\u00fcsle gitti.<\/p>\n<p style=\"text-align: justify;\">Yeni Parti \u00fcyelerinin de aralar\u0131nda bulundu\u011fu, \u00e7e\u015fitli illerden yakla\u015f\u0131k 600 ki\u015finin duru\u015fma salonunun bulundu\u011fu binaya giri\u015fi s\u0131ras\u0131nda izdiham ya\u015fand\u0131. \u0130zleyiciler, duru\u015fma salonunda kendilerine ayr\u0131lan b\u00f6l\u00fcmlere oturtuldu. Bas\u0131n mensuplar\u0131 ise avukatlar i\u00e7in ayr\u0131lan k\u0131sma oturdu.<\/p>\n<p style=\"text-align: justify;\">Bu arada, bug\u00fcn gelen kalabal\u0131k izleyici grubunun beklemesinin kolayla\u015ft\u0131r\u0131lmas\u0131 i\u00e7in yerle\u015fkenin \u00f6n\u00fcne \u00e7ad\u0131r kuruldu\u011fu, seyyar tuvaletler yerle\u015ftirildi\u011fi g\u00f6zlendi.<\/p>\n<p style=\"text-align: justify;\"><strong>AR\u0130F DO\u011eAN \u0130LK KEZ KATILDI<\/strong><\/p>\n<p style=\"text-align: justify;\">\u0130kinci &#8221;Ergenekon&#8221; davas\u0131n\u0131n 96. duru\u015fmas\u0131 ba\u015flad\u0131. \u0130stanbul 13. A\u011f\u0131r Ceza Mahkemesince Silivri Ceza \u0130nfaz Kurumlar\u0131 Yerle\u015fkesi&#8217;nde olu\u015fturulan salonda g\u00f6r\u00fclen davan\u0131n bug\u00fcnk\u00fc duru\u015fmas\u0131na, gazeteci Tuncay \u00d6zkan ve Mustafa Balbay&#8217;\u0131n da aralar\u0131nda bulundu\u011fu 21 tutuklu san\u0131k ile tutuksuz yarg\u0131lanan Sinan Ayg\u00fcn, Emin \u015eirin, Yal\u00e7\u0131n K\u00fc\u00e7\u00fck, Adnan T\u00fcrkan, Murat A\u011f\u0131rel kat\u0131ld\u0131.<\/p>\n<p style=\"text-align: justify;\">Tutuklu san\u0131klar eski Ba\u015fkent \u00dcniversitesi Rekt\u00f6r\u00fc Prof. Dr. Mehmet Haberal, eski \u0130n\u00f6n\u00fc \u00dcniversitesi Rekt\u00f6r\u00fc Prof. Dr. Fatih Hilmio\u011flu, emekli Tu\u011fgeneral Levent Ers\u00f6z, Ersin G\u00f6nenci ve \u0130brahim \u00d6zcan, H\u00fcseyin Atilla U\u011fur ise duru\u015fmaya kat\u0131lmad\u0131.<\/p>\n<p style=\"text-align: justify;\">Duru\u015fmada s\u00f6z alan Levent Ers\u00f6z&#8217;\u00fcn avukat\u0131 Ali R\u0131za Dizdar, m\u00fcvekkilinin sa\u011fl\u0131k durumunun a\u011f\u0131rla\u015ft\u0131\u011f\u0131n\u0131 ve buna ili\u015fkin mahkeme kalemine bir rapor geldi\u011fini belirterek, Ers\u00f6z&#8217;\u00fcn ek ifadesinin yaz\u0131l\u0131 olarak mahkemeye sunacaklar\u0131n\u0131 s\u00f6yledi. Hayati tehlikesi bulunan m\u00fcvekkiline bir \u015fey olmas\u0131 durumunda bu ek savunman\u0131n tarihi belge niteli\u011fi ta\u015f\u0131d\u0131\u011f\u0131n\u0131 ifade eden Dizdar, m\u00fcvekkilinin sa\u011fl\u0131k durumunun da g\u00f6z \u00f6n\u00fcnde bulundurularak derhal serbest b\u0131rak\u0131lmas\u0131 gerekti\u011fini kaydetti.<\/p>\n<p style=\"text-align: justify;\">Tutuklu san\u0131klardan Mustafa Balbay da mahkeme heyetinin 9 haftada 38 kere ayn\u0131 gerek\u00e7elerle tahliye taleplerini reddettiklerini dile getirerek, Hizbullah davas\u0131 san\u0131klar\u0131n\u0131n tahliye edilmesini ele\u015ftirdi.<\/p>\n<p style=\"text-align: justify;\"><strong>MUSTAFA BALBAY: F\u0130RAR EDEN H\u0130ZBULLAH DE\u011e\u0130L HUKUKTUR<\/strong><\/p>\n<p style=\"text-align: justify;\">Balbay, &#8221;\u015eu anda firar olan Hizbullah de\u011fil, hukuktur. Hizbullah&#8217;a her \u015fey m\u00fcmk\u00fcn bize de\u011fil, tahliye edilen Hizbullah san\u0131klar\u0131n\u0131n biri 48, biri 35, biri de 14 cinayeti kabul etmi\u015fler. Onlar tahliye oluyor, ama biz hakk\u0131m\u0131zda hi\u00e7bir delil olmadan burada tutuklu olarak yarg\u0131lan\u0131yoruz&#8221; \u015feklinde konu\u015ftu.<\/p>\n<p style=\"text-align: justify;\">Hakk\u0131nda 2 kez a\u011f\u0131rla\u015ft\u0131r\u0131lm\u0131\u015f m\u00fcebbet ve 300 y\u0131la kadar hapis istendi\u011fine dikkati \u00e7eken Balbay, &#8221;Bu kadar \u00f6m\u00fcr garantisini veriyorsan\u0131z tamam, ancak bu davalar aras\u0131nda hi\u00e7bir hukuksal ba\u011flant\u0131 kalmad\u0131. Geldi\u011fimiz nokta davan\u0131n bu \u015fekilde devam etmeyece\u011fini g\u00f6steriyor. Hakk\u0131mda haberler \u00e7\u0131k\u0131yor. Eski Cumhurba\u015fkan\u0131 Ahmet Necdet Sezer&#8217;in bana &#8216;bu h\u00fck\u00fcmetin hakim al\u0131mlar\u0131 sak\u0131ncal\u0131&#8217; dedi\u011fi yaz\u0131l\u0131yor. Bu su\u00e7 mudur? 184 cinayetle yarg\u0131lananlar d\u0131\u015far\u0131da. Hukuku firardan kurtarman\u0131z\u0131 bekliyorum&#8221; dedi.<\/p>\n<p style=\"text-align: justify;\"><strong>TUNCAY \u00d6ZKAN: HALA SU\u00c7UMU B\u0130LM\u0130YORUM<\/strong><\/p>\n<p style=\"text-align: justify;\">Daha sonra s\u00f6z alan di\u011fer tutuklu san\u0131k Tuncay \u00d6zkan da, mahkeme heyetinin usul kanunlar\u0131na uymad\u0131\u011f\u0131n\u0131 belirterek, su\u00e7unu hala bilmedi\u011fini s\u00f6yledi.<\/p>\n<p style=\"text-align: justify;\">Delil de\u011ferlendirilmesinin yap\u0131lmas\u0131n\u0131 talep eden \u00d6zkan, &#8221;E\u015fim ve k\u0131z karde\u015fimin dinlenmesine neden bir \u015fey demiyorsunuz? Delillerle ilgili neden de\u011ferlendirme yapm\u0131yorsunuz&#8221; dedi.<\/p>\n<p style=\"text-align: justify;\">\u00d6zkan, \u015funlar\u0131 kaydetti: &#8221;3 y\u0131l oldu burada yarg\u0131lan\u0131yorum. Ama hala su\u00e7umu bilmiyorum. Sizler kendi aran\u0131zda benim su\u00e7umu konu\u015famazs\u0131n\u0131z. Su\u00e7umu bana da s\u00f6ylemek zorundas\u0131n\u0131z. Yarg\u0131laman\u0131n ne zaman bitece\u011fini bilmiyorum. B\u0131rak\u0131n siyaset yapay\u0131m. Buraya gelen insanlar benim siyaset yapmam\u0131 istiyorlar, onun i\u00e7in buradalar. Buradaki yarg\u0131lama bir despotik uygulamaya d\u00f6n\u00fc\u015ft\u00fc art\u0131k.&#8221;<\/p>\n<p style=\"text-align: justify;\">\u00d6zkan, tutuksuz san\u0131k Arif Do\u011fan&#8217;\u0131n sa\u011fl\u0131k sorunlar\u0131 nedeniyle ifadesinin al\u0131nmas\u0131n\u0131 da ele\u015ftirerek, &#8221;Say\u0131n Do\u011fan&#8217;a ge\u00e7mi\u015f olsun diyorum. Benim konu\u015fma hakk\u0131m var. Bizim durumumuzu da biliyorsunuz. Onun durumu bizim konu\u015fma hakk\u0131m\u0131z\u0131 engelleyemez&#8221; dedi.<\/p>\n<p style=\"text-align: justify;\"><strong>DURU\u015eMA SALONUNDA \u0130ZLEY\u0130C\u0130 YO\u011eUNLU\u011eU<\/strong><\/p>\n<p style=\"text-align: justify;\">Bu arada, duru\u015fma salonunda izleyici ve bas\u0131n mensuplar\u0131na ayr\u0131lan b\u00f6l\u00fcm\u00fcn tamamen izleyiciler taraf\u0131ndan dolduruldu\u011fu g\u00f6r\u00fcl\u00fcrken, bas\u0131n mensuplar\u0131 avukatlar\u0131n oldu\u011fu b\u00f6l\u00fcme al\u0131nd\u0131. Duru\u015fmaya aralar\u0131nda T\u00fcrkiye Barolar Birli\u011fi Ba\u015fkan\u0131 Ahsen Co\u015far, Y\u00f6netim Kurulu \u00fcyeleri ile \u0130stanbul Adana, Edirne, U\u015fak, Mu\u011fla Baro Ba\u015fkanlar\u0131n\u0131n da bulundu\u011fu yakla\u015f\u0131k 35 avukat da g\u00f6zlemci olarak kat\u0131ld\u0131.<\/p>\n<p style=\"text-align: justify;\">Bas\u0131n Konseyi Ba\u015fkan\u0131 Oktay Ek\u015fi, T\u00fcrkiye Gazeteciler Cemiyeti Ba\u015fkan\u0131 Orhan Erin\u00e7, T\u00fcrkiye Gazeteciler Sendikas\u0131 Ba\u015fkan\u0131 Ercan \u0130pek\u00e7i, Nail G\u00fcreli, \u015e\u00fckran Soner&#8217;in de aralar\u0131nda bulundu\u011fu kalabal\u0131k bir gazeteci grubu da duru\u015fmay\u0131 izliyor. Duru\u015fma salonuna giren izleyiciler, Tuncay \u00d6zkan ve Mustafa Balbay&#8217;\u0131n salona al\u0131nmas\u0131 \u00fczerine alk\u0131\u015flad\u0131lar. Gruba seslenen \u00d6zkan, &#8221;Mustafa Kemal&#8217;in bayra\u011f\u0131n\u0131 dalgaland\u0131rmaya devam. Bu y\u00fcrek sizde&#8221; \u015feklinde seslendi.<\/p>\n<p style=\"text-align: justify;\">Baz\u0131 ki\u015filerin alk\u0131\u015flamas\u0131 \u00fczerine, arkada\u015flar\u0131 taraf\u0131ndan uyar\u0131lan bu ki\u015filer uyar\u0131lar\u0131n ard\u0131ndan Balbay ve \u00d6zkan&#8217;a sadece el sallad\u0131lar. Tutuklu san\u0131klar\u0131n bulundu\u011fu b\u00f6l\u00fcme yakla\u015farak Balbay ve \u00d6zkan&#8217;la sohbet eden baz\u0131 bas\u0131n mensuplar\u0131 ve izleyiciler g\u00f6revli askerlerin uyar\u0131lar\u0131 \u00fczerine yerlerine ge\u00e7tiler.<\/p>\n<p style=\"text-align: justify;\">Tutuklu san\u0131k \u00d6zkan&#8217;\u0131n 7 ayl\u0131k Can isimli ye\u011fenini de ilk kez g\u00f6rerek kucaklad\u0131\u011f\u0131 g\u00f6zlendi. Duru\u015fmada, salona 11.25&#8217;te tekerlekli sandalyeyle gelen tutuksuz san\u0131k emekli Albay Arif Do\u011fan\u0131n savunmas\u0131na ge\u00e7ildi. Mahkeme ba\u015fkan\u0131 K\u00f6ksal \u015eeng\u00fcn&#8217;\u00fcn &#8221;Konu\u015fabilir misin?&#8221; sorusu \u00fczerine &#8221;evet&#8221; diyen Do\u011fan&#8217;\u0131n kimlik tespitinin ard\u0131ndan savunmas\u0131na ge\u00e7ildi.<\/p>\n<p style=\"text-align: justify;\"><strong>&#8220;J\u0130TEM BEN\u0130M J\u0130TEM BEN\u0130MLE VARDIR&#8221;<\/strong><\/p>\n<p style=\"text-align: justify;\">\u0130stanbul 13. A\u011f\u0131r Ceza Mahkemesindeki duru\u015fmada savunmas\u0131n\u0131 tekerlekli sandalyeye oturarak yapan Do\u011fan, J\u0130TEM&#8217;le ilgili a\u00e7\u0131klamalarda bulundu. Arif Do\u011fan, kendisine zaman verilirse halk\u0131na olan borcu nedeniyle J\u0130TEM&#8217;i a\u00e7\u0131layaca\u011f\u0131n\u0131 ifade ederek, &#8221;J\u0130TEM benim. Veli pa\u015fama (Veli K\u00fc\u00e7\u00fck) devretti\u011fim Jandarma \u0130stihbarat Grup Komutanl\u0131\u011f\u0131d\u0131r. J\u0130TEM benimle vard\u0131r. Diyeceksiniz &#8216;sen devlet i\u00e7inde devlet misin&#8217;, hay\u0131r de\u011filim&#8221; dedi.<\/p>\n<p style=\"text-align: justify;\">Vatan haini olmad\u0131\u011f\u0131n\u0131 belirten Do\u011fan, &#8221;J\u0130TEM legal de\u011fil diyorlar. Genelkurmay, jandarma inkar ediyor. Arif Do\u011fan manya\u011f\u0131 \u00e7\u0131km\u0131\u015f&#8230; Kimseye yalan s\u00f6yl\u00fcyor demiyorum ama ben s\u00f6yleyece\u011fimi de s\u00f6ylerim. J\u0130TEM kadrolu bir kurulu\u015f de\u011fildir, ge\u00e7ici s\u00fcre i\u00e7in kurulmu\u015f operatif istihbarat birli\u011fidir. \u0130stihbarat art\u0131 icraatt\u0131r&#8221; diye konu\u015ftu.<\/p>\n<p style=\"text-align: justify;\">Do\u011fan, J\u0130TEM itiraf\u00e7\u0131s\u0131 Abd\u00fclkadir Aygan&#8217;la ilgili olarak da &#8221;Biri \u00e7\u0131km\u0131\u015f &#8216;adamlar\u0131 \u00f6ld\u00fcrd\u00fck&#8217; falan diyor. B\u00f6yle bir \u015fey olamaz. Abd\u00fclkadir Aygan&#8217;\u0131 ben \u00f6ld\u00fcrtt\u00fcm. Askeri, sivili, herkesi su\u00e7luyor. Bu adam \u00f6l\u00fc. \u00d6lm\u00fc\u015f insan\u0131 kullan\u0131yor PKK, gayet g\u00fczel kullan\u0131yor. \u0130sve\u00e7&#8217;te ya\u015f\u0131yormu\u015f, DNA testi yap\u0131ls\u0131n, verilecek cezaya raz\u0131y\u0131m&#8221; dedi.<\/p>\n<p style=\"text-align: justify;\">Savunmas\u0131n\u0131 yaparken yava\u015f konu\u015fan Do\u011fan, nefes almakta g\u00fc\u00e7l\u00fck \u00e7ekti\u011fini belirterek, oksijen t\u00fcp\u00fcn\u00fc kullanmas\u0131 i\u00e7in duru\u015fmaya ara verilmesini istedi. Bunun \u00fczerine duru\u015fmaya \u00f6\u011flen aras\u0131 verildi.<\/p>\n<p style=\"text-align: justify;\"><strong>&#8221;J\u0130TEM&#8217;\u0130N HEPS\u0130 S\u0130V\u0130LD\u0130R. B\u0130R TEK ASKER BEN\u0130M&#8221;<\/strong><\/p>\n<p style=\"text-align: justify;\">Do\u011fan, &#8221;J\u0130TEM&#8217;in hepsi sivildir. Bir tek asker benim. 10 bin ki\u015fi vard\u0131r ama 20&#8217;den fazlas\u0131 bir araya gelmez. PKK&#8217;n\u0131n \u00f6l\u00fcm b\u00f6lgesine giren birimdir&#8221; dedi.<\/p>\n<p style=\"text-align: justify;\">\u0130stanbul 13. A\u011f\u0131r Ceza Mahkemesindeki duru\u015fmada Do\u011fan&#8217;\u0131n savunmas\u0131na ge\u00e7ilmeden \u00f6nce kimlik tespiti yap\u0131ld\u0131. Mesle\u011fi sorulan Do\u011fan, &#8221;Emekli subay\u0131m. E\u011fer da\u011fda 21 sene \u00e7al\u0131\u015f\u0131lan bir meslek varsa, o meslektenim&#8221; dedi. Ayl\u0131k gelirinin f\u0131nd\u0131k ve pamuk geliri ile emekli maa\u015f\u0131n\u0131n 7-8 bin lira oldu\u011funu belirterek, kulland\u0131\u011f\u0131 6 cep telefonundan 2&#8217;sinin numaras\u0131n\u0131 hat\u0131rlayarak, &#8221;Kulland\u0131\u011f\u0131m telefonlar zaten dinlenen yerlerde vard\u0131r&#8221; diye konu\u015ftu.<\/p>\n<p style=\"text-align: justify;\">Mahkeme Heyeti Ba\u015fkan\u0131 K\u00f6ksal \u015eeng\u00fcn&#8217;\u00fcn hakk\u0131ndaki su\u00e7lamalar\u0131 okudu\u011fu s\u0131rada, yaz\u0131lanlara de\u011fil, kalbine inand\u0131\u011f\u0131n\u0131, \u00f6yle bir insan olsayd\u0131 adaleti mahkemeye b\u0131rakmay\u0131 de\u011fil, kendi cezas\u0131n\u0131 kendisinin verece\u011fini dile getiren Do\u011fan, &#8221;Ben vatan haini de\u011filim. 21 y\u0131l da\u011fda m\u00fccadele ettim&#8221; \u015feklinde konu\u015ftu.<\/p>\n<p style=\"text-align: justify;\">Ter\u00f6r \u00f6rg\u00fct\u00fc \u00fcyesi oldu\u011fu b\u00f6l\u00fcm okundu\u011fu s\u0131rada da Do\u011fan, &#8221;Hangi ter\u00f6r \u00f6rg\u00fct\u00fc Ba\u015fkan&#8221; dedi. \u015eeng\u00fcn de, &#8221;\u0130ddia olunan Ergenekon \u00f6rg\u00fct\u00fc&#8221; demesi \u00fczerine Do\u011fan, &#8221;Ben bilmiyorum&#8221; \u015feklinde konu\u015ftu. \u015eeng\u00fcn de &#8221;okumam\u0131 bitireyim. Sizden a\u00e7\u0131klama isteyece\u011fim&#8221; dedi.<\/p>\n<p style=\"text-align: justify;\">Kendisine sorulanlara cevap vermeye haz\u0131r oldu\u011funu ifade eden Do\u011fan, &#8221;Ben su\u00e7lu de\u011filim ki aklanmak i\u00e7in kendimi m\u00fcdafaa edeyim. Herkesin bilmesi gereken bilgileri aktarmak i\u00e7in m\u00fcracaat ettim. Benim tek beyan\u0131m var. Evimden, yataktan ald\u0131lar. Yo\u011fun bak\u0131mda ifadem al\u0131nd\u0131. Tutukland\u0131m&#8221; \u015feklinde konu\u015ftu.<\/p>\n<p style=\"text-align: justify;\"><strong>&#8221;HER KONU\u015eTU\u011eUM SU\u00c7LU MU DEMEK&#8221;<\/strong><\/p>\n<p style=\"text-align: justify;\">Do\u011fan, \u00f6lecek de olsa sorulmas\u0131 durumunda cevaplayaca\u011f\u0131n\u0131 dile getirerek, &#8221;J\u0130TEM&#8217;i bilen bir ki\u015fi varsa \u00e7\u0131ks\u0131n, size yaz\u0131 vereyim beni i\u011fneyle \u00f6ld\u00fcrs\u00fcnler&#8221; dedi.<\/p>\n<p style=\"text-align: justify;\">Hakk\u0131ndaki iddialara de\u011finen Do\u011fan, &#8221;Veli K\u00fc\u00e7\u00fck pa\u015famla irtibatta bulunmu\u015fum. Sedat Peker&#8217;e reis demi\u015fim. Ben istihbarat\u00e7\u0131y\u0131m. Her konu\u015ftu\u011fum su\u00e7lu mu demek. Benim g\u00f6revim su\u00e7lularla irtibata ge\u00e7mek. Peker ile herkes g\u00f6r\u00fc\u015f\u00fcyor. \u0130nternete d\u00fc\u015fen ses benim sesim de\u011fildir. Ben aptal de\u011filim. 21 y\u0131l da\u011flarda ya\u015fad\u0131m. Hayvanla\u015fmad\u0131m. \u0130nsanlar\u0131 ya\u015fatmaya \u00e7al\u0131\u015ft\u0131m&#8221; diye konu\u015ftu.<\/p>\n<p style=\"text-align: justify;\">Ba\u015f\u0131ndan ge\u00e7en PKK ter\u00f6r \u00f6rg\u00fct\u00fc ile m\u00fccadele etti\u011fi d\u00f6nemlere ait an\u0131lar\u0131ndan bir k\u0131sm\u0131n\u0131 anlatarak, yanm\u0131\u015f bir asker ile karn\u0131 de\u015filmi\u015f bir K\u00fcrt k\u0131z\u0131n\u0131n cesedini g\u00f6r\u00fcnce yemin etti\u011fini ifade eden Do\u011fan, &#8221;Beni bunlarla su\u00e7lay\u0131n. Hainlikle su\u00e7lamay\u0131n. Beni bir daha \u00f6ld\u00fcrmeyin. 1000 mermi ile su\u00e7lamay\u0131n. Her askerde bulunur bunlar. Arif Do\u011fan T\u00fcrkiye&#8217;nin harp planlar\u0131n\u0131 biliyor&#8221; dedi.<\/p>\n<p style=\"text-align: justify;\">Annesinin K\u00fcrt, babas\u0131n\u0131 da Av\u015far Beyi oldu\u011funu, K\u00fcrt\u00e7eyi iyi bildi\u011fini ifade eden Do\u011fan, J\u0130TEM ile ilgili a\u00e7\u0131klamalarda bulundu.<\/p>\n<p style=\"text-align: justify;\">Do\u011fan, J\u0130TEM&#8217;in esrar, eroin, uyu\u015fturucu ka\u00e7ak\u00e7\u0131l\u0131\u011f\u0131 ile u\u011fra\u015fmad\u0131\u011f\u0131n\u0131, PKK&#8217;ya kar\u015f\u0131 en az 100 ki\u015filik gruplarla \u00e7al\u0131\u015ft\u0131\u011f\u0131n\u0131 belirterek, &#8221;J\u0130TEM&#8217;in hepsi sivildir. Bir tek asker benim. 10 bin ki\u015fi vard\u0131r. Ama 20&#8217;den fazlas\u0131 bir araya gelmez. PKK&#8217;n\u0131n \u00f6l\u00fcm b\u00f6lgesine giren birimdir. Buradaki subaylara sorun \u00f6l\u00fcm b\u00f6lgesinin ne oldu\u011funu bilmezler&#8221; dedi.<\/p>\n<p style=\"text-align: justify;\"><strong>&#8221;J\u0130TEM&#8217;\u0130 KURDU\u011eUMA, KURACA\u011eIMA P\u0130\u015eMAN ETT\u0130LER&#8221;<\/strong><\/p>\n<p style=\"text-align: justify;\">Do\u011fan, J\u0130TEM olmasayd\u0131 bug\u00fcn 80 bin askerin \u00f6lm\u00fc\u015f olaca\u011f\u0131n\u0131 belirterek, &#8221;J\u0130TEM&#8217;i kurdu\u011fuma kuraca\u011f\u0131ma pi\u015fman ettiler. J\u0130TEM&#8217;i la\u011fvettik&#8221; dedi.<\/p>\n<p style=\"text-align: justify;\">Kalbinde mermi yedi\u011fi i\u00e7in pil oldu\u011funu \u015feker, panik atak gibi hastal\u0131klar\u0131 bulundu\u011funu belirten Do\u011fan, kendisinde bulunan 2 kala\u015fnikof silah\u0131n da birinin kendisine ait oldu\u011funu, di\u011ferinin de bir Korgeneral Hulusi Say\u0131n&#8217;\u0131n bir \u00e7arp\u0131\u015fman\u0131n sonucunda hediye olarak verdi\u011fini s\u00f6yledi.<\/p>\n<p style=\"text-align: justify;\">Do\u011fan, OHAL b\u00f6lgesinde \u00f6\u011fretmenler de dahil 10 bin tane tabanca da\u011f\u0131tt\u0131\u011f\u0131n\u0131 belirterek, kendisinde bulunan uyu\u015fturucu maddenin de 20 y\u0131l \u00f6ncesine ait oldu\u011funu, kendisinde \u00e7\u0131kt\u0131\u011f\u0131 belirtilen 3 av t\u00fcfe\u011finin ise barut izlerinin olmad\u0131\u011f\u0131n\u0131 anlatt\u0131.<\/p>\n<p style=\"text-align: justify;\">Subaylar\u0131n her silahta y\u0131lda 150 tane mermi istihkak\u0131 oldu\u011funu, kendisinin ise 3 silah\u0131 bulundu\u011funu belirterek, silahlardan birini Genelkurmay Ba\u015fkan\u0131n\u0131n hediye etti\u011fini, birinin ise kendisinin oldu\u011funu, di\u011ferini de sat\u0131n ald\u0131\u011f\u0131n\u0131 kaydetti. Do\u011fan, mermi istihkak\u0131na g\u00f6re 10 y\u0131lda 3 bin mermi olaca\u011f\u0131n\u0131 belirterek, 1000 mermiyle kendisinin silah ka\u00e7ak\u00e7\u0131s\u0131 yap\u0131ld\u0131\u011f\u0131n\u0131 anlatt\u0131.<\/p>\n<p style=\"text-align: justify;\">\u0130stihbarat\u00e7\u0131 oldu\u011fu i\u00e7in \u00fcst d\u00fczey \u00f6rg\u00fct mensubuyla irtibatl\u0131 olmas\u0131n\u0131n do\u011fal oldu\u011funu dile getiren Do\u011fan, &#8221;Bana 100 y\u0131l ceza verseler fark etmez. Adalete inan\u0131yorum. T\u00fcrk adaletine s\u0131\u011f\u0131n\u0131yorum, PKK adaletine de\u011fil. Onlar ben olsayd\u0131m Habur&#8217;dan ge\u00e7emezlerdi&#8221; dedi.<\/p>\n<p style=\"text-align: justify;\">Bir istihbarat sonucu 78 kelle ald\u0131\u011f\u0131n\u0131 ifade eden Do\u011fan, G\u00fcneydo\u011fu&#8217;da g\u00f6rev yapt\u0131\u011f\u0131 d\u00f6nemde Mesut Barzani ve Celal Talabani&#8217;ye Meclis Ba\u015fkan\u0131 ile g\u00f6r\u00fc\u015fmelerinde terc\u00fcmanl\u0131k yapt\u0131\u011f\u0131n\u0131 kaydetti. Do\u011fan, Kandil&#8217;e y\u00fcr\u00fcyerek giden 21 ki\u015finden biri oldu\u011funu da s\u00f6yledi. Duru\u015fma Do\u011fan&#8217;\u0131n beyanlar\u0131n\u0131n al\u0131nmas\u0131yla devam ediyor.<\/p>\n<p style=\"text-align: justify;\"><strong>&#8221;H\u0130ZBULKONTRAYI DA BEN KURDUM&#8221;<\/strong><\/p>\n<p style=\"text-align: justify;\">Kendisine ait oldu\u011fu ileri s\u00fcr\u00fclen deponun, 20 y\u0131ll\u0131k oldu\u011funu anlatan Do\u011fan, J\u0130TEM&#8217;den ayr\u0131ld\u0131ktan sonra bu e\u015fyalar\u0131n orada kald\u0131\u011f\u0131n\u0131 ancak i\u00e7eri\u011fini kimsenin bilmedi\u011fini s\u00f6yledi.<\/p>\n<p style=\"text-align: justify;\">Zab\u0131tlar olmasayd\u0131 kendisinin de o depoda nelerin oldu\u011funu bilmeyece\u011fini dile getiren Do\u011fan, s\u00f6z konusu depoda kendisi, k\u0131z\u0131 ve e\u015finin e\u015fyalar\u0131n\u0131n da bulundu\u011funu anlatt\u0131. \u015eeng\u00fcn&#8217;\u00fcn, depoda baz\u0131 gizli ibareli belgeler bulundu\u011funu s\u00f6ylemesi \u00fczerine Do\u011fan, ele ge\u00e7en belgelerin &#8221;kozmik belge&#8221; olmad\u0131\u011f\u0131n\u0131 belirterek, askeri konular\u0131 i\u00e7eren bir belgenin bir askerde olmas\u0131n\u0131n normal oldu\u011funu s\u00f6yledi.<\/p>\n<p style=\"text-align: justify;\">Do\u011fu ve G\u00fcneydo\u011fuda a\u015firetlerle ilgili bilgilerin yer ald\u0131\u011f\u0131 bir belgenin ele ge\u00e7irildi\u011fi hat\u0131rlat\u0131lan Do\u011fan, o belgenin Emniyet Genel M\u00fcd\u00fcrl\u00fc\u011f\u00fc taraf\u0131ndan haz\u0131rlanan bir belge oldu\u011funu dile getirerek, &#8221;Bunun bu b\u00f6lge i\u00e7in haz\u0131rlanmas\u0131n\u0131 tehlikeli buldum. Emniyet, bununla m\u00fccadelede b\u00fcy\u00fck bir zay\u0131flatmaya sebep olmu\u015ftur. Bu ihanettir. Hi\u00e7 bir a\u015firete potansiyel devlet yanl\u0131s\u0131 ya da \u00f6rg\u00fct yanl\u0131s\u0131 diyemezsiniz. Dedi\u011finizde bir potansiyel yarat\u0131rs\u0131n\u0131z&#8221; dedi.<\/p>\n<p style=\"text-align: justify;\">Do\u011fuda ter\u00f6re kar\u015f\u0131 cansiparane sava\u015fan polis ve askerlerin yan\u0131 s\u0131ra oradaki K\u00fcrtlerin de m\u00fccadelesinin bulundu\u011funu anlatan Do\u011fan, b\u00f6lgedeki a\u015firetleri kendisinden iyi bilen kimse olmad\u0131\u011f\u0131 aktard\u0131.<\/p>\n<p style=\"text-align: justify;\"><strong>&#8221;&#8230;\u00c7OK \u00dcZ\u00dcL\u00dcYORUM&#8221;<\/strong><\/p>\n<p style=\"text-align: justify;\">Do\u011fan, J\u0130TEM&#8217;in \u00e7ok gizli bir kurulu\u015f olmad\u0131\u011f\u0131n\u0131 dile getirerek, \u015funlar\u0131 s\u00f6yledi: &#8221;J\u0130TEM&#8217;in ar\u015fivi bende. Kimse bulamaz. Onlar kahraman gibi sava\u015ft\u0131lar. J\u0130TEM&#8217;de 10 bin ki\u015fi vard\u0131. \u0130simlerini s\u00f6ylesem onlar\u0131 da m\u0131 yarg\u0131layacaks\u0131n\u0131z? Onlar 100 ki\u015filik bir gruba 10 ki\u015fiyle gidiyorlard\u0131. Tek bir asker, T\u00fcrk halk\u0131 \u00f6lmesin diye \u00f6l\u00fcme gidiyorlard\u0131.&#8221;<\/p>\n<p style=\"text-align: justify;\">Konu\u015fmas\u0131 s\u0131ras\u0131nda ses tonunu y\u00fckselten Do\u011fan&#8217;a Mahkeme Ba\u015fkan\u0131 \u015eeng\u00fcn &#8221;sakin konu\u015fun&#8221; dedi. Do\u011fan da &#8221;Ama \u00e7ok \u00fcz\u00fcl\u00fcyorum&#8221; diye yan\u0131t verdi.<\/p>\n<p style=\"text-align: justify;\">J\u0130TEM&#8217;in varl\u0131\u011f\u0131n\u0131 iki kuvvetin beyan\u0131ndan sonra a\u00e7\u0131klad\u0131\u011f\u0131n\u0131 dile getiren Do\u011fan, &#8221;Hizbulkontra&#8217;y\u0131 da ben kurdum. \u015eimdiki Hizbullah de\u011fil. H\u00fcseyin Velio\u011flu&#8217;nun ilk kurdu\u011fu te\u015fkilat\u0131 ben kurdurttum. Ben herkesten iyi m\u00fccadele ettim. Ben ba\u015f koymu\u015fum, bu vatana hizmet etmi\u015fim. J\u0130TEM&#8217;i kurdum da hata m\u0131 ettim&#8221; dedi.<\/p>\n<p style=\"text-align: justify;\">Ba\u015fkan \u015eeng\u00fcn&#8217;\u00fcn gazeteci Soner Yal\u00e7\u0131n&#8217;\u0131n J\u0130TEM&#8217;le ilgili bir yaz\u0131s\u0131n\u0131 okumas\u0131 \u00fczerine Do\u011fan, Yal\u00e7\u0131n&#8217;\u0131n J\u0130TEM&#8217;in de\u011ferlendirmesini yapamayaca\u011f\u0131n\u0131 anlatarak, Yal\u00e7\u0131n&#8217;a hakaret i\u00e7erici s\u00f6zler sarf etti.<\/p>\n<p style=\"text-align: justify;\"><strong>BEN \u0130ST\u0130HBARAT\u00c7IYIM SEDAT PEKER \u0130LE G\u00d6R\u00dc\u015eMEK SU\u00c7 MU?<\/strong><\/p>\n<p style=\"text-align: justify;\">Peker&#8217;le ili\u015fkisine de de\u011finen Do\u011fan, polis tutanaklar\u0131nda Peker&#8217;e y\u00f6nelik &#8221;Reis&#8221; dedi\u011finin kayda ge\u00e7irildi\u011fini belirterek, heyete y\u00f6nelik &#8221;Siz \u015fimdi mahkeme ba\u015fkan\u0131s\u0131n\u0131z. Size Ba\u015fkan demek su\u00e7 mu?&#8221; diye konu\u015ftu.<\/p>\n<p style=\"text-align: justify;\">Peker&#8217;le ilk defa bir uyu\u015fturucu ka\u00e7ak\u00e7\u0131s\u0131n\u0131n yakalanmamas\u0131 i\u00e7in bir araya geldi\u011fini belirten Do\u011fan, Peker&#8217;in kendisine uyu\u015fturucu i\u015fiyle u\u011fra\u015fmad\u0131\u011f\u0131n\u0131 s\u00f6yledi\u011fini kaydetti.<\/p>\n<p style=\"text-align: justify;\">Ba\u015fka bir g\u00f6r\u00fc\u015fmesinin \u015eile&#8217;de bir astsubay\u0131n \u00f6ld\u00fcr\u00fclmesiyle ilgili oldu\u011funu anlatan Do\u011fan, &#8221;O adam\u0131n \u00e7ok \u00f6nemli ve \u00e7ok gizli hizmetleri olmu\u015ftur. \u015eimdi burada anlatamam onlar\u0131. Peker&#8217;e &#8216;Patron&#8217;da derim &#8216;Reis&#8217; de derim, ne olmu\u015f?&#8221; \u015feklinde konu\u015ftu.<\/p>\n<p style=\"text-align: justify;\"><strong>J\u0130TEM&#8217;\u0130 KUR EMR\u0130 BURHANETT\u0130N B\u0130GALI&#8217;DAN<\/strong><\/p>\n<p style=\"text-align: justify;\">Do\u011fan&#8217;\u0131n bu ifadelerinde, J\u0130TEM&#8217;den s\u00f6z ederek her ilden temsilci, her il\u00e7e ve k\u00f6yden eleman alarak \u00f6rg\u00fctlenme yapt\u0131klar\u0131n\u0131, g\u00f6rev yapt\u0131klar\u0131 d\u00f6nemde J\u0130TEM elemanlar\u0131na maa\u015f verilmedi\u011fini, kimlik kartlar\u0131 olmad\u0131\u011f\u0131n\u0131, ba\u015far\u0131l\u0131 olanlara kod isimlerinin yaz\u0131l\u0131 oldu\u011fu takdirnameler verildi\u011fini, bunlar\u0131n hi\u00e7birinin kayd\u0131n\u0131n jandarmada olmad\u0131\u011f\u0131n\u0131, jandarma istihbarat\u0131n J\u0130TEM&#8217;den farkl\u0131 oldu\u011funu, J\u0130TEM&#8217;in kurulu\u015f talimat\u0131n\u0131 d\u00f6nemin Jandarma Genel Komutan\u0131 Burhanettin Bigal\u0131&#8217;n\u0131n verdi\u011fini, bunun \u00fczerine Hulusi Say\u0131n&#8217;\u0131n kendisine &#8216;kur&#8217; emrini vermesi \u00fczerine kendisinin de J\u0130TEM&#8217;i kurdu\u011funu s\u00f6yledi\u011fi belirtildi.<\/p>\n<p style=\"text-align: justify;\"><strong>&#8221;YE\u015e\u0130L&#8221; \u0130LE \u0130L\u0130\u015eK\u0130S\u0130<\/strong><\/p>\n<p style=\"text-align: justify;\">Do\u011fan&#8217;\u0131n yine bu ifadelerinde &#8221;Ye\u015fil&#8221; kod adl\u0131 Mahmut Y\u0131ld\u0131r\u0131m&#8217;\u0131 1984 y\u0131l\u0131nda Eruh bask\u0131n\u0131ndan sonra tan\u0131d\u0131\u011f\u0131n\u0131, \u0130stihbarat Grup Komutanl\u0131\u011f\u0131n\u0131 Tunceli b\u00f6lgesinde kurarken arac\u0131lar vas\u0131tas\u0131yla Y\u0131ld\u0131r\u0131m&#8217;a ula\u015ft\u0131\u011f\u0131n\u0131, Y\u0131ld\u0131r\u0131m&#8217;\u0131n bu s\u00fcre\u00e7te 2 y\u0131l kendileriyle \u00e7al\u0131\u015ft\u0131\u011f\u0131n\u0131, J\u0130TEM yap\u0131lanmas\u0131nda yer almayan Y\u0131ld\u0131r\u0131m&#8217;a daha sonra ne oldu\u011funu bilmedi\u011fini s\u00f6yledi\u011fi kaydedildi.<\/p>\n<p style=\"text-align: justify;\">Bu ifadelerinde de\u011findi\u011fi itiraf\u00e7\u0131lar hakk\u0131nda da bilgi veren Do\u011fan, baz\u0131lar\u0131 \u00f6ld\u00fcr\u00fclen bu itiraf\u00e7\u0131lardan zaman\u0131nda \u00e7ok iyi bilgiler ald\u0131klar\u0131n\u0131 ancak bu itiraf\u00e7\u0131lar\u0131n sonradan \u00e7ok bozuldu\u011funu, Hanefi Avc\u0131&#8217;n\u0131n onlar\u0131 \u0130stanbul&#8217;a getirerek varl\u0131kl\u0131 birinin yan\u0131nda maa\u015fl\u0131 olarak bak\u0131ld\u0131klar\u0131n\u0131 s\u00f6yledi.<\/p>\n<p style=\"text-align: justify;\">\u0130fadelerinin okunmas\u0131n\u0131n ard\u0131ndan Do\u011fan&#8217;\u0131n \u00e7apraz sorgusuna ge\u00e7ildi.<\/p>\n<p style=\"text-align: justify;\">\u0130stanbul 13. A\u011f\u0131r Ceza Mahkemesi&#8217;ndeki duru\u015fmada ifadesi al\u0131nan Arif Do\u011fan, CIA, KGB, MOSSAD gibi \u00f6rg\u00fctleri \u00e7ok iyi bildi\u011fini ifade ederek, &#8221;Ergenekon&#8217;u bilemeyecek kadar da cahilmi\u015fim. Bana Ergenekon&#8217;un yap\u0131lanmas\u0131n\u0131, faaliyetlerini sordular. Sorular\u0131 anlamak zor. Sorular\u0131 okuduk\u00e7a Ergenekoncu oluyor insan&#8221; dedi.<\/p>\n<p style=\"text-align: justify;\">Savc\u0131 Mehmet Ali Pekg\u00fczel&#8217;in &#8221;Ergenekon&#8221; \u00f6rg\u00fct\u00fcne ili\u015fkin sorusuna Do\u011fan, daha \u00f6nce ismini sayd\u0131\u011f\u0131 \u00f6rg\u00fctleri bildi\u011fini, aralar\u0131nda tan\u0131d\u0131klar\u0131 da oldu\u011funu belirterek, &#8221;Bilsem s\u00f6ylerim. J\u0130TEM nelerle su\u00e7lan\u0131yor. Yine de ben kurdum diyorum&#8221; dedi.<\/p>\n<p style=\"text-align: justify;\"><strong>ABDULLAH \u00c7ATLI \u0130LE AYNI YOLUN YOLCUSUYUZ<\/strong><\/p>\n<p style=\"text-align: justify;\">Savc\u0131 Mehmet Ali Pekg\u00fczel&#8217;in, Veli K\u00fc\u00e7\u00fck ile hi\u00e7 yan yana gelip gelmedi\u011fine ili\u015fkin sorusuna Do\u011fan, K\u00fc\u00e7\u00fck ile yan yana \u00e7al\u0131\u015fmad\u0131\u011f\u0131n\u0131 ileri s\u00fcrerek, sadece telefonla askeri konular\u0131 g\u00f6r\u00fc\u015ft\u00fcklerini, siyasi konularda hi\u00e7bir konuyu konu\u015fmad\u0131klar\u0131n\u0131 s\u00f6yledi.<\/p>\n<p style=\"text-align: justify;\">Susurluk kazas\u0131na ili\u015fkin haz\u0131rlanan rapor hakk\u0131nda bilgisi olup olmad\u0131\u011f\u0131 da sorulan Do\u011fan, \u015f\u00f6yle devam etti:<\/p>\n<p style=\"text-align: justify;\"><strong>\u00c7ATLIYLA KOCADA\u011e&#8217;IN YAN YANA GELMES\u0130<\/strong><\/p>\n<p style=\"text-align: justify;\">&#8221;Kaza olmadan bir g\u00fcn \u00f6nce rahmetli H\u00fcseyin Kocada\u011f, Abdullah \u00c7atl\u0131, Gonca Us ve Sedat Bucak beraber Yalova Termal&#8217;de idiler. Ben de o zaman Jandarma Komutan\u0131yd\u0131m. Onlar\u0131n \u0130zmir&#8217;e gitme nedenlerini biliyordum. Mehmet \u00d6zbay ve Kocada\u011f ile iyi tan\u0131\u015f\u0131r\u0131z. Biz ayn\u0131 m\u00fccadeleyi verdik. Ayn\u0131 yolun yolcusuyuz. Ayn\u0131 g\u00f6revlerde bulunduk, Ermeni ter\u00f6r\u00fcyle ilgili. Sadece J\u0130TEM ile de\u011fil Ermeni masas\u0131yla ilgili m\u00fccadelenin i\u00e7indeydim. \u00c7atl\u0131 ile Kocada\u011f&#8217;\u0131n yan yana gelmesi ate\u015fle barutun yan yana gelmesi gibiydi. Mehmet A\u011far o d\u00f6nemde bakand\u0131. K\u0131z\u0131 a\u011f\u0131r hastayd\u0131. \u0130zmir Efes Oteli&#8217;nde kal\u0131yorlard\u0131. Kumarhanelerin toplu olarak \u0130zmir&#8217;de a\u00e7\u0131laca\u011f\u0131 ve bu hususta benden destek istediklerini s\u00f6ylediler. \u0130zmir&#8217;e esas bunun i\u00e7in gitmi\u015flerdi.&#8221;<\/p>\n<p style=\"text-align: justify;\">Bu s\u0131rada Do\u011fan&#8217;\u0131n avukat\u0131 R\u0131fat Sunal&#8217;\u0131n araya girerek, bu konu \u00fczerine neden gidiliyor? Daha \u00f6nce bu konu tart\u0131\u015f\u0131lmad\u0131&#8221; demesi \u00fczerine, savc\u0131 Pekg\u00fczel, &#8221;Kendisi anlatmak istedi&#8221; yan\u0131t\u0131n\u0131 verdi.<\/p>\n<p style=\"text-align: justify;\">Do\u011fan da &#8221;Anlatay\u0131m bir \u015fey olmaz. Asacak de\u011filler ya&#8221; diyerek bu y\u00f6ndeki anlat\u0131mlar\u0131na devam etti.<\/p>\n<p style=\"text-align: justify;\"><strong>\u00c7ATLI OLARAK DE\u011e\u0130L \u00d6ZBAY OLARAK B\u0130L\u0130YORDUM<\/strong><\/p>\n<p style=\"text-align: justify;\">Pekg\u00fczel&#8217;in, &#8221;\u00c7atl\u0131 o d\u00f6nemde aranan bir ki\u015fiydi. Siz de asayi\u015ften sorumlu bir ki\u015fiydiniz. Neden izin verdiniz?&#8221; sorusuna Do\u011fan, &#8221;Ben Abdullah \u00c7atl\u0131 olarak bilmiyordum, Mehmet \u00d6zbay olarak biliyordum. Ermeni ter\u00f6r\u00fcne kar\u015f\u0131 sava\u015f\u0131rken de o isimle biliyordum&#8221; dedi.<\/p>\n<p style=\"text-align: justify;\"><strong>ARKADAN TAK\u0130P EDEN ARACIN SIRRI<\/strong><\/p>\n<p style=\"text-align: justify;\">Do\u011fan, Savc\u0131 Pekg\u00fczel&#8217;e hitaben, &#8221;Ben size bilmedi\u011finiz bir \u015fey daha s\u00f6yleyeyim. Kazada, arkada bir araba daha vard\u0131. Bunun J\u0130TEM&#8217;e ait oldu\u011fu s\u00f6ylendi. Kime ait oldu\u011funu biliyorum. Onu daha sonra s\u00f6ylerim size&#8221; dedi.<\/p>\n<p style=\"text-align: justify;\">Pekg\u00fczel&#8217;in &#8221;Bu bir f\u0131rsatt\u0131r sizin i\u00e7in. \u015eimdi s\u00f6yleyebilirsiniz&#8221; s\u00f6zlerine Do\u011fan, &#8221;Niye s\u00f6yleyeyim? Ki\u015fiye indirgeyece\u011fim olay\u0131. Herkesin bir haysiyeti ve gururu vard\u0131r. Ben salak m\u0131y\u0131m, adam\u0131 niye su\u00e7layay\u0131m?&#8221; yan\u0131t\u0131n\u0131 verdi.<\/p>\n<p style=\"text-align: justify;\"><strong>GONCA US B\u0130R BAKANIN KIZIYDI<\/strong><\/p>\n<p style=\"text-align: justify;\">Do\u011fan&#8217;\u0131n &#8221;Kazada \u00f6len k\u0131z\u0131 biliyor musun?&#8221; sorusuna &#8221;Gonca Us&#8221; diye yan\u0131t veren Pekg\u00fczel&#8217;e Do\u011fan, &#8221;Onun kim oldu\u011funu kimse daha bilmiyor. Kazada \u00f6len k\u0131z bir bakan\u0131n, eski bir milletvekilinin k\u0131z\u0131yd\u0131. Abdullah \u00c7atl\u0131&#8217;n\u0131n dostu oldu\u011fu yalan&#8221; dedi.<\/p>\n<p style=\"text-align: justify;\"><strong>H\u00dcSEY\u0130N VEL\u0130O\u011eLU&#8217;NU \u0130Y\u0130 TANIRIM<\/strong><\/p>\n<p style=\"text-align: justify;\">\u0130kinci &#8221;Ergenekon&#8221; davas\u0131n\u0131n tutuksuz san\u0131\u011f\u0131 emekli Albay Arif Do\u011fan, ter\u00f6r \u00f6rg\u00fct\u00fc Hizbullah&#8217;a y\u00f6nelik operasyonda \u00f6l\u00fc olarak ele ge\u00e7irilen H\u00fcseyin Velio\u011flu&#8217;nu iyi tan\u0131d\u0131\u011f\u0131n\u0131 s\u00f6yledi.<\/p>\n<p style=\"text-align: justify;\">\u0130stanbul 13. A\u011f\u0131r Ceza Mahkemesi&#8217;ndeki duru\u015fmada \u00e7apraz sorgusu yap\u0131lan Do\u011fan, J\u0130TEM&#8217;i Tunceli, Diyarbak\u0131r, Silopi, Mardin, Van, Urfa, Siirt&#8217;te ek birimler olu\u015fturacak \u015fekilde kurduklar\u0131n\u0131 \u00f6ne s\u00fcrerek, ilk ba\u015flarda ald\u0131klar\u0131 istihbarat\u0131 \u00fcst birimlere ilettiklerini, bunun icraatta aksakl\u0131klara yol a\u00e7t\u0131\u011f\u0131n\u0131 s\u00f6yledi.<\/p>\n<p style=\"text-align: justify;\">Do\u011fan, bunun \u00fczerine J\u0130TEM&#8217;i hem icraat hem istihbarat\u0131 kendisinin yapt\u0131\u011f\u0131 bir birim haline getirdi\u011fini iddia ederek, birime operasyon yetkisi de verdi\u011fini belirtti.<\/p>\n<p style=\"text-align: justify;\">Genelkurmay Ba\u015fkanl\u0131\u011f\u0131&#8217;n\u0131n J\u0130TEM&#8217;den haberi olmad\u0131\u011f\u0131n\u0131, Jandarma \u0130stihbarat Grup Komutanl\u0131\u011f\u0131&#8217;n\u0131n bildi\u011fini ileri s\u00fcren Do\u011fan, J\u0130TEM&#8217;in Jandarma Genel Komutanl\u0131\u011f\u0131 bilgisi dahilinde olu\u015fturuldu\u011funu, Genelkurmay Ba\u015fkanl\u0131\u011f\u0131&#8217;n\u0131n onay\u0131 olmayan birimin resmiyet kazanamayaca\u011f\u0131n\u0131 kaydetti.<\/p>\n<p style=\"text-align: justify;\">\u0130ki t\u00fcrl\u00fc J\u0130TEM&#8217;in bulundu\u011funu belirten Do\u011fan, birinin subaylardan olu\u015ftu\u011funu, di\u011ferinin ise as\u0131l J\u0130TEM olan operasyonel sivillerden olu\u015fan g\u00fc\u00e7 oldu\u011funu, ter\u00f6rle m\u00fccadele konusunda ikinci J\u0130TEM&#8217;in esas rol oynad\u0131\u011f\u0131n\u0131 s\u00f6yledi.<\/p>\n<p style=\"text-align: justify;\">Do\u011fan&#8217;\u0131n, &#8221;Halen J\u0130TEM 10 bin ki\u015fiyle var ve bana ba\u011fl\u0131. Benden halef selef se\u00e7memi bekliyorlar. \u00d6lmeden \u00f6nce bir insan se\u00e7ece\u011fim&#8221; demesi \u00fczerine, savc\u0131 Mehmet Ali Pekg\u00fczel, &#8221;Siz emekli olmad\u0131n\u0131z m\u0131? Devlette devaml\u0131l\u0131k esast\u0131r. Neden ba\u015fkas\u0131na devretmediniz?&#8221; diye sordu.<\/p>\n<p style=\"text-align: justify;\">Do\u011fan&#8217;\u0131n da,  &#8221;Hangi devlet?&#8221; diye sormas\u0131 \u00fczerine Pekg\u00fczel, &#8221;T\u00fcrkiye Cumhuriyeti&#8221; yan\u0131t\u0131n\u0131 verdi.  Do\u011fan da, T\u00fcrkiye Cumhuriyeti&#8217;nin 30 y\u0131ld\u0131r &#8221;ba\u015fkalar\u0131n\u0131n elinde&#8221; oldu\u011funu ileri s\u00fcrd\u00fc.<\/p>\n<p style=\"text-align: justify;\">Pekg\u00fczel&#8217;in &#8221;10 bin ki\u015fiye bu silahlar\u0131 kim veriyor?&#8221; \u015feklindeki sorusuna Do\u011fan, &#8221;Bunlarda \u00e7ak\u0131 bile yoktur. Tek bildi\u011fi silah Kanas&#8217;t\u0131r. 200 metreden adam\u0131n kafas\u0131na vurur&#8221; dedi.<\/p>\n<p style=\"text-align: justify;\">Pekg\u00fczel&#8217;in &#8221;Sizin \u00fcst\u00fcn\u00fczde kim var? Operasyona kim karar veriyor?&#8221; sorusuna da Do\u011fan, &#8221;\u015eartlar olgunla\u015ft\u0131ktan sonra&#8230;&#8221; cevab\u0131n\u0131 verdi.<\/p>\n<p style=\"text-align: justify;\">Ergenekon&#8217;da var oldu\u011fu ileri s\u00fcr\u00fclen J\u0130TEM ile kendisinin kurdu\u011fu J\u0130TEM&#8217;in bir ilgisinin bulunmad\u0131\u011f\u0131n\u0131 belirten Do\u011fan, emrindeki J\u0130TEM&#8217;in Do\u011fu ve G\u00fcneydo\u011fu&#8217;daki da\u011flarda oldu\u011funu, PKK&#8217;n\u0131n alanlar\u0131nda oldu\u011funu s\u00f6yledi.<\/p>\n<p style=\"text-align: justify;\">PKK&#8217;n\u0131n gerilla sava\u015f\u0131 verdi\u011fini, gerillaya kar\u015f\u0131 sava\u015fman\u0131n tek yolunun kontrgerilla m\u00fccadelesi oldu\u011funu ifade eden Do\u011fan, \u00e7at\u0131\u015fma alanlar\u0131 hari\u00e7 hi\u00e7 kimseye silah s\u0131k\u0131lmad\u0131\u011f\u0131n\u0131 \u00f6ne s\u00fcrd\u00fc.<\/p>\n<p style=\"text-align: justify;\">Ter\u00f6r \u00f6rg\u00fct\u00fc Hizbullah&#8217;a y\u00f6nelik operasyonda \u00f6l\u00fc olarak ele ge\u00e7irilen H\u00fcseyin Velio\u011flu&#8217;nu iyi tan\u0131d\u0131\u011f\u0131n\u0131 da belirten Do\u011fan, &#8221;H\u00fcseyin&#8217;e &#8216;4-5 ki\u015fiyle birlikte k\u00f6y k\u00f6y dola\u015f\u0131n vaazlar verin, G\u00fcneydo\u011fu halk\u0131n\u0131n dini duygular\u0131 g\u00fc\u00e7l\u00fcd\u00fcr&#8217; dedim&#8221; ifadesini kulland\u0131.<\/p>\n<p style=\"text-align: justify;\">Pekg\u00fczel&#8217;in &#8221;Orada dini olarak daha bilgili olan \u015feyhler vard\u0131. Neden H\u00fcseyin Velio\u011flu?&#8221; \u015feklindeki sorusuna, Do\u011fan, &#8221;O daha bilin\u00e7li, ak\u0131ll\u0131, vatan\u0131na, topra\u011f\u0131na daha ba\u011fl\u0131 birisiydi. Bunlar silahl\u0131 g\u00fc\u00e7 de\u011fillerdi. Van Gerc\u00fc\u015f&#8217;te e\u011fitim ald\u0131lar. Askeri e\u011fitim almad\u0131lar. Velio\u011flu, dini e\u011fitim veriyordu. Vaaz vererek halk\u0131 e\u011fitiyorlard\u0131. Gittikleri k\u00f6ylerde vaaz verirken onlar\u0131 ge\u00e7ici k\u00f6y korucular\u0131 korurdu. \u00c7ok g\u00fczel faaliyetleri vard\u0131. \u015eimdiki Hizbullah ile Velio\u011flu&#8217;nun o d\u00f6nemdeki Hizbullah&#8217;\u0131 ayn\u0131 de\u011fil. Sonradan dejenere oldular. Ben ayr\u0131l\u0131nca, silahl\u0131 bir g\u00fc\u00e7 olarak ortaya \u00e7\u0131kt\u0131lar. Ba\u015fs\u0131z kald\u0131lar, tarikatlara yana\u015ft\u0131lar&#8221; diye cevap verdi.<\/p>\n<p style=\"text-align: justify;\">&#8221;Hizbullah daha sonra silahl\u0131 bir \u00f6rg\u00fcte d\u00f6n\u00fc\u015ft\u00fc. Neden m\u00fccadele etmediniz?&#8221; sorusuna ise Do\u011fan, &#8221;Ben niye m\u00fccadele edeyim? Devlet var, devlet u\u011fra\u015fs\u0131n&#8221; yan\u0131t\u0131n\u0131 verdi.<\/p>\n<p style=\"text-align: justify;\">Do\u011fan&#8217;\u0131n \u00e7apraz sorgusuna ara veren Mahkeme Heyeti Ba\u015fkan\u0131 K\u00f6ksal \u015eeng\u00fcn, duru\u015fman\u0131n yar\u0131na ertelendi\u011fini s\u00f6yledi.<\/p>\n<p style=\"text-align: justify;\"><a href=\"http:\/\/www.gazeteport.com.tr\/NEWS\/GP_836760\" target=\"_blank\"><span style=\"color: #888888;\">Kaynak : GAZETEPORT<\/span><\/a><\/p>\n","protected":false},"excerpt":{"rendered":"<p style=\"text-align: justify;\">\n<p style=\"text-align: justify;\">Ergenekon san\u0131\u011f\u0131 emekli Albay Arif Do\u011fan, g\u00f6n\u00fcll\u00fc verdi\u011fi ifadesinde &#8221;J\u0130TEM benim. J\u0130TEM benimle vard\u0131r. J\u0130TEM kadrolu bir kurulu\u015f de\u011fildir, ge\u00e7ici s\u00fcre i\u00e7in kurulmu\u015f operatif istihbarat birli\u011fidir&#8221;<\/p>\n<p style=\"text-align: justify;\">&#8221;J\u0130TEM&#8217;in hepsi sivildir. Bir tek asker benim. 10 bin ki\u015fi vard\u0131r. Ama 20&#8217;den fazlas\u0131 bir araya gelmez. PKK&#8217;n\u0131n \u00f6l\u00fcm b\u00f6lgesine giren birimdir. <\/p>\n","protected":false},"author":1,"featured_media":0,"comment_status":"open","ping_status":"closed","sticky":false,"template":"","format":"standard","meta":{"footnotes":""},"categories":[105],"tags":[],"class_list":["post-27287","post","type-post","status-publish","format-standard","hentry","category-gundem","odd"],"_links":{"self":[{"href":"http:\/\/www.korhanyilmaz.com\/index.php?rest_route=\/wp\/v2\/posts\/27287","targetHints":{"allow":["GET"]}}],"collection":[{"href":"http:\/\/www.korhanyilmaz.com\/index.php?rest_route=\/wp\/v2\/posts"}],"about":[{"href":"http:\/\/www.korhanyilmaz.com\/index.php?rest_route=\/wp\/v2\/types\/post"}],"author":[{"embeddable":true,"href":"http:\/\/www.korhanyilmaz.com\/index.php?rest_route=\/wp\/v2\/users\/1"}],"replies":[{"embeddable":true,"href":"http:\/\/www.korhanyilmaz.com\/index.php?rest_route=%2Fwp%2Fv2%2Fcomments&post=27287"}],"version-history":[{"count":0,"href":"http:\/\/www.korhanyilmaz.com\/index.php?rest_route=\/wp\/v2\/posts\/27287\/revisions"}],"wp:attachment":[{"href":"http:\/\/www.korhanyilmaz.com\/index.php?rest_route=%2Fwp%2Fv2%2Fmedia&parent=27287"}],"wp:term":[{"taxonomy":"category","embeddable":true,"href":"http:\/\/www.korhanyilmaz.com\/index.php?rest_route=%2Fwp%2Fv2%2Fcategories&post=27287"},{"taxonomy":"post_tag","embeddable":true,"href":"http:\/\/www.korhanyilmaz.com\/index.php?rest_route=%2Fwp%2Fv2%2Ftags&post=27287"}],"curies":[{"name":"wp","href":"https:\/\/api.w.org\/{rel}","templated":true}]}}