{"id":27283,"date":"2011-01-17T00:50:26","date_gmt":"2011-01-16T22:50:26","guid":{"rendered":"http:\/\/www.korhanyilmaz.com\/?p=27283"},"modified":"2011-01-17T00:50:26","modified_gmt":"2011-01-16T22:50:26","slug":"hsyknin-en-cok-tartisilan-atamasi","status":"publish","type":"post","link":"http:\/\/www.korhanyilmaz.com\/?p=27283","title":{"rendered":"HSYK&#8217;n\u0131n en \u00e7ok tart\u0131\u015f\u0131lan atamas\u0131"},"content":{"rendered":"<p style=\"text-align: justify;\"><a href=\"http:\/\/www.korhanyilmaz.com\/wp-content\/uploads\/2011\/01\/059.jpg\"  class=\"lightview\"><img loading=\"lazy\" decoding=\"async\" class=\"aligncenter size-full wp-image-27284\" src=\"http:\/\/www.korhanyilmaz.com\/wp-content\/uploads\/2011\/01\/059.jpg\" alt=\"\" width=\"449\" height=\"231\" \/><\/a><\/p>\n<p style=\"text-align: justify;\">HSYK&#8217;n\u0131n son atamalar\u0131nda \u00e7ok \u015fey konu\u015fuldu. \u00c7ok \u015fey ileri s\u00fcr\u00fcld\u00fc. Ancak en \u00e7ok, \u0130lhan Cihaner avukatlar\u0131n\u0131n bakanl\u0131k aleyhine Ankara 1. idare mahkemesinde a\u00e7t\u0131klar\u0131 davada, bakanl\u0131\u011f\u0131n reddi hakim itiraz\u0131n\u0131 yerinde bulan hakimin, kendisinden k\u0131demli hakimin bulundu\u011fu daireye ba\u015fkan olarak atanmas\u0131 konu\u015fuluyor.<!--more--><\/p>\n<p style=\"text-align: justify;\">\u0130STANBUL \/ HSYK&#8217;n\u0131n son kararnamesinde yap\u0131lan 410 atama, y\u00fcksek yarg\u0131 ve YARSAV&#8217;da rahats\u0131zl\u0131k yaratt\u0131. Balyoz soru\u015fturma s\u00fcrecinde tutuklanan baz\u0131 san\u0131klar hakk\u0131nda tahliye karar\u0131 veren Oktay Kuban&#8217;\u0131n atama talebi yokken, \u00d6zel Yetkilerinin al\u0131narak \u0130stanbul d\u0131\u015f\u0131na atanmas\u0131,  bir tan\u0131\u011f\u0131 taciz etti\u011fi iddias\u0131yla Hakim A.S\u2019ye dava a\u00e7an \u0130stanbul Ba\u015fsavc\u0131 Vekili Metin \u015eent\u00fcrk&#8217;\u00fcn Kocaeli Savc\u0131l\u0131\u011f\u0131\u2019na tenzili r\u00fctbe ile atanmas\u0131, \u0130lhan Cihaner&#8217;in avukatlar\u0131n\u0131n, Erzurum \u00d6zel Yetkili Savc\u0131s\u0131 Osman \u015eanal hakk\u0131nda soru\u015fturma a\u00e7\u0131lmas\u0131 talebine s\u00fcresinde yan\u0131t verilmeyince, Adalet Bakanl\u0131\u011f\u0131 aleyhine a\u00e7t\u0131klar\u0131 davada bakanl\u0131\u011f\u0131n reddi hakim talebini yerinde g\u00f6ren k\u0131demsiz hakimin ayn\u0131 daireye ba\u015fkan olarak atanmas\u0131 yarg\u0131da rahats\u0131zl\u0131k yaratan atamalardan birka\u00e7\u0131.<\/p>\n<p style=\"text-align: justify;\">YARSAV Ba\u015fkan\u0131 Emine \u00dclker Tarhan, \u00f6zellikle kendi \u00fcyelerine kar\u015f\u0131 ad\u0131m ad\u0131m bir y\u0131ld\u0131rma politikas\u0131 uyguland\u0131\u011f\u0131n\u0131 belirterek Adalet Bakanl\u0131\u011f\u0131n\u0131n bu tutumunu uluslararas\u0131 yarg\u0131ya ta\u015f\u0131yacaklar\u0131n\u0131 belirtti.<\/p>\n<p style=\"text-align: justify;\"><strong>OKTAY KUBAN&#8217;IN YEN\u0130DEN ATANMA TALEB\u0130 YOKTU<\/strong><\/p>\n<p style=\"text-align: justify;\">HSYK&#8217;n\u0131n yapt\u0131\u011f\u0131 son atamalarda Balyoz davas\u0131n\u0131n soru\u015furma s\u00fcrecinde aralar\u0131nda \u00c7etin Do\u011fan&#8217;\u0131n da bulundu\u011fu 19 pa\u015fay\u0131 tahliye eden Oktay Kuban&#8217;\u0131n, talebinin olmamas\u0131na ra\u011fmen, \u00f6zel yetkilerinin al\u0131narak \u0130stanbul d\u0131\u015f\u0131na atanmas\u0131, hakimin verdi\u011fi kararlardan \u00f6t\u00fcr\u00fc g\u00fcvencesinin kalmad\u0131\u011f\u0131n\u0131 ileri s\u00fcrd\u00fcler. \u00d6zel Yetkili savc\u0131 Oktay Kuban yaz kararnamesinde \u0130stanbul d\u0131\u015f\u0131na atanmak i\u00e7in dilek\u00e7e vermi\u015fti. Ancak referandumdan sonra olu\u015ftulan yeni HSYK daha \u00f6nce verilen atanma dilek\u00e7elerinin ge\u00e7ersiz oldu\u011funu, yeni atanma dilek\u00e7esi vermeyen savc\u0131 ve hakimlerin atanmas\u0131n\u0131n yap\u0131lmayaca\u011f\u0131n\u0131 duyurmu\u015ftu. Oktay Kuban&#8217;\u0131n da g\u00fcz kararnamesinde atanmak i\u00e7in dilek\u00e7e vermedi\u011fi \u00f6\u011frenildi.<\/p>\n<p style=\"text-align: justify;\"><strong>HSYK&#8217;NIN YAPTI\u011eI EN TARTI\u015eILAN ATAMA<\/strong><\/p>\n<p style=\"text-align: justify;\">\u00d6te yandan HSYK&#8217;n\u0131n yapt\u0131\u011f\u0131 410 ataman\u0131n i\u00e7inde, yarg\u0131 mensuplar\u0131 aras\u0131nda en \u00e7ok tart\u0131\u015fma yaratan ataman\u0131n Ankara 1. \u0130dare Mahkemesine yap\u0131lan atama oldu\u011fu konu\u015fuluyor.<\/p>\n<p style=\"text-align: justify;\">Nedeni ise bu daireye yap\u0131lan ataman\u0131n, eski Erzincan Ba\u015fsavc\u0131s\u0131, \u0130rtica ile M\u00fccadele Eylem Plan\u0131&#8217;n\u0131 Erzincan&#8217;da uygulamaya koydu\u011fu iddias\u0131yla su\u00e7lanarak hakk\u0131nda dava a\u00e7\u0131lan ve bir s\u00fcre tutuklu kalan \u0130lhan Cihaner&#8217;in avukatlar\u0131n\u0131n bakanl\u0131k aleyhine a\u00e7t\u0131\u011f\u0131 davada bakanl\u0131k lehine karar veren hakimin terfisinde k\u0131demine bak\u0131lmadan atanmas\u0131.<\/p>\n<p style=\"text-align: justify;\">\u0130lhan Cihaner&#8217;in avukatlar\u0131 Erzincan Ba\u015fsavc\u0131l\u0131\u011f\u0131n\u0131 y\u00fcr\u00fctt\u00fc\u011f\u00fc d\u00f6nemde, kendisi hakk\u0131nda soru\u015fturma ba\u015flatan Erzurum \u00d6zel Yetkili Savc\u0131s\u0131 Osman \u015eanal hakk\u0131nda su\u00e7 duyurusunda bulunmu\u015ftu. Ancak Adalet Bakanl\u0131\u011f\u0131n\u0131n yap\u0131lan su\u00e7 duyurusuna yan\u0131t vermemesi \u00fczerine, avukatlar talebin reddedildi\u011fi varsay\u0131m\u0131 ile Ankara 1. \u0130dare Mahkemesinde Adalet Bakanl\u0131\u011f\u0131 aleyhine dava a\u00e7m\u0131\u015ft\u0131. Ancak Adalet Bakanl\u0131\u011f\u0131 \u0130lhan Cihaner&#8217;in YARSAV \u00fcyesi oldu\u011funu, Ankara 1. \u0130dare Mahkemesi ba\u015fkanl\u0131\u011f\u0131na 13 ayd\u0131r vekaleten bakan G\u00fcrsel \u00d6zkan&#8217;\u0131n da YARSAV \u00fcyesi oldu\u011funu ileri s\u00fcrerek reddi hakim talebinde bulunmu\u015ftu. Bu talebi g\u00f6r\u00fc\u015fmek \u00fczere G\u00fcrsel \u00d6zkan&#8217;\u0131n d\u0131\u015f\u0131nda kalan Mehmet K\u00fc\u00e7\u00fckg\u00f6z ba\u015fkanl\u0131\u011f\u0131nda toplanan heyet reddi hakim karar\u0131n\u0131 yerinde bularak bakanl\u0131\u011f\u0131 hakl\u0131 bulmu\u015ftu. K\u00fc\u00e7\u00fckg\u00f6z ba\u015fkanl\u0131\u011f\u0131ndaki heyet daha sonra da Cihaner&#8217;in avukatlar\u0131n\u0131n a\u00e7t\u0131\u011f\u0131 davay\u0131 reddetmi\u015fti.<\/p>\n<p style=\"text-align: justify;\">Hakim Mehmet K\u00fc\u00e7\u00fckg\u00f6z&#8217;\u00fcn HSYK&#8217;n\u0131n son yapt\u0131\u011f\u0131 410 atamada, k\u0131dem durumundan dolay\u0131 13 ayd\u0131r Ankara 1. \u0130dare Mahkemesine vekaleten ba\u015fkanl\u0131k yapan G\u00fcrsel \u00d6zkan yerine, ba\u015fkan olarak atanmas\u0131, HSYK&#8217;n\u0131n yapt\u0131\u011f\u0131 atamalar aras\u0131nda en \u00e7ok konu\u015fulan atama oldu\u011fu belirtiliyor.<\/p>\n<p style=\"text-align: justify;\"><strong>YARSAV \u015e\u0130KAYETLER\u0130N\u0130 ULUSLARARASI PLATFORMA TA\u015eIYACAK<\/strong><\/p>\n<p style=\"text-align: justify;\">\u00d6te yandan YARSAV Ba\u015fkan\u0131 Emine \u00dclker Tarhan da \u00fcyelerine kar\u015f\u0131, bakanl\u0131\u011f\u0131n y\u0131ld\u0131rma politikas\u0131 uy\u011fulad\u0131\u011f\u0131n\u0131 savundu.<\/p>\n<p style=\"text-align: justify;\">YARSAV Y\u00f6netim Kurulu cuma g\u00fcn\u00fc yapt\u0131\u011f\u0131 a\u00e7\u0131klamada &#8220;deneyimli ve k\u0131demli Adalet Ba\u015fm\u00fcfetti\u015flerinin ba\u015fvurular\u0131n\u0131n al\u0131nmas\u0131na kar\u015f\u0131n k\u0131dem, liyakat, deneyimleri g\u00f6z ard\u0131 edilerek, aralar\u0131nda HSYK \u00fcyelik se\u00e7iminde YARSAV taraf\u0131ndan desteklenen sayg\u0131n bir ba\u015fm\u00fcfetti\u015fin ve YARSAV \u00fcyesi bir ba\u015fm\u00fcfetti\u015fin de bulundu\u011fu \u00e7ok say\u0131da m\u00fcfetti\u015f, adeta kariyer tenziline u\u011frat\u0131lm\u0131\u015flard\u0131r.<\/p>\n<p style=\"text-align: justify;\">HSYK yasas\u0131n\u0131n 3. maddesinin 7. f\u0131kras\u0131nda yer alan &#8216;Kurul mahkemelerin ba\u011f\u0131ms\u0131zl\u0131\u011f\u0131 ile hakimlik ve savc\u0131l\u0131k teminat\u0131n\u0131 g\u00f6zeterek adalet, tarafs\u0131zl\u0131k, do\u011fruluk ve d\u00fcr\u00fcstl\u00fck, tutarl\u0131l\u0131k, e\u015fitlik ehliyet ve liyakat ilkeleri \u00e7er\u00e7evesinde g\u00f6rev yapar&#8217; h\u00fckm\u00fcn\u00fc hat\u0131rlat\u0131r, ilgilileri yasaya uyma konusunda gerekli \u00f6zeni g\u00f6stermeye davet ederiz.&#8221; \u00e7a\u011fr\u0131s\u0131nda bulunmu\u015ftu.<\/p>\n<p style=\"text-align: justify;\">YARSAV Ba\u015fkan\u0131 Emine \u00dclker Tarhan da YARSAV \u00fcyelerine kar\u015f\u0131, Adalet Bakanl\u0131\u011f\u0131n yapt\u0131\u011f\u0131 haks\u0131zl\u0131klar\u0131 uluslararas\u0131 platforma ta\u015f\u0131yacaklar\u0131n\u0131 a\u00e7\u0131klad\u0131. Emine \u00dclker Tarhan Gazeteport&#8217;a yapt\u0131\u011f\u0131 a\u00e7\u0131klamada; &#8220;HSYK&#8217;n\u0131n bu t\u00fcr uygulamalar\u0131nda bir \u00f6nceki uyar\u0131lar\u0131m\u0131z\u0131n ger\u00e7ekle\u015fti\u011fini g\u00f6r\u00fcyoruz. HSYK&#8217;n\u0131n \u00fcyelerimiz ile ilgili soru\u015fturma a\u00e7t\u0131rma, y\u0131ld\u0131rma politikalar\u0131 var. Bu uygulamalar\u0131 uluslararas\u0131 platforma ta\u015f\u0131yaca\u011f\u0131z. Tefti\u015f bir bask\u0131 arac\u0131 olarak kullan\u0131l\u0131yor. \u00dcyelerimiz elinde soru\u015fturma oldu\u011fu tefti\u015fe al\u0131narak ma\u011fdur ediliyor.&#8221; dedi.<\/p>\n<p style=\"text-align: justify;\"><a href=\"http:\/\/www.gazeteport.com.tr\/GUNCEL\/NEWS\/GP_836587\" target=\"_blank\"><span style=\"color: #888888;\">Kaynak : GAZETEPORT<\/span><\/a><\/p>\n","protected":false},"excerpt":{"rendered":"<p style=\"text-align: justify;\">\n<p style=\"text-align: justify;\">HSYK&#8217;n\u0131n son atamalar\u0131nda \u00e7ok \u015fey konu\u015fuldu. \u00c7ok \u015fey ileri s\u00fcr\u00fcld\u00fc. Ancak en \u00e7ok, \u0130lhan Cihaner avukatlar\u0131n\u0131n bakanl\u0131k aleyhine Ankara 1. idare mahkemesinde a\u00e7t\u0131klar\u0131 davada, bakanl\u0131\u011f\u0131n reddi hakim itiraz\u0131n\u0131 yerinde bulan hakimin, kendisinden k\u0131demli hakimin bulundu\u011fu daireye ba\u015fkan olarak atanmas\u0131 konu\u015fuluyor.<\/p>\n","protected":false},"author":1,"featured_media":0,"comment_status":"open","ping_status":"closed","sticky":false,"template":"","format":"standard","meta":{"footnotes":""},"categories":[105],"tags":[],"class_list":["post-27283","post","type-post","status-publish","format-standard","hentry","category-gundem","odd"],"_links":{"self":[{"href":"http:\/\/www.korhanyilmaz.com\/index.php?rest_route=\/wp\/v2\/posts\/27283","targetHints":{"allow":["GET"]}}],"collection":[{"href":"http:\/\/www.korhanyilmaz.com\/index.php?rest_route=\/wp\/v2\/posts"}],"about":[{"href":"http:\/\/www.korhanyilmaz.com\/index.php?rest_route=\/wp\/v2\/types\/post"}],"author":[{"embeddable":true,"href":"http:\/\/www.korhanyilmaz.com\/index.php?rest_route=\/wp\/v2\/users\/1"}],"replies":[{"embeddable":true,"href":"http:\/\/www.korhanyilmaz.com\/index.php?rest_route=%2Fwp%2Fv2%2Fcomments&post=27283"}],"version-history":[{"count":0,"href":"http:\/\/www.korhanyilmaz.com\/index.php?rest_route=\/wp\/v2\/posts\/27283\/revisions"}],"wp:attachment":[{"href":"http:\/\/www.korhanyilmaz.com\/index.php?rest_route=%2Fwp%2Fv2%2Fmedia&parent=27283"}],"wp:term":[{"taxonomy":"category","embeddable":true,"href":"http:\/\/www.korhanyilmaz.com\/index.php?rest_route=%2Fwp%2Fv2%2Fcategories&post=27283"},{"taxonomy":"post_tag","embeddable":true,"href":"http:\/\/www.korhanyilmaz.com\/index.php?rest_route=%2Fwp%2Fv2%2Ftags&post=27283"}],"curies":[{"name":"wp","href":"https:\/\/api.w.org\/{rel}","templated":true}]}}