{"id":27279,"date":"2011-01-17T12:33:22","date_gmt":"2011-01-17T10:33:22","guid":{"rendered":"http:\/\/www.korhanyilmaz.com\/?p=27279"},"modified":"2011-01-17T12:33:22","modified_gmt":"2011-01-17T10:33:22","slug":"basbakandan-ahmet-altana-dava","status":"publish","type":"post","link":"http:\/\/www.korhanyilmaz.com\/?p=27279","title":{"rendered":"Ba\u015fbakan&#8217;dan Ahmet Altan&#8217;a dava"},"content":{"rendered":"<p style=\"text-align: justify;\"><a href=\"http:\/\/www.korhanyilmaz.com\/wp-content\/uploads\/2011\/01\/058.jpg\"  class=\"lightview\"><img loading=\"lazy\" decoding=\"async\" class=\"aligncenter size-full wp-image-27280\" src=\"http:\/\/www.korhanyilmaz.com\/wp-content\/uploads\/2011\/01\/058.jpg\" alt=\"\" width=\"412\" height=\"217\" \/><\/a><\/p>\n<p style=\"text-align: justify;\">Ba\u015fbakan Recep Tayyip Erdo\u011fan, Taraf gazetesinde yay\u0131nlanan ve Ahmet Altan taraf\u0131ndan kaleme al\u0131nan &#8221;Erdo\u011fan ve Kof Kabaday\u0131l\u0131k&#8221; ba\u015fl\u0131kl\u0131 k\u00f6\u015fe yaz\u0131s\u0131nda, &#8221;ki\u015filik haklar\u0131na sald\u0131r\u0131da bulunuldu\u011fu&#8221; gerek\u00e7esiyle gazete ve Altan aleyhinde 50 bin TL&#8217;lik manevi tazminat davas\u0131 a\u00e7t\u0131.<\/p>\n<p style=\"text-align: justify;\">ANKARA &#8211; Al\u0131nan bilgiye g\u00f6re, Ba\u015fbakan Erdo\u011fan&#8217;\u0131n avukatlar\u0131 Fatih \u015eahin ve Muammer Cemalo\u011flu taraf\u0131ndan haz\u0131rlanan dava dilek\u00e7esinde, Taraf gazetesinin 15 Ocak 2011 tarihli n\u00fcshas\u0131nda, Ahmet Altan taraf\u0131ndan kaleme al\u0131nan &#8221;Erdo\u011fan ve Kof Kabaday\u0131l\u0131k&#8221; ba\u015fl\u0131kl\u0131 k\u00f6\u015fe yaz\u0131s\u0131nda, &#8221;Erdo\u011fan&#8217;\u0131n \u015fahsiyet haklar\u0131na sald\u0131r\u0131 kast\u0131yla fevkalade a\u011f\u0131r hakaretlerde bulunuldu\u011fu&#8221; savunuldu. <!--more--><\/p>\n<p style=\"text-align: justify;\">Dava konusu k\u00f6\u015fe yaz\u0131s\u0131ndaki ifadelerle &#8221;Altan&#8217;\u0131n a\u00e7\u0131k\u00e7a, Erdo\u011fan&#8217;\u0131 d\u00fcr\u00fcst olmamakla, halk\u0131n emanetine h\u0131yanet etmekle itham etti\u011fi&#8221; belirtilen dilek\u00e7ede, &#8221;Bu ifadelerin ne anlama geldi\u011fi, halk aras\u0131ndaki kullan\u0131m \u015fekli, a\u00e7\u0131klamaya gerek duyulmayacak \u015fekilde ortadad\u0131r&#8221; denildi.<\/p>\n<p style=\"text-align: justify;\">Ahmet Altan&#8217;\u0131n bu ifadeleri ile ele\u015ftiri ve ifade \u00f6zg\u00fcrl\u00fc\u011f\u00fc s\u0131n\u0131rlar\u0131n\u0131 a\u015ft\u0131\u011f\u0131 ileri s\u00fcr\u00fclen dilek\u00e7ede, \u015funlar kaydedildi: &#8221;Daval\u0131 konumu itibariyle, m\u00fcvekkile kar\u015f\u0131 kullanm\u0131\u015f oldu\u011fu ve okurlarca hakaret olarak alg\u0131lanacak bu a\u011f\u0131r ifadeleri sarf etmeden de kaleme ald\u0131\u011f\u0131 konu hakk\u0131nda, daha etkin bir yaz\u0131 yazabilir ve b\u00f6ylece bas\u0131na hizmet etme amac\u0131n\u0131 ger\u00e7ekle\u015ftirebilirdi. Ne var ki daval\u0131n\u0131n amac\u0131 bu de\u011fildir. Amac\u0131 en a\u011f\u0131r bi\u00e7imde m\u00fcvekkilimize hakaret etmektir. Yoksa d\u00fc\u015f\u00fcncelerini a\u00e7\u0131klamak, ele\u015ftirmek de\u011fildir.<\/p>\n<p style=\"text-align: justify;\">Daval\u0131n\u0131n bu yaz\u0131s\u0131 ile salt m\u00fcvekkil de\u011fil, bas\u0131n ve toplum da zarar g\u00f6rm\u00fc\u015ft\u00fcr. Bu ifadeler sa\u011fduyu sahibi bir ki\u015finin kabul edece\u011fi s\u00f6zler de\u011fildir. Topluma b\u00f6yle bir dilin a\u015f\u0131lanmas\u0131 bas\u0131n\u0131n var olu\u015f nedenlerini zay\u0131flat\u0131r, hatta i\u015flevini de etkisizle\u015ftirir.&#8221;<\/p>\n<p style=\"text-align: justify;\">Dilek\u00e7ede, Altan ve Taraf gazetesinden, yay\u0131n tarihinden itibaren i\u015fleyecek yasal faiziyle birlikte 50 bin TL manevi tazminat talep edildi.\u00d6te yandan, Ba\u015fbakan Erdo\u011fan, Altan hakk\u0131nda, &#8221;hakaret&#8221; iddias\u0131yla su\u00e7 duyurusunda bulundu. Erdo\u011fan&#8217;\u0131n avukatlar\u0131, Kad\u0131k\u00f6y Cumhuriyet Ba\u015fsavc\u0131l\u0131\u011f\u0131na iletilmek \u00fczere su\u00e7 duyurusu dilek\u00e7esini, Ankara Cumhuriyet Ba\u015fsavc\u0131l\u0131\u011f\u0131na sundu.<\/p>\n<p style=\"text-align: justify;\"><em><strong>\u0130\u015eTE O YAZI <\/strong><\/em><\/p>\n<p style=\"text-align: justify;\"><strong>Erdo\u011fan ve Kof Kabaday\u0131l\u0131k<\/strong><\/p>\n<p style=\"text-align: justify;\">&#8220;\u0130nsan, k\u00fc\u00e7\u00fck kurnazl\u0131klara kap\u0131l\u0131p yanl\u0131\u015f yollara sapt\u0131\u011f\u0131nda sonunda i\u015fte b\u00f6yle otobana ters y\u00f6nden girmi\u015f Temel\u2019e d\u00f6ner.<\/p>\n<p style=\"text-align: justify;\">Trafi\u011fin en kalabal\u0131k saatinde otobana ters taraf\u0131ndan giren Temel radyoda bir anons duymu\u015f.<\/p>\n<p style=\"text-align: justify;\">\u2013 Bir deli otobana ters y\u00f6nden girdi, b\u00fct\u00fcn s\u00fcr\u00fcc\u00fcler dikkat etsin.<\/p>\n<p style=\"text-align: justify;\">Temel, ak\u0131n ak\u0131n \u00fcst\u00fcne gelen binlerce arabaya bak\u0131p s\u00f6ylenmi\u015f.<\/p>\n<p style=\"text-align: justify;\">\u2013 Hangi bir deli, binlerce deli ters y\u00f6nde gidiyor.<\/p>\n<p style=\"text-align: justify;\">Se\u00e7imlerde MHP\u2019yi baraj\u0131n alt\u0131na itece\u011fim diye her g\u00fcn biraz daha MHP\u2019lile\u015fen, tutucula\u015fan, yasak\u00e7\u0131l\u0131\u011fa, heykel y\u0131kmaya, dizi durdurmaya heveslenen, Say\u0131\u015ftay Kanunu i\u00e7in askerlerle gizli anla\u015fmalar yapan, K\u00fcrtlerin hakk\u0131n\u0131 ink\u00e2r eden Ba\u015fbakan Erdo\u011fan, kendisini uyaran, yeniden ilerici, at\u0131l\u0131mc\u0131, hak\u015finas, demokrat ki\u015fili\u011fine kavu\u015fmas\u0131n\u0131 isteyen herkesin \u201cters y\u00f6ne\u201d girdi\u011fine inan\u0131yor.<\/p>\n<p style=\"text-align: justify;\">Ve onlarla polemik yapmak istiyor.<\/p>\n<p style=\"text-align: justify;\">MHP\u2019lile\u015fmeyi akl\u0131 ba\u015f\u0131nda, tutarl\u0131 bir bi\u00e7imde savunamayaca\u011f\u0131, \u201ckarde\u015fim benim kendi iktidar hesaplar\u0131m, ki\u015fisel gelece\u011fimle ilgili planlar\u0131m var\u201d diye a\u00e7\u0131k\u00e7a da s\u00f6yleyemeyece\u011fi i\u00e7in her c\u00fcmlesinde kendisiyle \u00e7eli\u015fiyor.Devletten para t\u0131rt\u0131klamak isteyen medyayla kavga etmeye al\u0131\u015ft\u0131\u011f\u0131 i\u00e7in \u00f6yle akl\u0131na her geleni s\u00f6yleyerek polemik yapabilece\u011fini san\u0131yor.Kendi ki\u015fisel hesab\u0131 olan adam, ki\u015fisel hesab\u0131 olmayan adamlarla polemik yapamaz, yapmaya kalkt\u0131\u011f\u0131nda da y\u00fcz\u00fcne g\u00f6z\u00fcne bula\u015ft\u0131r\u0131r.Sen lafa, \u201c\u00f6rf ve \u00e2detlerimizden, manevi de\u011ferlerimizden\u201d gireceksin sonra ilk s\u0131k\u0131\u015ft\u0131\u011f\u0131n yerde kavgaya \u201cbaba\u201dy\u0131, \u201caile\u201dyi kar\u0131\u015ft\u0131racaks\u0131n. Bu mu senin manevi de\u011ferlerin?<\/p>\n<p style=\"text-align: justify;\">B\u0131rak bizim \u00f6rf\u00fcm\u00fcz\u00fc, gelene\u011fimizi, manevi de\u011ferlerimizi, Mafya\u2019da bile yoktur kavgaya aileyi kar\u0131\u015ft\u0131rmak.<\/p>\n<p style=\"text-align: justify;\">Ba\u015fbakan gibi kavga etmek istiyorsan ba\u015fbakana yak\u0131\u015f\u0131r bir olgunlukla, delikanl\u0131 gibi kavga etmek istiyorsan delikanl\u0131ya yak\u0131\u015fan bir raconla kavga edeceksin.<\/p>\n<p style=\"text-align: justify;\">Kendi ailene sayg\u0131s\u0131zl\u0131k edildi\u011finde televizyonlarda yak\u0131nacaks\u0131n sonra kendinden menkul \u201cestetik bilirki\u015fili\u011fini\u201d hakl\u0131 g\u00f6sterebilmek i\u00e7in kavga etti\u011fin adam\u0131n \u201cbabas\u0131n\u0131\u201d, \u201cailesini\u201d i\u015fe kar\u0131\u015ft\u0131racaks\u0131n.<\/p>\n<p style=\"text-align: justify;\">Bu mu senin adaml\u0131\u011f\u0131n, bu mu senin delikanl\u0131l\u0131\u011f\u0131n?<\/p>\n<p style=\"text-align: justify;\">Kavgaya girmek istiyorsan, kavga etti\u011fin adam kadar d\u00fcr\u00fcst olacaks\u0131n, samimi olacaks\u0131n.<\/p>\n<p style=\"text-align: justify;\">Sen, \u201cestetik\u201d de\u011ferlere \u00e7ok h\u00fcrmetk\u00e2r oldu\u011fun i\u00e7in o heykeli \u201cucube\u201d ilan edip y\u0131k\u0131lmas\u0131n\u0131 istedin, \u00f6yle mi?<\/p>\n<p style=\"text-align: justify;\">Nerede \u201cestetik\u201d olmayan bir heykel, nerede estetik olmayan bir yap\u0131 g\u00f6rsen kar\u015f\u0131 \u00e7\u0131kars\u0131n, demek ki.<\/p>\n<p style=\"text-align: justify;\">Samimi bir adamsan, d\u00fcr\u00fcst bir adamsan, tutarl\u0131 bir adamsan \u00f6yle yapman gerekir.<\/p>\n<p style=\"text-align: justify;\">Sen bu \u00fclkenin her meydan\u0131na dikilen Atat\u00fcrk heykelini, her mahallesine yap\u0131lan camiyi estetik de\u011ferlere uygun mu buluyorsun?<\/p>\n<p style=\"text-align: justify;\">Bu \u00fclkedeki b\u00fct\u00fcn camiler dinin g\u00f6rkemine yak\u0131\u015f\u0131r camiler mi?<\/p>\n<p style=\"text-align: justify;\">Sen bug\u00fcne dek bir tek Atat\u00fcrk heykelini, bir tek camiyi \u201cestetik\u201d de\u011ferleri nedeniyle ele\u015ftirip y\u0131k\u0131lmas\u0131n\u0131 isteyebildin mi?<\/p>\n<p style=\"text-align: justify;\">Senin cesaretin, senin y\u00fcre\u011fin bir Atat\u00fcrk heykeline \u201cestetik olmad\u0131\u011f\u0131\u201d i\u00e7in kar\u015f\u0131 \u00e7\u0131kmaya yeter mi?<\/p>\n<p style=\"text-align: justify;\">Bu \u00fclkedeki b\u00fct\u00fcn heykeller g\u00fczel de bir tek o sahipsiz heykelt\u0131ra\u015f\u0131n yapt\u0131\u011f\u0131 heykel mi \u00e7irkin?<\/p>\n<p style=\"text-align: justify;\">G\u00fcc\u00fcn ona yetiyor, onu y\u0131k\u0131yorsun, hi\u00e7 utanmadan sahipsiz bir sanat\u00e7\u0131n\u0131n \u00fcst\u00fcnden paye toplamaya \u00e7al\u0131\u015f\u0131yorsun.<\/p>\n<p style=\"text-align: justify;\">G\u00fc\u00e7s\u00fcze babalanmak kolay.<\/p>\n<p style=\"text-align: justify;\">Ama kabaday\u0131l\u0131k \u00f6yle olmuyor, delikanl\u0131l\u0131k \u00f6yle olmuyor.<\/p>\n<p style=\"text-align: justify;\">Yi\u011fit adam, \u00f6nce g\u00fc\u00e7l\u00fcye kafa tutar.<\/p>\n<p style=\"text-align: justify;\">Sen Yunan Ba\u015fbakan\u0131\u2019yla g\u00f6r\u00fc\u015f\u00fcrken Yunan Adalar\u0131 \u00fcst\u00fcnde u\u00e7ak u\u00e7urup b\u00fct\u00fcn ili\u015fkileri ve bar\u0131\u015f \u00fcmitlerini peri\u015fan eden orduya kar\u015f\u0131 niye a\u011fz\u0131n\u0131 a\u00e7amad\u0131n?<\/p>\n<p style=\"text-align: justify;\">\u00c7ok mu \u201cestetikti\u201d yapt\u0131klar\u0131?<\/p>\n<p style=\"text-align: justify;\">Niye Say\u0131\u015ftay Yasas\u0131 \u00e7\u0131kar\u0131l\u0131rken orduyla gizlice anla\u015f\u0131p, halk\u0131n paralar\u0131n\u0131n nerelere harcand\u0131\u011f\u0131n\u0131 halktan saklad\u0131n?<\/p>\n<p style=\"text-align: justify;\">Niye halk\u0131n\u0131n emanetine h\u0131yanet ettin?<\/p>\n<p style=\"text-align: justify;\">\u00c7\u00fcnk\u00fc se\u00e7im yakla\u015f\u0131yor, sen MHP\u2019lile\u015ferek MHP\u2019den oy t\u0131rt\u0131klamay\u0131, orduyla iyi ge\u00e7inmeyi, \u201cezenlerin\u201d yan\u0131nda saf tutup \u201cezen biri olman\u0131n\u201d rant\u0131n\u0131 yemeyi istiyorsun bu se\u00e7imde.<\/p>\n<p style=\"text-align: justify;\">\u0130nsanlar seni d\u00fcr\u00fcsts\u00fcn, cesursun, hak\u015finass\u0131n diye sevdiler, AKP\u2019yi T\u00fcrkiye\u2019yi daha \u00f6zg\u00fcr, daha ileri bir \u00fclke yapacak diye desteklediler.<\/p>\n<p style=\"text-align: justify;\">\u015eimdi sen o AKP\u2019yi MHP\u2019nin sular\u0131na s\u00fcr\u00fckleyip, orduyla anla\u015f\u0131p, generallerin paralar\u0131n\u0131 halk\u0131ndan saklay\u0131p, sana inananlar\u0131 kand\u0131rmaya u\u011fra\u015f\u0131yor, bunu saklayabilmek i\u00e7inde heykelle, diziyle, \u201cSar\u0131kam\u0131\u015f \u015fehitleri\u201d edebiyat\u0131yla g\u00f6z boyamaya \u00e7abal\u0131yorsun.<\/p>\n<p style=\"text-align: justify;\">Bu halk\u0131 herkes kand\u0131rd\u0131 bir de sen kand\u0131r.<\/p>\n<p style=\"text-align: justify;\">Bakal\u0131m ordunun kar\u015f\u0131s\u0131nda sus pus kesilen, heykelt\u0131ra\u015flara kar\u015f\u0131 co\u015fan kof kabaday\u0131l\u0131\u011f\u0131nla ne kadar kand\u0131racaks\u0131n.<\/p>\n<p style=\"text-align: justify;\">Biz senin eski yi\u011fitli\u011fini ve d\u00fcr\u00fcstl\u00fc\u011f\u00fcn\u00fc \u00f6zleyece\u011fiz.<\/p>\n<p style=\"text-align: justify;\">Ama hi\u00e7 unutma, gittik\u00e7e \u201cezilenlerden\u201d uzakla\u015fan bu politikanla, g\u00fcn gelecek sen de kendini \u00f6zleyeceksin.&#8221;<\/p>\n<p style=\"text-align: justify;\"><a href=\"http:\/\/www.gazeteport.com.tr\/GUNCEL\/NEWS\/GP_836798\" target=\"_blank\"><span style=\"color: #888888;\">Kaynak : GAZETEPORT<\/span><\/a><\/p>\n","protected":false},"excerpt":{"rendered":"<p style=\"text-align: justify;\">\n<p style=\"text-align: justify;\">Ba\u015fbakan Recep Tayyip Erdo\u011fan, Taraf gazetesinde yay\u0131nlanan ve Ahmet Altan taraf\u0131ndan kaleme al\u0131nan &#8221;Erdo\u011fan ve Kof Kabaday\u0131l\u0131k&#8221; ba\u015fl\u0131kl\u0131 k\u00f6\u015fe yaz\u0131s\u0131nda, &#8221;ki\u015filik haklar\u0131na sald\u0131r\u0131da bulunuldu\u011fu&#8221; gerek\u00e7esiyle gazete ve Altan aleyhinde 50 bin TL&#8217;lik manevi tazminat davas\u0131 a\u00e7t\u0131.<\/p>\n<p style=\"text-align: justify;\">ANKARA &#8211; Al\u0131nan bilgiye g\u00f6re, Ba\u015fbakan Erdo\u011fan&#8217;\u0131n avukatlar\u0131 Fatih \u015eahin ve Muammer <\/p>\n","protected":false},"author":1,"featured_media":0,"comment_status":"open","ping_status":"closed","sticky":false,"template":"","format":"standard","meta":{"footnotes":""},"categories":[105],"tags":[],"class_list":["post-27279","post","type-post","status-publish","format-standard","hentry","category-gundem","odd"],"_links":{"self":[{"href":"http:\/\/www.korhanyilmaz.com\/index.php?rest_route=\/wp\/v2\/posts\/27279","targetHints":{"allow":["GET"]}}],"collection":[{"href":"http:\/\/www.korhanyilmaz.com\/index.php?rest_route=\/wp\/v2\/posts"}],"about":[{"href":"http:\/\/www.korhanyilmaz.com\/index.php?rest_route=\/wp\/v2\/types\/post"}],"author":[{"embeddable":true,"href":"http:\/\/www.korhanyilmaz.com\/index.php?rest_route=\/wp\/v2\/users\/1"}],"replies":[{"embeddable":true,"href":"http:\/\/www.korhanyilmaz.com\/index.php?rest_route=%2Fwp%2Fv2%2Fcomments&post=27279"}],"version-history":[{"count":0,"href":"http:\/\/www.korhanyilmaz.com\/index.php?rest_route=\/wp\/v2\/posts\/27279\/revisions"}],"wp:attachment":[{"href":"http:\/\/www.korhanyilmaz.com\/index.php?rest_route=%2Fwp%2Fv2%2Fmedia&parent=27279"}],"wp:term":[{"taxonomy":"category","embeddable":true,"href":"http:\/\/www.korhanyilmaz.com\/index.php?rest_route=%2Fwp%2Fv2%2Fcategories&post=27279"},{"taxonomy":"post_tag","embeddable":true,"href":"http:\/\/www.korhanyilmaz.com\/index.php?rest_route=%2Fwp%2Fv2%2Ftags&post=27279"}],"curies":[{"name":"wp","href":"https:\/\/api.w.org\/{rel}","templated":true}]}}