{"id":27275,"date":"2011-01-16T20:42:40","date_gmt":"2011-01-16T18:42:40","guid":{"rendered":"http:\/\/www.korhanyilmaz.com\/?p=27275"},"modified":"2011-01-16T20:42:40","modified_gmt":"2011-01-16T18:42:40","slug":"sen-benim-emrimde-memursun","status":"publish","type":"post","link":"http:\/\/www.korhanyilmaz.com\/?p=27275","title":{"rendered":"&#8216;Sen benim emrimde memursun&#8217;"},"content":{"rendered":"<p><a href=\"http:\/\/www.korhanyilmaz.com\/wp-content\/uploads\/2011\/01\/057.jpg\"  class=\"lightview\"><img loading=\"lazy\" decoding=\"async\" class=\"aligncenter size-full wp-image-27276\" src=\"http:\/\/www.korhanyilmaz.com\/wp-content\/uploads\/2011\/01\/057.jpg\" alt=\"\" width=\"420\" height=\"210\" \/><\/a><\/p>\n<p style=\"text-align: justify;\">Ar\u0131n\u00e7: Postal yalamaktan ba\u015fka meziyetleri olmayanlar\u0131 g\u00f6rd\u00fck<\/p>\n<p style=\"text-align: justify;\">&#8216;Sen benim emrimde memursun&#8217; Devlet Bakan\u0131 ve Ba\u015fbakan Yard\u0131mc\u0131s\u0131 B\u00fclent Ar\u0131n\u00e7, AK Parti Hatay \u0130l Dan\u0131\u015fma Meclisi Toplant\u0131s\u0131\u2019na kat\u0131ld\u0131. Muhalefeti ele\u015ftiren Ar\u0131n\u00e7, Cumhurba\u015fkanl\u0131\u011f\u0131 se\u00e7im s\u00fcrecini hat\u0131rlatarak, sert \u00e7\u0131kt\u0131. Ar\u0131n\u00e7, \u201cSiz gericisiniz, yobazs\u0131n\u0131z, sizin aday g\u00f6stereceklerinizin hepsinin ba\u015f\u0131nda \u00f6rt\u00fc var, siz ge\u00e7mi\u015fte \u015fu partideydiniz\u201d gerek\u00e7esiyle AK Partiden bir Cumhurba\u015fkan\u0131 olamayaca\u011f\u0131n\u0131 ileri s\u00fcr\u00fcld\u00fc\u011f\u00fcn\u00fc belirterek, \u201cBunlar\u0131n hi\u00e7 birinin bir t\u00fck\u00fcr\u00fck kadar k\u0131ymeti olmad\u0131\u011f\u0131n\u0131\u201d dedi. <!--more--><\/p>\n<p style=\"text-align: justify;\">O d\u00f6nemde ya\u015fanan s\u00fcreci anlatan ve 367 say\u0131s\u0131 i\u00e7in DYP ve ANAP ile g\u00f6r\u00fc\u015ft\u00fcklerini belirten Ar\u0131n\u00e7, \u015f\u00f6yle devam etti:<\/p>\n<p style=\"text-align: justify;\">* KARADAYI \u2018G\u0130RMEY\u0130N\u2019 DEM\u0130\u015e: O d\u00f6nemde Anavatan Partisi oylama i\u00e7in meclis salonuna girmedi. O zamanki genel ba\u015fkanlar\u0131 bir zamanlar bizde bakand\u0131.Sonunda bir g\u00fcn itiraf etti neden i\u00e7eri girmediklerini. Dedi ki; \u2019Biz i\u00e7eri girip girmeme konusunda nab\u0131z yoklad\u0131k. B\u00fct\u00fcn il ba\u015fkanlar\u0131n\u0131 toplad\u0131m. Cumhurba\u015fkanl\u0131\u011f\u0131 se\u00e7imlerine girelim mi diye sordum. T\u00fcm il ba\u015fkanlar\u0131 girelim dedi. \u00c7\u00fcnk\u00fc \u00d6zal\u2019\u0131n hakk\u0131 var. Tam bu niyetle \u0130stanbul\u2019dan Ankara\u2019ya gelmek i\u00e7in havaalan\u0131na gittim. Havaalan\u0131nda beni 28 \u015eubat\u2019\u0131n o omzu kalabal\u0131k adam\u0131 \u0130smail Hakk\u0131 Karaday\u0131 kar\u015f\u0131lad\u0131. Bana \u2019\u0130\u00e7eri girece\u011finizi \u00f6\u011frendim do\u011fru mu?\u2019 diye sordu. B\u00f6yle bir karar ald\u0131\u011f\u0131m\u0131 s\u00f6yleyince \u2019Sak\u0131n ola ki i\u00e7eri girmeyin\u2019 dedi. Ben u\u00e7a\u011fa bininceye kadar girme taraftar\u0131yd\u0131m Ankara\u2019ya inince i\u00e7eri girecek kadar cesaretim kalmam\u0131\u015ft\u0131.\u2019 ANAP ondan sonraki se\u00e7imlere kat\u0131lamad\u0131, Do\u011fru Yol ile bir parti bile kuramad\u0131. Millet onu defterden sildi.<\/p>\n<p style=\"text-align: justify;\"><strong>* A\u011eAR\u2019A DA S\u00d6YLENM\u0130\u015e: <\/strong>Mehmet A\u011far\u2019\u0131n o d\u00f6nemde 4 milletvekili vard\u0131. Ona da birileri gitme dedi. O da milleti dinlemedi, siyasi hayattan gitti.<\/p>\n<p style=\"text-align: justify;\"><strong>* SEN MEMURUMSUN: <\/strong>(27 Nisan e-muht\u0131ras\u0131n\u0131 kastedederek) Bize aba alt\u0131ndan sopa g\u00f6steriyor. Kime? H\u00fck\u00fcmete. Kime? Meclise? Kim g\u00f6steriyor? Hi\u00e7 de hakk\u0131 olmayan birisi. Hi\u00e7 bir demokraside b\u00f6yle bir demokrasiyi kabul etmek m\u00fcmk\u00fcn de\u011fil. Ama zannettiler ki \u2019Ben b\u00f6yle yazar ve korkutursam, onlar teslim\u2019 olurlar. \u00c7\u00fcnk\u00fc hep \u00f6yle \u00f6rneklerini g\u00f6rd\u00fcler. Nelerini biliriz biz; k\u00fc\u00e7\u00fcc\u00fck bir a\u00e7\u0131klamaya kar\u015f\u0131, kar\u015f\u0131 beyanda bulunma cesaretinden mahrum, elleri kollar\u0131 titreyenleri biliriz. Milletin en \u00e7ok nefret etti\u011fi \u015feyi y\u0131llarca siyaset yap\u0131p, postal yalamaktan ba\u015fka hi\u00e7bir meziyeti olmayan siyasal iktidarlar\u0131 g\u00f6rd\u00fck. O sabah bunun cevab\u0131n\u0131 verdik. <span style=\"text-decoration: underline;\">Otur oturdu\u011fun yerde. Sen benim emrimde bir memursun, benim ne yapaca\u011f\u0131ma kar\u0131\u015famazs\u0131n.<\/span> O kadar. Bizim \u00f6\u011frendi\u011fimiz siyaset bu. Herkes i\u015fini yapacak. Herkes kendi i\u015fini g\u00fczel yapacak. Hi\u00e7 kimse kimsenin yetkisine hakk\u0131na kar\u0131\u015fmayacak. Hele hele \u2019Egemenlik milletindir\u2019 dedikten sonra millete ra\u011fmen, onun istemedi\u011fi hi\u00e7 bir \u015feye cesaret etmeyecek. Sizler bize dua ettiniz biz de sizi mahcup etmedik. O y\u00fczden 27 Nisan ak\u015fam\u0131 yap\u0131lan bu su\u00e7lamaya 28 Nisan sabah\u0131nda verdi\u011fimiz cevap bize y\u00fczde 47\u2019leri nasip etti.\u00dczerinden 40-50 y\u0131l ge\u00e7ti Menderes\u2019e rahmet diliyorlar ama onu asanlara selam bile vermediler. Bakkaldan ekmek istediler \u2019Sana ekmek yok, katilsin sen\u2019 dediler. Kimse \u015fimdi Salim Ba\u015fol\u2019lar\u0131 hat\u0131rlam\u0131yor, kimse \u00d6mer Altay Egesel\u2019lere dilinin ucuyla bile bir te\u015fekk\u00fcr etmiyor. O \u00fc\u00e7 mazlumun, o \u00fc\u00e7 masumun, o \u00fc\u00e7 \u015fehidin hat\u0131ras\u0131n\u0131 1961\u2019den beri hale kalbinde ya\u015fatan bu aziz millet, darbeler d\u00f6neminin bitti\u011fini, AK Parti\u2019nin sayesinde g\u00f6r\u00fcyor, 7\u2019sinden 70\u2019ine ona dua ediyor.<\/p>\n<p style=\"text-align: justify;\"><a href=\"http:\/\/haber.gazetevatan.com\/sen-benim-emrimde-memursun\/353210\/9\/Siyaset\" target=\"_blank\"><span style=\"color: #888888;\">Kaynak : VATAN<\/span><\/a><\/p>\n","protected":false},"excerpt":{"rendered":"<\/p>\n<p style=\"text-align: justify;\">Ar\u0131n\u00e7: Postal yalamaktan ba\u015fka meziyetleri olmayanlar\u0131 g\u00f6rd\u00fck<\/p>\n<p style=\"text-align: justify;\">&#8216;Sen benim emrimde memursun&#8217; Devlet Bakan\u0131 ve Ba\u015fbakan Yard\u0131mc\u0131s\u0131 B\u00fclent Ar\u0131n\u00e7, AK Parti Hatay \u0130l Dan\u0131\u015fma Meclisi Toplant\u0131s\u0131\u2019na kat\u0131ld\u0131. Muhalefeti ele\u015ftiren Ar\u0131n\u00e7, Cumhurba\u015fkanl\u0131\u011f\u0131 se\u00e7im s\u00fcrecini hat\u0131rlatarak, sert \u00e7\u0131kt\u0131. Ar\u0131n\u00e7, \u201cSiz gericisiniz, yobazs\u0131n\u0131z, sizin aday g\u00f6stereceklerinizin hepsinin ba\u015f\u0131nda \u00f6rt\u00fc var, siz ge\u00e7mi\u015fte \u015fu partideydiniz\u201d <\/p>\n","protected":false},"author":1,"featured_media":0,"comment_status":"open","ping_status":"closed","sticky":false,"template":"","format":"standard","meta":{"footnotes":""},"categories":[105],"tags":[],"class_list":["post-27275","post","type-post","status-publish","format-standard","hentry","category-gundem","odd"],"_links":{"self":[{"href":"http:\/\/www.korhanyilmaz.com\/index.php?rest_route=\/wp\/v2\/posts\/27275","targetHints":{"allow":["GET"]}}],"collection":[{"href":"http:\/\/www.korhanyilmaz.com\/index.php?rest_route=\/wp\/v2\/posts"}],"about":[{"href":"http:\/\/www.korhanyilmaz.com\/index.php?rest_route=\/wp\/v2\/types\/post"}],"author":[{"embeddable":true,"href":"http:\/\/www.korhanyilmaz.com\/index.php?rest_route=\/wp\/v2\/users\/1"}],"replies":[{"embeddable":true,"href":"http:\/\/www.korhanyilmaz.com\/index.php?rest_route=%2Fwp%2Fv2%2Fcomments&post=27275"}],"version-history":[{"count":0,"href":"http:\/\/www.korhanyilmaz.com\/index.php?rest_route=\/wp\/v2\/posts\/27275\/revisions"}],"wp:attachment":[{"href":"http:\/\/www.korhanyilmaz.com\/index.php?rest_route=%2Fwp%2Fv2%2Fmedia&parent=27275"}],"wp:term":[{"taxonomy":"category","embeddable":true,"href":"http:\/\/www.korhanyilmaz.com\/index.php?rest_route=%2Fwp%2Fv2%2Fcategories&post=27275"},{"taxonomy":"post_tag","embeddable":true,"href":"http:\/\/www.korhanyilmaz.com\/index.php?rest_route=%2Fwp%2Fv2%2Ftags&post=27275"}],"curies":[{"name":"wp","href":"https:\/\/api.w.org\/{rel}","templated":true}]}}