{"id":27271,"date":"2011-01-16T14:59:53","date_gmt":"2011-01-16T12:59:53","guid":{"rendered":"http:\/\/www.korhanyilmaz.com\/?p=27271"},"modified":"2011-01-16T14:59:53","modified_gmt":"2011-01-16T12:59:53","slug":"erdogandan-ilk-seyrantepe-aciklamasi","status":"publish","type":"post","link":"http:\/\/www.korhanyilmaz.com\/?p=27271","title":{"rendered":"Erdo\u011fan&#8217;dan ilk Seyrantepe a\u00e7\u0131klamas\u0131"},"content":{"rendered":"<p style=\"text-align: center;\"><a href=\"http:\/\/www.korhanyilmaz.com\/wp-content\/uploads\/2011\/01\/056.jpg\"  class=\"lightview\"><img loading=\"lazy\" decoding=\"async\" class=\"aligncenter size-full wp-image-27272\" src=\"http:\/\/www.korhanyilmaz.com\/wp-content\/uploads\/2011\/01\/056.jpg\" alt=\"\" width=\"412\" height=\"220\" \/><\/a><\/p>\n<p style=\"text-align: justify;\">Ba\u015fbakan Erdo\u011fan,  d\u00fcn TT Arena\u2019daki protestolar hakk\u0131nda konu\u015ftu ve &#8220;Seyrantepe Stad\u0131\u2019n\u0131n A\u2019dan Z\u2019ye yat\u0131r\u0131m\u0131nda, Galatasaray Kul\u00fcb\u00fcn\u00fcn bir Allah kuru\u015fu yoktur&#8221; dedi.<\/p>\n<p style=\"text-align: justify;\">\u0130\u015fte Erdo\u011fan\u2019\u0131n a\u00e7\u0131klamalar\u0131:<\/p>\n<p style=\"text-align: justify;\">\u0130stanbul trafi\u011fine nefes ald\u0131rman\u0131n m\u00fccadelesini veriyoruz. \u0130\u015fte bug\u00fcn de 282.5 milyon TL bedelle yap\u0131lan 28 yeni kav\u015fa\u011f\u0131 \u0130stanbul\u2019un hizmetine al\u0131yoruz. Rayl\u0131 sistemde in\u015faatlar devam ediyor. Hac\u0131osman-4. Levent aras\u0131ndaki yeni metro hatt\u0131m\u0131z 8120 metre uzunlu\u011funda, bunun 5500 metresini, 30 Ocak 2009\u2019da a\u00e7m\u0131\u015ft\u0131k. \u015eimdi sadece Daru\u015f\u015fafaka ve Hac\u0131osman aras\u0131 kald\u0131 onun da in\u015faat\u0131n\u0131 Aral\u0131k ay\u0131nda bitirdik ve bu ay testlere ba\u015fl\u0131yoruz.<!--more--><\/p>\n<p style=\"text-align: justify;\"><strong>Talimat\u0131mla Seyrantepe Stad\u0131\u2019na bir istasyon eklendi. <\/strong><\/p>\n<p style=\"text-align: justify;\">Ben burada yuhlama olaca\u011f\u0131na inanm\u0131yorum \u00e7\u00fcnk\u00fc sizin ferasetinize inan\u0131yorum. Ama bir ger\u00e7e\u011finde bilinmesini istiyorum. Biz hi\u00e7bir zaman \u00fclkemizde ayr\u0131mc\u0131l\u0131ktan yana olmad\u0131k olmayaca\u011f\u0131z.<\/p>\n<p style=\"text-align: justify;\"><strong>STADIN YATIRIMINDA GALATASARAY&#8217;IN KATKISI YOK<\/strong><\/p>\n<p style=\"text-align: justify;\">Biz Galatasaray gibi g\u00fczide bir kul\u00fcb\u00fcm\u00fcz\u00fcn, adeta belli bir yere s\u0131k\u0131\u015fm\u0131\u015f olan, muhte\u015fem bir tesise kavu\u015fmas\u0131n\u0131 gelen talep \u00fczerine yerine getirdik. Merhum \u00d6zhan Canayd\u0131n bana bu talebi getirdi\u011fi zaman olumlu kar\u015f\u0131lad\u0131m.<\/p>\n<p style=\"text-align: justify;\">\u0130haleyi ilk alan firma bu i\u015fi g\u00f6t\u00fcremedi. Biz ne olursa olsun TOK\u0130 olarak bitirece\u011fiz dedik.<\/p>\n<p style=\"text-align: justify;\">Birileri \u00e7\u0131k\u0131yor Seyrantepe Stad\u0131\u2019nda, burada \u015funun \u015funun eme\u011fi var diyor. Seyrantepe Stad\u0131\u2019n\u0131n A\u2019dan Z\u2019ye yat\u0131r\u0131m\u0131nda, Galatasaray Kul\u00fcb\u00fcn\u00fcn bir Allah kuru\u015fu yoktur. Tamam\u0131yla bu tesis TOK\u0130 taraf\u0131ndan yap\u0131lm\u0131\u015ft\u0131r ve Galatasaray Kul\u00fcb\u00fcm\u00fcz\u00fcn de kullanma hakk\u0131 olarak kendisine tahsis edilmi\u015ftir.<\/p>\n<p style=\"text-align: justify;\">\u015eimdi burada ben farkl\u0131 bir kul\u00fcbe, devlet bakan\u0131m farkl\u0131 bir kul\u00fcbe g\u00f6n\u00fcl vermi\u015f olabilir. Ama bunlar\u0131n hepsini biz bir kenara koyduk. Niye? \u00c7\u00fcnk\u00fc Galatasaray bizim beynelminel bir kul\u00fcb\u00fcm\u00fcz ve \u00fclkemizi uluslar aras\u0131 futbolda tan\u0131tm\u0131\u015f bir kul\u00fcb\u00fcm\u00fcz. Buna b\u00f6yle bir yer yak\u0131\u015f\u0131r dedik.<\/p>\n<p style=\"text-align: justify;\"><strong>YATIRIMIN BEDEL\u0130 600 TR\u0130LYON<\/strong><\/p>\n<p style=\"text-align: justify;\">D\u00fcn ak\u015fam resmi a\u00e7\u0131l\u0131\u015f\u0131 yapaca\u011f\u0131z. T\u00fcm oradaki olumsuzluklar sahiplerinindir. Galatasaray camiam\u0131z\u0131 tenzih ediyorum. Onlarda rahats\u0131z olmu\u015ftur. Bizim de \u00fcz\u00fcnt\u00fcm\u00fcz budur. Sadece 310 trilyonluk yat\u0131r\u0131mla kalmad\u0131k, bunun yan\u0131nda gerek metre gerekse oradaki kav\u015fak d\u00fczenlemesiyle birlikte, oradaki yat\u0131r\u0131m\u0131n toplam bedeli 600 trilyonu bulmu\u015ftur. Herhalde b\u00f6yle bir yat\u0131r\u0131m\u0131n kar\u015f\u0131l\u0131\u011f\u0131 bu olmamal\u0131yd\u0131 diye d\u00fc\u015f\u00fcn\u00fcyorum. Ama biz ne diyoruz. At denize bal\u0131k bilmezse halik bilir.<\/p>\n<p style=\"text-align: justify;\">Taksim\u2019den \u00e7\u0131k\u0131p 10 dakikada stada ula\u015f\u0131m. T\u00fcnel ba\u011flant\u0131s\u0131 hepsi var. Burada acaba ka\u00e7 dakikada giderim yok. Taksim\u2019den ben metroya bindi\u011fim zaman ben Seyrantepe Arena\u2019day\u0131m diyorsun. Marmaray bitti\u011fi zaman, Anadolu Yakas\u0131\u2019ndan gelirken zaman\u0131 istedi\u011fin gibi kullanacaks\u0131n.<\/p>\n<p style=\"text-align: justify;\">Bug\u00fcn ayn\u0131 zamanda resmi a\u00e7\u0131l\u0131\u015f\u0131n\u0131 yap\u0131yoruz. Burada d\u00fcnya basketbol \u015fampiyonas\u0131 oynan\u0131rken bu bir fiili durumdu. Resmi a\u00e7\u0131l\u0131\u015f\u0131n\u0131 bug\u00fcn yap\u0131yor.<\/p>\n<p style=\"text-align: justify;\">Biz eser kazand\u0131rman\u0131n pe\u015findeyiz. Biz T\u00fcrkiye\u2019nin meselelerini tek tek \u00e7\u00f6zme gayreti i\u00e7indeyiz. Son bir ay i\u00e7inde, Konya\u2019da onlarca eserin a\u00e7\u0131l\u0131\u015f\u0131n\u0131 yapt\u0131k, Ankara\u2019da Konya h\u0131zl\u0131 tren hatt\u0131n\u0131n test s\u00fcr\u00fc\u015f\u00fcn\u00fc ger\u00e7ekle\u015ftirdik.<\/p>\n<p style=\"text-align: justify;\">Mu\u015f\u2019ta bir kalemde 106 eserin a\u00e7\u0131l\u0131\u015f\u0131n\u0131 yapt\u0131k. Bitlis\u2019te 72 eserin a\u00e7\u0131l\u0131\u015f\u0131n\u0131 yapt\u0131k. Erzurum\u2019da k\u0131\u015f olimpiyatlar\u0131 i\u00e7in eserlerimizi a\u00e7t\u0131k. Kars\u2019a ge\u00e7tik 43 a\u00e7\u0131l\u0131\u015f yapt\u0131k. D\u00fcn Mu\u011fla\u2019dayd\u0131m 33 eser kazand\u0131rd\u0131k.<\/p>\n<p style=\"text-align: justify;\"><strong>&#8220;MUHALEFET BOL BOL LAF \u00dcRET\u0130YOR&#8221;<\/strong><\/p>\n<p style=\"text-align: justify;\">Ak\u015fam saatlerinde de malum Seyrantepe\u2019nin a\u00e7\u0131l\u0131\u015f\u0131n\u0131 yapt\u0131m. Biz b\u00fct\u00fcn bunlar\u0131 yaparken muhalefet ne yap\u0131yor? Bol bol laf \u00fcretiyor. Onlar laf biz eser \u00fcretiyoruz.<\/p>\n<p style=\"text-align: justify;\">Bizi man\u015fetler getirmedi. Biz bu millete efendi olmaya de\u011fil, hizmetkar olmaya geliyoruz dedik.<\/p>\n<p style=\"text-align: justify;\">\u015eimdi ufaktan ufa\u011fa o bedel \u00f6deniyor. Biliyorsunuz, ana muhalefet partisinin kurultay\u0131nda, baz\u0131 gazeteciler ayakkab\u0131lar\u0131n\u0131 \u00e7\u0131kartt\u0131.<\/p>\n<p style=\"text-align: justify;\">Bu gazeteciler alk\u0131\u015fla kalmad\u0131lar. Sonra da genel ba\u015fkanlar\u0131 gibi iftirayla hakaretle k\u00fcf\u00fcrlerle partizanl\u0131klar\u0131n\u0131 g\u00f6sterdiler. \u0130\u015fte ge\u00e7en hafta da \u00f6d\u00fcllerini ald\u0131lar. Ba\u015fbakan\u2019a, bakanlara hakaret eden, bunu da k\u00f6\u015fesinde yazacak kadar ileri giden, ayn\u0131 zamanda bas\u0131n konseyi\u2019nin de ba\u015f\u0131nda olan \u015fah\u0131s ana muhalefet partisinden rozetini ald\u0131.<\/p>\n<p style=\"text-align: justify;\"><strong>CHP \u0130STANBUL \u0130L BA\u015eKANI<\/strong><\/p>\n<p style=\"text-align: justify;\">Kimmi\u015f Canda\u015f medya, kimmi\u015f yanda\u015f medya d\u00f6k\u00fclmeye ba\u015flad\u0131lar. Lime lime d\u00f6k\u00fcl\u00fcyorlar. Hay\u0131rl\u0131 olsun. Bunlar\u0131n hepsi bizim i\u00e7in \u00e7ok g\u00fczel \u015feyler. \u0130stanbul il ba\u015fkanl\u0131\u011f\u0131na da bir atama yapt\u0131lar. O \u015fah\u0131s, 2001-2004 y\u0131llar\u0131 aras\u0131nda TMSF\u2019de g\u00f6rev alm\u0131\u015f. TBMM yolsuzluklar\u0131 ara\u015ft\u0131rma komisyonu bu \u015fah\u0131sla ilgili yolsuzluk yapt\u0131\u011f\u0131 gerek\u00e7esiyle yarg\u0131lanmas\u0131 i\u00e7in rapor haz\u0131rlam\u0131\u015f. Raporun alt\u0131nda kimin imzas\u0131 var biliyor musunuz? O d\u00f6nem CHP milletvekili olan Kemal K\u0131l\u0131\u00e7daro\u011flu. D\u00fcn yolsuzluk yapt\u0131 yarg\u0131lans\u0131n diyorsun, bug\u00fcn partisinin en \u00f6nemli ili olan \u0130stanbul\u2019un il ba\u015fkanl\u0131\u011f\u0131na getiriyorsun.<\/p>\n<p style=\"text-align: justify;\"><strong>MUHALEFET BO\u015eLU\u011eU VAR<\/strong><\/p>\n<p style=\"text-align: justify;\">Ba\u015f\u00f6rt\u00fcs\u00fc dedi ak\u015fam \u00e7ark etti, genel af dedi U d\u00f6n\u00fc\u015f\u00fc yapt\u0131. Mersin\u2019de analar a\u011flas\u0131n diyen arkada\u015f\u0131 i\u00e7in gere\u011fini yaps\u0131n dedi. Havuzlu villa deyip bize sald\u0131rd\u0131. Bir de bakt\u0131k ki beyefendinin havuzlu villas\u0131 ortaya \u00e7\u0131kt\u0131. \u00c7ar\u015faf liste dedi blok liste uygulad\u0131. Su\u00e7ludur yarg\u0131lans\u0131n dedi getirdi il ba\u015fkan\u0131 yapt\u0131.  Halk oylamas\u0131nda herkesi hay\u0131r demeye \u00e7a\u011f\u0131rd\u0131, kendisi bile oy kullanamad\u0131.<\/p>\n<p style=\"text-align: justify;\">En son yapt\u0131\u011f\u0131n\u0131 g\u00f6rd\u00fcn\u00fcz de\u011fil mi? RT\u00dcK kanunun 25. maddesinden dolay\u0131 h\u0131z\u0131n\u0131 alam\u0131yor bize hakaret edemiyor. 25. maddenin CHP\u2019nin koalisyonu zaman\u0131nda yasaya kondu\u011funu bilmiyor. CHP\u2019nin genel ba\u015fkan\u0131 t\u00fcm o \u00fcf\u00fcrmelere ra\u011fmen tutarl\u0131l\u0131k g\u00f6r\u00fcnt\u00fcs\u00fc vermiyor. Biz her zaman s\u00f6yl\u00fcyoruz, T\u00fcrkiye\u2019de muhalefet bo\u015flu\u011fu var. Onun i\u00e7in yalan \u00fcretiyor, iftira \u00fcretiyor. Biz her zamanki gibi takdiri y\u00fcce milletimize b\u0131rak\u0131yoruz.<\/p>\n<p style=\"text-align: justify;\"><strong>&#8220;\u0130STANBUL G\u00d6Z BEBE\u011e\u0130M\u0130Z&#8221;<\/strong><\/p>\n<p style=\"text-align: justify;\">Benim milletim Haziran geldi\u011finde sand\u0131k kuruldu\u011funda kendisine hizmet edenle iftira \u00fcreteni en iyi \u015fekilde ay\u0131rt edecektir.<\/p>\n<p style=\"text-align: justify;\">\u0130stanbul bizim g\u00f6z bebe\u011fimiz. \u0130stanbul bizim a\u015fk\u0131m\u0131z, sevdam\u0131z. \u0130stanbul T\u00fcrkiye\u2019nin \u00f6zeti. Biz \u0130stanbul\u2019da edindi\u011fimiz tecr\u00fcbeyle 81 vilayetin hizmetkar\u0131 olduk.<\/p>\n<p style=\"text-align: justify;\"><strong>\u0130STANBUL SEVG\u0130S\u0130<\/strong><\/p>\n<p style=\"text-align: justify;\">Erdo\u011fan, Sinan Erdem Kapal\u0131 Spor Salonu&#8217;nda d\u00fczenlenen \u0130stanbul B\u00fcy\u00fck\u015fehir Belediyesinin 28 kav\u015fak ve yol, 3 spor salonu, 2 metro istasyonu ve 3 adet stad\u0131n ba\u011flant\u0131 t\u00fcneli toplu a\u00e7\u0131l\u0131\u015f t\u00f6reninde yapt\u0131\u011f\u0131 konu\u015fmada, &#8221;\u0130stanbul bizim g\u00f6z bebe\u011fimiz, a\u015fk\u0131m\u0131z, sevdam\u0131z. \u0130stanbul, T\u00fcrkiye&#8217;nin \u00f6zeti. Biz, \u0130stanbul&#8217;da edindi\u011fimiz tecr\u00fcbe ile 81 vilayetin hizmetkar\u0131, 780 bin kilometrekarenin hizmetkar\u0131 olduk. Bizim bug\u00fcn t\u00fcm T\u00fcrkiye&#8217;yi, nak\u0131\u015f nak\u0131\u015f, ilmek ilmek hizmetle donatmam\u0131z, emin olunuz \u0130stanbul&#8217;dan ald\u0131\u011f\u0131m\u0131z ilham\u0131n bir neticesidir&#8221; diye konu\u015ftu. Erdo\u011fan, \u0130stanbul&#8217;un sanat\u0131n \u015fehri, \u015faheserler \u015fehri oldu\u011funu dile getirdi.<\/p>\n<p style=\"text-align: justify;\">\u0130stanbul&#8217;un, kendisinin bizatihi \u015faheser oldu\u011fu kadar, d\u00fcnya harikalar\u0131na, d\u00fcnyan\u0131n en g\u00fczel mimari eserlerine, sanata, sanat\u00e7\u0131ya kucak a\u00e7an, ilham veren bir \u015fehir oldu\u011funu vurgulayan Ba\u015fbakan Erdo\u011fan, s\u00f6zlerini \u015f\u00f6yle s\u00fcrd\u00fcrd\u00fc:<\/p>\n<p style=\"text-align: justify;\">&#8221;4,5 y\u0131l \u0130stanbul&#8217;a belediye ba\u015fkanl\u0131\u011f\u0131 yapt\u0131m. Sizler o d\u00f6nemin \u015fahitlerisiniz. Soruyorum, kimin ya\u015fam tarz\u0131na kar\u0131\u015ft\u0131k? Kimin giyimine, ku\u015fam\u0131na, yemesine, i\u00e7mesine kar\u0131\u015ft\u0131k? 4,5 y\u0131lda biz bu \u015fehirde hangi heykeli y\u0131kt\u0131k, hangi sanat eserinin \u00fczerini \u00f6rtt\u00fck? Yoksa tam tersine, bizim d\u00f6nemimizde \u0130stanbul, sanat\u0131n da, sanat eserinin de, sanat\u00e7\u0131n\u0131n da y\u00fcceltildi\u011fi, itibar kazand\u0131\u011f\u0131 bir \u015fehir haline mi d\u00f6n\u00fc\u015ft\u00fc? Ayn\u0131 \u015fekilde, 7,5 y\u0131l\u0131 a\u015fk\u0131n zamand\u0131r bu millete ba\u015fbakan olarak hizmet etme \u015ferefine nail olduk. Bu s\u00fcre boyunca T\u00fcrkiye&#8217;de kimin ya\u015fam tarz\u0131na, giyimine, ku\u015fam\u0131na, yemesine i\u00e7mesine kar\u0131\u015ft\u0131k? \u015eu \u0130stanbul&#8217;da, sanata yapt\u0131\u011f\u0131m\u0131z yat\u0131r\u0131mlar\u0131, k\u00fclt\u00fcr miras\u0131na kazand\u0131rd\u0131\u011f\u0131m\u0131z sanat eserlerini, sanat organizasyonlar\u0131n\u0131 \u015f\u00f6yle alt alta koysan\u0131z, uzun mu uzun bir liste ortaya \u00e7\u0131kar.&#8221;<\/p>\n<p style=\"text-align: justify;\">AK Parti H\u00fck\u00fcmeti d\u00f6neminde, T\u00fcrkiye genelinde 5 bine yak\u0131n vak\u0131f eserini restore ettiklerini, onard\u0131klar\u0131n\u0131 ve k\u00fclt\u00fcr miras\u0131na, d\u00fcnya k\u00fclt\u00fcr miras\u0131na kazand\u0131rd\u0131klar\u0131n\u0131 belirten Erdo\u011fan, sadece \u00fclke s\u0131n\u0131rlar\u0131 i\u00e7indekileri de\u011fil, yery\u00fcz\u00fcne da\u011f\u0131lm\u0131\u015f eserleri de tek tek bulduklar\u0131n\u0131, onard\u0131klar\u0131n\u0131 ve hizmete a\u00e7t\u0131klar\u0131n\u0131 s\u00f6yledi.<\/p>\n<p style=\"text-align: justify;\">Erdo\u011fan, en son, bir bayram sabah\u0131, restorasyonu tamamlanan S\u00fcleymaniye Camisini tekrar ibadete a\u00e7t\u0131klar\u0131n\u0131 an\u0131msatt\u0131.<\/p>\n<p style=\"text-align: justify;\"><strong>KARS&#8217;TAK\u0130 HEYKEL TARTI\u015eMASI<\/strong><\/p>\n<p style=\"text-align: justify;\">Kars&#8217;taki, heykelle ilgili s\u00f6zleri, bir toplu a\u00e7\u0131l\u0131\u015f t\u00f6reninde ifade etti\u011fini belirten Erdo\u011fan, \u015funlar\u0131 kaydetti:<\/p>\n<p style=\"text-align: justify;\">&#8221;Kars&#8217;ta o g\u00fcn 43 farkl\u0131 eserin a\u00e7\u0131l\u0131\u015f\u0131n\u0131 yapt\u0131k. O eserler i\u00e7inde ne vard\u0131 biliyor musunuz? Ani Harabeleri i\u00e7inde yer alan, Tigran Honest Ermeni Kilisesi vard\u0131 ve yine ayn\u0131 yerde Menucehr Camisinin restorasyonlar\u0131 vard\u0131. Orada 8 cami, 8 kilise bulunuyor ve biz, bu h\u00fck\u00fcmet, onlar\u0131n tamam\u0131n\u0131 restore ediyoruz. Bizde ayr\u0131mc\u0131l\u0131k yok. Bunlar\u0131 biz zenginli\u011fimiz olarak g\u00f6r\u00fcyoruz. Bize bu ele\u015ftirileri g\u00f6nderenler, hatta daha ileri gidip hakaret edenler Allahualem bir kere gidip, bu Kars&#8217;taki &#8216;ucube&#8217; diye nitelendirdi\u011fim o eseri g\u00f6rm\u00fc\u015f de\u011filler ve g\u00f6rmeden konu\u015fuyorlar, duyduklar\u0131yla konu\u015fuyorlar.&#8221;<\/p>\n<p style=\"text-align: justify;\">Kars&#8217;\u0131n \u015fu andaki belediye ba\u015fkan\u0131ndan \u00f6nceki belediye ba\u015fkan\u0131n\u0131n, AK Parti&#8217;den oldu\u011funu hat\u0131rlatan Erdo\u011fan, \u015funlar\u0131 s\u00f6yledi:<\/p>\n<p style=\"text-align: justify;\">&#8221;Biz belediye ba\u015fkan\u0131 yapmad\u0131k. Niye yapmad\u0131k? \u00c7\u00fcnk\u00fc orada b\u00f6yle bir eserin yap\u0131lmas\u0131n\u0131 istemedik. 1,2 trilyon. Arkada\u015f, \u00f6ncelikler denilen bir \u015fey vard\u0131r yat\u0131r\u0131mda. Kars&#8217;\u0131n bunlardan \u00f6nce alt yap\u0131ya, \u00fcst yap\u0131ya ihtiyac\u0131 var. Sen gel \u00f6nce onlar\u0131 yap. Kald\u0131 ki \u00f6zellikle Seyit Hasan El Harakani Hazretleri&#8217;nin oldu\u011fu yerdeki cami, t\u00fcrbesi, etraf\u0131ndaki t\u00fcm camiler, k\u00fct\u00fcphaneler, tabyalar&#8230; Oras\u0131 sava\u015f g\u00f6rm\u00fc\u015f bir yer ve bunlar\u0131n hepsini yok farz ediyorsun, en tepe noktaya bu eserin in\u015fa edilmesine m\u00fcsaade ediyorsun. Kald\u0131 ki bunun yap\u0131m\u0131na da Erzurum Tarih Tabiat Varl\u0131klar\u0131 Kurulu izin vermiyor. Bak\u0131n \u015fimdi de y\u0131k\u0131m\u0131 var, gere\u011fi yap\u0131lacak.&#8221;<\/p>\n<p style=\"text-align: justify;\"><strong>&#8221;DAHA M\u00dcSA\u0130T B\u0130R YER BULAB\u0130L\u0130RLER&#8221;<\/strong><\/p>\n<p style=\"text-align: justify;\">Erdo\u011fan, s\u00f6z konusu heykelle ilgili olarak, &#8221;\u0130zmir&#8217;den Kar\u015f\u0131yaka buna talip olmu\u015f, buyursun als\u0131n. Onlar daha uygun, m\u00fcsait bir yer bulabilirler oraya yerle\u015ftirsinler, oraya in\u015fa etsinler. Biz neyi nerede in\u015fa edece\u011fimizi, k\u0131l\u0131 k\u0131rk yararak dikkatle yap\u0131yoruz&#8221; dedi.<\/p>\n<p style=\"text-align: justify;\">Yine Kars&#8217;ta Sel\u00e7uklu Saray\u0131&#8217;n\u0131 da elden ge\u00e7irdiklerini, restore ettiklerini, g\u00fc\u00e7lendirdiklerini ve onun da a\u00e7\u0131l\u0131\u015f\u0131n\u0131 yapt\u0131klar\u0131n\u0131 ifade eden Erdo\u011fan, &#8221;Bu eserin banisi bana ak\u0131l veriyor. &#8216;Siz oradaki i\u015fsizli\u011fi giderin&#8217; diyor. Biz sana i\u015f bulmaya mecbur de\u011filiz. \u00c7ok i\u015fsiz kalm\u0131\u015fs\u0131n galiba, gidip benim o tarihi eserlerimi g\u00f6lgede b\u0131rakacak yerde bunu in\u015fa ediyorsun. 1,2 trilyon. Kusura bakma&#8230; Ben bunlar\u0131 konu\u015fmamda da ifade ettim. Bunlar\u0131 kimse g\u00f6rmedi, g\u00f6rmez. Bunlara kimse dikkat etmedi, etmez&#8230; Neden? \u00c7\u00fcnk\u00fc i\u015flerine gelmez. Bizim, topraklar\u0131m\u0131z \u00fczerindeki \u015faheserlere sahip \u00e7\u0131kmam\u0131z bunlar\u0131 ilgilendirmiyor. Cumhuriyet tarihinin en kapsaml\u0131 restorasyonlar\u0131n\u0131 yap\u0131yoruz, bununla ilgilenmiyorlar. K\u00fclt\u00fcre, sanata, sanat eserine, sanat\u00e7\u0131ya en parlak d\u00f6nemlerini ya\u015fat\u0131yoruz, bunu kabullenmiyorlar. Neden biliyor musunuz? AK Parti iktidar\u0131 yap\u0131yor diye.&#8221;<\/p>\n<p style=\"text-align: justify;\">Erdo\u011fan, &#8221;Orada, Kars&#8217;\u0131n siluetini bozan, oradaki tarihi eserlere, ecdat yadigar\u0131 bataryalara zarar veren heykel \u00fczerinden, g\u00fcya bizi y\u0131pratacaklar. Kusura bakma, \u015fu anda Kars halk\u0131 bile isyanda. &#8216;Bir an \u00f6nce bunu buradan kald\u0131r\u0131n&#8217; diyorlar&#8221; diye konu\u015ftu.<\/p>\n<p style=\"text-align: justify;\"><strong>T\u00dcT\u00dcN MAMULLER\u0130 VE ALKOLL\u00dc \u0130\u00c7ECEKLER\u0130N SATI\u015eINA Y\u00d6NEL\u0130K Y\u00d6NETMEL\u0130K<\/strong><\/p>\n<p style=\"text-align: justify;\">Ba\u015fbakan Erdo\u011fan, T\u00fct\u00fcn Mamulleri ve Alkoll\u00fc \u0130\u00e7eceklerin Sat\u0131\u015f\u0131na Y\u00f6nelik Y\u00f6netmeli\u011fe ili\u015fkin, &#8221;Bunun ele\u015ftirisini yapanlar, siz hani Amerika&#8217;y\u0131 \u00e7ok iyi tan\u0131yordunuz? Avrupa Birli\u011fi \u00fcyesi \u00fclkeleri \u00e7ok iyi tan\u0131yordunuz? Oralardaki standartlara bir bak\u0131n. Ka\u00e7 ya\u015f\u0131ndaki \u00e7ocuk veya gen\u00e7 bir marketten gidip alkoll\u00fc i\u00e7ki alabilir. Gelen yasak bunlarad\u0131r. 21 ya\u015f\u0131n alt\u0131nda sat\u0131n alamazs\u0131n. Bunu ben s\u00f6ylemiyorum, bunu d\u00fcnya yap\u0131yor. Ama ne diyorlar, &#8216;bunlar bunlar\u0131 yasakl\u0131yor, tamamen kald\u0131r\u0131yor&#8217;. B\u0131rak bu yalanlar\u0131, d\u00fcr\u00fcst ol d\u00fcr\u00fcst. Benim b\u00f6yle bir hesab\u0131m yok&#8221; diye konu\u015ftu.<\/p>\n<p style=\"text-align: justify;\">\u0130stanbul&#8217;da 4,5 y\u0131l belediye ba\u015fkanl\u0131\u011f\u0131 yapt\u0131\u011f\u0131n\u0131, ayn\u0131 zihniyetin &#8221;Bunlar trenleri kad\u0131n-erkek diye ay\u0131racaklar&#8221; dedi\u011fini dile getiren Erdo\u011fan, &#8221;(Otob\u00fcsleri ay\u0131racaklar) dediler, ayr\u0131ld\u0131 m\u0131? (Trenlerden insanlar\u0131 atacaklar) dediler at\u0131ld\u0131 m\u0131? Pendik&#8217;te bir kaza oldu, (\u0130\u015fte bak g\u00f6rd\u00fcn\u00fcz m\u00fc? K\u0131z\u0131 trenden att\u0131lar) dediler. Bu medya o g\u00fcnk\u00fc medya, de\u011fi\u015fen bir \u015fey yok&#8221; ifadesini kulland\u0131.<\/p>\n<p style=\"text-align: justify;\"><strong>&#8221;M\u0130LLET GER\u00c7EKLER\u0130 B\u0130L\u0130YOR&#8221;<\/strong><\/p>\n<p style=\"text-align: justify;\">Milletin ger\u00e7ekleri, do\u011fruyu bildi\u011fini, bu kadronun, bu milletin hizmetkar\u0131 oldu\u011funu ifade eden Erdo\u011fan, \u015funlar\u0131 kaydetti:<\/p>\n<p style=\"text-align: justify;\">&#8221;Biz do\u011fruyu yapmaya devam edece\u011fiz. Milletimizin menfaatine olan d\u00fczenlemeleri yap\u0131yoruz. Ne d\u00fczenlemeyi okurlar, ne ileri demokrasilerdeki duruma bakarlar ve f\u0131rsat\u00e7\u0131 bir anlay\u0131\u015fla &#8216;h\u00fck\u00fcmeti nas\u0131l y\u0131prat\u0131r\u0131z&#8217;, bunun gayreti i\u00e7ine girerler. Ne yaparlarsa yaps\u0131nlar, hangi \u00e7irkin kampanyay\u0131 y\u00fcr\u00fct\u00fcrlerse y\u00fcr\u00fcts\u00fcnler, hangi tezgah\u0131 kurarlarsa kursunlar, benim milletim neyin ne oldu\u011funu \u00e7ok iyi biliyor. Benim milletim bu tezgahlar\u0131 iyi g\u00f6r\u00fcyor, organizasyonu, kampanyay\u0131 g\u00f6r\u00fcyor.<\/p>\n<p style=\"text-align: justify;\">Benim milletim, kimin \u00f6zg\u00fcrl\u00fckleri geni\u015fletmek i\u00e7in cesur ad\u0131mlar att\u0131\u011f\u0131n\u0131, kimin de yasaklar\u0131 savundu\u011funu, yasaklara s\u0131\u011f\u0131nd\u0131\u011f\u0131n\u0131 g\u00f6r\u00fcyor ve \u00e7ok iyi biliyor. Biz bu oyunu bozaca\u011f\u0131z, milletim bu oyunu bozacak.&#8221;<\/p>\n<p style=\"text-align: justify;\">Erdo\u011fan, bug\u00fcn \u0130stanbul&#8217;a kazand\u0131rd\u0131klar\u0131 36 eserin hay\u0131rl\u0131 olmas\u0131n\u0131 diledi ve eme\u011fi ge\u00e7enleri kutlad\u0131.<\/p>\n<p style=\"text-align: justify;\">Ba\u015fbakan Erdo\u011fan, konu\u015fmas\u0131n\u0131n ard\u0131ndan 6 il\u00e7eyle kurulan canl\u0131 ba\u011flant\u0131yla, Devlet Bakan\u0131 Hayati Yaz\u0131c\u0131, Devlet Bakan\u0131 ve Ba\u015fm\u00fczakereci Egemen Ba\u011f\u0131\u015f, Devlet Bakan\u0131 Faruk Naf\u0131z \u00d6zak, \u0130stanbul Valisi H\u00fcseyin Avni Mutlu, \u0130stanbul B\u00fcy\u00fck\u015fehir Belediye Ba\u015fkan\u0131 Kadir Topba\u015f ve AK Parti milletvekilleriyle, hizmete al\u0131nan tesislerin toplu a\u00e7\u0131l\u0131\u015f\u0131n\u0131 ger\u00e7ekle\u015ftirdi.<\/p>\n<p style=\"text-align: justify;\"><a href=\"http:\/\/www.gazeteport.com.tr\/SIYASET\/NEWS\/GP_836474\" target=\"_blank\"><span style=\"color: #888888;\">Kaynak : GAZETEPORT<\/span><\/a><\/p>\n","protected":false},"excerpt":{"rendered":"<p style=\"text-align: center;\">\n<p style=\"text-align: justify;\">Ba\u015fbakan Erdo\u011fan, d\u00fcn TT Arena\u2019daki protestolar hakk\u0131nda konu\u015ftu ve &#8220;Seyrantepe Stad\u0131\u2019n\u0131n A\u2019dan Z\u2019ye yat\u0131r\u0131m\u0131nda, Galatasaray Kul\u00fcb\u00fcn\u00fcn bir Allah kuru\u015fu yoktur&#8221; dedi.<\/p>\n<p style=\"text-align: justify;\">\u0130\u015fte Erdo\u011fan\u2019\u0131n a\u00e7\u0131klamalar\u0131:<\/p>\n<p style=\"text-align: justify;\">\u0130stanbul trafi\u011fine nefes ald\u0131rman\u0131n m\u00fccadelesini veriyoruz. \u0130\u015fte bug\u00fcn de 282.5 milyon TL bedelle yap\u0131lan 28 yeni kav\u015fa\u011f\u0131 \u0130stanbul\u2019un hizmetine al\u0131yoruz. Rayl\u0131 sistemde <\/p>\n","protected":false},"author":1,"featured_media":0,"comment_status":"open","ping_status":"closed","sticky":false,"template":"","format":"standard","meta":{"footnotes":""},"categories":[105],"tags":[],"class_list":["post-27271","post","type-post","status-publish","format-standard","hentry","category-gundem","odd"],"_links":{"self":[{"href":"http:\/\/www.korhanyilmaz.com\/index.php?rest_route=\/wp\/v2\/posts\/27271","targetHints":{"allow":["GET"]}}],"collection":[{"href":"http:\/\/www.korhanyilmaz.com\/index.php?rest_route=\/wp\/v2\/posts"}],"about":[{"href":"http:\/\/www.korhanyilmaz.com\/index.php?rest_route=\/wp\/v2\/types\/post"}],"author":[{"embeddable":true,"href":"http:\/\/www.korhanyilmaz.com\/index.php?rest_route=\/wp\/v2\/users\/1"}],"replies":[{"embeddable":true,"href":"http:\/\/www.korhanyilmaz.com\/index.php?rest_route=%2Fwp%2Fv2%2Fcomments&post=27271"}],"version-history":[{"count":0,"href":"http:\/\/www.korhanyilmaz.com\/index.php?rest_route=\/wp\/v2\/posts\/27271\/revisions"}],"wp:attachment":[{"href":"http:\/\/www.korhanyilmaz.com\/index.php?rest_route=%2Fwp%2Fv2%2Fmedia&parent=27271"}],"wp:term":[{"taxonomy":"category","embeddable":true,"href":"http:\/\/www.korhanyilmaz.com\/index.php?rest_route=%2Fwp%2Fv2%2Fcategories&post=27271"},{"taxonomy":"post_tag","embeddable":true,"href":"http:\/\/www.korhanyilmaz.com\/index.php?rest_route=%2Fwp%2Fv2%2Ftags&post=27271"}],"curies":[{"name":"wp","href":"https:\/\/api.w.org\/{rel}","templated":true}]}}