{"id":27266,"date":"2011-01-16T00:45:41","date_gmt":"2011-01-15T22:45:41","guid":{"rendered":"http:\/\/www.korhanyilmaz.com\/?p=27266"},"modified":"2011-01-16T00:45:41","modified_gmt":"2011-01-15T22:45:41","slug":"erdogan-4-ay-once-de-isliklanmisti","status":"publish","type":"post","link":"http:\/\/www.korhanyilmaz.com\/?p=27266","title":{"rendered":"Erdo\u011fan, 4 AY \u00f6nce de ISLIKLANMI\u015eTI"},"content":{"rendered":"<p style=\"text-align: center;\"><a href=\"http:\/\/www.korhanyilmaz.com\/wp-content\/uploads\/2011\/01\/055.jpg\"  class=\"lightview\"><img loading=\"lazy\" decoding=\"async\" class=\"aligncenter size-full wp-image-27267\" src=\"http:\/\/www.korhanyilmaz.com\/wp-content\/uploads\/2011\/01\/055.jpg\" alt=\"\" width=\"429\" height=\"192\" \/><\/a><\/p>\n<p style=\"text-align: justify;\">Galatasaray&#8217;\u0131n yeni stad\u0131 T\u00fcrk Telekom Arena&#8217;n\u0131n a\u00e7\u0131l\u0131\u015f\u0131na Ba\u015fbakan Recep Tayyip Erdo\u011fan&#8217;a taraftarlar\u0131n protestosu damga vurdu. Protestolar nedeniyle Ba\u015fbakan Recep Tayyip Erdo\u011fan, bakanlar ve TFF Ba\u015fkan\u0131 Mahmut \u00d6zgener ile t\u00fcm kul\u00fcp ba\u015fkanlar\u0131 T\u00fcrk Telekom Arena Stad\u0131&#8217;n\u0131 terk etti. Ama bu ba\u015fbakan Erdo\u011fan i\u00e7in ilk olan bir\u015fey de\u011fildi..<!--more--><\/p>\n<p style=\"text-align: justify;\">12 Eyl\u00fcl 2010 tarihinde Sinan Erdem Spor Salonu&#8217;nda oynanan T\u00fcrkiye ABD d\u00fcnya Basketbol \u015eampiyonas\u0131&#8217;nda da b\u00f6yle bir durumla kar\u015f\u0131la\u015fm\u0131\u015ft\u0131.<\/p>\n<p style=\"text-align: justify;\">Basketbol \u015eampiyonas\u0131&#8217;ndan 1 hafta \u00f6nce Ankara&#8217;daki \u00e7al\u0131\u015fmalar\u0131 s\u0131ras\u0131nda basketbolcular\u0131m\u0131z\u0131 ziyaret eden Erdo\u011fan&#8217;\u0131n yan\u0131nda federasyon ba\u015fkan\u0131 Turgay Demirel b\u00fcy\u00fck bir gafa imza atm\u0131\u015ft\u0131. 12 Eyl\u00fcl 2010&#8217;da yap\u0131lan evet-hay\u0131r referandumu, basketbol \u015fampiyonas\u0131n\u0131n final tarihi ile \u00e7ak\u0131\u015f\u0131nca Demirel de f\u0131rsat\u0131 ka\u00e7\u0131rmad\u0131.<\/p>\n<p style=\"text-align: justify;\">Erdo\u011fan&#8217;\u0131n yan\u0131na yakla\u015f\u0131p, &#8220;\u0130n\u015fallah 12 Eyl\u00fcl&#8217;de \u00e7ifte zafer&#8221; ifadesini kulland\u0131. Kamuoyunda ve medyada b\u00fcy\u00fck yank\u0131 uyand\u0131ran bu olaydan sonra final g\u00fcn\u00fc geldi \u00e7att\u0131. Referandum&#8217;da Ba\u015fbakan Erdo\u011fan istedi\u011fini alm\u0131\u015f bir \u015fekilde ayn\u0131 gece oynanan T\u00fcrkiye -ABD final ma\u00e7\u0131 i\u00e7in Sinan Erdem&#8217;de yerini ald\u0131.<\/p>\n<p style=\"text-align: justify;\"><strong>MADALYA SEREMON\u0130S\u0130NDE ISLIKLARLA PROTESTO ED\u0130LM\u0130\u015eT\u0130 <\/strong><\/p>\n<p style=\"text-align: justify;\">Final ma\u00e7\u0131n\u0131 Cumhurba\u015fkan\u0131 Abdullah G\u00fcl, S\u0131rbistan Devlet Ba\u015fkan\u0131 Boris Tadi\u00e7, T\u00fcrkiye B\u00fcy\u00fck Millet Meclisi (TBMM) Ba\u015fkan\u0131 Mehmet Ali \u015eahin ve Ba\u015fbakan Recep Tayyip Erdo\u011fan birlikte izlemi\u015fti. Referandumun sonu\u00e7lanmas\u0131n\u0131n ard\u0131ndan bir konu\u015fma yapan Ba\u015fbakan Erdo\u011fan daha sonra ma\u00e7 ba\u015flarken e\u015fi Emine Erdo\u011fan ile birlikte salona gelip, Cumhurba\u015fkan\u0131 G\u00fcl\u2019\u00fcn yan\u0131na oturarak, ayn\u0131 locadan ma\u00e7\u0131 izlemi\u015f, bu arada G\u00fcl ve Erdo\u011fan ma\u00e7 sonras\u0131 seremonide \u2018ilk \u00fc\u00e7 tak\u0131m\u2019a \u00f6d\u00fcl verirken salondaki seyirciler taraf\u0131ndan \u0131sl\u0131klanm\u0131\u015ft\u0131.<\/p>\n<p style=\"text-align: justify;\"><a href=\"http:\/\/www.gazeteport.com.tr\/SPOR\/NEWS\/GP_836214\" target=\"_blank\"><span style=\"color: #888888;\">GAZETEPORT<\/span><\/a><\/p>\n","protected":false},"excerpt":{"rendered":"<p style=\"text-align: center;\">\n<p style=\"text-align: justify;\">Galatasaray&#8217;\u0131n yeni stad\u0131 T\u00fcrk Telekom Arena&#8217;n\u0131n a\u00e7\u0131l\u0131\u015f\u0131na Ba\u015fbakan Recep Tayyip Erdo\u011fan&#8217;a taraftarlar\u0131n protestosu damga vurdu. Protestolar nedeniyle Ba\u015fbakan Recep Tayyip Erdo\u011fan, bakanlar ve TFF Ba\u015fkan\u0131 Mahmut \u00d6zgener ile t\u00fcm kul\u00fcp ba\u015fkanlar\u0131 T\u00fcrk Telekom Arena Stad\u0131&#8217;n\u0131 terk etti. Ama bu ba\u015fbakan Erdo\u011fan i\u00e7in ilk olan bir\u015fey de\u011fildi..<\/p>\n","protected":false},"author":1,"featured_media":0,"comment_status":"open","ping_status":"closed","sticky":false,"template":"","format":"standard","meta":{"footnotes":""},"categories":[105],"tags":[],"class_list":["post-27266","post","type-post","status-publish","format-standard","hentry","category-gundem","odd"],"_links":{"self":[{"href":"http:\/\/www.korhanyilmaz.com\/index.php?rest_route=\/wp\/v2\/posts\/27266","targetHints":{"allow":["GET"]}}],"collection":[{"href":"http:\/\/www.korhanyilmaz.com\/index.php?rest_route=\/wp\/v2\/posts"}],"about":[{"href":"http:\/\/www.korhanyilmaz.com\/index.php?rest_route=\/wp\/v2\/types\/post"}],"author":[{"embeddable":true,"href":"http:\/\/www.korhanyilmaz.com\/index.php?rest_route=\/wp\/v2\/users\/1"}],"replies":[{"embeddable":true,"href":"http:\/\/www.korhanyilmaz.com\/index.php?rest_route=%2Fwp%2Fv2%2Fcomments&post=27266"}],"version-history":[{"count":0,"href":"http:\/\/www.korhanyilmaz.com\/index.php?rest_route=\/wp\/v2\/posts\/27266\/revisions"}],"wp:attachment":[{"href":"http:\/\/www.korhanyilmaz.com\/index.php?rest_route=%2Fwp%2Fv2%2Fmedia&parent=27266"}],"wp:term":[{"taxonomy":"category","embeddable":true,"href":"http:\/\/www.korhanyilmaz.com\/index.php?rest_route=%2Fwp%2Fv2%2Fcategories&post=27266"},{"taxonomy":"post_tag","embeddable":true,"href":"http:\/\/www.korhanyilmaz.com\/index.php?rest_route=%2Fwp%2Fv2%2Ftags&post=27266"}],"curies":[{"name":"wp","href":"https:\/\/api.w.org\/{rel}","templated":true}]}}