{"id":27262,"date":"2011-01-15T21:24:44","date_gmt":"2011-01-15T19:24:44","guid":{"rendered":"http:\/\/www.korhanyilmaz.com\/?p=27262"},"modified":"2011-01-15T21:24:44","modified_gmt":"2011-01-15T19:24:44","slug":"arenada-basbakani-konusturmadilar","status":"publish","type":"post","link":"http:\/\/www.korhanyilmaz.com\/?p=27262","title":{"rendered":"Arena&#8217;da Ba\u015fbakan&#8217;\u0131 konu\u015fturmad\u0131lar"},"content":{"rendered":"<p style=\"text-align: justify;\"><a href=\"http:\/\/www.korhanyilmaz.com\/wp-content\/uploads\/2011\/01\/054.jpg\"  class=\"lightview\"><img loading=\"lazy\" decoding=\"async\" class=\"aligncenter size-full wp-image-27263\" src=\"http:\/\/www.korhanyilmaz.com\/wp-content\/uploads\/2011\/01\/054.jpg\" alt=\"\" width=\"448\" height=\"231\" \/><\/a><\/p>\n<p style=\"text-align: justify;\">Ali Sami Yen TT Arena Stad\u0131&#8217;n\u0131n a\u00e7\u0131l\u0131\u015f\u0131na kat\u0131lan Ba\u015fbakan Recep Tayyip Erdo\u011fan protesto edildi.<\/p>\n<p style=\"text-align: justify;\">\u0130STANBUL &#8211; Ba\u015fbakan Recep Tayyip Erdo\u011fan, a\u00e7\u0131l\u0131\u015f\u0131 i\u00e7in geldi\u011fi T\u00fcrk Telekom Arena Stadyumu&#8217;nda taraftarlar\u0131n \u0131sl\u0131kl\u0131 protestolar\u0131 \u00fczerine stad\u0131 erken tek etti. Ba\u015fbakan&#8217;\u0131n ard\u0131ndan protestolar\u0131n hedefindeki Adnan Polat da G.Saray-Ajax ma\u00e7\u0131n\u0131 beklemeden stattan ayr\u0131ld\u0131. <!--more--><\/p>\n<p style=\"text-align: justify;\"><strong>MUHTE\u015eEM A\u00c7ILI\u015eA G\u00d6LGE D\u00dc\u015eT\u00dc <\/strong><\/p>\n<p style=\"text-align: justify;\">Galatasaray&#8217;\u0131n yeni stad\u0131 Ali Sami Yen-TT Arena g\u00f6rkemli bir \u015fekilde a\u00e7\u0131l\u0131\u015f\u0131 yap\u0131ld\u0131. A\u00e7\u0131l\u0131\u015fa damga vuran ise taraftarlar\u0131n Ba\u015fbakan ve TOK\u0130 aleyhine g\u00f6sterdi\u011fi tepkiler oldu.<\/p>\n<p style=\"text-align: justify;\">Galatasaray Kul\u00fcb\u00fc Ba\u015fkan\u0131 Adnan Polat&#8217;\u0131n konu\u015fmas\u0131 ve anons s\u0131ras\u0131nda Ba\u015fbakan&#8217;\u0131n ad\u0131n\u0131n ge\u00e7ti\u011fi her yerde stattan u\u011fultular, \u0131sl\u0131klar ve yuhalanmalar y\u00fckseldi.<\/p>\n<p style=\"text-align: justify;\">Erdo\u011fan, a\u00e7\u0131l\u0131\u015f\u0131 i\u00e7in geldi\u011fi T\u00fcrk Telekom Arena Stadyumu&#8217;nda taraftarlar\u0131n \u0131sl\u0131kl\u0131 protestolar\u0131 \u00fczerine stad\u0131 erken tek etti.<\/p>\n<p style=\"text-align: justify;\">Erdo\u011fan&#8217;\u0131n stada giri\u015finde isminin anons edildi\u011fi s\u0131rada baz\u0131 taraftarlar \u0131sl\u0131kl\u0131 protesto etti. Erdo\u011fan&#8217;\u0131n yerine oturmas\u0131n\u0131n ard\u0131ndan Galatasaray Ba\u015fkan\u0131 Adnan Polat a\u00e7\u0131l\u0131\u015f konu\u015fmas\u0131 yapt\u0131.<\/p>\n<p style=\"text-align: justify;\">Polat&#8217;\u0131n ard\u0131ndan konu\u015fmalar TOK\u0130 Ba\u015fkan\u0131 Erdo\u011fan Bayraktar ile devam etti. Bayraktar&#8217;\u0131n konu\u015fmalar\u0131 s\u0131ras\u0131nda da \u0131sl\u0131kl\u0131 protestosuna devam eden taraftarlar, TOK\u0130 Ba\u015fkan\u0131&#8217;n\u0131n Ba\u015fbakan Erdo\u011fan&#8217;a te\u015fekk\u00fcr s\u00f6zleri s\u0131ras\u0131nda protestolar\u0131n\u0131 y\u00fckseltti.<\/p>\n<p style=\"text-align: justify;\">Bunun \u00fczerine Ba\u015fbakan Erdo\u011fan stadyumdan ayr\u0131ld\u0131. Ba\u015fbakan Erdo\u011fan&#8217;\u0131 \u00e7\u0131k\u0131\u015fta Galatasaray Ba\u015fkan\u0131 Adnan Polat, Devlet Bakanlar\u0131 Hayati Yaz\u0131c\u0131, Egemen Ba\u011f\u0131\u015f ve Faruk \u00d6zak u\u011furlad\u0131.<\/p>\n<p style=\"text-align: justify;\"><strong>BA\u015eBAKAN&#8217;DAN SONRA&#8230; <\/strong><\/p>\n<p style=\"text-align: justify;\">Ba\u015fbakan Recep Tayyip Erdo\u011fan&#8217;\u0131n, T\u00fcrk Telekom Arena&#8217;n\u0131n a\u00e7\u0131l\u0131\u015f\u0131nda taraftar tepkisi nedeniyle stattan ayr\u0131lmas\u0131n\u0131n ard\u0131ndan, bakanlar, federasyon y\u00f6neticileri ve baz\u0131 kul\u00fcp ba\u015fkanlar\u0131 da stad\u0131 terk ettiler.<\/p>\n<p style=\"text-align: justify;\">Ba\u015fbakan Erdo\u011fan&#8217;\u0131n stada geli\u015finin anonsu s\u0131ras\u0131nda Ultraslan Grubu&#8217;nun alk\u0131\u015flad\u0131\u011f\u0131, baz\u0131 trib\u00fcnlerin ise tepki g\u00f6sterdi\u011fi g\u00f6r\u00fcld\u00fc.<\/p>\n<p style=\"text-align: justify;\">Toplu Konut \u0130daresi (TOK\u0130) Ba\u015fkan\u0131 Erdo\u011fan Bayraktar&#8217;\u0131n konu\u015fmas\u0131 s\u0131ras\u0131nda protestolar \u00e7o\u011fald\u0131.<\/p>\n<p style=\"text-align: justify;\">Ba\u015fbakan Erdo\u011fan&#8217;\u0131n ard\u0131ndan a\u00e7\u0131l\u0131\u015f i\u00e7in gelen bakanlar ile Gen\u00e7lik ve Spor Genel M\u00fcd\u00fcr\u00fc Yunus Akg\u00fcl, Futbol Federasyonu Ba\u015fkan\u0131 Mahmut \u00d6zgener, UEFA Asba\u015fkan\u0131 \u015eenes Erzik, Kul\u00fcpler Birli\u011fi Vakf\u0131 Ba\u015fkan Vekili G\u00f6ksel G\u00fcm\u00fc\u015fda\u011f ve baz\u0131 kul\u00fcp ba\u015fkanlar\u0131 da stad\u0131 terk ettiler.<\/p>\n<p style=\"text-align: justify;\">Gen\u00e7lik ve Spor Genel M\u00fcd\u00fcr\u00fc Akg\u00fcl, a\u00e7\u0131l\u0131\u015fta her \u015feyin g\u00fczel ba\u015flad\u0131\u011f\u0131n\u0131 ancak ya\u015fananlar\u0131n ho\u015f olmad\u0131\u011f\u0131n\u0131 ifade ederek, &#8221;Bu stad\u0131n en ba\u015f\u0131ndan beri buraya yap\u0131lmas\u0131 d\u00fc\u015f\u00fcncesi Say\u0131n Ba\u015fbakan&#8217;a aittir. \u0130stanbul B\u00fcy\u00fck\u015fehir Belediye Ba\u015fkan\u0131 iken bunu dillendirdi, daha sonra da h\u00fck\u00fcmet oldu\u011fu zaman bizlere b\u00fcrokratlar\u0131na talimat vererek, stad\u0131n burada yap\u0131lmas\u0131n\u0131 sa\u011flad\u0131. \u015eu anda da \u00e7evre d\u00fczenlemesiyle ilgili yollarla ilgili Say\u0131n Ba\u015fbakan&#8217;\u0131n talimat\u0131yla m\u00fcthi\u015f bir \u00e7al\u0131\u015fma yap\u0131yoruz&#8221; diye konu\u015ftu.<\/p>\n<p style=\"text-align: justify;\">Statta ya\u015fananlar\u0131n organize oldu\u011funu d\u00fc\u015f\u00fcnd\u00fc\u011f\u00fcn\u00fc ifade eden Akg\u00fcl, &#8221;Bug\u00fcn burada ya\u015fananlar\u0131n tamamen organize oldu\u011funu d\u00fc\u015f\u00fcn\u00fcyorum. \u00c7\u00fcnk\u00fc Galatasaray taraftar\u0131 bu kadar nank\u00f6r olamaz. \u00d6yle olmad\u0131klar\u0131n\u0131 d\u00fc\u015f\u00fcn\u00fcyorum. \u00c7\u00fcnk\u00fc daha \u00f6nce defalarca Galatasaray taraftarlar\u0131 b\u00f6yle olmad\u0131\u011f\u0131n\u0131 ispatlad\u0131. Ya\u015fananlar\u0131n Galatasaray taraftar\u0131 taraf\u0131ndan yap\u0131ld\u0131\u011f\u0131n\u0131 d\u00fc\u015f\u00fcnm\u00fcyorum. Organize bir hareketti, nas\u0131l bir organizasyondu bilmiyorum ama \u00e7ok k\u00f6t\u00fc bir organizasyon yap\u0131ld\u0131. Bu ak\u015fam \u00e7ok k\u00f6t\u00fc an\u0131larla buradan ayr\u0131l\u0131yoruz&#8221; ifadelerini kulland\u0131.<\/p>\n<p style=\"text-align: justify;\">Futbol Federasyonu Ba\u015fkan\u0131 \u00d6zgener ise &#8221;B\u00f6yle bir Ba\u015fbakan&#8217;a sahipken maalesef onu son derece \u00fczd\u00fck. Bunu kabullenmek kesinlikle m\u00fcmk\u00fcn de\u011fil&#8221; dedi.<\/p>\n<p style=\"text-align: justify;\"><strong>ERDO\u011eAN CANLI YAYINDA <\/strong><\/p>\n<p style=\"text-align: justify;\">Ba\u015fbakan Recep Tayyip Erdo\u011fan, T\u00fcrk Telekom Arena Stad\u0131&#8217;nda en yak\u0131n zamanda bir Avrupa Kupas\u0131 final ma\u00e7\u0131 oynanmas\u0131n\u0131 arzu etti\u011fini s\u00f6yledi.<\/p>\n<p style=\"text-align: justify;\">T\u00fcrk Telekom Arena Stad\u0131&#8217;n\u0131n a\u00e7\u0131l\u0131\u015f\u0131na kat\u0131lan Ba\u015fbakan Erdo\u011fan&#8217;\u0131, Futbol Federasyonu Ba\u015fkan\u0131 Mahmut \u00d6zgener, UEFA Asba\u015fkan\u0131 \u015eenes Erzik, Gen\u00e7lik ve Spor Genel M\u00fcd\u00fcr\u00fc Yunus Akg\u00fcl ve Galatasaray Kul\u00fcb\u00fc Ba\u015fkan\u0131 Adnan Polat kar\u015f\u0131lad\u0131.<\/p>\n<p style=\"text-align: justify;\">Canl\u0131 yay\u0131na kat\u0131lan Ba\u015fbakan Erdo\u011fan, kendilerini UEFA&#8217;da bug\u00fcnlere getiren Galatasaray&#8217;\u0131n b\u00f6yle bir stada sahip olmas\u0131na inand\u0131klar\u0131 i\u00e7in bu stad\u0131n yap\u0131lmas\u0131na karar verdiklerini s\u00f6yledi. Erdo\u011fan, T\u00fcrkiye&#8217;nin, gelece\u011fe y\u00f6nelik futbol \u015fampiyonalar\u0131 i\u00e7in b\u00f6yle bir stad\u0131 kazanmas\u0131n\u0131 g\u00f6rev telakki ettiklerini kaydetti.<\/p>\n<p style=\"text-align: justify;\">Ba\u015fbakan Erdo\u011fan, eski Galatasaray Kul\u00fcb\u00fc Ba\u015fkan\u0131 \u00d6zhan Canayd\u0131n ve \u015fimdiki ba\u015fkan Adnan Polat&#8217;\u0131n konuyla yak\u0131ndan ilgilendi\u011fini, bu nedenle b\u00f6yle bir ad\u0131m atmaya karar verdiklerini belirterek, \u015f\u00f6yle devam etti:<\/p>\n<p style=\"text-align: justify;\">&#8221;Stad\u0131n in\u015faat a\u015famas\u0131ndaki ilk kesintiler ihaleyi alan arkada\u015flardan kaynakland\u0131. Kesinti olunca TOK\u0130 olarak stad\u0131n yap\u0131m\u0131n\u0131 \u00fcstlendik. Bu s\u00fcre\u00e7te Varyap ve Uzunlar firmalar\u0131 da projeye dahil oldu. Statla beraber buraya metro da geldi. Metro yat\u0131r\u0131m\u0131n\u0131n yan\u0131nda \u00e7ok ciddi bir kav\u015fak d\u00fczenlemesi var. Bunlar\u0131n hepsi stada y\u00f6nelik olarak at\u0131lm\u0131\u015f ad\u0131mlar. \u00c7\u00fcnk\u00fc statlar\u0131n dolmas\u0131 ve bo\u015falmas\u0131 anl\u0131k meseleler. Bu y\u00fczden bu hesaplar\u0131n iyi yap\u0131lmas\u0131 laz\u0131m. Mesela bu stat yar\u0131m saat i\u00e7inde bo\u015falacak.&#8221;<\/p>\n<p style=\"text-align: justify;\">Ba\u015fbakan Erdo\u011fan, stat \u00e7evresinde kav\u015fak ve metroyla ilgili yap\u0131lacak yeni d\u00fczenlemeler olaca\u011f\u0131n\u0131 da ifade etti.<\/p>\n<p style=\"text-align: justify;\">&#8221;2005&#8217;te \u0130stanbul&#8217;da bir final ya\u015fam\u0131\u015ft\u0131k, 2009&#8217;da yine \u00f6yle. T\u00fcrk Telekom Arena&#8217;da bir final r\u00fcyan\u0131z var m\u0131?&#8221; sorusuna da Ba\u015fbakan Erdo\u011fan, &#8221;En yak\u0131n zamanda art\u0131k bunlar\u0131 yakalayal\u0131m&#8221; yan\u0131t\u0131n\u0131 verdi.<\/p>\n<p style=\"text-align: justify;\">Ba\u015fbakan Erdo\u011fan, Fenerbah\u00e7e&#8217;nin Ziraat T\u00fcrkiye Kupas\u0131 ma\u00e7\u0131nda Yeni Malatyaspor&#8217;a yenildi\u011finin hat\u0131rlat\u0131lmas\u0131 \u00fczerine de &#8221;Biz al\u0131\u015ft\u0131k bu i\u015flere&#8221; dedi.<\/p>\n<p style=\"text-align: justify;\">Bu arada, Ba\u015fbakan Erdo\u011fan, baz\u0131 taraftarlar\u0131n tepkileri \u00fczerine, Galatasaray-Ajax kar\u015f\u0131la\u015fmas\u0131n\u0131 izlemeden stattan ayr\u0131ld\u0131.<\/p>\n<p style=\"text-align: justify;\"><strong>PROTESTOLARA SERT TEPK\u0130 <\/strong><\/p>\n<p style=\"text-align: justify;\">Devlet Bakan\u0131 Faruk Naf\u0131z \u00d6zak, Ali Sami Yen Spor Kompleksi T\u00fcrk Telekom Arena&#8217;n\u0131n a\u00e7\u0131l\u0131\u015f\u0131nda taraftar tepkisi nedeniyle ya\u015fananlar i\u00e7in &#8221;Bayram\u0131 cenaze t\u00f6renine d\u00f6n\u00fc\u015ft\u00fcrmek \u00e7ok b\u00fcy\u00fck bir sayg\u0131s\u0131zl\u0131k&#8221; de\u011ferlendirmesinde bulundu.<\/p>\n<p style=\"text-align: justify;\">Devlet Bakan\u0131 \u00d6zak, stattan ayr\u0131l\u0131rken yapt\u0131\u011f\u0131 a\u00e7\u0131klamada, taraftarlar\u0131n yapt\u0131\u011f\u0131n\u0131n b\u00fcy\u00fck bir sayg\u0131s\u0131zl\u0131k ve seviyesizlik oldu\u011funu belirterek, \u015funlar\u0131 s\u00f6yledi:<\/p>\n<p style=\"text-align: justify;\">&#8221;Bayram\u0131, cenaze t\u00f6renine d\u00f6n\u00fc\u015ft\u00fcrmek \u00e7ok b\u00fcy\u00fck bir sayg\u0131s\u0131zl\u0131k. B\u0131rak\u0131n buraya bu kadar emek vermi\u015f bir ki\u015fiyi, T\u00fcrkiye Cumhuriyeti&#8217;nin Ba\u015fbakan\u0131 bir sporsever ve \u00f6zellikle Galatasaray&#8217;a kimsenin yapamayaca\u011f\u0131 bir katk\u0131y\u0131 yapm\u0131\u015f bir ki\u015fi. \u00c7ok rahats\u0131z oldu. Biz de rahats\u0131z olduk. Tabii b\u00fct\u00fcn Galatasarayl\u0131lara mal etmek istemeyiz ama bu anlay\u0131\u015f\u0131n mutlaka statlardan uzakla\u015ft\u0131r\u0131lmas\u0131 laz\u0131m. Bu bir seviyesizlik. Ba\u015fbakan tepkisini g\u00f6sterdi ve ayr\u0131ld\u0131. Biz de ayr\u0131l\u0131yoruz. Bu duruma diyecek bir \u015fey yok. Bizi alk\u0131\u015flamalar\u0131, tebrik etmeleri laz\u0131mken, bu sayg\u0131s\u0131zl\u0131\u011f\u0131 yapanlarla ayn\u0131 ortamda oturmak do\u011fru de\u011fil.&#8221;<\/p>\n<p style=\"text-align: justify;\">Tar\u0131m ve K\u00f6yi\u015fleri Bakan\u0131 Mehmet Mehdi Eker ise ya\u015fananlar i\u00e7in, &#8221;Yap\u0131lanlar \u00e7ok ay\u0131p, sayg\u0131s\u0131zl\u0131k&#8221; ifadelerini kulland\u0131.<\/p>\n<p style=\"text-align: justify;\">Futbol Federasyonu Ba\u015fkan\u0131 Mahmut \u00d6zgener, ya\u015fananlar\u0131n son derece \u00fcz\u00fcc\u00fc oldu\u011funu ifade ederek, &#8221;Galatasaray Kul\u00fcb\u00fc Ba\u015fkan\u0131 her s\u00f6yleminde ve biz federasyon olarak her s\u00f6ylemimizde, bu stad\u0131n yap\u0131m\u0131n\u0131n Say\u0131n Ba\u015fbakan\u0131m\u0131z taraf\u0131ndan ger\u00e7ekle\u015ftirildi\u011fini dile getirdik. Ba\u015fbakan\u0131m\u0131z taraf\u0131ndan T\u00fcrk futboluna b\u00fcy\u00fck bir eser kazand\u0131r\u0131lm\u0131\u015f. Galatasaray Kul\u00fcb\u00fc&#8217;n\u00fcn gelece\u011fi a\u00e7\u0131s\u0131ndan belki de en b\u00fcy\u00fck yat\u0131r\u0131m olmu\u015f. B\u00f6yle bir tepkiyle kar\u015f\u0131lanmak son derece \u00fcz\u00fcc\u00fc oluyor&#8221; diye konu\u015ftu.<\/p>\n<p style=\"text-align: justify;\">\u00d6te yandan Devlet Bakan\u0131 ve Ba\u015fm\u00fczakereci Egemen Ba\u011f\u0131\u015f&#8217;\u0131n, Galatasaray Kul\u00fcb\u00fc Ba\u015fkan\u0131 Adnan Polat&#8217;a taraftar\u0131n tepkisinden duydu\u011fu \u00fcz\u00fcnt\u00fcy\u00fc dile getirdi\u011fi g\u00f6zlendi.<\/p>\n<p style=\"text-align: justify;\"><span style=\"color: #888888;\">GAZETEPORT<\/span><\/p>\n","protected":false},"excerpt":{"rendered":"<p style=\"text-align: justify;\">\n<p style=\"text-align: justify;\">Ali Sami Yen TT Arena Stad\u0131&#8217;n\u0131n a\u00e7\u0131l\u0131\u015f\u0131na kat\u0131lan Ba\u015fbakan Recep Tayyip Erdo\u011fan protesto edildi.<\/p>\n<p style=\"text-align: justify;\">\u0130STANBUL &#8211; Ba\u015fbakan Recep Tayyip Erdo\u011fan, a\u00e7\u0131l\u0131\u015f\u0131 i\u00e7in geldi\u011fi T\u00fcrk Telekom Arena Stadyumu&#8217;nda taraftarlar\u0131n \u0131sl\u0131kl\u0131 protestolar\u0131 \u00fczerine stad\u0131 erken tek etti. Ba\u015fbakan&#8217;\u0131n ard\u0131ndan protestolar\u0131n hedefindeki Adnan Polat da G.Saray-Ajax ma\u00e7\u0131n\u0131 beklemeden stattan ayr\u0131ld\u0131. <\/p>\n","protected":false},"author":1,"featured_media":0,"comment_status":"open","ping_status":"closed","sticky":false,"template":"","format":"standard","meta":{"footnotes":""},"categories":[105],"tags":[],"class_list":["post-27262","post","type-post","status-publish","format-standard","hentry","category-gundem","odd"],"_links":{"self":[{"href":"http:\/\/www.korhanyilmaz.com\/index.php?rest_route=\/wp\/v2\/posts\/27262","targetHints":{"allow":["GET"]}}],"collection":[{"href":"http:\/\/www.korhanyilmaz.com\/index.php?rest_route=\/wp\/v2\/posts"}],"about":[{"href":"http:\/\/www.korhanyilmaz.com\/index.php?rest_route=\/wp\/v2\/types\/post"}],"author":[{"embeddable":true,"href":"http:\/\/www.korhanyilmaz.com\/index.php?rest_route=\/wp\/v2\/users\/1"}],"replies":[{"embeddable":true,"href":"http:\/\/www.korhanyilmaz.com\/index.php?rest_route=%2Fwp%2Fv2%2Fcomments&post=27262"}],"version-history":[{"count":0,"href":"http:\/\/www.korhanyilmaz.com\/index.php?rest_route=\/wp\/v2\/posts\/27262\/revisions"}],"wp:attachment":[{"href":"http:\/\/www.korhanyilmaz.com\/index.php?rest_route=%2Fwp%2Fv2%2Fmedia&parent=27262"}],"wp:term":[{"taxonomy":"category","embeddable":true,"href":"http:\/\/www.korhanyilmaz.com\/index.php?rest_route=%2Fwp%2Fv2%2Fcategories&post=27262"},{"taxonomy":"post_tag","embeddable":true,"href":"http:\/\/www.korhanyilmaz.com\/index.php?rest_route=%2Fwp%2Fv2%2Ftags&post=27262"}],"curies":[{"name":"wp","href":"https:\/\/api.w.org\/{rel}","templated":true}]}}