{"id":27258,"date":"2011-01-15T15:45:00","date_gmt":"2011-01-15T13:45:00","guid":{"rendered":"http:\/\/www.korhanyilmaz.com\/?p=27258"},"modified":"2011-01-15T15:45:00","modified_gmt":"2011-01-15T13:45:00","slug":"turk-telekom-arena-muhtesem-acildi","status":"publish","type":"post","link":"http:\/\/www.korhanyilmaz.com\/?p=27258","title":{"rendered":"T\u00fcrk Telekom Arena MUHTE\u015eEM a\u00e7\u0131ld\u0131"},"content":{"rendered":"<p style=\"text-align: justify;\"><a href=\"http:\/\/www.korhanyilmaz.com\/wp-content\/uploads\/2011\/01\/053.jpg\"  class=\"lightview\"><img loading=\"lazy\" decoding=\"async\" class=\"aligncenter size-full wp-image-27259\" src=\"http:\/\/www.korhanyilmaz.com\/wp-content\/uploads\/2011\/01\/053.jpg\" alt=\"\" width=\"448\" height=\"231\" \/><\/a><\/p>\n<p style=\"text-align: justify;\">Galatasaray&#8217;\u0131n yeni stad\u0131 Ali Sami Yen Spor Kompleksi T\u00fcrk Telekom Arena&#8217;n\u0131n a\u00e7\u0131l\u0131\u015f\u0131 muhte\u015fem bir t\u00f6renle ger\u00e7ekle\u015fti.. 560 ki\u015finin \u00e7al\u0131\u015farak haz\u0131rlad\u0131\u011f\u0131 g\u00f6sterilerde Galatasaray&#8217;\u0131n sembol\u00fc olan &#8221;Aslan&#8221; konsepti uyguland\u0131&#8230;<\/p>\n<p style=\"text-align: justify;\">Galatasaray ile Hollanda&#8217;n\u0131n \u00fcnl\u00fc ekibi Ajax aras\u0131nda oynanacak a\u00e7\u0131l\u0131\u015f ma\u00e7\u0131 \u00f6ncesinde, \u00e7e\u015fitli ses ve efekt g\u00f6sterileri d\u00fczenlendi. 560 ki\u015finin \u00e7al\u0131\u015farak haz\u0131rlad\u0131\u011f\u0131 g\u00f6sterilerde Galatasaray&#8217;\u0131n sembol\u00fc olan &#8221;Aslan&#8221; konsepti uyguland\u0131. <!--more--><\/p>\n<p style=\"text-align: justify;\">G\u00f6steriler, Galatasaray&#8217;\u0131n bug\u00fcne kadar Ali Sami Yen Stad\u0131&#8217;ndaki ba\u015far\u0131lar\u0131n\u0131 simgeleyen \u00f6gelerle de s\u00fcslendi. T\u00fcrk Telekom Arena \u00fczerine kurulan hegzagon ekran vas\u0131tas\u0131yla, g\u00f6sterilerin tamam\u0131 hem ye\u015fil \u00e7im \u00fczerine yap\u0131lan ekrana yans\u0131t\u0131l\u0131p, hem de bu ekranda g\u00f6sterildi.<\/p>\n<p style=\"text-align: justify;\">G\u00f6steriler i\u00e7in haz\u0131rlanan yakla\u015f\u0131k 2 metre \u00e7ap\u0131ndaki davullar, \u015fovun \u00f6nemli bir par\u00e7as\u0131 olarak saha ortas\u0131nda multimedya efektlerin deste\u011fiyle kullan\u0131ld\u0131. 90 dans\u00e7\u0131n\u0131n g\u00f6sterisiyle s\u00fcslenen a\u00e7\u0131l\u0131\u015f t\u00f6renlerinin ilk b\u00f6l\u00fcm\u00fc, stat d\u0131\u015f\u0131nda yap\u0131lan havai fi\u015fek g\u00f6sterileriyle sona erdi. A\u00e7\u0131l\u0131\u015f g\u00f6sterilerini Kanadal\u0131 sanat ve multimedya y\u00f6netmeni Erick Villeneuve haz\u0131rlad\u0131. \u00d6te yandan g\u00f6steriler i\u00e7in gerekli olan malzemenin 4 kamyonla \u0130stanbul&#8217;a getirildi\u011fi bildirildi.<\/p>\n<p style=\"text-align: justify;\"><strong>BA\u011eI\u015e: &#8221;B\u0130R FENERBAH\u00c7EL\u0130 OLARAK ONUR DUYDUM <\/strong><\/p>\n<p style=\"text-align: justify;\">Devlet Bakan\u0131 ve Ba\u015fm\u00fczakereci Egemen Ba\u011f\u0131\u015f, yay\u0131nc\u0131 kurulu\u015f DSmart&#8217;\u0131n yay\u0131n\u0131nda yapt\u0131\u011f\u0131 a\u00e7\u0131klamada, T\u00fcrk Telekom Arena&#8217;n\u0131n \u00e7ok etkileyici oldu\u011funu belirterek, &#8221;Ben bir Fenerbah\u00e7eli olarak \u0130stanbul&#8217;un b\u00f6yle bir stada kavu\u015fmas\u0131ndan da \u00e7ok b\u00fcy\u00fck onur duydum. Galatasarayl\u0131 karde\u015flerimizi kutluyorum. \u0130n\u015fallah \u00fclkemizin \u00e7ok b\u00fcy\u00fck kupalar, \u00e7ok b\u00fcy\u00fck ba\u015far\u0131lar kazanaca\u011f\u0131, hepimizin g\u00f6\u011fs\u00fcm\u00fcz\u00fc kabartacak etkinliklerin yer alaca\u011f\u0131 bir tesis olacakt\u0131r&#8221; dedi.<\/p>\n<p style=\"text-align: justify;\">T\u00fcrk Telekom Arena&#8217;n\u0131n bu noktaya gelmesinde Ba\u015fbakan Recep Tayyip Erdo\u011fan&#8217;\u0131n \u00e7ok b\u00fcy\u00fck eme\u011fi oldu\u011funu vurgulayan Ba\u011f\u0131\u015f, &#8221;Kendisinin ger\u00e7ekten bu s\u00fcrece \u00e7ok b\u00fcy\u00fck katk\u0131lar\u0131 var. Allah rahmet eylesin, Say\u0131n \u00d6zhan Canayd\u0131n&#8217;\u0131n bir hayaliydi. Ba\u015fbakan\u0131m\u0131zla el ele verdiler ve bu noktaya geldi. Bug\u00fcn de Adnan ba\u015fkan bunun a\u00e7\u0131l\u0131\u015f\u0131n\u0131 yapacak. Hepimiz i\u00e7in, T\u00fcrkiye i\u00e7in \u00e7ok b\u00fcy\u00fck bir kazan\u0131m ger\u00e7ekten bu. \u00dcmit ediyorum ki T\u00fcrkiye&#8217;nin d\u00f6rt bir yan\u0131nda 81 ilimizde buna benzer tesislerle d\u00fcnya sporuna \u00e7ok \u00f6nemli katk\u0131larda bulunuruz&#8221; ifadelerini kulland\u0131.<\/p>\n<p style=\"text-align: justify;\"><strong>\u00d6ZAK: D\u00dcNYAYA AYAK UYDURUYORUZ<\/strong><\/p>\n<p style=\"text-align: justify;\">Devlet Bakan\u0131 Faruk Naf\u0131z \u00d6zak, stad\u0131n T\u00fcrk sporuna, T\u00fcrk milletine ve Galatasaray camias\u0131na hay\u0131rl\u0131 olmas\u0131 dile\u011finde bulunarak, &#8221;T\u00fcrkiye geli\u015fiyor, de\u011fi\u015fiyor. Her alanda oldu\u011fu gibi sporda da \u00f6nemli de\u011fi\u015fiklikler ve geli\u015fme var. D\u00fcnyaya ayak uyduruyoruz&#8221; dedi.<\/p>\n<p style=\"text-align: justify;\">Ba\u015fbakan Recep Tayyip Erdo\u011fan&#8217;\u0131n bu tip statlardan T\u00fcrkiye&#8217;ye 10&#8217;dan fazla yapmak gibi bir r\u00fcyas\u0131n\u0131n oldu\u011funu bildiren \u00d6zak, yay\u0131nc\u0131 kurulu\u015f DSmart&#8217;a yapt\u0131\u011f\u0131 a\u00e7\u0131klamada \u015funlar\u0131 kaydetti:<\/p>\n<p style=\"text-align: justify;\">&#8221;Say\u0131n Ba\u015fbakan\u0131m\u0131z\u0131n bir r\u00fcyas\u0131 var. T\u00fcrkiye&#8217;de bu tip statlardan 10&#8217;dan fazla yapmak. Avrupa Futbol \u015eampiyonas\u0131&#8217;n\u0131 ve D\u00fcnya Futbol \u015eampiyonas\u0131&#8217;n\u0131 T\u00fcrkiye&#8217;ye alabilmek, tabi ki daha sonra da olimpiyatlar\u0131 alabilmek. Gen\u00e7lik ve Spor Genel M\u00fcd\u00fcrl\u00fc\u011f\u00fcne ait Ali Sami Yen&#8217;i satarak buray\u0131 TOK\u0130 marifetiyle yapt\u0131k. Tabi ki stad\u0131m\u0131z d\u00fc\u015f\u00fcnd\u00fc\u011f\u00fcm\u00fczden daha y\u00fcksek bir paraya \u00e7\u0131kt\u0131 ama bu bir hizmettir. T\u00fcrkiye&#8217;nin en \u00f6nemli statlar\u0131ndan bir tanesi. UEFA kriterlerine haiz bir stat. Kayseri&#8217;yi bir modelle yapm\u0131\u015ft\u0131k. \u015eimdi Trabzon&#8217;u de\u011fi\u015fik bir finansman modeliyle yap\u0131yoruz. Sivas&#8217;\u0131, Malatya&#8217;y\u0131 yapaca\u011f\u0131z. Afyon&#8217;u yap\u0131yoruz. Ankara&#8217;ya mutlaka yapmam\u0131z laz\u0131m. Eski\u015fehir, Gaziantep, Antalya ve Konya&#8217;y\u0131 da yapaca\u011f\u0131z. T\u00fcrkiye&#8217;de statlar\u0131m\u0131z modernle\u015ftik\u00e7e buraya gelen seyircideki kalite de artacak, \u015fikayet etti\u011fimiz \u015fiddet \u00f6nlenecek. Ekonominin, turizmin, k\u00fclt\u00fcr\u00fcn, sanat\u0131n ba\u015fkenti \u0130stanbul in\u015fallah sporda da ba\u015fkent olacak.&#8221;<\/p>\n<p style=\"text-align: justify;\"><strong>ERZ\u0130K: PLAT\u0130N\u0130 BU SEZON \u0130\u00c7\u0130NDE GELECEK <\/strong><\/p>\n<p style=\"text-align: justify;\">UEFA Asba\u015fkan\u0131 \u015eenes Erzik de \u00e7ok mutlu ve heyecanl\u0131 oldu\u011funu s\u00f6yledi. Erzik, 2005 y\u0131l\u0131nda \u015eampiyonlar Ligi Finali&#8217;nin Olimpiyat Stad\u0131&#8217;nda oynand\u0131\u011f\u0131n\u0131 hat\u0131rlatarak, &#8221;\u00c7ok da \u00f6nemli ilgin\u00e7 bir finale ev sahipli\u011fi yapt\u0131k. 2009&#8217;da Fenerbah\u00e7e \u015e\u00fckr\u00fc Saraco\u011flu Stad\u0131&#8217;nda son UEFA Kupas\u0131 finali oynand\u0131 ve tarihe ge\u00e7ti. \u015eimdi Avrupa Ligi finali, \u015eampiyonlar Ligi ve \u00f6n\u00fcm\u00fczde ba\u015fka beklentiler var. 2016&#8217;y\u0131 alamad\u0131k ama 2020 Avrupa Futbol \u015eampiyonas\u0131 var. \u0130n\u015fallah b\u00fct\u00fcn bunlar olur. Bu g\u00fczel stat UEFA kriterlerine uygun \u015fekilde yap\u0131lm\u0131\u015f. San\u0131yorum a\u011fustos ay\u0131ndan itibaren d\u00f6rt d\u00f6rtl\u00fck b\u00fct\u00fcn kriterlere uygun ve beklentileri olan bir stada kavu\u015furuz. \u00c7ok gerilere gitmeye gerek yok. Bu kadar b\u00fcy\u00fck olanaklar yoktu. T\u00fcrkiye tesisleriyle de gelecekte yapaca\u011f\u0131 ev sahipliklerine b\u00fcy\u00fck bir haz\u0131rl\u0131k i\u00e7inde&#8221; \u015feklinde konu\u015ftu.<\/p>\n<p style=\"text-align: justify;\">UEFA Ba\u015fkan\u0131 Platini&#8217;nin a\u00e7\u0131l\u0131\u015fa gelemedi\u011fini kaydeden Erzik, &#8221;Ba\u015fkan\u0131n bug\u00fcn ve yar\u0131n Rusya&#8217;da toplant\u0131lar\u0131 var. Dolay\u0131s\u0131yla ama gelecek, hem de yak\u0131n bir zamanda gelecek. Bu sezonun i\u00e7inde gelecek ve bir ziyareti olacak, bunun m\u00fcjdesini ve teminat\u0131n\u0131 \u015fimdiden verebilirim. \u00d6nemli bir ma\u00e7ta tabi ki kendisi gelecek stad\u0131 g\u00f6recek&#8221; dedi.<\/p>\n<p style=\"text-align: justify;\"><strong>POLAT: GALATASARAY \u0130\u00c7\u0130N YEN\u0130 B\u0130R D\u00d6NEM BA\u015eLIYOR <\/strong><\/p>\n<p style=\"text-align: justify;\">Galatasaray Kul\u00fcb\u00fc Ba\u015fkan\u0131 Adnan Polat, statta taraftarlara y\u00f6nelik yapt\u0131\u011f\u0131 konu\u015fmada tarihi bir g\u00fcn ya\u015fad\u0131klar\u0131n\u0131, Galatasaray i\u00e7in yeni bir d\u00f6nem ba\u015flad\u0131\u011f\u0131n\u0131 ifade ederek, &#8221;Bu yeni d\u00f6nem Galatasaray&#8217;\u0131n uluslararas\u0131 arenalarda stat dezavantaj\u0131n\u0131n avantaja d\u00f6n\u00fc\u015ft\u00fc\u011f\u00fc bir d\u00f6nemdir&#8221; dedi.<\/p>\n<p style=\"text-align: justify;\">Ba\u015fbakan Recep Tayyip Erdo\u011fan&#8217;a te\u015fekk\u00fcr eden Polat, T\u00fcrk Telekom Arena&#8217;da b\u00fcy\u00fck zaferlere imza atacaklar\u0131na inan\u00e7lar\u0131n\u0131n tam oldu\u011funu kaydederek, &#8221;Temennim Galatasaray bu yeni d\u00f6nemde her alanda T\u00fcrk Telekom Arena&#8217;n\u0131n yarataca\u011f\u0131 enerjiyle, g\u00fc\u00e7le bundan sonra uluslararas\u0131 ba\u015far\u0131lar\u0131 bu stada ta\u015f\u0131yacakt\u0131r. Sizden beklentimiz her zaman s\u00fcrekli destektir. Bunu bize verdi\u011finiz zaman muhakkak ki ba\u015far\u0131y\u0131 size getirece\u011fiz&#8221; \u015feklinde konu\u015ftu.<\/p>\n<p style=\"text-align: justify;\"><strong>HAG\u0130: &#8221;HER \u015eEY YEN\u0130 VE \u00c7OK G\u00dcZEL <\/strong><\/p>\n<p style=\"text-align: justify;\">Galatasaray Teknik Direkt\u00f6r\u00fc Gheorghe Hagi de T\u00fcrk Telekom Arena&#8217;n\u0131n a\u00e7\u0131l\u0131\u015f\u0131nda yapt\u0131\u011f\u0131 de\u011ferlendirmede, &#8221;Her \u015fey yeni ve \u00e7ok g\u00fczel. \u00dcmit ediyorum ki bu gece \u00e7ok g\u00fczel bir ma\u00e7 olur. G\u00fczel bir g\u00f6steri olur. Yeni bir y\u0131la ba\u015flad\u0131k. Yeni bir statta ilk ma\u00e7\u0131m\u0131za \u00e7\u0131k\u0131yoruz. \u00dcmit ediyorum ki iyi bir tak\u0131m olu\u015fturarak, taraftarlar\u0131m\u0131z\u0131 memnun ederiz&#8221; dedi.<\/p>\n<p style=\"text-align: justify;\">Rumen teknik adam, \u015fu anda Galatasaray&#8217;\u0131n gelece\u011fini in\u015fa etmeye \u00e7al\u0131\u015ft\u0131klar\u0131n\u0131 aktararak, &#8221;Yine ba\u015far\u0131larla dolu bir gelece\u011fimiz olmas\u0131n\u0131 istiyoruz. Yeni stad\u0131m\u0131z Ali Sami Yen&#8217;den daha b\u00fcy\u00fck kapasitede. \u00dcmit ediyorum ki oradaki ba\u015far\u0131lardan daha b\u00fcy\u00fcklerine burada ula\u015f\u0131r\u0131z&#8221; ifadelerini kulland\u0131.<\/p>\n<p style=\"text-align: justify;\"><strong>MA\u00c7 15 DAK\u0130KA GE\u00c7 BA\u015eLATILDI <\/strong><\/p>\n<p style=\"text-align: justify;\">Galatasaray ile Ajax aras\u0131ndaki a\u00e7\u0131l\u0131\u015f ma\u00e7\u0131 15 dakika ge\u00e7 ba\u015flat\u0131ld\u0131. Daha \u00f6nce 20.45&#8217;te ba\u015flayaca\u011f\u0131 a\u00e7\u0131klanan kar\u015f\u0131la\u015fma, saat 21.00&#8217;de ba\u015flad\u0131.<\/p>\n<p style=\"text-align: justify;\"><strong>TARAFTARLAR G\u0130RECE\u011e\u0130 TR\u0130B\u00dcN\u00dc BULMAKTA ZORLANDI <\/strong><\/p>\n<p style=\"text-align: justify;\">Taraftarlar \u00f6zellikle metro ile geldiklerinde stada ula\u015fmakta fazla zorluk ya\u015famazken, girece\u011fi trib\u00fcn\u00fc bulmakta ise s\u0131k\u0131nt\u0131 ya\u015fad\u0131.<\/p>\n<p style=\"text-align: justify;\">Kap\u0131larda yer alan g\u00fcvenlik g\u00f6revlilerinin de bu konuda fazla bilgili olmamalar\u0131ndan dolay\u0131, taraftarlar\u0131n zorland\u0131\u011f\u0131 g\u00f6r\u00fcld\u00fc.<\/p>\n<p style=\"text-align: justify;\"><strong>GALATASARAY TR\u0130B\u00dcNLER\u0130NDE PROTESTOLAR<\/strong><\/p>\n<p style=\"text-align: justify;\">Galatasarayl\u0131 taraftarlar, yeni stad\u0131n a\u00e7\u0131l\u0131\u015f\u0131 nedeniyle b\u00fcy\u00fck heyecan ya\u015farken, Adnan Polat&#8217;\u0131n konu\u015fmalar\u0131 stat \u00fczerindeki ekranda yer al\u0131nca \u0131sl\u0131klarla tepki g\u00f6sterdiler. Stad\u0131 tamamlayan TOK\u0130&#8217;nin Ba\u015fkan\u0131 Erdo\u011fan Bayraktar&#8217;\u0131n yapt\u0131\u011f\u0131 konu\u015fma s\u0131ras\u0131nda trib\u00fcnlerden protestolar y\u00fckseldi. Bayraktar, uzun konu\u015fmas\u0131 s\u0131ras\u0131nda yuhaland\u0131.<\/p>\n<p style=\"text-align: justify;\"><strong>KONU\u015eMALAR DUYULMADI<\/strong><\/p>\n<p style=\"text-align: justify;\">A\u00e7\u0131l\u0131\u015f t\u00f6reninde ekranlara yans\u0131t\u0131lan Ba\u015fkan Polat&#8217;\u0131n konu\u015fmalar\u0131, ses sistemindeki s\u0131k\u0131nt\u0131 nedeniyle duyulamad\u0131. G\u00f6r\u00fcnt\u00fc ve \u0131\u015f\u0131k efektleri ve yap\u0131lan dans g\u00f6sterileri ise statta muhte\u015fem anlar ya\u015fanmas\u0131na neden oldu.<\/p>\n<p style=\"text-align: justify;\"><strong>T\u00dcRK TELEKOM ARENA&#8217;DA \u0130NTERNET SIKINTISI <\/strong><\/p>\n<p style=\"text-align: justify;\">Bas\u0131n trib\u00fcn\u00fcnde kablosuz internetin olmamas\u0131 bas\u0131n mensuplar\u0131na b\u00fcy\u00fck s\u0131k\u0131nt\u0131 ya\u015fatt\u0131. Cep telefonu hatlar\u0131nda ya\u015fanan sorun nedeniyle de gazeteciler kendilerine ait mobil internet modemleriyle internete ba\u011flanamad\u0131lar.<\/p>\n<p style=\"text-align: justify;\"><strong>ULTRASLAN KALE ARKASINDA <\/strong><\/p>\n<p style=\"text-align: justify;\">Ali Sami Yen Stad\u0131&#8217;nda kapal\u0131 trib\u00fcnde yer alan Ultraslan taraftar grubu T\u00fcrk Telekom Arena&#8217;da kale arkas\u0131na ge\u00e7ti. Ultraslan, haz\u0131rlad\u0131klar\u0131 dev bayraklarla a\u00e7\u0131l\u0131\u015fta yerini ald\u0131.<\/p>\n<p style=\"text-align: justify;\"><a href=\"http:\/\/www.gazeteport.com.tr\/SPOR\/NEWS\/GP_836110\" target=\"_blank\"><span style=\"color: #888888;\">GAZETEPORT<\/span><\/a><\/p>\n","protected":false},"excerpt":{"rendered":"<p style=\"text-align: justify;\">\n<p style=\"text-align: justify;\">Galatasaray&#8217;\u0131n yeni stad\u0131 Ali Sami Yen Spor Kompleksi T\u00fcrk Telekom Arena&#8217;n\u0131n a\u00e7\u0131l\u0131\u015f\u0131 muhte\u015fem bir t\u00f6renle ger\u00e7ekle\u015fti.. 560 ki\u015finin \u00e7al\u0131\u015farak haz\u0131rlad\u0131\u011f\u0131 g\u00f6sterilerde Galatasaray&#8217;\u0131n sembol\u00fc olan &#8221;Aslan&#8221; konsepti uyguland\u0131&#8230;<\/p>\n<p style=\"text-align: justify;\">Galatasaray ile Hollanda&#8217;n\u0131n \u00fcnl\u00fc ekibi Ajax aras\u0131nda oynanacak a\u00e7\u0131l\u0131\u015f ma\u00e7\u0131 \u00f6ncesinde, \u00e7e\u015fitli ses ve efekt g\u00f6sterileri d\u00fczenlendi. 560 ki\u015finin \u00e7al\u0131\u015farak haz\u0131rlad\u0131\u011f\u0131 <\/p>\n","protected":false},"author":1,"featured_media":0,"comment_status":"open","ping_status":"closed","sticky":false,"template":"","format":"standard","meta":{"footnotes":""},"categories":[105],"tags":[],"class_list":["post-27258","post","type-post","status-publish","format-standard","hentry","category-gundem","odd"],"_links":{"self":[{"href":"http:\/\/www.korhanyilmaz.com\/index.php?rest_route=\/wp\/v2\/posts\/27258","targetHints":{"allow":["GET"]}}],"collection":[{"href":"http:\/\/www.korhanyilmaz.com\/index.php?rest_route=\/wp\/v2\/posts"}],"about":[{"href":"http:\/\/www.korhanyilmaz.com\/index.php?rest_route=\/wp\/v2\/types\/post"}],"author":[{"embeddable":true,"href":"http:\/\/www.korhanyilmaz.com\/index.php?rest_route=\/wp\/v2\/users\/1"}],"replies":[{"embeddable":true,"href":"http:\/\/www.korhanyilmaz.com\/index.php?rest_route=%2Fwp%2Fv2%2Fcomments&post=27258"}],"version-history":[{"count":0,"href":"http:\/\/www.korhanyilmaz.com\/index.php?rest_route=\/wp\/v2\/posts\/27258\/revisions"}],"wp:attachment":[{"href":"http:\/\/www.korhanyilmaz.com\/index.php?rest_route=%2Fwp%2Fv2%2Fmedia&parent=27258"}],"wp:term":[{"taxonomy":"category","embeddable":true,"href":"http:\/\/www.korhanyilmaz.com\/index.php?rest_route=%2Fwp%2Fv2%2Fcategories&post=27258"},{"taxonomy":"post_tag","embeddable":true,"href":"http:\/\/www.korhanyilmaz.com\/index.php?rest_route=%2Fwp%2Fv2%2Ftags&post=27258"}],"curies":[{"name":"wp","href":"https:\/\/api.w.org\/{rel}","templated":true}]}}