{"id":27245,"date":"2011-01-11T10:38:06","date_gmt":"2011-01-11T08:38:06","guid":{"rendered":"http:\/\/www.korhanyilmaz.com\/?p=27245"},"modified":"2011-01-11T10:38:06","modified_gmt":"2011-01-11T08:38:06","slug":"dis-politikamizi-biz-belirleriz","status":"publish","type":"post","link":"http:\/\/www.korhanyilmaz.com\/?p=27245","title":{"rendered":"&#8216;D\u0131\u015f politikam\u0131z\u0131 biz belirleriz&#8217;"},"content":{"rendered":"<p><a href=\"http:\/\/www.korhanyilmaz.com\/wp-content\/uploads\/2011\/01\/0501.jpg\"  class=\"lightview\"><img loading=\"lazy\" decoding=\"async\" class=\"aligncenter size-full wp-image-27246\" src=\"http:\/\/www.korhanyilmaz.com\/wp-content\/uploads\/2011\/01\/0501.jpg\" alt=\"\" width=\"336\" height=\"224\" \/><\/a><\/p>\n<p style=\"text-align: justify;\">Ba\u015fbakan Recep Tayyip Erdo\u011fan, &#8221;Hi\u00e7 kimse kusura bakmas\u0131n d\u0131\u015f politikam\u0131z\u0131 o birileri belirlemeyecek, biz belirleyece\u011fiz. D\u0131\u015f politikada rotay\u0131 biz kendimiz \u00e7izeriz, d\u0131\u015f politikada kendi g\u00fcndemimizi biz kendimiz yapar\u0131z&#8221; dedi.<\/p>\n<p style=\"text-align: justify;\">Ba\u015fbakan Erdo\u011fan, Kuveyt&#8217;teki temaslar\u0131 kapsam\u0131nda Sheraton Otel&#8217;de d\u00fczenlenen T\u00fcrk-Arap \u0130li\u015fkileri Konferans\u0131&#8217;nda bir konu\u015fma yapt\u0131. T\u00fcrkler ile Araplar\u0131n ilk olarak ne zaman kar\u015f\u0131la\u015ft\u0131klar\u0131n\u0131, ne zaman tan\u0131\u015ft\u0131klar\u0131 b\u00fct\u00fcn ayr\u0131nt\u0131lar\u0131yla bilinmedi\u011fini belirten Erdo\u011fan, s\u00f6zlerini \u015f\u00f6yle s\u00fcrd\u00fcrd\u00fc: <!--more--><\/p>\n<p style=\"text-align: justify;\">&#8221;Bir rivayet, Hz. \u00d6mer&#8217;in Halifeli\u011fi d\u00f6neminde ilk temas\u0131n oldu\u011fu y\u00f6n\u00fcnde. Sonra T\u00fcrklerin, \u0130slam dinini kabul etmesiyle temaslar\u0131n artt\u0131\u011f\u0131, \u00f6nce sars\u0131lmaz bir dostlu\u011fun tesis edildi\u011fini, tarih i\u00e7inde dostlu\u011fa d\u00f6n\u00fc\u015ft\u00fc\u011f\u00fcn\u00fc g\u00f6r\u00fcyoruz. Cumhuriyet ve Osmanl\u0131 d\u00f6neminden ibaret de\u011fil ili\u015fkilerimiz. Sel\u00e7uklular d\u00f6neminde, beylikler d\u00f6neminde, Emevi ve Abbasiler d\u00f6neminde, T\u00fcrkler ve Araplar\u0131n bir arada ya\u015fad\u0131\u011f\u0131n\u0131, \u00f6zellikle Ha\u00e7l\u0131 Sald\u0131r\u0131lar\u0131 d\u00f6neminde bu co\u011frafyay\u0131 birlikte savunduklar\u0131n\u0131 biliyoruz.<\/p>\n<p style=\"text-align: justify;\">Sar\u0131kam\u0131\u015f&#8217;ta anma t\u00f6renine kat\u0131ld\u0131m. Osmanl\u0131 Devleti&#8217;nin son d\u00f6nemlerinde bu b\u00f6lge i\u015fgale maruz kald\u0131. \u0130\u015fgalle birlikte bu b\u00f6lgede \u00e7ok ciddi katliamlar, trajediler ya\u015fand\u0131. Sar\u0131kam\u0131\u015f&#8217;ta i\u015fgali sona erdirmek i\u00e7in b\u00fcy\u00fck bir harekat yap\u0131ld\u0131. So\u011fuk nedeniyle yakla\u015f\u0131k 90 bin askerimizi kaybettik. 2 g\u00fcn \u00f6nce b\u00f6lgeye gitti\u011fimde \u015fehitlerin isim listelerine bakt\u0131m ve memleketleri \u00f6zellikle dikkatimi \u00e7ekti. Tokat, Erzurum, Van, \u015eanl\u0131urfa, \u0130stanbul, Trabzon gibi \u015fehirlerden \u00e7ok say\u0131da \u015fehidimiz vard\u0131. Benim b\u00fcy\u00fck dedem olmak \u00fczere memleketim Rize&#8217;den gelenlerin hat\u0131ralar\u0131 da \u00e7ok farkl\u0131yd\u0131. Orada \u00e7ok da anlaml\u0131 bir tablo da g\u00f6rd\u00fcm. Memleketlerde hangi \u015fehirler vard\u0131? \u015eam, Halep, Basra, S\u00fcleymaniye, Kerk\u00fck, Beyrut, Trablus, Cenin, Yafa ve Kud\u00fcs&#8230; Sadece Arap topraklar\u0131ndan de\u011fil, Balkanlar&#8217;dan da vard\u0131. Kafkaslar&#8217;dan, Sofya, \u00dcsk\u00fcp, Bosna, Bak\u00fc&#8217;den, Batum&#8217;dan isimlere rastlad\u0131m. \u00c7anakkale sava\u015f\u0131m\u0131z\u0131n \u015fehitler listesine bak\u0131n ayn\u0131s\u0131n\u0131 g\u00f6r\u00fcrs\u00fcn\u00fcz. Kanal Sava\u015f\u0131nda \u00f6zellikle Filistin savunmas\u0131nda orada yine biz aradayd\u0131k.&#8217;<\/p>\n<p style=\"text-align: justify;\"><strong>-&#8221;NE ZAMAN K\u0130 ARAMIZA TEFR\u0130KA G\u0130RD\u0130 O ZAMAN AHENK BOZULDU&#8221;- <\/strong><\/p>\n<p style=\"text-align: justify;\">Ba\u015fbakan Erdo\u011fan, T\u00fcrkiye&#8217;nin do\u011fusunda olan Erzurum&#8217;un, &#8221;\u0130slam\u0131n Kilidi&#8221; olarak tan\u0131mlanan bir \u015fehir oldu\u011funu an\u0131msatarak, \u015f\u00f6yle devam etti:<\/p>\n<p style=\"text-align: justify;\">&#8221;Erzurum i\u015fgale u\u011frad\u0131\u011f\u0131nda &#8216;\u0130slam d\u00fcnyas\u0131n\u0131n kilidi k\u0131r\u0131l\u0131yor&#8217; diye bu co\u011frafyada g\u00f6zya\u015f\u0131 d\u00f6k\u00fcld\u00fc\u011f\u00fcn\u00fc biliyoruz. Bunun i\u00e7in bir seferberlik ilan edildi\u011fini \u00e7ok iyi biliyoruz. Biz sadece ayn\u0131 co\u011frafyay\u0131 payla\u015fmakla kalmad\u0131k, bir kuru ekme\u011fi payla\u015fmakla da kalmad\u0131k, biz ayn\u0131 cephede, ayn\u0131 siperde \u015fahadeti payla\u015fm\u0131\u015f insanlar\u0131z. \u00c7ok a\u00e7\u0131k konu\u015faca\u011f\u0131m, son y\u00fczy\u0131lda \u00fclkelerimiz aras\u0131nda bir tak\u0131m sorunlar ya\u015fanm\u0131\u015f, ili\u015fkiler zay\u0131flam\u0131\u015f olabilir. T\u00fcrk-Arap ili\u015fkilerinin geli\u015fmesinden rahats\u0131zl\u0131k duyanlar olabilir ama bu so\u011fukluk, bu mesafe bizim bin y\u0131ll\u0131k ortak tarihimizi, akrabal\u0131\u011f\u0131m\u0131z\u0131, karde\u015fli\u011fimizi asla ve asla g\u00f6lgeleyemez.<\/p>\n<p style=\"text-align: justify;\">T\u00fcrkiye&#8217;nin \u0130stiklal \u015eairi Mehmet Akif&#8217;in iki dizesini hat\u0131rlatmak isterim. Diyor ki Akif, &#8216;Girmeden tefrika bir millete, d\u00fc\u015fman giremez. Toplu vurduk\u00e7a y\u00fcrekler onu top sindiremez&#8217; Bizim kalplerimiz bin y\u0131ldan uzun s\u00fcre toplu halde att\u0131. Lakin ne zaman ki aram\u0131za tefrika girdi. \u0130\u015fte o zaman ahenk bozuldu. Bizi bu b\u00f6lgede T\u00fcrk-Arap karde\u015fli\u011fini bozmak, araya nifak sokmak i\u00e7in ne t\u00fcr sinsi oyunlar oynand\u0131\u011f\u0131n\u0131, ajanlar\u0131n o d\u00f6nem bu b\u00f6lgede sinsi faaliyetler y\u00fcr\u00fct\u00fc\u011f\u00fcn\u00fc biliyoruz. Bizi birbirimizden uzak tutmak i\u00e7in ne t\u00fcr oyunlar oynand\u0131\u011f\u0131n\u0131, \u00e7irkin propagandalar yap\u0131ld\u0131\u011f\u0131n\u0131, tarihin yeniden yaz\u0131ld\u0131\u011f\u0131n\u0131 \u00e7ok iyi biliyoruz. B\u00fct\u00fcn hayat\u0131m boyunca bunu okudum, bunu inceledim. T\u00fcrkler ile Araplar\u0131n yalan yanl\u0131\u015f bilgiler \u00fczerinden nas\u0131l birbirinden uzakla\u015ft\u0131r\u0131lmak istendi\u011fine \u015fahit oldum.&#8221;<\/p>\n<p style=\"text-align: justify;\"><strong>-&#8221;B\u0130Z\u0130M B\u0130RL\u0130\u011e\u0130M\u0130Z S\u0130YAS\u0130D\u0130R, EKONOM\u0130KT\u0130R, K\u00dcLT\u00dcRELD\u0130R&#8221;- <\/strong><\/p>\n<p style=\"text-align: justify;\">Erdo\u011fan, son 8 y\u0131lda bu sinsi propaganday\u0131 \u00e7ok daha a\u00e7\u0131k g\u00f6rd\u00fcklerini vurgulayarak, \u015funlar\u0131 s\u00f6yledi:<\/p>\n<p style=\"text-align: justify;\">&#8216;Biz, Ba\u011fdat, Kabil, Gazze, Kud\u00fcs, Filistin dedi\u011fimiz i\u00e7in birileri taraf\u0131ndan k\u0131yas\u0131ya ele\u015ftiriliyoruz. Ayn\u0131 ki\u015filerin, ayn\u0131 taraflar\u0131n s\u00f6z konusu AB oldu\u011funda da bu sefer &#8216;T\u00fcrkiye&#8217;nin AB&#8217;de ne i\u015fi var&#8217; diyerek zihinleri buland\u0131rd\u0131\u011f\u0131na da \u015fahit oluyoruz. Hi\u00e7 kimse kusura bakmas\u0131n d\u0131\u015f politikam\u0131z\u0131 o birileri belirlemeyecek, biz belirleyece\u011fiz. D\u0131\u015f politikada rotay\u0131 biz kendimiz \u00e7izeriz. D\u0131\u015f politikada kendi g\u00fcndemimizi biz kendimiz yapar\u0131z. Araplar bizim karde\u015fimizdir. Biz de onlar\u0131n karde\u015fiyiz. Kuveyt bizim karde\u015fimizdir. Kim ne derse desin, biz Arap karde\u015flerimizle dostlu\u011fumuzu karde\u015fli\u011fimizi ve i\u015fbirli\u011fimizi b\u00fcy\u00fctmeye devam edece\u011fiz. Bir yandan AB ile m\u00fczakereleri y\u00fcr\u00fctece\u011fiz, bir yandan demokraside, insan haklar\u0131nda evrensel hukuk normlar\u0131nda en y\u00fckse\u011fi yakalaman\u0131n m\u00fccadelesini verece\u011fiz bir yandan da ortak bir tarih ve k\u00fclt\u00fcr\u00fc ta\u015f\u0131d\u0131\u011f\u0131m\u0131z\u0131 di\u011fer co\u011frafyalara s\u0131rt\u0131m\u0131z\u0131 d\u00f6nmeyece\u011fiz. Bizim birli\u011fimiz siyasidir, bizim birli\u011fimiz ekonomiktir, ticaridir, k\u00fclt\u00fcreldir. Ayn\u0131 medeniyetin mensuplar\u0131y\u0131z. Ortak tarihin mensuplar\u0131y\u0131z. Biz ortak tarihi birlikte yazd\u0131k. Bizim bu b\u00f6lgede karde\u015flikten, kar\u015f\u0131l\u0131kl\u0131 i\u015fbirli\u011fi d\u0131\u015f\u0131nda bir niyetimiz gayretimiz yok.&#8221;<\/p>\n<p style=\"text-align: justify;\"><strong>-&#8221;ARTIK BU B\u00d6LGEDE ACI G\u00d6RMEK \u0130STEM\u0130YORUZ&#8221;- <\/strong><\/p>\n<p style=\"text-align: justify;\">Kuveyt i\u015fgal edildi\u011finde, bunun ac\u0131s\u0131n\u0131 t\u00fcm T\u00fcrkiye&#8217;nin y\u00fcre\u011finde hissetti\u011fini belirten Erdo\u011fan, i\u015fgalin sona erdirilmesi i\u00e7in T\u00fcrkiye&#8217;nin elinden geleni sonuna kadar yapt\u0131\u011f\u0131na i\u015faret etti.<\/p>\n<p style=\"text-align: justify;\">&#8221;Irak halk\u0131n\u0131n ya\u015fad\u0131\u011f\u0131 ac\u0131lar\u0131, Afgan halk\u0131n\u0131n, Pakistan&#8217;\u0131n ac\u0131s\u0131n\u0131 hep kendi ac\u0131m\u0131z olarak addettik. \u00c7\u00fcnk\u00fc her hangi birimizin v\u00fccudunun bir azas\u0131 rahats\u0131z olsa b\u00fct\u00fcn v\u00fccut ondan rahats\u0131zl\u0131k duyar&#8221; diyen Ba\u015fbakan Erdo\u011fan, s\u00f6zlerini \u015f\u00f6yle s\u00fcrd\u00fcrd\u00fc:<\/p>\n<p style=\"text-align: justify;\">&#8221;Ayn\u0131 \u015fekilde Gazze&#8217;de \u00e7ocuklar katledilirken adeta kendi \u00e7ocuklar\u0131m\u0131z katlediliyor gibi hissettik ve sesimizi y\u00fckselttik. Kud\u00fcs&#8217;\u00fcn derdi bizim derdimizdir. Ramallah&#8217;\u0131n, elbette Gazze&#8217;nin derdi bizim derdimizdir. Biz, d\u00fcnyan\u0131n neresinde olursa olsun insan\u0131 yarat\u0131lanlar\u0131n en \u015fereflisi olarak g\u00f6r\u00fcyoruz. Diline, dinine, derisinin rengine bakmadan herkes i\u00e7in adaleti savunuyoruz. \u0130skenderiye&#8217;deki K\u0131ptilerin derdi de bizim derdimizdir. M\u0131s\u0131r&#8217;daki ter\u00f6r olay\u0131n\u0131 \u015fiddet ile k\u0131n\u0131yorum, buradan M\u0131s\u0131rl\u0131 karde\u015flerime ba\u015fsa\u011fl\u0131\u011f\u0131 diliyorum. Biz art\u0131k bu b\u00f6lgede ac\u0131 g\u00f6rmek istemiyoruz. Biz bu b\u00f6lgede, kan, g\u00f6zya\u015f\u0131, sava\u015f, \u00e7at\u0131\u015fma ter\u00f6r g\u00f6rmek istemiyoruz. D\u00fcnyada bir kampanya var, ger\u00e7i biz \u0130slamafobiay\u0131 bir insanl\u0131k su\u00e7u olarak kay\u0131tlara soktuk, bunu ba\u015fard\u0131k ama yeterli de\u011fil. Ter\u00f6r\u00fcn \u00f6n\u00fcne \u0130slam kelimesini koymak M\u00fcsl\u00fcmanlara sayg\u0131s\u0131zl\u0131kt\u0131r, M\u00fcsl\u00fcmanlara kar\u015f\u0131 ihanettir. Bir defa \u0130slam ile ter\u00f6r\u00fc bir arada ifade edemezsiniz. Zira anlam\u0131 itibar\u0131yla &#8216;Sin&#8217; yani bar\u0131\u015ftan gelen bir dini nas\u0131l olur da ter\u00f6rle bir arada zikredersiniz. \u0130slam bir defa ter\u00f6r\u00fc reddediyor, bir insan\u0131n \u00f6ld\u00fcr\u00fclmesini t\u00fcm insanl\u0131\u011f\u0131n \u00f6ld\u00fcr\u00fclmesi olarak ifade eden bir dini ter\u00f6rle nas\u0131l zikredersiniz. Onun i\u00e7in bunun kar\u015f\u0131s\u0131nda oldu\u011fumuzun m\u00fccadelesini vermeliyiz.&#8221;<\/p>\n<p style=\"text-align: justify;\"><strong>-&#8221;KALP VE FUAD&#8221;- <\/strong><\/p>\n<p style=\"text-align: justify;\">Bu b\u00f6lgenin k\u00f6kl\u00fc k\u00fclt\u00fcr\u00fc ile bar\u0131\u015f\u0131, esenli\u011fi, refah\u0131, istikrar\u0131 fazlas\u0131yla hak etti\u011fini anlatan Erdo\u011fan, &#8221;&#8217;Bu b\u00f6lge, d\u00fcnyaya y\u00f6n verecek, d\u00fcnyaya rota \u00e7izecek bir vizyonu ziyadesiyle asl\u0131nda uhdesinde bulunduruyor. Ayn\u0131 \u015fekilde halklar\u0131m\u0131za, \u00fclkelerimize, b\u00f6lgelerimize yetecek d\u00fczeyde potansiyelimiz var, birikimlerimiz var&#8221; diye konu\u015ftu.<\/p>\n<p style=\"text-align: justify;\">Dayan\u0131\u015fma i\u00e7inde olunursa b\u00f6lgedeki her sorunun a\u015f\u0131la\u015faca\u011f\u0131na i\u015faret eden Erdo\u011fan, \u015f\u00f6yle devam etti:<\/p>\n<p style=\"text-align: justify;\">&#8221;\u0130nan\u0131n, dayan\u0131\u015fmayla i\u015fbirli\u011fi ile Filistin sorunun a\u015far\u0131z. Irak&#8217;taki, Afganistan&#8217;daki ac\u0131lara son verebiliriz. Bizim ba\u015fka birlerine m\u00fcracaat etmemize gerek yok. Ama \u00f6nce kendi birli\u011fimizi, beraberli\u011fimizi sa\u011flamam\u0131z laz\u0131m. L\u00fcbnan&#8217;da istikrar\u0131 daha g\u00fc\u00e7l\u00fc hale getirebilir, M\u0131s\u0131r&#8217;da, T\u00fcrkiye&#8217;deki gibi ter\u00f6r olaylar\u0131n\u0131n \u00f6n\u00fcne ge\u00e7ebiliriz. Dayan\u0131\u015fma payla\u015fma i\u015fbirli\u011fi ile b\u00f6lgemizdeki yoksulu\u011fu geride b\u0131rakabilir, \u00fclkelerimizi daha fazla refaha ula\u015ft\u0131rabiliriz. Bizim, T\u00fcrkiye olarak b\u00f6lgede yegane hedefimiz, gayemiz budur. Baz\u0131 b\u00f6lge \u00fclkeleriyle ikili, y\u00fcksek d\u00fczeyli i\u015fbirli\u011fi mekanizmalar\u0131 kurduk. K\u00f6rfez i\u015fbirli\u011fi mekanizmas\u0131n\u0131 olu\u015fturduk. Birlikte bir kalk\u0131nma sa\u011fland\u0131. \u00c7ok daha fazlas\u0131n\u0131 yapabiliriz. Birlikte daha m\u00fcreffeh bir gelece\u011fi in\u015fa edebiliriz. Bizim ili\u015fkilerimizi ba\u015fkalar\u0131n\u0131n belirlemesine inan\u0131n ihtiyac\u0131m\u0131z yok. Birlikte \u00e7ok g\u00fczel ad\u0131mlar atabiliriz.<\/p>\n<p style=\"text-align: justify;\">Biz, t\u00fcm d\u00fcnya \u00fclkeleriyle oldu\u011fu gibi, Ortado\u011fu \u00dclkeleriyle kar\u015f\u0131l\u0131kl\u0131 i\u015fbirli\u011fi ve karde\u015flik temelinde yeni bir sayfa a\u00e7mak istedik ve bunu da ba\u015fard\u0131k ve ba\u015far\u0131yoruz. Hem T\u00fcrk\u00e7e hem Arap\u00e7a da ortak olan iki kelime var, &#8216;Kalp&#8217; ve &#8216;Fuad&#8217; bu iki kelimeyi i\u00e7erdi\u011fi manalarla ba\u015fka dillerde g\u00f6remezsiniz. Biz kalbi de fuad\u0131 da anatomik bir organ olarak de\u011fil, a\u015fk\u0131n, inanc\u0131n, sevginin, karde\u015fli\u011fin vicdan\u0131n merkezi olarak ifade ederiz. Biz, kalpten kalbe, fuaddan fuada, g\u00f6n\u00fclden, g\u00f6n\u00fcle bir yol oldu\u011funa inanan insanlar\u0131z. Sizlere kalbimizi b\u00fct\u00fcn\u00fcyle a\u00e7m\u0131\u015f durumday\u0131z. Biz eski yapay tart\u0131\u015fmalar\u0131, yalan \u00fczerine in\u015fa edilmi\u015f tarihi bir kenara b\u0131rak\u0131p yeni yollar in\u015fa etmenin gayreti i\u00e7indeyiz. Ayr\u0131lmay\u0131n, tefrikaya d\u00fc\u015fmeyin, birbirinizden kopmay\u0131n.&#8221;<\/p>\n<p style=\"text-align: justify;\"><strong>-&#8221;AZMED\u0130NCE, \u0130NANINCA, \u00c7ALI\u015eINCA OLUYOR&#8221;- <\/strong><\/p>\n<p style=\"text-align: justify;\">Ba\u015fbakan Erdo\u011fan, b\u00f6lgede, birlik i\u00e7inde, karde\u015flik i\u00e7inde daha ayd\u0131nl\u0131k yar\u0131nlar\u0131n kurulaca\u011f\u0131na olan inanc\u0131n\u0131 dile getirerek, \u015funlar\u0131 s\u00f6yledi:<\/p>\n<p style=\"text-align: justify;\">&#8221;8 y\u0131l \u00f6nce bu g\u00f6revi devrald\u0131\u011f\u0131m\u0131zda T\u00fcrkiye&#8217;nin milli geliri 230 milyar dolard\u0131. \u015eu anda T\u00fcrkiye&#8217;nin milli geliri, art\u0131k oralar\u0131 \u00e7ok \u00e7ok geride b\u0131rakt\u0131. \u015eimdi 2010&#8217;un son rakam\u0131 740 milyar dolar\u0131 ge\u00e7mi\u015f durumday\u0131z. Yani, demek ki azmedince oluyor. Bizim ihracat\u0131m\u0131z 36 milyar dolard\u0131, \u015fimdi 2010 rakam\u0131na bak\u0131yoruz 114 milyar dolar\u0131 yakalad\u0131k. 8 y\u0131l \u00f6nce T\u00fcrkiye&#8217;de kamu net bor\u00e7 stokumuz, milli gelire oranla y\u00fczde 74 idi. \u015eimdi, y\u00fczde 42.5&#8217;e d\u00fc\u015ft\u00fc. Bu Mastrich Kriterlerini \u00e7ok \u00fczerinde bir oran. Devletin bor\u00e7lanma faizi y\u00fczde 64&#8217;t\u00fc 8 y\u0131l \u00f6nce. \u015eimdi y\u00fczde 7&#8217;ye d\u00fc\u015ft\u00fc. Bak\u0131n\u0131z nereden nereye. Daha da indirece\u011fiz. Daha inecek. ABD e\u011fer s\u0131f\u0131r ise biz de s\u0131f\u0131ra do\u011fru inece\u011fiz. Bunlar bunu bu \u015fekilde finans sekt\u00f6r\u00fcn\u00fc \u00e7al\u0131\u015ft\u0131r\u0131yorsa biz de \u00e7al\u0131\u015ft\u0131raca\u011f\u0131z, kimse alt\u0131nda herhangi Bir \u015fey aramas\u0131n, enflasyon y\u00fczde 30&#8217;du. \u015eu anda 2010 sonu itibar\u0131yla 6.4, buraya geldik. Azmedince, inan\u0131nca, \u00e7al\u0131\u015f\u0131nca oluyor.&#8221;<\/p>\n<p style=\"text-align: justify;\">Konferansa, Kuveyt Ba\u015fbakan\u0131 \u015eeyh Nas\u0131r El Muhammed El Ahmed El Sabah, Devlet Bakan\u0131 Zafer \u00c7a\u011flayan, Maliye Bakan\u0131 Mehmet \u015eim\u015fek, Enerji ve Tabii Kaynaklar Bakan\u0131 Taner Y\u0131ld\u0131z, AK Parti Genel Ba\u015fkan Yard\u0131mc\u0131s\u0131 \u00d6mer \u00c7elik, AK Parti Gurup Ba\u015fkan vekili Suat K\u0131l\u0131\u00e7 ve \u00f6teki davetliler kat\u0131ld\u0131.<\/p>\n<p style=\"text-align: justify;\">Bu arada, Kuveytli g\u00fcvenlik g\u00fc\u00e7lerinin, T\u00fcrk heyetinin otele giri\u015fine izin vermek istememesi nedeniyle k\u0131sa s\u00fcreli bir gerginlik ya\u015fand\u0131.<\/p>\n<p style=\"text-align: justify;\"><a href=\"http:\/\/www.aksam.com.tr\/dis-politikamizi-biz-belirleriz--10815h.html\" target=\"_blank\"><span style=\"color: #888888;\">Kaynak : AK\u015eAM<\/span><\/a><\/p>\n","protected":false},"excerpt":{"rendered":"<\/p>\n<p style=\"text-align: justify;\">Ba\u015fbakan Recep Tayyip Erdo\u011fan, &#8221;Hi\u00e7 kimse kusura bakmas\u0131n d\u0131\u015f politikam\u0131z\u0131 o birileri belirlemeyecek, biz belirleyece\u011fiz. D\u0131\u015f politikada rotay\u0131 biz kendimiz \u00e7izeriz, d\u0131\u015f politikada kendi g\u00fcndemimizi biz kendimiz yapar\u0131z&#8221; dedi.<\/p>\n<p style=\"text-align: justify;\">Ba\u015fbakan Erdo\u011fan, Kuveyt&#8217;teki temaslar\u0131 kapsam\u0131nda Sheraton Otel&#8217;de d\u00fczenlenen T\u00fcrk-Arap \u0130li\u015fkileri Konferans\u0131&#8217;nda bir konu\u015fma yapt\u0131. T\u00fcrkler ile Araplar\u0131n ilk olarak ne zaman <\/p>\n","protected":false},"author":1,"featured_media":0,"comment_status":"open","ping_status":"closed","sticky":false,"template":"","format":"standard","meta":{"footnotes":""},"categories":[105],"tags":[],"class_list":["post-27245","post","type-post","status-publish","format-standard","hentry","category-gundem","odd"],"_links":{"self":[{"href":"http:\/\/www.korhanyilmaz.com\/index.php?rest_route=\/wp\/v2\/posts\/27245","targetHints":{"allow":["GET"]}}],"collection":[{"href":"http:\/\/www.korhanyilmaz.com\/index.php?rest_route=\/wp\/v2\/posts"}],"about":[{"href":"http:\/\/www.korhanyilmaz.com\/index.php?rest_route=\/wp\/v2\/types\/post"}],"author":[{"embeddable":true,"href":"http:\/\/www.korhanyilmaz.com\/index.php?rest_route=\/wp\/v2\/users\/1"}],"replies":[{"embeddable":true,"href":"http:\/\/www.korhanyilmaz.com\/index.php?rest_route=%2Fwp%2Fv2%2Fcomments&post=27245"}],"version-history":[{"count":0,"href":"http:\/\/www.korhanyilmaz.com\/index.php?rest_route=\/wp\/v2\/posts\/27245\/revisions"}],"wp:attachment":[{"href":"http:\/\/www.korhanyilmaz.com\/index.php?rest_route=%2Fwp%2Fv2%2Fmedia&parent=27245"}],"wp:term":[{"taxonomy":"category","embeddable":true,"href":"http:\/\/www.korhanyilmaz.com\/index.php?rest_route=%2Fwp%2Fv2%2Fcategories&post=27245"},{"taxonomy":"post_tag","embeddable":true,"href":"http:\/\/www.korhanyilmaz.com\/index.php?rest_route=%2Fwp%2Fv2%2Ftags&post=27245"}],"curies":[{"name":"wp","href":"https:\/\/api.w.org\/{rel}","templated":true}]}}