{"id":27240,"date":"2011-01-11T08:49:47","date_gmt":"2011-01-11T06:49:47","guid":{"rendered":"http:\/\/www.korhanyilmaz.com\/?p=27240"},"modified":"2011-01-11T08:49:47","modified_gmt":"2011-01-11T06:49:47","slug":"herkes-sussa-bile-biz-susmayacagiz","status":"publish","type":"post","link":"http:\/\/www.korhanyilmaz.com\/?p=27240","title":{"rendered":"Herkes sussa bile, biz susmayaca\u011f\u0131z"},"content":{"rendered":"<p style=\"text-align: center;\"><a href=\"http:\/\/www.korhanyilmaz.com\/wp-content\/uploads\/2011\/01\/050.jpg\"  class=\"lightview\"><img loading=\"lazy\" decoding=\"async\" class=\"aligncenter size-full wp-image-27241\" src=\"http:\/\/www.korhanyilmaz.com\/wp-content\/uploads\/2011\/01\/050.jpg\" alt=\"\" width=\"336\" height=\"224\" \/><\/a><\/p>\n<p style=\"text-align: justify;\">Kuveyt&#8217;te &#8220;2010 \u0130slam D\u00fcnyas\u0131 M\u00fcmtaz \u015eahsiyet \u00d6d\u00fcl\u00fc&#8221;n\u00fc alan Erdo\u011fan, \u0130srail&#8217;i ele\u015ftirirken &#8220;Korsanl\u0131k yapacaks\u0131n,9 karde\u015fimi \u015fehit edeceksin buna tepkisiz kalaca\u011f\u0131z \u00f6yle mi?&#8221; dedi.<\/p>\n<p style=\"text-align: justify;\">Ba\u015fbakan Tayyip Erdo\u011fan&#8217;a \u015eehit Ahmet Fahad Uluslararas\u0131 Hay\u0131r \u0130\u015fleri Vakf\u0131 taraf\u0131ndan &#8220;2010 \u0130slam D\u00fcnyas\u0131 M\u00fcmtaz \u015eahsiyet \u00d6d\u00fcl\u00fc&#8221; verildi. \u00d6d\u00fcl t\u00f6reninde bir konu\u015fma yapan Ba\u015fbakan Erdo\u011fan, &#8220;hukukun de\u011fil zorbal\u0131\u011f\u0131n egemen oldu\u011fu bir d\u00fczene asla boyun e\u011fmeyiz&#8221; dedi. Kendisine &#8220;Gazze&#8217;de b\u0131rak \u00e7ocuklar \u00f6ls\u00fcn, abluka devam etsin, Akdeniz&#8217;de korsanl\u0131k olsun, insanlara yard\u0131ma giden yard\u0131m gemisine kosanlar \u00e7\u0131ks\u0131n, 9 ki\u015fiyi \u015fehit etsinler sen bunlar\u0131 g\u00f6rme duyma&#8221; dendi\u011fini belirten Erdo\u011fan, &#8220;Herkes sussa biz susmay\u0131z&#8221; diye konu\u015ftu. Erdo\u011fan \u015fu mesajlar\u0131 verdi:<!--more--><\/p>\n<p style=\"text-align: justify;\">Kuveyt&#8217;te i\u015fgal sona erdi\u011finde en az Kuveytliler kadar bunun sevincini ya\u015fad\u0131k. Esasen karde\u015flik b\u00f6yle bir \u015feydir. Nas\u0131l ki v\u00fccutta bir yara t\u00fcm v\u00fccudu etkiler, sirayet ederse ayn\u0131 \u015fekilde bizim b\u00f6lgemizdeki her hangi bir sorun b\u00fct\u00fcn bir b\u00f6lgeyi rahats\u0131z eder. Biz bu b\u00f6lgede, bizim yak\u0131n co\u011frafyam\u0131zda ya\u015fanan ac\u0131lara kar\u015f\u0131 tepki verdi\u011fimizde birileri \u00e7\u0131k\u0131p bunu sorgulamak, ele\u015ftirmek gibi bir yanl\u0131\u015f\u0131n i\u00e7ine d\u00fc\u015f\u00fcyorlar.<\/p>\n<p style=\"text-align: justify;\">Gazze&#8217;de b\u0131rak \u00e7ocuklar \u00f6ls\u00fcn, sen sesini \u00e7\u0131karma. Gazze&#8217;de abluka devam etsin sen bunu g\u00f6rme. Akdeniz&#8217;de korsanl\u0131k olsun, insanlara yard\u0131ma giden yard\u0131m gemisine kosanlar \u00e7\u0131ks\u0131n ve 9 ki\u015fiyi \u015fehit etsin, sen bunu duyma. Kud\u00fcs \u00fczerine planlar var, sen bunu i\u015fitme. Ba\u011fdat&#8217;a kay\u0131ts\u0131z kal. Kabil&#8217;i umursama, Darfur&#8217;u hissetme. Bize \u015funu da s\u00f6yl\u00fcyorlar&#8230; B\u00fct\u00fcn d\u00fcnya susuyor, kay\u0131ts\u0131z kal\u0131yor, tepkisiz, duymuyor hissetmiyor. \u00d6yleyse siz de sesinizi \u00e7\u0131karmay\u0131n diyorlar.<\/p>\n<p style=\"text-align: justify;\"><strong>SUSMAYACA\u011eIZ<\/strong><\/p>\n<p style=\"text-align: justify;\">Allah a\u015fk\u0131na, b\u00f6yle bir \u015fey m\u00fcmk\u00fcn olabilir mi? Sen benim Filistin&#8217;deki karde\u015fimi insanl\u0131k d\u0131\u015f\u0131 y\u00f6ntemlerle katledeceksin, biz susaca\u011f\u0131z, \u00f6yle mi? Akdeniz&#8217;de korsanl\u0131k yapacaks\u0131n, yard\u0131m gemisine sald\u0131racaks\u0131n, benim 9 karde\u015fimi \u015fehit edeceksin biz buna tepkisiz kalaca\u011f\u0131z \u00f6yle mi? Herkes susabilir. Tepkisiz kalabilir. Ama biz susmay\u0131z, susamay\u0131z ve emin olun susmayaca\u011f\u0131z.<\/p>\n<p style=\"text-align: justify;\"><strong>KEND\u0130M\u0130ZE DERT ED\u0130YORUZ<\/strong><\/p>\n<p style=\"text-align: justify;\">Biz bir kalp ta\u015f\u0131yoruz, bizim vicdan\u0131m\u0131z var. Biz insan\u0131z ve insani de\u011ferlere inan\u0131yoruz. \u0130nsanl\u0131\u011f\u0131m\u0131z\u0131, vicdan\u0131m\u0131z\u0131 her \u015feyin \u00fcst\u00fcnde tutuyoruz. Sesi \u00e7ok \u00e7\u0131kan\u0131n g\u00fc\u00e7l\u00fc oldu\u011fu bir sistemi biz asla kabul etmiyoruz. Nas\u0131l Gazze&#8217;deki, Ramallah&#8217;taki, Kud\u00fcs&#8217;teki masumlar\u0131n hakk\u0131n\u0131 hukukunu kendimize dert ediniyorsak ayn\u0131 \u015fekilde M\u0131s\u0131r&#8217;da ibadet ederken katledilen 22 masum K\u0131pti&#8217;nin hakk\u0131n\u0131 hukukunu kendimize dert ediyoruz. Bizim anlay\u0131\u015f\u0131m\u0131zda insan \u00f6nce insand\u0131r. Can\u0131, mal\u0131, namusu kutsald\u0131r dokunulmazd\u0131r.<\/p>\n<p style=\"text-align: justify;\"><strong>100 YILLIK YALANLAR<\/strong><\/p>\n<p style=\"text-align: justify;\">Bu b\u00f6lgedeki sorunlar\u0131n b\u00fcy\u00fck k\u0131sm\u0131 tefrikadan kaynaklan\u0131yor. Yakla\u015f\u0131k 100 y\u0131ld\u0131r yalanlar, dedikodular \u00fczerine, farkl\u0131 \u015fekilde kaleme al\u0131nm\u0131\u015f ger\u00e7e\u011fi yazmayan bir tarih \u00fczerine bu b\u00f6lgede halklar\u0131 birbirine mesafeli hale getiriliyor. Biz bu mesafeleri ortadan kald\u0131r\u0131yoruz kald\u0131rmal\u0131y\u0131z. Ezberleri bozuyoruz, bozmal\u0131y\u0131z. Bu b\u00f6lgedeki 100 y\u0131ll\u0131k hasreti sona erdiriyoruz, erdirmeliyiz. Bu yak\u0131nla\u015fmadan kimse rahats\u0131z olmas\u0131n. Biz kimseyi k\u0131skanm\u0131yoruz, k\u0131skanmayaca\u011f\u0131z ama sevece\u011fiz. El ele verece\u011fiz. Dayan\u0131\u015fma i\u00e7inde karde\u015fli\u011fin tad\u0131na ula\u015faca\u011f\u0131z. Bu yak\u0131nla\u015fmay\u0131 kimse farkl\u0131 yerlere \u00e7ekmesin.&#8221;<\/p>\n<p style=\"text-align: justify;\"><a href=\"http:\/\/www.sabah.com.tr\/Gundem\/2011\/01\/11\/erdogan_herkes_sussa_bile_biz_susmayacagiz\" target=\"_blank\"><span style=\"color: #888888;\">Kaynak : Sabah<\/span><\/a><\/p>\n","protected":false},"excerpt":{"rendered":"<p style=\"text-align: center;\">\n<p style=\"text-align: justify;\">Kuveyt&#8217;te &#8220;2010 \u0130slam D\u00fcnyas\u0131 M\u00fcmtaz \u015eahsiyet \u00d6d\u00fcl\u00fc&#8221;n\u00fc alan Erdo\u011fan, \u0130srail&#8217;i ele\u015ftirirken &#8220;Korsanl\u0131k yapacaks\u0131n,9 karde\u015fimi \u015fehit edeceksin buna tepkisiz kalaca\u011f\u0131z \u00f6yle mi?&#8221; dedi.<\/p>\n<p style=\"text-align: justify;\">Ba\u015fbakan Tayyip Erdo\u011fan&#8217;a \u015eehit Ahmet Fahad Uluslararas\u0131 Hay\u0131r \u0130\u015fleri Vakf\u0131 taraf\u0131ndan &#8220;2010 \u0130slam D\u00fcnyas\u0131 M\u00fcmtaz \u015eahsiyet \u00d6d\u00fcl\u00fc&#8221; verildi. \u00d6d\u00fcl t\u00f6reninde bir konu\u015fma yapan Ba\u015fbakan Erdo\u011fan, &#8220;hukukun <\/p>\n","protected":false},"author":1,"featured_media":0,"comment_status":"open","ping_status":"closed","sticky":false,"template":"","format":"standard","meta":{"footnotes":""},"categories":[105],"tags":[],"class_list":["post-27240","post","type-post","status-publish","format-standard","hentry","category-gundem","odd"],"_links":{"self":[{"href":"http:\/\/www.korhanyilmaz.com\/index.php?rest_route=\/wp\/v2\/posts\/27240","targetHints":{"allow":["GET"]}}],"collection":[{"href":"http:\/\/www.korhanyilmaz.com\/index.php?rest_route=\/wp\/v2\/posts"}],"about":[{"href":"http:\/\/www.korhanyilmaz.com\/index.php?rest_route=\/wp\/v2\/types\/post"}],"author":[{"embeddable":true,"href":"http:\/\/www.korhanyilmaz.com\/index.php?rest_route=\/wp\/v2\/users\/1"}],"replies":[{"embeddable":true,"href":"http:\/\/www.korhanyilmaz.com\/index.php?rest_route=%2Fwp%2Fv2%2Fcomments&post=27240"}],"version-history":[{"count":0,"href":"http:\/\/www.korhanyilmaz.com\/index.php?rest_route=\/wp\/v2\/posts\/27240\/revisions"}],"wp:attachment":[{"href":"http:\/\/www.korhanyilmaz.com\/index.php?rest_route=%2Fwp%2Fv2%2Fmedia&parent=27240"}],"wp:term":[{"taxonomy":"category","embeddable":true,"href":"http:\/\/www.korhanyilmaz.com\/index.php?rest_route=%2Fwp%2Fv2%2Fcategories&post=27240"},{"taxonomy":"post_tag","embeddable":true,"href":"http:\/\/www.korhanyilmaz.com\/index.php?rest_route=%2Fwp%2Fv2%2Ftags&post=27240"}],"curies":[{"name":"wp","href":"https:\/\/api.w.org\/{rel}","templated":true}]}}