{"id":27236,"date":"2011-01-14T19:14:12","date_gmt":"2011-01-14T17:14:12","guid":{"rendered":"http:\/\/www.korhanyilmaz.com\/?p=27236"},"modified":"2011-01-14T19:14:12","modified_gmt":"2011-01-14T17:14:12","slug":"erdogan-tiksirincaya-kadar-iciyorlar","status":"publish","type":"post","link":"http:\/\/www.korhanyilmaz.com\/?p=27236","title":{"rendered":"Erdo\u011fan: &#8220;T\u0131ks\u0131r\u0131ncaya kadar i\u00e7iyorlar&#8221;"},"content":{"rendered":"<p style=\"text-align: center;\"><a href=\"http:\/\/www.korhanyilmaz.com\/wp-content\/uploads\/2011\/01\/049.jpg\"  class=\"lightview\"><img loading=\"lazy\" decoding=\"async\" class=\"aligncenter size-full wp-image-27237\" src=\"http:\/\/www.korhanyilmaz.com\/wp-content\/uploads\/2011\/01\/049.jpg\" alt=\"\" width=\"307\" height=\"236\" \/><\/a><\/p>\n<p style=\"text-align: justify;\">Ba\u015fbakan Recep Tayyip Erdo\u011fan, &#8220;Kimsenin yeme i\u00e7mesine k\u0131s\u0131tlama getirmiyoruz. 8 y\u0131ld\u0131r hangi \u00f6zg\u00fcrl\u00fckleri k\u0131s\u0131tlad\u0131k? \u0130steyen istedi\u011fi kadar i\u00e7iyor. Aks\u0131r\u0131ncaya, t\u0131ks\u0131r\u0131ncaya kadar i\u00e7iyorlar&#8221; dedi.<\/p>\n<p style=\"text-align: justify;\">Erdo\u011fan, AK Parti Genel Merkezinde d\u00fczenlenen Geni\u015fletilmi\u015f \u0130l Ba\u015fkanlar\u0131 toplant\u0131s\u0131ndaki konu\u015fmas\u0131nda, 2011 se\u00e7imleri yakla\u015ft\u0131k\u00e7a, \u00e7irkin oyunlar, birtak\u0131m \u00e7irkin g\u00fcndemler ve kara propagandan\u0131n yine ayn\u0131 \u015fekilde tezgaha s\u00fcr\u00fcld\u00fc\u011f\u00fcn\u00fc s\u00f6yledi. <!--more--><\/p>\n<p style=\"text-align: justify;\">&#8220;\u015eu birka\u00e7 haftad\u0131r, birka\u00e7 ayd\u0131r konu\u015fulan, tart\u0131\u015f\u0131lan, h\u00fck\u00fcmet aleyhine bir kampanyaya d\u00f6n\u00fc\u015ft\u00fcr\u00fclen meseleleri al\u0131n, \u00f6nceki se\u00e7im d\u00f6nemleriyle kar\u015f\u0131la\u015ft\u0131r\u0131n, tamam\u0131n\u0131n ayn\u0131 oldu\u011funu g\u00f6receksiniz&#8221; diyen Ba\u015fbakan Erdo\u011fan \u015f\u00f6yle konu\u015ftu:<\/p>\n<p style=\"text-align: justify;\">&#8220;\u00c7o\u011fu meselede, man\u015fet de\u011fi\u015ftirmeye, analizi de\u011fi\u015ftirmeye, bak\u0131\u015f a\u00e7\u0131s\u0131n\u0131 de\u011fi\u015ftirmeye dahi tenezz\u00fcl etmediklerini, bayat man\u015fetlerle, bayat haberlerle, bayat yorum ve analizlerle h\u00fck\u00fcmete sald\u0131rd\u0131klar\u0131n\u0131 sizler de kolayca fark edeceksiniz.<\/p>\n<p style=\"text-align: justify;\">\u0130\u015fte en son, t\u00fct\u00fcn ve alkol konusundaki baz\u0131 modern d\u00fczenlemeleri, heykel tart\u0131\u015fmas\u0131n\u0131, yarg\u0131n\u0131n verdi\u011fi kararlar\u0131, RT\u00dcK uygulamalar\u0131n\u0131, h\u00fck\u00fcmetle, bizimle ilgili olup olmad\u0131\u011f\u0131na dahi bakmadan, bizim aleyhimize bir kampanyaya d\u00f6n\u00fc\u015ft\u00fcrme gayreti i\u00e7indeler. Bir kere alt\u0131n\u0131 \u00e7izerek s\u00f6yl\u00fcyorum: Bu son tart\u0131\u015fmalar, do\u011fal ak\u0131\u015f\u0131 i\u00e7inde giden tart\u0131\u015fmalar de\u011fil, a\u00e7\u0131k a\u00e7\u0131k bir kampanyad\u0131r. \u00dcstelik, h\u00fck\u00fcmet aleyhine y\u00fcr\u00fct\u00fclen zorlama kampanyalard\u0131r. Tekrar s\u00f6yl\u00fcyorum: Bu kampanyalar, her se\u00e7im \u00f6ncesinde AK Parti&#8217;yi y\u0131pratmak i\u00e7in ba\u015flat\u0131lan o malum tezgahlar\u0131n bir yenisidir.&#8221;<\/p>\n<p style=\"text-align: justify;\">AK Parti&#8217;nin kuruldu\u011fu g\u00fcnden bu yana muhafazakar demokrat bir parti oldu\u011funun alt\u0131n\u0131 \u00e7izen Erdo\u011fan, konu\u015fmas\u0131n\u0131 \u015f\u00f6yle s\u00fcrd\u00fcrd\u00fc:<\/p>\n<p style=\"text-align: justify;\">&#8220;Biz muhafazakar\u0131z. Aile bizim i\u00e7in \u00f6nemlidir, mahremiyet bizim i\u00e7in \u00f6nemlidir, tarih ve tarihi \u015fahsiyetler, tarihi \u015fahsiyetlerin manevi de\u011ferleri bizim i\u00e7in son derece \u00f6nemlidir. Evrensel de\u011ferleri benimsemi\u015f, \u00f6zg\u00fcrl\u00fcklere sayg\u0131 duyan, ba\u015fkas\u0131n\u0131n \u00f6zg\u00fcrl\u00fc\u011f\u00fcn\u00fc k\u0131s\u0131tlamad\u0131\u011f\u0131 s\u00fcrece, ba\u015fkas\u0131n\u0131n kutsal de\u011ferlerine hakaret etmedi\u011fi s\u00fcrece her t\u00fcrl\u00fc fikrin serbest\u00e7e ifade edilmesini savunan bir partiyiz.&#8221;<\/p>\n<p style=\"text-align: justify;\">Herkesin ya\u015fam tarz\u0131na sayg\u0131l\u0131 olduklar\u0131n\u0131 dile getiren Ba\u015fbakan Erdo\u011fan, &#8220;Kimsenin giyim ku\u015fam\u0131na, yeme-i\u00e7mesine, inanc\u0131na, ibadetine k\u0131s\u0131tlama getirmeyen, tam tersine bu noktada en geni\u015f \u00f6zg\u00fcrl\u00fckleri savunan ve bunun gereklerini yerine getiren bir parti&#8221; olduklar\u0131n\u0131 s\u00f6yledi.<\/p>\n<p style=\"text-align: justify;\">8 y\u0131ld\u0131r bu noktadaki samimiyetlerinin test edildi\u011fini belirten Erdo\u011fan, \u015f\u00f6yle devam etti:<\/p>\n<p style=\"text-align: justify;\">&#8220;8 y\u0131ld\u0131r, en k\u00fc\u00e7\u00fck, en marjinal hadiseler b\u00fcy\u00fct\u00fclerek adeta bir rejim meselesine d\u00f6n\u00fc\u015ft\u00fcr\u00fcl\u00fcyor. Birileri, \u0131srarla ve inatla bize gizli niyetler, gizli hedefler, gizli ajandalar izafe ediyor. Sevgili milletime sesleniyorum; 8 y\u0131ld\u0131r hangi \u00f6zg\u00fcrl\u00fc\u011f\u00fc k\u0131s\u0131tlad\u0131k? \u00d6zg\u00fcrl\u00fck alanlar\u0131n\u0131 geni\u015fletmekten ba\u015fka. 8 y\u0131ld\u0131r kimin ya\u015fam tarz\u0131na m\u00fcdahale ettik? Kimin ya\u015fam\u0131na, giyimine ku\u015fam\u0131na m\u00fcdahale ettik? Herkes istedi\u011fi gibi giyiniyor, istedi\u011fi gibi e\u011fleniyor, istedi\u011fi gibi i\u00e7iyor, hangisine dedik ki, sen ne kadar viski i\u00e7iyorsun, \u015farap i\u00e7iyorsun, ne kadar bira t\u00fcketiyorsun? B\u00f6yle bir derdimiz oldu mu? Iks\u0131r\u0131ncaya t\u0131ks\u0131r\u0131ncaya kadar i\u00e7iyorlar&#8230;<\/p>\n<p style=\"text-align: justify;\">Affedersiniz, trafik polisleri, trafik kazalar\u0131nda yakalad\u0131klar\u0131 kimler, bu kazalarda yakalad\u0131klar\u0131 kimler? Her t\u00fcr var, onlar\u0131 da yakalamas\u0131nlar m\u0131? Kazay\u0131 yapt\u0131klar\u0131 halde, bunlara kar\u015f\u0131 herhangi bir \u015fey \u00f6detmesinler mi? Bunlar\u0131n yapt\u0131klar\u0131n\u0131 \u00f6l\u00fcmle mi, yaralanmayla m\u0131 \u00f6deyece\u011fiz?&#8221;<\/p>\n<p style=\"text-align: justify;\">&#8220;8 y\u0131ld\u0131r biz ya\u015fam tarzlar\u0131na y\u00f6nelik olarak neyi yasaklad\u0131k&#8221; diye soran Ba\u015fbakan Erdo\u011fan, \u015funlar\u0131 s\u00f6yledi:<\/p>\n<p style=\"text-align: justify;\">&#8220;AK Parti iktidar\u0131 bask\u0131 uyguluyor, yasakl\u0131yor, sindiriyor, diyorlar. Mahalle bask\u0131s\u0131 diyorlar&#8230; Allah a\u015fk\u0131na, \u015fu AK Parti iktidar\u0131na, h\u00fck\u00fcmete, bakanlara, ailelerimize at\u0131lan iftiralar, hakaretler, ithamlar bug\u00fcne kadar hangi partiye, hangi siyaset\u00e7iye bu boyutta yap\u0131lm\u0131\u015ft\u0131r?<\/p>\n<p style=\"text-align: justify;\">Sen, bu \u00fclkenin h\u00fck\u00fcmetine, bakanlar\u0131na, milletvekillerine, sokak a\u011fz\u0131yla en a\u011f\u0131r hakareti yapan, bunu da k\u00f6\u015fesinde yazacak kadar ileri giden ki\u015fiye partinin rozetini takacaks\u0131n, ondan sonra da \u00e7\u0131k\u0131p, bu \u00fclkede \u00f6zg\u00fcrl\u00fck yok diyeceksin. Ondan sonra nezaketten, edepten, terbiyeden bahsedeceksin&#8230; Yanda\u015f medya diyeceksin, canda\u015f medyan\u0131n b\u00fct\u00fcn mensuplar\u0131n\u0131 partine davet edeceksin, partinden \u015fu anda aday yapmaya haz\u0131rlanacaks\u0131n.<\/p>\n<p style=\"text-align: justify;\">Sevsinler seni, bunu kimse yutmaz. Sen, kendisini yolsuzlukla itham etti\u011fin, yarg\u0131lanmas\u0131 i\u00e7in imza att\u0131\u011f\u0131n ki\u015fiyi \u0130stanbul gibi bir ile il ba\u015fkan\u0131 yapacaks\u0131n, ondan sonra \u00e7\u0131k\u0131p namuslu insanlar\u0131 yolsuzlukla itham etmeye devam edeceksin. Bu nas\u0131l i\u015ftir?&#8221;<\/p>\n<p style=\"text-align: justify;\"><strong>RT\u00dcK Kanunu <\/strong><\/p>\n<p style=\"text-align: justify;\">CHP Genel Ba\u015fkan\u0131&#8217;n\u0131n RT\u00dcK Kanunu&#8217;nu diline dolad\u0131\u011f\u0131n\u0131, buradan kendilerine en a\u011f\u0131r hakaretleri, en a\u011f\u0131r ithamlar\u0131 savurdu\u011funu ifade eden Ba\u015fbakan Erdo\u011fan, \u015f\u00f6yle dedi:<\/p>\n<p style=\"text-align: justify;\">&#8220;\u0130nsan kimi neyle itham etti\u011fini \u00f6nceden bir incelemez mi, bakmaz m\u0131? \u0130nsan neyi ele\u015ftirdi\u011finden bu denli habersiz olabilir mi, bu kadar m\u0131 bilgisiz olur? 1994 y\u0131l\u0131nda RT\u00dcK yasas\u0131, dikkatinizi \u00e7ekiyorum, CHP&#8217;nin iktidar oldu\u011fu d\u00f6nemde \u00e7\u0131kar\u0131lm\u0131\u015f. O yasan\u0131n 25. maddesine de gerekti\u011finde ba\u015fbakan ve bakanlara yay\u0131nlar\u0131 durdurma yetkisi verilmi\u015f. Yani ba\u015fbakan ve bakanlara bu yetkiyi zaten bizzat CHP 1994&#8217;te sa\u011flam\u0131\u015f. \u015eimdiki CHP Genel Ba\u015fkan\u0131 bunu bilmiyor, bundan haberi yok. Belli ki kimse de kendisini uyarmam\u0131\u015f&#8230; \u015eimdi \u00e7\u0131k\u0131yor, kendilerinin \u00e7\u0131kard\u0131\u011f\u0131 yasadan bizi sorumlu tutuyor, bize hakaret ediyor. Y\u00fcz\u00fcn k\u0131zarmas\u0131 edeptendir. Atalar\u0131m\u0131z g\u00fczel s\u00f6ylemi\u015f, utanmak edeptendir&#8230; Maalesef y\u00fczlerin k\u0131zarmad\u0131\u011f\u0131, edebin rafa kald\u0131r\u0131ld\u0131\u011f\u0131 bir muhalefetle kar\u015f\u0131 kar\u015f\u0131yay\u0131z.&#8221;<\/p>\n<p style=\"text-align: justify;\"><strong>Tart\u0131\u015f\u0131lan tahliyeler <\/strong><\/p>\n<p style=\"text-align: justify;\">Ba\u015fbakan Erdo\u011fan, &#8220;(Onama m\u0131 istersin, bozma m\u0131) diyerek belli \u00e7evrelerin arzusuna g\u00f6re karar veren bir yarg\u0131dan, vicdan\u0131yla karar veren bir yarg\u0131ya ge\u00e7i\u015fi in\u015fallah tamamlayaca\u011f\u0131z&#8221; dedi.<\/p>\n<p style=\"text-align: justify;\">Ba\u015fbakan Erdo\u011fan, &#8220;\u00d6zellikle, malum bir davadan dolay\u0131 tahliye edilenlerle ilgili olarak, sabah ak\u015fam \u00e7e\u015fitli yay\u0131n organlar\u0131nda bir zihin buland\u0131rma operasyonu oldu\u011funu, h\u00fck\u00fcmetle, bu \u00f6rg\u00fct aras\u0131nda bir illiyet ba\u011f\u0131 kurulmak istendi\u011fini g\u00f6r\u00fcyoruz, bu da g\u00f6z\u00fcm\u00fczden ka\u00e7m\u0131yor&#8221; diye konu\u015ftu.<\/p>\n<p style=\"text-align: justify;\">Zaman\u0131n, taraflar\u0131n birbirini su\u00e7lama zaman\u0131 olmad\u0131\u011f\u0131n\u0131 bildiklerini ifade eden Erdo\u011fan, \u015f\u00f6yle devam etti:<\/p>\n<p style=\"text-align: justify;\">&#8220;Taraflar birbirini su\u00e7lamak yerine otursun, soruna birlikte k\u00f6kl\u00fc \u00e7\u00f6z\u00fcmler \u00fcretsin istiyoruz. Ne var ki, muhalefetin de istismar\u0131yla, s\u00fcrecin faturas\u0131n\u0131n h\u00fck\u00fcmete kesilmek istendi\u011fini g\u00f6r\u00fcyoruz. Bu tahliye kararlar\u0131n\u0131 h\u00fck\u00fcmet mi verdi? Bu tahliye kararlar\u0131n\u0131 yarg\u0131 verdi.&#8221;<\/p>\n<p style=\"text-align: justify;\">Yarg\u0131tay\u0131n i\u015f y\u00fck\u00fcn\u00fcn fazlal\u0131\u011f\u0131n\u0131n fark\u0131nda olduklar\u0131n\u0131 bildiren Erdo\u011fan, bunun tedbirini iktidara geldiklerinde Cemil \u00c7i\u00e7ek&#8217;in Adalet Bakan\u0131 oldu\u011fu d\u00f6nemde ald\u0131klar\u0131n\u0131 ifade etti.<\/p>\n<p style=\"text-align: justify;\">Ba\u015fbakan, &#8220;\u0130stinaf Mahkemeleriyle ilgili en \u00f6nemli sorun, hakim ve savc\u0131 say\u0131s\u0131n\u0131n azl\u0131\u011f\u0131d\u0131r. Bunu biz de biliyoruz, nitekim Y\u00fcksek Yarg\u0131 da bunu \u00e7e\u015fitli kereler \u00f6zel g\u00f6r\u00fc\u015fmelerimizde hep bize ifade etti. Ancak, hakim ve savc\u0131 al\u0131mlar\u0131, bizim d\u00f6nemimize kadar hi\u00e7 olmayan gerek\u00e7elerle engellenmi\u015f, Y\u00fcksek Yarg\u0131 adeta \u00fczerindeki a\u011f\u0131r i\u015f y\u00fck\u00fcn\u00fc atmamak i\u00e7in direnmi\u015ftir&#8221; diye konu\u015ftu.<\/p>\n<p style=\"text-align: justify;\"><strong>&#8220;Merkel \u00f6z\u00fcr dilemeli&#8221; <\/strong><\/p>\n<p style=\"text-align: justify;\">Erdo\u011fan, K\u0131br\u0131s sorununun \u00e7\u00f6z\u00fcm\u00fcnde T\u00fcrk taraf\u0131n\u0131 su\u00e7layan Almanya Ba\u015fbakan\u0131 Angela Merkel&#8217;in s\u00f6zleriyle ilgii, &#8220;Bu tav\u0131r ve a\u00e7\u0131klamalar, uzak g\u00f6r\u00fc\u015fl\u00fc, vizyon sahibi bir lider g\u00f6r\u00fcnt\u00fcs\u00fc vermemektedir. T\u00fcrk taraf\u0131ndan \u00f6z\u00fcr dilemesini bekledi\u011fimizi de burada ifade etmek istiyorum&#8221; dedi.<\/p>\n<p style=\"text-align: justify;\">Ba\u015fbakan Erdo\u011fan, &#8220;Say\u0131n Merkel&#8217;in a\u00e7\u0131klamalar\u0131, T\u00fcrk taraf\u0131n\u0131 rencide etti\u011fi kadar, tarih bilgisinden yoksun ve bizzat Say\u0131n Merkel&#8217;in \u00f6nceki ifadeleriyle aleni \u015fekilde \u00e7eli\u015fen a\u00e7\u0131klamalard\u0131r. Almanya Ba\u015fbakan\u0131, K\u0131br\u0131s meselesine ne kadar Frans\u0131z kald\u0131\u011f\u0131n\u0131 bu son a\u00e7\u0131klamalarla g\u00f6stermi\u015ftir&#8221; diye konu\u015ftu.<\/p>\n<p style=\"text-align: justify;\">Ba\u015fbakan, &#8220;Bizden kalk\u0131p da bu noktada anla\u015fmalar \u00e7er\u00e7evesinde olmayan \u015feyler istenecek olursa burada hi\u00e7bir zaman bunu bulamayacaks\u0131n\u0131z. Biz size Kuzey K\u0131br\u0131s&#8217;tan bu noktada bir gram alamazs\u0131n\u0131z, vermeyiz&#8221; ifadelerini kulland\u0131.<\/p>\n<p style=\"text-align: justify;\"><strong>L\u00fcbnan&#8217;daki geli\u015fmeler <\/strong><\/p>\n<p style=\"text-align: justify;\">Ba\u015fbakan, L\u00fcbnan&#8217;daki geli\u015fmeler konusunda \u0130ran, Suriye ve Katar nezdinde bug\u00fcn g\u00f6r\u00fc\u015fmeler yapaca\u011f\u0131n\u0131 ve bu s\u00fcrecin bar\u0131\u015fla sonu\u00e7land\u0131r\u0131lmas\u0131 konusunda T\u00fcrkiye&#8217;nin gayretlerini devam ettirece\u011fini s\u00f6yledi.<\/p>\n<p style=\"text-align: justify;\">Erdo\u011fan, L\u00fcbnan&#8217;da ya\u015fanan geli\u015fmeler konusunda, &#8220;T\u00fcrkiye olarak, \u00f6n\u00fcm\u00fczdeki d\u00f6nemde \u00fczerimize d\u00fc\u015feni yapmay\u0131 ve gerekli t\u00fcm giri\u015fimler i\u00e7inde aktif bi\u00e7imde yer almay\u0131 s\u00fcrd\u00fcrece\u011fiz. L\u00fcbnan&#8217;da t\u00fcm taraflarla diyalog kurabilen bir \u00fclke olarak, biz, karde\u015fimiz L\u00fcbnan&#8217;\u0131n huzur, istikrar ve emniyet ortam\u0131na kavu\u015fmas\u0131n\u0131 g\u00fc\u00e7l\u00fc \u015fekilde desteklemeye devam edece\u011fiz&#8221; dedi.<\/p>\n<p style=\"text-align: justify;\">Ba\u015fbakan Erdo\u011fan, bulunulan noktada, b\u00f6lge \u00fclkelerinin ve uluslararas\u0131 toplumun \u00f6nde gelen akt\u00f6rlerinin L\u00fcbnan&#8217;daki h\u00fck\u00fcmet bunal\u0131m\u0131n\u0131n s\u00fcratle giderilmesi i\u00e7in ortak \u00e7aba ortaya koymalar\u0131 gerekti\u011fini vurgulad\u0131.<\/p>\n<p style=\"text-align: justify;\"><strong>Heykel tart\u0131\u015fmas\u0131 <\/strong><\/p>\n<p style=\"text-align: justify;\">Erdo\u011fan, &#8220;sadece siyasi muhalefetin de\u011fil, sivil muhalefetin de edebi, terbiyeyi, \u00fcslup ve erkan\u0131 terk etti\u011fi bir s\u00fcre\u00e7ten&#8221; ge\u00e7tiklerini s\u00f6yledi.<\/p>\n<p style=\"text-align: justify;\">Birilerinin y\u0131llarca bu toplumun belli bir kesimine tepeden bakt\u0131klar\u0131n\u0131, se\u00e7kinci bir tav\u0131rla yakla\u015ft\u0131klar\u0131n\u0131, k\u00fc\u00e7\u00fcmseyip, tahkir ettiklerini ifade eden Ba\u015fbakan Erdo\u011fan \u015f\u00f6yle konu\u015ftu: &#8220;Kars&#8217;taki o malum heykel i\u00e7in &#8216;ucube&#8217; derken ayn\u0131 zamanda kral\u0131n da \u00e7\u0131plak oldu\u011funa i\u015faret ettim&#8230; \u0130\u00e7lerindeki despotizmi y\u0131kamayanlar, i\u00e7lerindeki o g\u00f6r\u00fcnmez krala \u00e7\u0131plak dedirtmek de istemiyorlar.<\/p>\n<p style=\"text-align: justify;\">G\u00f6z\u00fc olan, g\u00f6z\u00fcyle birlikte iz&#8217;an\u0131 olan herkes, g\u00fczelle \u00e7irkini, estetikle ucubeyi birbirinden ay\u0131r\u0131r. Bunun i\u00e7in hi\u00e7 de asil bir aileden gelmi\u015f olmaya, s\u0131r\u00e7a saraylarda b\u00fcy\u00fcm\u00fc\u015f olmaya gerek yoktur. Sadece milletin siyasi tercihlerini de\u011fil, milletin be\u011fenilerini, de\u011ferlerini, estetik anlay\u0131\u015f\u0131n\u0131, g\u00fczellik anlay\u0131\u015f\u0131n\u0131 da a\u015fa\u011f\u0131lamay\u0131, ona hakaret etmeyi al\u0131\u015fkanl\u0131k haline getirmi\u015f olanlar bunlard\u0131r&#8230;&#8221;<\/p>\n<p style=\"text-align: justify;\">Bu de\u011ferlendirmelerin g\u00fcnlerdir yap\u0131ld\u0131\u011f\u0131n\u0131 an\u0131msatan Ba\u015fbakan Erdo\u011fan, de\u011ferlendirmeyi yapanlar\u0131n \u00e7o\u011funun ise s\u00f6z konusu yere gitmediklerini s\u00f6yledi.<\/p>\n<p style=\"text-align: justify;\">Kendisinin 4,5 y\u0131l \u0130stanbul&#8217;da belediye ba\u015fkanl\u0131\u011f\u0131 yapt\u0131\u011f\u0131n\u0131 an\u0131msatan Ba\u015fbakan Erdo\u011fan, \u015f\u00f6yle devam etti: &#8220;\u015eimdi \u0130zmir Kar\u015f\u0131ya Belediyesi talip olmu\u015f, ne kadar g\u00fczel. Gelsin als\u0131n gitsin, bunu Kar\u015f\u0131yaka&#8217;da diksin. Hi\u00e7 m\u00fcdahalemiz yok. Bu kadar \u0131srarl\u0131ysalar, buyursun als\u0131n orada diksin. \u00c7ok daha heyecanl\u0131lar \u00e7ok da talipler, eyvallah yaps\u0131nlar.<\/p>\n<p style=\"text-align: justify;\">Kald\u0131 ki ben bu heykelt\u0131ra\u015f\u0131n \u00e7ok ba\u015far\u0131l\u0131 d\u00fcnyada \u015f\u00f6yle tan\u0131nm\u0131\u015f, b\u00f6yle tan\u0131nm\u0131\u015f, bunu da ele\u015ftiren birisi de\u011filim. Do\u011frudur ba\u015far\u0131l\u0131 da olabilir, ona sayg\u0131 da duyar\u0131m. Ama kusura bakmas\u0131nlar ben o tarihi eserlerin oldu\u011fu yerde b\u00f6yle bir olay\u0131n ya\u015fanmas\u0131na, \u00fcstelikte Tarih Tabiat Varl\u0131klar\u0131 Kurulu&#8217;nun verdi\u011fi bu karara ra\u011fmen, bunun dikilmesine sorumluluk mevkisinde olan bir insan olarak m\u00fcsaade edemem, do\u011frudur diyemem&#8221; diye konu\u015ftu.<\/p>\n<p style=\"text-align: justify;\">&#8220;AK Parti H\u00fck\u00fcmeti, bu \u00fclkede g\u00fczeldir veya de\u011fildir, 8 y\u0131ld\u0131r hi\u00e7 bir heykeli y\u0131kt\u0131 m\u0131?&#8221; diye soran Ba\u015fbakan Erdo\u011fan, &#8220;Yok. \u015eimdi nedir bu k\u0131yamet, dert ba\u015fka. \u00c7\u00fcnk\u00fc Ak Parti&#8217;nin y\u00fckseli\u015fini zannediyorlar ki bununla durduraca\u011f\u0131z. Durduramazs\u0131n\u0131z bo\u015funa u\u011fra\u015fmay\u0131n&#8221; dedi.<\/p>\n<p style=\"text-align: justify;\"><strong>SORULAR <\/strong><\/p>\n<p style=\"text-align: justify;\">Erdo\u011fan, &#8220;CMK&#8217;n\u0131n 102. maddesinin y\u00fcr\u00fcrl\u00fc\u011fe girmesiyle yap\u0131lan tahliyelerle&#8221; ilgili soruya ise &#8220;Konuyla ilgili olarak tutukluluk s\u00fcrelerinin noktalanmas\u0131 konusunda yarg\u0131n\u0131n verdi\u011fi karar ve d\u0131\u015far\u0131 \u00e7\u0131kmalar\u0131, ama d\u0131\u015far\u0131 \u00e7\u0131kar\u0131ld\u0131ktan sonra \u015fimdi verilen karar ve bu s\u00fcre\u00e7te de tabii ki, \u0130\u00e7i\u015fleri Bakanl\u0131\u011f\u0131m\u0131z, t\u00fcm g\u00fcvenlik g\u00fc\u00e7lerimiz b\u00fct\u00fcn gayretlerini g\u00f6stererek aramaya her yerde devam edecekler. Temenni ediyorum ki, k\u0131sa zamanda yakalanmalar\u0131 ve tekrar yarg\u0131ya teslim edilmeleridir&#8221; yan\u0131t\u0131n\u0131 verdi.<\/p>\n<p style=\"text-align: justify;\">Bir gazetecinin &#8220;L\u00fcbnan&#8217;da siyasi istikrar ve h\u00fck\u00fcmetin kurulmas\u0131 i\u00e7in Say\u0131n Hariri ile yapt\u0131\u011f\u0131n\u0131z g\u00f6r\u00fc\u015fmede ne gibi \u00e7\u00f6z\u00fcm \u00f6nerileriniz oldu? Konferans toplanmas\u0131 g\u00fcndemde mi&#8221; sorusu \u00fczerine Erdo\u011fan, \u015fu anda geni\u015f bir \u00e7al\u0131\u015fman\u0131n i\u00e7erisinde olduklar\u0131n\u0131 belirtti.<\/p>\n<p style=\"text-align: justify;\">Erdo\u011fan, \u015funlar\u0131 s\u00f6yledi:<\/p>\n<p style=\"text-align: justify;\">&#8220;Bu \u00e7al\u0131\u015fma s\u00fcrecinin i\u00e7erisinde \u00f6nceliklerimiz var. \u00d6nceliklerimizin ilk ad\u0131m\u0131 bug\u00fcn yapaca\u011f\u0131m\u0131z telefon g\u00f6r\u00fc\u015fmeleridir. Bug\u00fcn gerek Katar gerek \u0130ran, bu iki \u00fclkeyle g\u00f6r\u00fc\u015fmeler yapaca\u011f\u0131z. Hafta i\u00e7inde veya bu g\u00f6r\u00fc\u015fmelere g\u00f6re, Amerika Birle\u015fik Devletleri, Fransa, T\u00fcrkiye, Suudi Arabistan, Katar, Suriye, L\u00fcbnan ve M\u0131s\u0131r&#8217;\u0131n kat\u0131laca\u011f\u0131 bir dizi toplant\u0131 ba\u015flatmay\u0131 d\u00fc\u015f\u00fcn\u00fcyoruz. Bu konuyla ilgili bug\u00fcn Say\u0131n Sarkozy&#8217;den bir telefon gelece\u011fi s\u00f6ylendi. Hen\u00fcz daha bu telefon gelmedi. Say\u0131n Sarkozy ile de bir g\u00f6r\u00fc\u015fme yapaca\u011f\u0131z.<\/p>\n<p style=\"text-align: justify;\">Ba\u015fbakan Erdo\u011fan, &#8220;Yarg\u0131tay Ba\u015fkan\u0131 ile bir araya gelmeniz s\u00f6z konusu olur mu&#8221; sorusuna da &#8220;Yarg\u0131taydan b\u00f6yle bir talep gelirse niye g\u00f6r\u00fc\u015fmeyelim, g\u00f6r\u00fc\u015f\u00fcr\u00fcz tabii&#8221; yan\u0131t\u0131n\u0131 verdi.<\/p>\n<p style=\"text-align: justify;\"><a href=\"http:\/\/www.cnnturk.com\/2011\/turkiye\/01\/14\/erdogan.tiksirincaya.kadar.iciyorlar\/603286.0\/index.html\" target=\"_blank\"><span style=\"color: #888888;\">CNN T\u00dcRK<\/span><\/a><\/p>\n","protected":false},"excerpt":{"rendered":"<p style=\"text-align: center;\">\n<p style=\"text-align: justify;\">Ba\u015fbakan Recep Tayyip Erdo\u011fan, &#8220;Kimsenin yeme i\u00e7mesine k\u0131s\u0131tlama getirmiyoruz. 8 y\u0131ld\u0131r hangi \u00f6zg\u00fcrl\u00fckleri k\u0131s\u0131tlad\u0131k? \u0130steyen istedi\u011fi kadar i\u00e7iyor. Aks\u0131r\u0131ncaya, t\u0131ks\u0131r\u0131ncaya kadar i\u00e7iyorlar&#8221; dedi.<\/p>\n<p style=\"text-align: justify;\">Erdo\u011fan, AK Parti Genel Merkezinde d\u00fczenlenen Geni\u015fletilmi\u015f \u0130l Ba\u015fkanlar\u0131 toplant\u0131s\u0131ndaki konu\u015fmas\u0131nda, 2011 se\u00e7imleri yakla\u015ft\u0131k\u00e7a, \u00e7irkin oyunlar, birtak\u0131m \u00e7irkin g\u00fcndemler ve kara propagandan\u0131n yine ayn\u0131 \u015fekilde <\/p>\n","protected":false},"author":1,"featured_media":0,"comment_status":"open","ping_status":"closed","sticky":false,"template":"","format":"standard","meta":{"footnotes":""},"categories":[105],"tags":[],"class_list":["post-27236","post","type-post","status-publish","format-standard","hentry","category-gundem","odd"],"_links":{"self":[{"href":"http:\/\/www.korhanyilmaz.com\/index.php?rest_route=\/wp\/v2\/posts\/27236","targetHints":{"allow":["GET"]}}],"collection":[{"href":"http:\/\/www.korhanyilmaz.com\/index.php?rest_route=\/wp\/v2\/posts"}],"about":[{"href":"http:\/\/www.korhanyilmaz.com\/index.php?rest_route=\/wp\/v2\/types\/post"}],"author":[{"embeddable":true,"href":"http:\/\/www.korhanyilmaz.com\/index.php?rest_route=\/wp\/v2\/users\/1"}],"replies":[{"embeddable":true,"href":"http:\/\/www.korhanyilmaz.com\/index.php?rest_route=%2Fwp%2Fv2%2Fcomments&post=27236"}],"version-history":[{"count":0,"href":"http:\/\/www.korhanyilmaz.com\/index.php?rest_route=\/wp\/v2\/posts\/27236\/revisions"}],"wp:attachment":[{"href":"http:\/\/www.korhanyilmaz.com\/index.php?rest_route=%2Fwp%2Fv2%2Fmedia&parent=27236"}],"wp:term":[{"taxonomy":"category","embeddable":true,"href":"http:\/\/www.korhanyilmaz.com\/index.php?rest_route=%2Fwp%2Fv2%2Fcategories&post=27236"},{"taxonomy":"post_tag","embeddable":true,"href":"http:\/\/www.korhanyilmaz.com\/index.php?rest_route=%2Fwp%2Fv2%2Ftags&post=27236"}],"curies":[{"name":"wp","href":"https:\/\/api.w.org\/{rel}","templated":true}]}}