{"id":27229,"date":"2011-01-13T12:38:28","date_gmt":"2011-01-13T10:38:28","guid":{"rendered":"http:\/\/www.korhanyilmaz.com\/?p=27229"},"modified":"2011-01-13T12:38:28","modified_gmt":"2011-01-13T10:38:28","slug":"erdogan-lieberman-israillilerin-basina-bela","status":"publish","type":"post","link":"http:\/\/www.korhanyilmaz.com\/?p=27229","title":{"rendered":"Erdo\u011fan: Lieberman \u0130sraillilerin ba\u015f\u0131na bela"},"content":{"rendered":"<p style=\"text-align: justify;\"><a href=\"http:\/\/www.korhanyilmaz.com\/wp-content\/uploads\/2011\/01\/047.jpg\"  class=\"lightview\"><img loading=\"lazy\" decoding=\"async\" class=\"aligncenter size-full wp-image-27230\" src=\"http:\/\/www.korhanyilmaz.com\/wp-content\/uploads\/2011\/01\/047.jpg\" alt=\"\" width=\"423\" height=\"280\" \/><\/a>\u0130srail\u2019e \u00e7a\u011fr\u0131da bulunan &#8221;Lieberman \u0130sraillilerin ba\u015f\u0131na belad\u0131r, ondan kurtulsunlar&#8221; diyen Erdo\u011fan&#8217;a \u0130srailden yan\u0131t geldi: Bu uygunsuz sald\u0131r\u0131lar\u0131 kabul etmiyoruz.<\/p>\n<p style=\"text-align: justify;\">El Cezire\u2019ye konu\u015fan Ba\u015fbakan Erdo\u011fan, Netanyahu kabinesinin \u0130srail tarihindeki en k\u00f6t\u00fc h\u00fck\u00fcmet oldu\u011funu belirtirken, \u0130srail halk\u0131n\u0131n D\u0131\u015fi\u015fleri Bakan\u0131 Lieberman\u2019dan kurtulmas\u0131 gerekti\u011fini s\u00f6yledi. <!--more--><\/p>\n<p style=\"text-align: justify;\">Ba\u015fbakan Recep Tayyip Erdo\u011fan, as\u0131l k\u00fcstahl\u0131\u011f\u0131 \u0130srail D\u0131\u015fi\u015fleri Bakan\u0131 Avigdor Lieberman&#8217;\u0131n yapt\u0131\u011f\u0131n\u0131 belirterek, &#8220;Bir defa T\u00fcrkiye&#8217;ye &#8216;k\u00fcstah&#8217; ifadesini yak\u0131\u015ft\u0131racak olan ki\u015fi \u00f6nce aynaya baks\u0131n, kendisi k\u00fcstahl\u0131\u011f\u0131n daniskas\u0131n\u0131 yapan birisidir. \u0130srail&#8217;in ba\u015f\u0131na belad\u0131r, \u0130sraillilerin ba\u015f\u0131na belad\u0131r. \u0130srailliler ondan kurtulmal\u0131d\u0131r&#8221; dedi.<\/p>\n<p style=\"text-align: justify;\">Ba\u015fbakan Erdo\u011fan, Katar ziyareti s\u0131ras\u0131nda El Cezire televizyonunun &#8216;S\u0131n\u0131rs\u0131z&#8217; program\u0131na m\u00fclakat verdi. Son y\u0131llarda gerginle\u015fen ve Mavi Marmara katliam\u0131yla kopma noktas\u0131na gelen \u0130srail T\u00fcrkiye ili\u015fkileriyle ilgili bir soruya cevap veren Erdo\u011fan, \u0130srail Ba\u015fbakan\u0131 Binyamin Netanyahu&#8217;nun politikas\u0131nda de\u011fi\u015fikli\u011fe gitmemesi durumunda kendilerinden de bir politika de\u011fi\u015fikli\u011fi beklenmemesi gerekti\u011fini s\u00f6yledi. Erdo\u011fan, &#8220;\u0130srail&#8217;in mevcut y\u00f6netimi bana g\u00f6re herhalde \u0130srail&#8217;in gelmi\u015f ge\u00e7mi\u015f en talihsiz y\u00f6netimidir.&#8221; dedi. Ba\u015fbakan Erdo\u011fan, Tel Aviv&#8217;in b\u00f6yle devam etmesi durumunda T\u00fcrkiye&#8217;nin \u0130srail&#8217;le masaya oturmas\u0131n\u0131n ve \u00f6nceki anla\u015fmalar\u0131 yenilemesinin s\u00f6z konusu olmayaca\u011f\u0131n\u0131 s\u00f6yledi ve &#8220;Bu durumda kaybeden, b\u00f6lgede yaln\u0131z kalacak olan \u0130srail olur.&#8221; mesaj\u0131n\u0131 verdi.<\/p>\n<p style=\"text-align: justify;\">\u0130srail&#8217;den Mavi Marmara katliam\u0131ndan dolay\u0131 \u00f6z\u00fcr dilemesi ve sald\u0131r\u0131da hayat\u0131n\u0131 kaybedenlerin ailelerine tazminat \u00f6demesini talep ettiklerini hat\u0131rlatan Erdo\u011fan, &#8220;Bu \u015fartlara olumlu cevap verirlerse durumu de\u011ferlendiririz.&#8221; dedi.<\/p>\n<p style=\"text-align: justify;\">\u0130srail D\u0131\u015fi\u015fleri Bakan\u0131 Avigdor Lieberman&#8217;\u0131n, T\u00fcrkiye&#8217;nin bu taleplerini &#8216;k\u00fcstahl\u0131k&#8217; olarak de\u011ferlendirdi\u011fini hat\u0131rlat\u0131lmas\u0131 \u00fczerine Erdo\u011fan, &#8220;Bir defa T\u00fcrkiye&#8217;ye &#8216;k\u00fcstah&#8217; ifadesini yak\u0131\u015ft\u0131racak olan ki\u015fi \u00f6nce aynaya baks\u0131n, kendisi k\u00fcstahl\u0131\u011f\u0131n daniskas\u0131n\u0131 yapan birisidir. \u0130srail&#8217;in ba\u015f\u0131na belad\u0131r, \u0130sraillilerin ba\u015f\u0131na belad\u0131r. \u0130srailliler ondan kurtulmal\u0131d\u0131r. Bu bizim g\u00f6revimiz de\u011fildir.&#8221; \u015feklinde konu\u015ftu.<\/p>\n<p style=\"text-align: justify;\"><strong>&#8220;HAKLI OLDU\u011eU S\u00dcRECE HAMAS&#8217;IN HEP YANINDA OLDUK&#8221; <\/strong><\/p>\n<p style=\"text-align: justify;\">Gazze&#8217;yi kontrol eden Hamas hareketini de de\u011ferlendiren Ba\u015fbakan Erdo\u011fan, Hamas&#8217;\u0131 bir ter\u00f6r \u00f6rg\u00fct\u00fc de\u011fil, direni\u015f hareketi olarak g\u00f6rd\u00fc\u011f\u00fcn\u00fc vurgulad\u0131. Erdo\u011fan, &#8220;Hakl\u0131 oldu\u011fu s\u00fcrece Hamas hareketinin \u015fu ana kadar hep yan\u0131nda olduk. Bug\u00fcn de yan\u0131nday\u0131m, bunu a\u00e7\u0131k\u00e7a s\u00f6yl\u00fcyorum.&#8221; dedi.<\/p>\n<p style=\"text-align: justify;\">Erdo\u011fan, \u015f\u00f6yle devam etti: &#8220;\u00c7\u00fcnk\u00fc Hamas hareketini, topraklar\u0131n\u0131n savunmas\u0131n\u0131 yapan bir hareket olarak g\u00f6r\u00fcyorum. Bir siyasi hareket olarak g\u00f6r\u00fcyorum. Bir siyasi hareket olarak da se\u00e7imlere girmi\u015f ve kazanm\u0131\u015f bir partidir ayn\u0131 zamanda. Se\u00e7im kazand\u0131\u011f\u0131 halde onlar\u0131 iktidardan indirenlerin demokrasi kar\u015f\u0131t\u0131 oldu\u011funu g\u00f6r\u00fcyorum. Bunu da \u00e7ok a\u00e7\u0131k ve net olarak s\u00f6yl\u00fcyorum. Orada siyasi olarak kendilerine bir s\u00fcre\u00e7 tan\u0131nmam\u0131\u015ft\u0131r ve ellerinden b\u00fct\u00fcn imkanlar\u0131 al\u0131nm\u0131\u015ft\u0131r. Onlar\u0131 ba\u015far\u0131s\u0131zl\u0131\u011fa mahkum etmek istemi\u015flerdir. Meclis Ba\u015fkan\u0131 \u0130srail taraf\u0131ndan hapse at\u0131lm\u0131\u015ft\u0131r, bakanlar hapse at\u0131lm\u0131\u015ft\u0131r, milletvekilleri hapse at\u0131lm\u0131\u015ft\u0131r. Bu nas\u0131l demokrasi? Bunu anlamak m\u00fcmk\u00fcn de\u011fil.&#8221;<\/p>\n<p style=\"text-align: justify;\">Ortado\u011fu D\u00f6rtl\u00fcs\u00fc&#8217;n\u00fcn El\u00e7isi eski \u0130ngiltere Ba\u015fbakan\u0131 Tony Blair&#8217;la da bu g\u00f6r\u00fc\u015flerini payla\u015ft\u0131\u011f\u0131n\u0131 belirten Erdo\u011fan, Hamas&#8217;\u0131n masada olmad\u0131\u011f\u0131 bir bar\u0131\u015f s\u00fcrecinin ba\u015far\u0131l\u0131 olamayaca\u011f\u0131 g\u00f6r\u00fc\u015f\u00fcn\u00fc aktard\u0131\u011f\u0131n\u0131 dile getirdi. Erdo\u011fan, El Fetih ve Hamas&#8217;\u0131n Filistin&#8217;in \u00f6nemli unsurlar\u0131 oldu\u011funu, yaln\u0131zca birini muhatap olarak bar\u0131\u015f\u0131n sa\u011flanamayaca\u011f\u0131n\u0131 Blari&#8217;e de anlatt\u0131\u011f\u0131n\u0131 dile getirdi.<\/p>\n<p style=\"text-align: justify;\">[flv]http:\/\/ciner.mncdn.net\/E5343EF4BB8A7E91243A3794C0FFEA7D_c.mp4[\/flv]<\/p>\n<p style=\"text-align: justify;\"><strong>\u0130SRA\u0130L&#8217;DEN YANIT GELD\u0130:<\/strong><\/p>\n<p style=\"text-align: justify;\"><strong>Tangoya iki ki\u015fi gerekir <\/strong><\/p>\n<p style=\"text-align: justify;\">D\u0131\u015fi\u015fleri Bakan Yard\u0131mc\u0131s\u0131 Silvan \u015ealom, &#8221;bu uygunsuz sald\u0131r\u0131lar\u0131 kabul etmiyoruz&#8221; dedi. \u015ealom, T\u00fcrk h\u00fck\u00fcmeti ve halk\u0131yla diyalo\u011fa devam etmek istediklerini belirtti, &#8221;pek \u00e7ok ortak yan\u0131m\u0131z oldu\u011funa inan\u0131yoruz ama tangoya iki ki\u015fi gerekir&#8221; dedi. D\u0131\u015fi\u015fleri Bakan Yard\u0131mc\u0131s\u0131na g\u00f6re, Ba\u015fbakan Erdo\u011fan&#8217;\u0131n ifadeleri son y\u0131llarda iki \u00fclke aras\u0131na giren mesafeyi kapatmalar\u0131na yard\u0131mc\u0131 olmuyor&#8230;<\/p>\n<p style=\"text-align: justify;\"><strong>&#8221;\u0130SRA\u0130L &#8211; T\u00dcRK\u0130YE KAVGASI TIRMANIYOR&#8221; <\/strong><\/p>\n<p style=\"text-align: justify;\">Ba\u015fbakan Recep Tayyip Erdo\u011fan&#8217;\u0131n, \u0130srail D\u0131\u015fi\u015fleri Bakan\u0131 Avgdor Lieberman&#8217;\u0131n g\u00f6revinden al\u0131nmas\u0131 \u00e7a\u011fr\u0131s\u0131, Bat\u0131 bas\u0131n\u0131nda da yank\u0131land\u0131.<\/p>\n<p style=\"text-align: justify;\">The Daily Telegraph gazetesi, T\u00fcrkiye&#8217;nin, &#8220;Ortado\u011fu&#8217;nun en \u00f6nemli Bat\u0131 yanl\u0131s\u0131 ittifaklar\u0131ndan birine \u00e7ok zarar veren uzun kavgay\u0131 t\u0131rmand\u0131rd\u0131\u011f\u0131&#8221;n\u0131 savunurken, Erdo\u011fan&#8217;\u0131n ifadelerinin, Ankara&#8217;da duyulan &#8220;derin \u00f6fke&#8221;yi yans\u0131tt\u0131\u011f\u0131n\u0131 da yazd\u0131.<\/p>\n<p style=\"text-align: justify;\">\u0130ngiliz Telegraph gazetesi, &#8220;T\u00fcrkiye, \u0130srail&#8217;i Avigdor Lieberban&#8217;\u0131 Kovmaya \u00c7a\u011f\u0131rd\u0131&#8221; ba\u015fl\u0131\u011f\u0131 ile yay\u0131mlad\u0131\u011f\u0131 haberde, &#8220;T\u00fcrkiye, \u0130srail&#8217;den tart\u0131\u015fmal\u0131 D\u0131\u015fi\u015fleri Bakan\u0131 Avigdor Lieberman&#8217;\u0131 kovmas\u0131n\u0131 kuvvetle isteyerek Ortado\u011fu&#8217;nun en \u00f6nemli Bat\u0131 yanl\u0131s\u0131 ittifaklar\u0131ndan birine \u00e7ok zarar veren uzun kavgay\u0131 t\u0131rmand\u0131rd\u0131&#8221; yorumunu yapt\u0131.  Lieberman&#8217;\u0131n, T\u00fcrkiye&#8217;deki son geli\u015fmeleri, \u0130ran&#8217;daki \u0130slami devrim hemen \u00f6ncesi durumuna benzetti\u011fini an\u0131msatan gazete, Ba\u015fbakan Erdo\u011fan&#8217;\u0131n da, Lieberman&#8217;\u0131, &#8220;\u0130srail&#8217;in uluslararas\u0131 konumuna zarar veren, kontrol d\u0131\u015f\u0131na \u00e7\u0131km\u0131\u015f biri olarak g\u00f6stermeye \u00e7al\u0131\u015ft\u0131\u011f\u0131&#8221; g\u00f6r\u00fc\u015f\u00fcn\u00fc de \u00f6ne s\u00fcrd\u00fc.<\/p>\n<p style=\"text-align: justify;\">The Telegraph, Erdo\u011fan&#8217;\u0131n, Lieberman&#8217;\u0131n g\u00f6revinde kald\u0131\u011f\u0131 s\u00fcrece iki \u00fclke aras\u0131ndaki diplomatik krizin \u00e7\u00f6z\u00fcmlenmesinin pek m\u00fcmk\u00fcn olmayaca\u011f\u0131n\u0131 da ifade etti\u011fini belirterek bunun da &#8220;Ankara&#8217;da Lieberman&#8217;\u0131n son haftalarda T\u00fcrkiye&#8217;ye y\u00f6neltti\u011fi bir dizi sald\u0131r\u0131lardan duyulan derin \u00f6fkeyi yans\u0131tt\u0131\u011f\u0131&#8221; de\u011ferlendirmesine de yer verdi.<\/p>\n<p style=\"text-align: justify;\"><strong>&#8220;LIEBERMAN&#8217;IN S\u00d6ZLER\u0130 NETANYANU \u0130\u00c7\u0130N \u00c7OK MAHCUP ED\u0130C\u0130&#8221; <\/strong><\/p>\n<p style=\"text-align: justify;\">Lieberman&#8217;\u0131n \u0130ran benzetmesinin, T\u00fcrkiye&#8217;nin, \u0130srail&#8217;e yang\u0131n u\u00e7aklar\u0131n\u0131 g\u00f6ndermesinin ard\u0131ndan ikili ili\u015fkileri onarmak i\u00e7in olduk\u00e7a &#8220;yo\u011fun \u00e7al\u0131\u015fan&#8221; \u0130srail Ba\u015fbakan\u0131 Binyamin Netanyahu i\u00e7in &#8220;\u00e7ok mahcup edici&#8221; oldu\u011funu belirten gazete, &#8220;Gazze operasyonu nedeniyle zaten gergin olan T\u00fcrkiye ile \u0130srail aras\u0131ndaki ili\u015fkilerin, \u0130srailli deniz kuvvetlerinin, Gazze filosunu durdurmak amac\u0131yla ger\u00e7ekle\u015ftirdi\u011fi &#8220;beceriksiz&#8221; operasyon s\u0131ras\u0131nda dokuz T\u00fcrk aktivistelerini \u00f6ld\u00fcrmesinin ard\u0131ndan krize girdi\u011fine dikkat \u00e7ekildi.<\/p>\n<p style=\"text-align: justify;\">Haberde Lieberman&#8217;\u0131n s\u00f6zlerinin, \u0130srail&#8217;de yayg\u0131n ele\u015ftirilere yol a\u00e7t\u0131\u011f\u0131n\u0131, hem sa\u011f hem de sol gazetelerdeki ba\u015fyaz\u0131lar\u0131n\u0131n, h\u00fck\u00fcmetten kovulmas\u0131 \u00e7a\u011fr\u0131lar\u0131n\u0131n yap\u0131ld\u0131\u011f\u0131n\u0131n da alt\u0131 \u00e7izildi.<\/p>\n<p style=\"text-align: justify;\"><strong>Die Welt\u2019ten \u2018T\u00fcrk-Arap birli\u011fi\u2019ne logo <\/strong><\/p>\n<p style=\"text-align: justify;\">Alman Die Welt Gazetesi, internet sitesinde, \u201cErdo\u011fan Arap-T\u00fcrk s\u00fcper g\u00fcc\u00fcn\u00fc hayal ediyor\u201d ba\u015fl\u0131kl\u0131 yaz\u0131s\u0131nda, Ba\u015fbakan Tayyip Erdo\u011fan\u2019\u0131n \u00e7ok say\u0131da h\u00fck\u00fcmet delegesi ile K\u00f6rfez \u00fclkelerini ziyaret etti\u011fini ifade etti. Gazete, Erdo\u011fan\u2019\u0131n Kuveyt ziyareti s\u0131ras\u0131nda, gelecekte T\u00fcrkiye ve di\u011fer Arap \u00fclkelerinin liderli\u011finde bir \u2018birlik\u2019 olu\u015fturulabilece\u011fine ili\u015fkin bir konu\u015fman\u0131n da ge\u00e7ti\u011fini yazd\u0131. Die Welt, Avrupa Birli\u011fi bayra\u011f\u0131ndaki y\u0131ld\u0131zlar\u0131 hilale d\u00f6n\u00fc\u015ft\u00fcrerek, T\u00fcrkiye\u2019nin liderli\u011finde olu\u015fabilecek bir \u2018\u0130slam birli\u011fi\u2019nin bayra\u011f\u0131n\u0131 olu\u015fturdu.<\/p>\n<p style=\"text-align: justify;\"><strong>Foreign Policy\u2019nin yorumu<\/strong><\/p>\n<p style=\"text-align: justify;\"><strong>Ortado\u011fu\u2019nun yeni h\u00e2kimi T\u00fcrkiye <\/strong><\/p>\n<p style=\"text-align: justify;\">Amerikan siyaset dergisi Foreign Policy, Ortado\u011fu\u2019da \u0130ran ve T\u00fcrkiye\u2019nin \u201cyumu\u015fak g\u00fc\u00e7lerini\u201d ortaya koyarak sivrildi\u011fini, Ba\u015fbakan Tayyip Erdo\u011fan\u2019\u0131n da b\u00f6lgenin en pop\u00fcler lideri oldu\u011funu yazd\u0131. Haziran ay\u0131ndaki say\u0131s\u0131nda ABD\u2019nin Ortado\u011fu\u2019daki en b\u00fcy\u00fck rakibini T\u00fcrkiye olarak ilan eden dergi, son say\u0131s\u0131nda Ortado\u011fu\u2019da T\u00fcrkiye ve \u0130ran h\u00e2kimiyetinin ba\u015flad\u0131\u011f\u0131n\u0131 belirtti.<\/p>\n<p style=\"text-align: justify;\"><a href=\"http:\/\/www.haberturk.com\/dunya\/haber\/591121-erdogan-lieberman-israillilerin-basina-bela-video\" target=\"_blank\"><span style=\"color: #888888;\">Kaynak : Habert\u00fcrk<\/span><\/a><\/p>\n","protected":false},"excerpt":{"rendered":"<p style=\"text-align: justify;\">\u0130srail\u2019e \u00e7a\u011fr\u0131da bulunan &#8221;Lieberman \u0130sraillilerin ba\u015f\u0131na belad\u0131r, ondan kurtulsunlar&#8221; diyen Erdo\u011fan&#8217;a \u0130srailden yan\u0131t geldi: Bu uygunsuz sald\u0131r\u0131lar\u0131 kabul etmiyoruz.<\/p>\n<p style=\"text-align: justify;\">El Cezire\u2019ye konu\u015fan Ba\u015fbakan Erdo\u011fan, Netanyahu kabinesinin \u0130srail tarihindeki en k\u00f6t\u00fc h\u00fck\u00fcmet oldu\u011funu belirtirken, \u0130srail halk\u0131n\u0131n D\u0131\u015fi\u015fleri Bakan\u0131 Lieberman\u2019dan kurtulmas\u0131 gerekti\u011fini s\u00f6yledi. <\/p>\n","protected":false},"author":1,"featured_media":0,"comment_status":"open","ping_status":"closed","sticky":false,"template":"","format":"standard","meta":{"footnotes":""},"categories":[105],"tags":[],"class_list":["post-27229","post","type-post","status-publish","format-standard","hentry","category-gundem","odd"],"_links":{"self":[{"href":"http:\/\/www.korhanyilmaz.com\/index.php?rest_route=\/wp\/v2\/posts\/27229","targetHints":{"allow":["GET"]}}],"collection":[{"href":"http:\/\/www.korhanyilmaz.com\/index.php?rest_route=\/wp\/v2\/posts"}],"about":[{"href":"http:\/\/www.korhanyilmaz.com\/index.php?rest_route=\/wp\/v2\/types\/post"}],"author":[{"embeddable":true,"href":"http:\/\/www.korhanyilmaz.com\/index.php?rest_route=\/wp\/v2\/users\/1"}],"replies":[{"embeddable":true,"href":"http:\/\/www.korhanyilmaz.com\/index.php?rest_route=%2Fwp%2Fv2%2Fcomments&post=27229"}],"version-history":[{"count":0,"href":"http:\/\/www.korhanyilmaz.com\/index.php?rest_route=\/wp\/v2\/posts\/27229\/revisions"}],"wp:attachment":[{"href":"http:\/\/www.korhanyilmaz.com\/index.php?rest_route=%2Fwp%2Fv2%2Fmedia&parent=27229"}],"wp:term":[{"taxonomy":"category","embeddable":true,"href":"http:\/\/www.korhanyilmaz.com\/index.php?rest_route=%2Fwp%2Fv2%2Fcategories&post=27229"},{"taxonomy":"post_tag","embeddable":true,"href":"http:\/\/www.korhanyilmaz.com\/index.php?rest_route=%2Fwp%2Fv2%2Ftags&post=27229"}],"curies":[{"name":"wp","href":"https:\/\/api.w.org\/{rel}","templated":true}]}}