{"id":27225,"date":"2011-01-14T00:41:25","date_gmt":"2011-01-13T22:41:25","guid":{"rendered":"http:\/\/www.korhanyilmaz.com\/?p=27225"},"modified":"2011-01-14T00:41:25","modified_gmt":"2011-01-13T22:41:25","slug":"cumhurbaskanina-bu-yolsuzluk-agina-dusme-dedik-ama%e2%80%a6","status":"publish","type":"post","link":"http:\/\/www.korhanyilmaz.com\/?p=27225","title":{"rendered":"Cumhurba\u015fkan\u0131&#8217;na &#8216;bu yolsuzluk a\u011f\u0131na d\u00fc\u015fme&#8217; dedik ama\u2026"},"content":{"rendered":"<p style=\"text-align: justify;\"><a href=\"http:\/\/www.korhanyilmaz.com\/wp-content\/uploads\/2011\/01\/046.jpg\"  class=\"lightview\"><img loading=\"lazy\" decoding=\"async\" class=\"aligncenter size-full wp-image-27226\" src=\"http:\/\/www.korhanyilmaz.com\/wp-content\/uploads\/2011\/01\/046.jpg\" alt=\"\" width=\"465\" height=\"188\" \/><\/a><\/p>\n<p style=\"text-align: justify;\">Kayseri Yolsuzlu\u011fu \u00fczerine son 15 g\u00fcnd\u00fcr ara\u015ft\u0131rma yapan CHP Konya Milletvekili Atilla Kart, \u0130zmir Milletvekili Ahmet Ersin ve Kayseri Milletvekili \u015eevki Kulkulo\u011flu bug\u00fcn Kayseri\u2019de bas\u0131n toplant\u0131s\u0131 yapt\u0131. Toplant\u0131 sonras\u0131nda telefonla g\u00f6r\u00fc\u015ft\u00fc\u011f\u00fcm\u00fcz Atilla Kart ve \u015eevki Kulkulo\u011flu bulduklar\u0131 son belgeler ve deliller ile ilgili \u015funlar\u0131 s\u00f6yledi: <!--more--><\/p>\n<p style=\"text-align: justify;\">\u201cBiz CHP olarak T\u00fcrkiye Cumhuriyeti\u2019nin Cumhurba\u015fkan\u0131na; \u2018devletin ba\u015f\u0131 ol, cumhurun ba\u015fkan\u0131 ol, bu yolsuzluk a\u011f\u0131na d\u00fc\u015fme, delillerin karart\u0131lmas\u0131na onay ve izin vermekten vazge\u00e7, \u00e7ek elini o dosyalardan, g\u00fcn\u00fc geldi\u011finde nas\u0131l hakka hesap vereceksin, vebalini d\u00fc\u015f\u00fcnd\u00fcn m\u00fc?\u2019 diye seslendik.<\/p>\n<p style=\"text-align: justify;\">Ba\u015fbakana da seslendik; \u2018komplekse kap\u0131l\u0131p hamaset yapma, gel bu olay\u0131n \u00fcst\u00fcne gidelim yard\u0131m et\u2019 diye&#8230;<\/p>\n<p style=\"text-align: justify;\">Kayseri bir prototiptir. T\u00fcrkiye\u2019de daha ne Kayseriler var. Biz bug\u00fcn Kayseri\u2019de meydan okuduk bu i\u015fin pe\u015fini asla b\u0131rakmayaca\u011f\u0131z. Savc\u0131lar dahil herkesi g\u00f6reve davet ediyoruz.<\/p>\n<p style=\"text-align: justify;\">Hac\u0131 Ali Hamurcu ve beraberindeki belediye \u00e7al\u0131\u015fanlar\u0131n\u0131n Antalya, Ankara ve Kayseri\u2019deki mal varl\u0131klar\u0131n\u0131 nas\u0131l belediyede \u00e7al\u0131\u015farak maa\u015fla yapt\u0131klar\u0131n\u0131 soruyoruz, cevap alam\u0131yoruz. Hac\u0131 Ali Hamurcu\u2019nun kendi el yaz\u0131s\u0131 ile not ald\u0131\u011f\u0131 defterde, al\u0131nan r\u00fc\u015fvetin kime ne kadar da\u011f\u0131tt\u0131\u011f\u0131n\u0131n belgesini \u00f6nlerine koyuyoruz ama yine cevap alam\u0131yoruz. \u00c7\u00fcnk\u00fc verecek bir cevaplar\u0131 yok.\u201d<\/p>\n<p style=\"text-align: justify;\"><a href=\"http:\/\/www.odatv.com\/n.php?n=cumhurbaskanina-bu-yolsuzluk-agina-dusme-dedik-ama-1401111200\" target=\"_blank\"><span style=\"color: #888888;\">Kaynak : \u0130klim Bayraktar &#8211; Odatv.com<\/span><\/a><\/p>\n","protected":false},"excerpt":{"rendered":"<p style=\"text-align: justify;\">\n<p style=\"text-align: justify;\">Kayseri Yolsuzlu\u011fu \u00fczerine son 15 g\u00fcnd\u00fcr ara\u015ft\u0131rma yapan CHP Konya Milletvekili Atilla Kart, \u0130zmir Milletvekili Ahmet Ersin ve Kayseri Milletvekili \u015eevki Kulkulo\u011flu bug\u00fcn Kayseri\u2019de bas\u0131n toplant\u0131s\u0131 yapt\u0131. Toplant\u0131 sonras\u0131nda telefonla g\u00f6r\u00fc\u015ft\u00fc\u011f\u00fcm\u00fcz Atilla Kart ve \u015eevki Kulkulo\u011flu bulduklar\u0131 son belgeler ve deliller ile ilgili \u015funlar\u0131 s\u00f6yledi: <\/p>\n","protected":false},"author":1,"featured_media":0,"comment_status":"open","ping_status":"closed","sticky":false,"template":"","format":"standard","meta":{"footnotes":""},"categories":[105],"tags":[],"class_list":["post-27225","post","type-post","status-publish","format-standard","hentry","category-gundem","odd"],"_links":{"self":[{"href":"http:\/\/www.korhanyilmaz.com\/index.php?rest_route=\/wp\/v2\/posts\/27225","targetHints":{"allow":["GET"]}}],"collection":[{"href":"http:\/\/www.korhanyilmaz.com\/index.php?rest_route=\/wp\/v2\/posts"}],"about":[{"href":"http:\/\/www.korhanyilmaz.com\/index.php?rest_route=\/wp\/v2\/types\/post"}],"author":[{"embeddable":true,"href":"http:\/\/www.korhanyilmaz.com\/index.php?rest_route=\/wp\/v2\/users\/1"}],"replies":[{"embeddable":true,"href":"http:\/\/www.korhanyilmaz.com\/index.php?rest_route=%2Fwp%2Fv2%2Fcomments&post=27225"}],"version-history":[{"count":0,"href":"http:\/\/www.korhanyilmaz.com\/index.php?rest_route=\/wp\/v2\/posts\/27225\/revisions"}],"wp:attachment":[{"href":"http:\/\/www.korhanyilmaz.com\/index.php?rest_route=%2Fwp%2Fv2%2Fmedia&parent=27225"}],"wp:term":[{"taxonomy":"category","embeddable":true,"href":"http:\/\/www.korhanyilmaz.com\/index.php?rest_route=%2Fwp%2Fv2%2Fcategories&post=27225"},{"taxonomy":"post_tag","embeddable":true,"href":"http:\/\/www.korhanyilmaz.com\/index.php?rest_route=%2Fwp%2Fv2%2Ftags&post=27225"}],"curies":[{"name":"wp","href":"https:\/\/api.w.org\/{rel}","templated":true}]}}