{"id":27217,"date":"2011-01-13T17:55:25","date_gmt":"2011-01-13T15:55:25","guid":{"rendered":"http:\/\/www.korhanyilmaz.com\/?p=27217"},"modified":"2011-01-13T17:55:25","modified_gmt":"2011-01-13T15:55:25","slug":"erdogandan-universiteli-tiyatroculara-dava","status":"publish","type":"post","link":"http:\/\/www.korhanyilmaz.com\/?p=27217","title":{"rendered":"Erdo\u011fan&#8217;dan \u00fcniversiteli tiyatroculara dava"},"content":{"rendered":"<p style=\"text-align: center;\"><a href=\"http:\/\/www.korhanyilmaz.com\/wp-content\/uploads\/2011\/01\/044.jpg\"  class=\"lightview\"><img loading=\"lazy\" decoding=\"async\" class=\"aligncenter size-full wp-image-27218\" src=\"http:\/\/www.korhanyilmaz.com\/wp-content\/uploads\/2011\/01\/044.jpg\" alt=\"\" width=\"320\" height=\"256\" \/><\/a><\/p>\n<p style=\"text-align: justify;\">Ge\u00e7ti\u011fimiz y\u0131l bir grup \u00fcniversitelinin sahneye ta\u015f\u0131d\u0131\u011f\u0131 tiyatro oyununda ge\u00e7en &#8216;Tayyip Blues&#8217; \u015fark\u0131s\u0131 \u00f6\u011frencileri mahkemelik yapt\u0131. 16 ki\u015finin 2 y\u0131l hapis istemli davas\u0131 &#8216;Ba\u015fbakan&#8217;a hakaret davas\u0131na d\u00f6n\u00fc\u015ft\u00fc.<\/p>\n<p style=\"text-align: justify;\">\u0130STANBUL- \u00c7atalca Belediyesi taraf\u0131ndan 11-12 Temmuz 2010\u2019da d\u00fczenlenen Erguvan \u015eenlikleri\u2019nde sahne alan Beyo\u011flu Kumpanya, &#8220;Tayyip Blues&#8221; ad\u0131n\u0131 verdikleri \u015fark\u0131y\u0131 s\u00f6yledi. \u015eark\u0131 s\u00f6zlerinin aras\u0131nda yer alan &#8220;\u0130\u015fportac\u0131s\u0131n Tayyip&#8221; b\u00f6l\u00fcm\u00fc 3&#8243;\u00fc mezun 16 \u00fcniversite \u00f6\u011frencisi amat\u00f6r tiyatrocuyu mahkemelik yapt\u0131. Ba\u015fbakan Recep Tayyip Erdo\u011fan\u2019\u0131n, avukat\u0131 arac\u0131l\u0131\u011f\u0131yla yapt\u0131\u011f\u0131 \u015fikayet \u00fczerine ba\u015flat\u0131lan soru\u015fturma, o g\u00fcn sahne alan 16 ki\u015fi i\u00e7in 2 y\u0131la kadar hapis istemli &#8220;Ba\u015fbakan\u2019a hakaret&#8221; davas\u0131na d\u00f6n\u00fc\u015ft\u00fc. Davan\u0131n ilk duru\u015fmas\u0131 \u00f6n\u00fcm\u00fczdeki g\u00fcnlerde g\u00f6r\u00fclecek. <!--more--><\/p>\n<p style=\"text-align: justify;\"><strong>&#8220;\u00c7ATALCA BELED\u0130YES\u0130\u2019N\u0130N DAVET\u0130YLE ERGUVAN \u015eENL\u0130KLER\u0130\u2019NE KATILDIK&#8221;<\/strong><\/p>\n<p style=\"text-align: justify;\">Hakk\u0131nda 2 y\u0131la kadar hapis cezas\u0131 istenen Bilgi \u00dcniversitesi Psikoloji B\u00f6l\u00fcm\u00fc 2. S\u0131n\u0131f \u00f6\u011frencisi Emre Savc\u0131, &#8220;\u00c7atalca Belediyesi\u2019nin davetiyle Erguvan \u015eenlikleri\u2019ne kat\u0131ld\u0131k. Orada \u2019\u00dclkemizden\u2019 adl\u0131 oyunumuzun i\u00e7inde yer alan \u2019Tayyip Blues\u2019 \u015fark\u0131m\u0131z\u0131 s\u00f6yledik. AKP \u0130l\u00e7e Ba\u015fkan\u0131 Selim G\u00fc\u00e7bilmez sahnenin arkas\u0131na gelerek \u015fark\u0131m\u0131z\u0131 sonlard\u0131rmam\u0131z\u0131 istedi. \u015eark\u0131y\u0131 s\u00f6yleyen arkada\u015f\u0131m kim oldu\u011funu sordu. Bununla birlikte konserin ortas\u0131nda konserin bitirilmesi istendi ayn\u0131 ki\u015filer taraf\u0131ndan. \u015eark\u0131 bittikten sonra polis taraf\u0131ndan GBT (GENEL B\u0130LG\u0130 TOPLAMA) kontrol\u00fcne g\u00f6t\u00fcr\u00fcld\u00fck. Orada ak\u015famdan sabaha kadar bekletildik. Daha sonra hakk\u0131m\u0131zda dava a\u00e7\u0131ld\u0131. Adreslerimize davetiyeler geldi&#8221; dedi.<\/p>\n<p style=\"text-align: justify;\"><strong>\u00d6ZELLE\u015eT\u0130RMELER BU \u00dcLKEN\u0130N B\u0130R GER\u00c7E\u011e\u0130 HAL\u0130NE GELD\u0130<\/strong><\/p>\n<p style=\"text-align: justify;\">Emre Savc\u0131, Beyo\u011flu Kumpanya\u2019n\u0131n g\u00fcncel ve siyasi meselelere sanatsal cevaplar vermeye \u00e7al\u0131\u015fan bir sanat toplulu\u011fu oldu\u011funu belirtti. \u2019Tayyip Blues\u2019 isimli \u015fark\u0131lar\u0131nda Ba\u015fbakan Erdo\u011fan\u2019\u0131n \u015fikayet\u00e7i olmas\u0131na yol a\u00e7an s\u00f6z\u00fc de kullan\u0131ld\u0131\u011f\u0131n\u0131 belirten Emre Savc\u0131, &#8220;\u00c7\u00fcnk\u00fc \u00f6zelle\u015ftirmeler bu \u00fclkenin bir ger\u00e7e\u011fi haline geldi. T\u00fcm kamu mallar\u0131n\u0131 satmakta bug\u00fcn AKP iktidar\u0131. Biz de bununla ilgili olarak kendisinin i\u015fportac\u0131 oldu\u011funu s\u00f6yledik \u015fark\u0131m\u0131zda. Davaya konu olan s\u00f6zde buydu&#8221; ifadelerini kulland\u0131.<\/p>\n<p style=\"text-align: justify;\"><strong>POL\u0130T\u0130K KONULARI M\u0130ZAH YOLUYLA ELE\u015eT\u0130RMEYE \u00c7ALI\u015eAN B\u0130R GRUBUZ<\/strong><\/p>\n<p style=\"text-align: justify;\">Hakk\u0131nda dava a\u00e7\u0131lan \u0130stanbul \u00dcniversitesi Psikoloji B\u00f6l\u00fcm\u00fc mezunu Duygu Sezgin, Erguvan \u015eenlikleri\u2019ne kat\u0131ld\u0131\u011f\u0131n\u0131 ve \u015fark\u0131y\u0131 seslendirdiklerini belirtti. Beyo\u011flu Kumpanya\u2019s\u0131n\u0131n 2007 y\u0131l\u0131nda kuruldu\u011funu s\u00f6yleyen Sezgin, &#8220;Grubumuz sokak tiyatrolar\u0131yla ba\u015flad\u0131. Zaman i\u00e7inde m\u00fczikal altyap\u0131n\u0131n da geli\u015fmesiyle oyun konser \u00e7al\u0131\u015fmalar\u0131yla devam eden ve politik g\u00fcncel olaylarI konu alan projelerle devam etti. Politik konular\u0131 da mizah yoluyla ele\u015ftirmeye \u00e7al\u0131\u015fan bir grubuz &#8221; dedi.<\/p>\n<p style=\"text-align: justify;\"><strong>S\u00d6Z\u00dcM\u00dcZ\u00dc SAKINMAYA KALKI\u015eMAYACA\u011eIZ<\/strong><\/p>\n<p style=\"text-align: justify;\">Sezgin, \u00e7e\u015fitli oyunlar\u0131n\u0131 farkl\u0131 \u015fehirlerde sergilediklerini belirterek, &#8220;Ankara\u2019da, \u0130stanbul\u2019da k\u00fclt\u00fcr merkezlerinde oynad\u0131k. Referandum ve 12 Eyl\u00fcl s\u00fcrecine ili\u015fikin baz\u0131 \u00e7al\u0131\u015fmalar da yapt\u0131k. \u00c7al\u0131\u015fmalar\u0131m\u0131za devam edece\u011fiz. S\u00f6z\u00fcm\u00fcz\u00fc sak\u0131nmaya kalk\u0131\u015fmayaca\u011f\u0131z&#8221; dedi. Hakk\u0131nda dava a\u00e7\u0131lan \u0130stanbul Teknik \u00dcniversitesi Makine M\u00fchendisli\u011fi 2. S\u0131n\u0131f \u00d6\u011frencisi \u00c7a\u011flar \u00d6zulu, &#8220;Tayyip Blues&#8221; isimli \u015fark\u0131y\u0131 Beyo\u011flu Kumpanya olarak birlikte yazd\u0131klar\u0131n\u0131 ifade etti. \u00d6zulu, hakk\u0131nda dava a\u00e7\u0131ld\u0131\u011f\u0131n\u0131 buna en \u00e7ok annesinin \u00fcz\u00fclece\u011fini anlatarak, &#8220;Hakaret ile Hiciv aras\u0131nda ince bir \u00e7izgi vard\u0131r. Kimseye hakaret etti\u011fimizi d\u00fc\u015f\u00fcnm\u00fcyoruz. Biz bunun bir ele\u015ftiri oldu\u011funu d\u00fc\u015f\u00fcn\u00fcyoruz&#8221; dedi.<\/p>\n<p style=\"text-align: justify;\"><strong>HAKKIMDA DAVA A\u00c7ILDI\u011eI \u0130\u00c7\u0130N \u00dcZ\u00dcLD\u00dcM<\/strong><\/p>\n<p style=\"text-align: justify;\">\u0130stanbul \u00dcniversitesi \u00f6\u011frencisi Neval \u0130lknur da dava a\u00e7\u0131ld\u0131\u011f\u0131 i\u00e7in \u00fcz\u00fcld\u00fc\u011f\u00fcn\u00fc ancak \u015fa\u015f\u0131rmad\u0131\u011f\u0131n\u0131 s\u00f6yledi. \u0130lknur, &#8220;\u00d6\u011frencilere dava a\u00e7mad\u0131\u011f\u0131n\u0131 \u00f6\u011frencileri sevdi\u011fini s\u00f6yleyen Ba\u015fbakan Erdo\u011fan bize hakaret davas\u0131 a\u00e7t\u0131. \u0130\u015fportac\u0131 kelimesini hakaret olarak alg\u0131lam\u0131\u015f Ba\u015fbakan Erdo\u011fan. Hakaret olarak alg\u0131lanmamal\u0131yd\u0131&#8221; diye konu\u015ftu.<\/p>\n<p style=\"text-align: justify;\"><strong>&#8220;HAKARET ETMED\u0130K&#8221;<\/strong><\/p>\n<p style=\"text-align: justify;\">Haklar\u0131nda dava a\u00e7\u0131lan \u0130stanbul Teknik \u00dcniversitesi 4. S\u0131n\u0131f Makine M\u00fchendisli\u011fi \u00f6\u011frencisi \u00d6zg\u00fcr Palaz ve \u0130stanbul \u00dcniversitesi Tiyatro Ele\u015ftirmenli\u011fi ve Dramataloji B\u00f6l\u00fcm\u00fc 4. S\u0131n\u0131f \u00f6\u011frencisi Esat Ba\u011f\u0131\u015f da, Ba\u015fbakan Erdo\u011fan\u2019a hakaret etmediklerini s\u00f6yledi.<\/p>\n<p style=\"text-align: justify;\"><strong>BA\u015eBAKAN ERDO\u011eAN \u015e\u0130KAYET\u00c7\u0130<\/strong><\/p>\n<p style=\"text-align: justify;\">\u00c7atalca Cumhuriyet Ba\u015fsavc\u0131l\u0131\u011f\u0131 taraf\u0131ndan haz\u0131rlanan iddianamede Ba\u015fbakan Recep Tayyip Erdo\u011fan &#8220;\u015fikayet\u00e7i&#8221; s\u0131fat\u0131yla yer al\u0131yor. Esat Ba\u011f\u0131\u015f, \u00c7a\u011flar \u00d6zulu, Onur Tun\u00e7, I\u015f\u0131l \u00d6zkan, Duygu Sezgin, Halil \u0130brahim Serinkoz, \u00d6zg\u00fcr Palaz, Emre Yal\u00e7\u0131n, Neval \u0130lknur, Volkan \u015eahin, Cansu Demirta\u015f, Ozan \u00c7oban, Ula\u015f Sancak, Emre Savc\u0131, Erman \u00c7elik ve G\u00fcnselin Seda &#8220;\u015f\u00fcpheli&#8221; s\u0131fat\u0131yla yer al\u0131yor.<\/p>\n<p style=\"text-align: justify;\"><strong>\u00d6ZELLE\u015eT\u0130RMELER\u0130 ELE\u015eT\u0130RM\u0130\u015eLER<\/strong><\/p>\n<p style=\"text-align: justify;\">\u0130ddianamede 12 Temmuz 2010 tarihinde saat 22.00 s\u0131ralar\u0131nda \u00c7atalca \u0130l\u00e7esi\u2019nde \u00c7atalca Meydan\u0131 Halk E\u011fitim Merkezi \u00f6n\u00fcnde olu\u015fturulan sahnede Beyo\u011flu Kumpanyas\u0131 adl\u0131 sanat grubunun bir oyun oynad\u0131klar\u0131 belirtildi. 16 \u015f\u00fcphelinin oynad\u0131klar\u0131 oyun s\u0131ras\u0131nda \u00fclkedeki \u00f6zelle\u015ftirmeleri ele\u015ftirmek d\u00fc\u015f\u00fcncesiyle m\u00fc\u015fteki Ba\u015fbakan Recep Tayyip Erdo\u011fan\u2019\u0131 kastederek \u015fark\u0131n\u0131n nakarat\u0131n\u0131 s\u00f6yledikleri ifade edildi.<\/p>\n<p style=\"text-align: justify;\"><strong>S\u00d6ZLER\u0130N ELE\u015eT\u0130R\u0130 SINIRINI A\u015eTI\u011eI VURGULANDI<\/strong><\/p>\n<p style=\"text-align: justify;\">\u015e\u00fcphelilerin, bu s\u00f6zleri alenen s\u00f6ylendi\u011fi ve m\u00fc\u015ftekinin konumu dikkate al\u0131nd\u0131\u011f\u0131nda s\u00f6ylenen s\u00f6zlerin ele\u015ftiri s\u0131n\u0131r\u0131n\u0131 a\u015ft\u0131\u011f\u0131 ve m\u00fc\u015ftekinin sayg\u0131nl\u0131\u011f\u0131na sald\u0131r\u0131 niteli\u011finde s\u00f6zler oldu\u011fu vurguland\u0131. \u0130ddianamede \u015f\u00fcphelilerin, m\u00fc\u015ftekiye alenen hakaret su\u00e7unu i\u015fledikleri, bu nedenle 2 y\u0131la kadar hapis cezas\u0131yla cezaland\u0131r\u0131lmalar\u0131 talep edildi.<\/p>\n<p style=\"text-align: justify;\"><a href=\"http:\/\/www.radikal.com.tr\/Radikal.aspx?aType=RadikalDetayV3&amp;ArticleID=1036407&amp;Date=14.01.2011&amp;CategoryID=77\" target=\"_blank\"><span style=\"color: #888888;\">Kaynak : Radikal<\/span><\/a><\/p>\n","protected":false},"excerpt":{"rendered":"<p style=\"text-align: center;\">\n<p style=\"text-align: justify;\">Ge\u00e7ti\u011fimiz y\u0131l bir grup \u00fcniversitelinin sahneye ta\u015f\u0131d\u0131\u011f\u0131 tiyatro oyununda ge\u00e7en &#8216;Tayyip Blues&#8217; \u015fark\u0131s\u0131 \u00f6\u011frencileri mahkemelik yapt\u0131. 16 ki\u015finin 2 y\u0131l hapis istemli davas\u0131 &#8216;Ba\u015fbakan&#8217;a hakaret davas\u0131na d\u00f6n\u00fc\u015ft\u00fc.<\/p>\n<p style=\"text-align: justify;\">\u0130STANBUL- \u00c7atalca Belediyesi taraf\u0131ndan 11-12 Temmuz 2010\u2019da d\u00fczenlenen Erguvan \u015eenlikleri\u2019nde sahne alan Beyo\u011flu Kumpanya, &#8220;Tayyip Blues&#8221; ad\u0131n\u0131 verdikleri \u015fark\u0131y\u0131 s\u00f6yledi. \u015eark\u0131 <\/p>\n","protected":false},"author":1,"featured_media":0,"comment_status":"open","ping_status":"closed","sticky":false,"template":"","format":"standard","meta":{"footnotes":""},"categories":[105],"tags":[],"class_list":["post-27217","post","type-post","status-publish","format-standard","hentry","category-gundem","odd"],"_links":{"self":[{"href":"http:\/\/www.korhanyilmaz.com\/index.php?rest_route=\/wp\/v2\/posts\/27217","targetHints":{"allow":["GET"]}}],"collection":[{"href":"http:\/\/www.korhanyilmaz.com\/index.php?rest_route=\/wp\/v2\/posts"}],"about":[{"href":"http:\/\/www.korhanyilmaz.com\/index.php?rest_route=\/wp\/v2\/types\/post"}],"author":[{"embeddable":true,"href":"http:\/\/www.korhanyilmaz.com\/index.php?rest_route=\/wp\/v2\/users\/1"}],"replies":[{"embeddable":true,"href":"http:\/\/www.korhanyilmaz.com\/index.php?rest_route=%2Fwp%2Fv2%2Fcomments&post=27217"}],"version-history":[{"count":0,"href":"http:\/\/www.korhanyilmaz.com\/index.php?rest_route=\/wp\/v2\/posts\/27217\/revisions"}],"wp:attachment":[{"href":"http:\/\/www.korhanyilmaz.com\/index.php?rest_route=%2Fwp%2Fv2%2Fmedia&parent=27217"}],"wp:term":[{"taxonomy":"category","embeddable":true,"href":"http:\/\/www.korhanyilmaz.com\/index.php?rest_route=%2Fwp%2Fv2%2Fcategories&post=27217"},{"taxonomy":"post_tag","embeddable":true,"href":"http:\/\/www.korhanyilmaz.com\/index.php?rest_route=%2Fwp%2Fv2%2Ftags&post=27217"}],"curies":[{"name":"wp","href":"https:\/\/api.w.org\/{rel}","templated":true}]}}