{"id":27203,"date":"2011-01-11T18:12:59","date_gmt":"2011-01-11T16:12:59","guid":{"rendered":"http:\/\/www.korhanyilmaz.com\/?p=27203"},"modified":"2011-01-11T18:12:59","modified_gmt":"2011-01-11T16:12:59","slug":"anayasa-mahkemesi-tasarisi-hazir","status":"publish","type":"post","link":"http:\/\/www.korhanyilmaz.com\/?p=27203","title":{"rendered":"Anayasa Mahkemesi tasar\u0131s\u0131 haz\u0131r"},"content":{"rendered":"<p style=\"text-align: justify;\"><a href=\"http:\/\/www.korhanyilmaz.com\/wp-content\/uploads\/2011\/01\/042.jpg\"  class=\"lightview\"><img loading=\"lazy\" decoding=\"async\" class=\"aligncenter size-full wp-image-27204\" src=\"http:\/\/www.korhanyilmaz.com\/wp-content\/uploads\/2011\/01\/042.jpg\" alt=\"\" width=\"397\" height=\"210\" \/><\/a><\/p>\n<p style=\"text-align: justify;\">Anayasa de\u011fi\u015fikli\u011fi kapsam\u0131nda Anayasa Mahkemesi&#8217;ni yeniden yap\u0131land\u0131ran tasar\u0131 TBMM Ba\u015fkanl\u0131\u011f\u0131&#8217;na sunuldu.<\/p>\n<p style=\"text-align: justify;\">ANKARA &#8211; Anayasa Mahkemesi&#8217;nin Kurulu\u015fu ve Yarg\u0131lama Usulleri Hakk\u0131nda Kanun Tasar\u0131s\u0131, y\u00fcksek mahkemenin yap\u0131s\u0131, g\u00f6revleri, yarg\u0131lama usulleri; ba\u015fkan, ba\u015fkanvekilleri ve \u00fcyelerinin se\u00e7imi, disiplin ve \u00f6zl\u00fck i\u015fleri ile raport\u00f6rler, raport\u00f6r yard\u0131mc\u0131lar\u0131 ve personelinin nitelikleri, atanmalar\u0131, g\u00f6rev ve sorumluluklar\u0131, disiplin ve \u00f6zl\u00fck i\u015flerine ili\u015fkin d\u00fczenlemeler getiriyor. <!--more--><\/p>\n<p style=\"text-align: justify;\"><strong>\u00dcYEL\u0130\u011eE 12 YIL SINIRI<\/strong><\/p>\n<p style=\"text-align: justify;\">&#8221;Anayasa Mahkemesinin Kurulu\u015fu ve Yarg\u0131lama Usulleri Hakk\u0131nda Kanun Tasar\u0131s\u0131&#8221;na g\u00f6re, Anayasa Mahkemesinde olu\u015fturulacak iki b\u00f6l\u00fcm bireysel ba\u015fvurular\u0131 karara ba\u011flayacak. Mahkeme \u00fcyeleri 12 y\u0131ll\u0131\u011f\u0131na se\u00e7ilecek ve bir kimse iki defa \u00fcye olamayacak.<\/p>\n<p style=\"text-align: justify;\"><strong>\u0130T\u0130RAZLARA \u015eEKLEN BAKAB\u0130LECEK<\/strong><\/p>\n<p style=\"text-align: justify;\">Tasar\u0131ya g\u00f6re, mahkeme, kanun ve kanun h\u00fckm\u00fcnde kararnamelerle, TBMM \u0130\u00e7t\u00fcz\u00fc\u011f\u00fcn\u00fcn veya bunlar\u0131n belirli madde veya h\u00fck\u00fcmlerinin \u015fekil ve esas bak\u0131m\u0131ndan, Anayasa de\u011fi\u015fikliklerinin ise sadece \u015fekil a\u00e7\u0131s\u0131ndan Anayasa&#8217;ya ayk\u0131r\u0131l\u0131\u011f\u0131 iddias\u0131yla a\u00e7\u0131lan iptal davalar\u0131na bakacak.<\/p>\n<p style=\"text-align: justify;\">Y\u00fcksek Mahkeme, mahkemelerce itiraz yoluyla intikal ettirilen i\u015fleri de karara ba\u011flayacak.<\/p>\n<p style=\"text-align: justify;\"><strong>Y\u00dcCE D\u0130VAN YETK\u0130S\u0130<\/strong><\/p>\n<p style=\"text-align: justify;\">Bireysel ba\u015fvurular\u0131 da g\u00f6r\u00fc\u015fecek olan Mahkeme, Cumhurba\u015fkan\u0131n\u0131, T\u00fcrkiye B\u00fcy\u00fck Millet Meclisi Ba\u015fkan\u0131n\u0131, Bakanlar Kurulu \u00fcyelerini, Anayasa Mahkemesi, Yarg\u0131tay, Dan\u0131\u015ftay, Askeri Yarg\u0131tay, Askeri Y\u00fcksek \u0130dare Mahkemesi ba\u015fkan ve \u00fcyelerini, Ba\u015fsavc\u0131lar\u0131n\u0131, Cumhuriyet Ba\u015fsavc\u0131vekilini, Hakimler ve Savc\u0131lar Y\u00fcksek Kurulu ve Say\u0131\u015ftay ba\u015fkan ve \u00fcyelerini, Genelkurmay Ba\u015fkan\u0131, Kara, Deniz ve Hava Kuvvetleri Komutanlar\u0131yla, Jandarma Genel Komutan\u0131n\u0131n g\u00f6revleriyle ilgili su\u00e7lardan dolay\u0131 Y\u00fcce Divan s\u0131fat\u0131yla yarg\u0131layacak.<\/p>\n<p style=\"text-align: justify;\">Anayasa Mahkemesi, siyasi partilerin kapat\u0131lmas\u0131na ve devlet yard\u0131m\u0131ndan yoksun b\u0131rak\u0131lmas\u0131na ili\u015fkin davalarla ihtar ba\u015fvurular\u0131 ve da\u011f\u0131lma durumunun tespiti istemlerini karara ba\u011flamay\u0131 s\u00fcrd\u00fcrecek.<\/p>\n<p style=\"text-align: justify;\"><strong>S\u0130YAS\u0130 PART\u0130LER\u0130N DENET\u00c7\u0130S\u0130<\/strong><\/p>\n<p style=\"text-align: justify;\">Siyasi partilerin mal edinimleriyle, gelir ve giderlerinin kanuna uygunlu\u011funun denetimini yapmak veya yapt\u0131rmak da Mahkemenin g\u00f6revleri aras\u0131nda yer alacak.<\/p>\n<p style=\"text-align: justify;\"><strong>DOKUNULMAZLIK KARARLARINDA \u0130T\u0130RAZ<\/strong><\/p>\n<p style=\"text-align: justify;\">Anayasa Mahkemesi, milletvekillerinin yasama dokunulmazl\u0131klar\u0131n\u0131n kald\u0131r\u0131lmas\u0131na veya milletvekilliklerinin d\u00fc\u015fmesine ya da milletvekili olmayan Bakanlar\u0131n dokunulmazl\u0131klar\u0131n\u0131n kald\u0131r\u0131lmas\u0131na TBMM taraf\u0131ndan karar verilmesi durumunda ilgili milletvekili veya bir di\u011fer milletvekilinin Anayasa, kanun veya TBMM \u0130\u00e7t\u00fcz\u00fc\u011f\u00fc h\u00fck\u00fcmlerine ayk\u0131r\u0131l\u0131k iddias\u0131na dayanan iptal istemlerini de karara ba\u011flayacak.<\/p>\n<p style=\"text-align: justify;\">Mahkemenin kendi b\u00fct\u00e7esi olacak. B\u00fct\u00e7enin belirlenmesinde Mahkemenin g\u00f6revlerini ba\u011f\u0131ms\u0131z ve eksiksiz bir \u015fekilde yapmas\u0131na engel olacak t\u00fcrden k\u0131s\u0131tlamalar yap\u0131lamayacak.<\/p>\n<p style=\"text-align: justify;\"><strong>11 \u00dcYEDEN 17 \u00dcYEYE \u00c7IKARTILIYOR<\/strong><\/p>\n<p style=\"text-align: justify;\">Mahkeme, 17 \u00fcyeden olu\u015facak. TBMM, 2 \u00fcyeyi Say\u0131\u015ftay Genel Kurulunun kendi ba\u015fkan ve \u00fcyeleri aras\u0131ndan, her bo\u015f yer i\u00e7in g\u00f6sterece\u011fi \u00fc\u00e7er aday i\u00e7inden, bir \u00fcyeyi ise baro ba\u015fkanlar\u0131n\u0131n serbest avukatlar aras\u0131ndan g\u00f6sterecekleri 3 aday i\u00e7inden yapaca\u011f\u0131 gizli oylamayla se\u00e7ecek. TBMM&#8217;de yap\u0131lacak bu se\u00e7imde, her bo\u015f \u00fcyelik i\u00e7in ilk oylamada \u00fcye tam say\u0131s\u0131n\u0131n \u00fc\u00e7te iki ve ikinci oylamada \u00fcye tam say\u0131s\u0131n\u0131n salt \u00e7o\u011funlu\u011fu aranacak. \u0130kinci oylamada salt \u00e7o\u011funluk sa\u011flanamazsa, bu oylamada en \u00e7ok oy alan iki aday i\u00e7in \u00fc\u00e7\u00fcnc\u00fc oylama yap\u0131lacak. \u00dc\u00e7\u00fcnc\u00fc oylamada en fazla oy alan aday \u00fcye se\u00e7ilmi\u015f olacak. \u0130kinci ve \u00fc\u00e7\u00fcnc\u00fc tur oylamalarda oylar\u0131 e\u015fit olan adaylar aras\u0131nda e\u015fitlik bozulana kadar oylama tekrarlanacak.<\/p>\n<p style=\"text-align: justify;\">Anayasa de\u011fi\u015fikli\u011finden sonra Say\u0131\u015ftay kontenjan\u0131ndan \u00fcye se\u00e7iminin 2. turunda 2 aday ayn\u0131 oyu alm\u0131\u015f, eleme yap\u0131lamad\u0131\u011f\u0131 ve de\u011fi\u015fiklikte bu konu a\u00e7\u0131kl\u0131\u011fa kavu\u015fturulmad\u0131\u011f\u0131 i\u00e7in 2. tur oylama yenilenmi\u015fti.<\/p>\n<p style=\"text-align: justify;\"><strong>\u00dcYELER\u0130 SE\u00c7EN YELPAZE<\/strong><\/p>\n<p style=\"text-align: justify;\">Cumhurba\u015fkan\u0131; 3 \u00fcyeyi Yarg\u0131tay, iki \u00fcyeyi Dan\u0131\u015ftay, bir \u00fcyeyi Asker\u00ee Yarg\u0131tay, bir \u00fcyeyi Askeri Y\u00fcksek \u0130dare Mahkemesi genel kurullar\u0131nca kendi ba\u015fkan ve \u00fcyeleri aras\u0131ndan her bo\u015f yer i\u00e7in g\u00f6sterecekleri 3&#8217;er aday i\u00e7inden; en az ikisi hukuk bilim dallar\u0131ndan olmak \u00fczere 3 \u00fcyeyi Y\u00fcksek\u00f6\u011fretim Kurulunun y\u00fcksek\u00f6\u011fretim kurumlar\u0131n\u0131n hukuk, iktisat ve siyasal bilimler dallar\u0131nda g\u00f6rev yapan ve kendi \u00fcyesi olmayan \u00f6\u011fretim \u00fcyeleri aras\u0131ndan her bo\u015f yer i\u00e7in g\u00f6sterece\u011fi 3&#8217;er aday i\u00e7inden; 4 \u00fcyeyi \u00fcst kademe y\u00f6neticileri, serbest avukatlar, birinci s\u0131n\u0131f h\u00e2kim ve savc\u0131lar ile en az 5 y\u0131l raport\u00f6rl\u00fck yapm\u0131\u015f Anayasa Mahkemesi raport\u00f6rleri aras\u0131ndan se\u00e7ecek.<\/p>\n<p style=\"text-align: justify;\">Yarg\u0131tay, Dan\u0131\u015ftay, Askeri Yarg\u0131tay, Asker\u00ee Y\u00fcksek \u0130dare Mahkemesi ve Say\u0131\u015ftay genel kurullar\u0131yla, Y\u00fcksek\u00f6\u011fretim Kurulu ve baro ba\u015fkanlar\u0131nca Mahkeme \u00fcyeli\u011fine aday g\u00f6stermek i\u00e7in yap\u0131lacak se\u00e7imlerde en fazla oy alan \u00fc\u00e7 ki\u015fi aday g\u00f6sterilmi\u015f say\u0131lacak. Se\u00e7imler tek turda yap\u0131l\u0131r ve her bir \u00fcye her bo\u015f \u00fcyelik i\u00e7in \u00fc\u00e7 adaya oy kullanabilecek. Oylar\u0131 e\u015fit olan adaylar aras\u0131nda e\u015fitlik bozulana kadar oylama tekrarlanacak.<\/p>\n<p style=\"text-align: justify;\"><strong>EMEKL\u0130YE SEVK ED\u0130LEMEYECEK<\/strong><\/p>\n<p style=\"text-align: justify;\">Mahkeme \u00fcyeleri 12 y\u0131l i\u00e7in se\u00e7ilecek. Bir kimse iki defa \u00fcye se\u00e7ilemeyecek. Ba\u015fkan ve \u00fcyeler azlolunamayacak, kendileri istemedik\u00e7e g\u00f6rev s\u00fcreleri dolmadan veya 65 ya\u015f\u0131ndan \u00f6nce emekliye sevk edilemeyecek. Ba\u015fkan ve \u00fcyeler, yaz\u0131l\u0131 olarak emekliliklerini isteyebilecekler, g\u00f6revlerinden \u00e7ekilebilecek.<\/p>\n<p style=\"text-align: justify;\"><strong>EMEKL\u0130 OLMADAN G\u00d6REV S\u00dcRES\u0130 DOLANLARA TAZM\u0130NAT<\/strong><\/p>\n<p style=\"text-align: justify;\">G\u00f6rev s\u00fcresini tamamlayan, ancak, emeklilik \u015fartlar\u0131n\u0131 ta\u015f\u0131mayan Ba\u015fkan ve \u00fcyelere, herhangi bir gelir getirici faaliyette bulunmamak kayd\u0131yla Sosyal Sigortalar ve Genel Sa\u011fl\u0131k Sigortas\u0131 Kanununda \u00f6ng\u00f6r\u00fclen emekliye ayr\u0131lmadaki ya\u015f ve hizmet s\u00fcresine ili\u015fkin asgari ko\u015fullara ula\u015f\u0131ncaya kadar son ayl\u0131klar\u0131n\u0131n net tutarlar\u0131n\u0131n \u00fc\u00e7te ikisi tazminat olarak Mahkeme b\u00fct\u00e7esinden \u00f6denecek.<\/p>\n<p style=\"text-align: justify;\">Askeri Yarg\u0131tay ve Askeri Y\u00fcksek \u0130dare Mahkemesi taraf\u0131ndan g\u00f6sterilecek adaylar aras\u0131ndan se\u00e7ilen \u00fcyenin, ordu mensubu olmaktan do\u011fan emeklilikle ilgili b\u00fct\u00fcn haklar\u0131 sakl\u0131 olacak. Anayasa Mahkemesi Ba\u015fkan\u0131, \u00fcyeler aras\u0131ndan gizli oyla ve \u00fcye tam say\u0131s\u0131n\u0131n salt \u00e7o\u011funlu\u011fuyla 4 y\u0131l i\u00e7in se\u00e7ilecek. S\u00fcresi bitenler yeniden se\u00e7ilebilecek.<\/p>\n<p style=\"text-align: justify;\"><strong>GENEL KURUL VE B\u00d6L\u00dcMLER<\/strong><\/p>\n<p style=\"text-align: justify;\">Mahkeme, Genel Kurul, b\u00f6l\u00fcmler ve komisyonlardan olu\u015facak.<\/p>\n<p style=\"text-align: justify;\">Genel Kurul, Mahkemenin 17 \u00fcyesinden olu\u015facak. Genel Kurul, Ba\u015fkan\u0131n veya belirleyece\u011fi ba\u015fkanvekilinin ba\u015fkanl\u0131\u011f\u0131nda en az 12 \u00fcye ile toplanacak.<\/p>\n<p style=\"text-align: justify;\">Genel Kurul, iptal ve itiraz davalar\u0131yla, Y\u00fcce Divan s\u0131fat\u0131yla y\u00fcr\u00fct\u00fclecek yarg\u0131lamalara bakacak, siyasi partilere ili\u015fkin mali denetimi yapacak, dava ve ba\u015fvurular\u0131 karara ba\u011flayacak.<\/p>\n<p style=\"text-align: justify;\">B\u00f6l\u00fcmler aras\u0131ndaki i\u015f b\u00f6l\u00fcm\u00fcn\u00fc yapmak ve b\u00f6l\u00fcmler aras\u0131nda meydana gelen i\u015fb\u00f6l\u00fcm\u00fc uyu\u015fmazl\u0131klar\u0131n\u0131 kesin karara ba\u011flamak da Genel Kurulun g\u00f6revleri aras\u0131nda yer alacak.<\/p>\n<p style=\"text-align: justify;\">Mahkemede, bireysel ba\u015fvurular\u0131 karara ba\u011flamak \u00fczere bir ba\u015fkanvekili ba\u015fkanl\u0131\u011f\u0131nda 7&#8217;\u015fer \u00fcyesi olan 2 b\u00f6l\u00fcm bulunacak. B\u00f6l\u00fcmler, bir ba\u015fkanvekilinin ba\u015fkanl\u0131\u011f\u0131nda 4 \u00fcyenin kat\u0131l\u0131m\u0131yla toplanacak.<\/p>\n<p style=\"text-align: justify;\">Mahkemede, raport\u00f6rlere yard\u0131mc\u0131 olmak \u00fczere raport\u00f6r yard\u0131mc\u0131s\u0131 da g\u00f6revlendirilecek.<\/p>\n<p style=\"text-align: justify;\"><strong>B\u0130REYSEL BA\u015eVURU<\/strong><\/p>\n<p style=\"text-align: justify;\">Kanun Tasar\u0131s\u0131&#8217;na g\u00f6re, mahkeme, g\u00f6revlerini yerine getirirken ihtiya\u00e7 g\u00f6r\u00fclmesi halinde, hakim, savc\u0131 ve Say\u0131\u015ftay denet\u00e7ileri ile kamu kurum ve kurulu\u015flar\u0131nda \u00e7al\u0131\u015fanlardan memur ve di\u011fer kamu g\u00f6revlisi stat\u00fcs\u00fcnde olanlar Mahkemede ge\u00e7ici olarak g\u00f6revlendirilebilecek.<\/p>\n<p style=\"text-align: justify;\">Mahkeme Ba\u015fkanl\u0131\u011f\u0131nda; kadrolar\u0131 kar\u015f\u0131l\u0131k g\u00f6sterilmek suretiyle, s\u00f6zle\u015fmeli olarak bas\u0131n m\u00fc\u015faviri ve m\u00fctercim \u00e7al\u0131\u015ft\u0131r\u0131labilecek.<\/p>\n<p style=\"text-align: justify;\">Ba\u015fkan, Mahkemenin ihtiya\u00e7 duydu\u011fu alanlarda projelerin haz\u0131rlanmas\u0131, ger\u00e7ekle\u015ftirilmesi, i\u015fletilmesi ve i\u015flerli\u011fi i\u00e7in \u015fart olan zaruri ve istisnai hallere m\u00fcnhas\u0131r olmak \u00fczere \u00f6zel bir meslek bilgisi ve ihtisas\u0131n\u0131 gerektiren i\u015flerde hizmet al\u0131m\u0131 yoluyla yerli ve yabanc\u0131 uzman \u00e7al\u0131\u015ft\u0131rmaya yetkili olacak.<\/p>\n<p style=\"text-align: justify;\">Mahkemenin hizmet birimlerinde \u00e7al\u0131\u015fan 657 say\u0131l\u0131 Kanuna tabi personel, Adalet Bakanl\u0131\u011f\u0131nca Bakanl\u0131k merkez ve ta\u015fra te\u015fkilat\u0131 kadrolar\u0131na atanabilecek.<\/p>\n<p style=\"text-align: justify;\"><strong>\u0130NCELEME VE YARGILAMA USULLER\u0130<\/strong><\/p>\n<p style=\"text-align: justify;\">Kanunlar\u0131n, kanun h\u00fckm\u00fcnde kararnamelerin, TBMM \u0130\u00e7t\u00fcz\u00fc\u011f\u00fcn\u00fcn veya bunlar\u0131n belirli madde ya da h\u00fck\u00fcmlerinin esas bak\u0131m\u0131ndan Anayasaya ayk\u0131r\u0131l\u0131\u011f\u0131 iddias\u0131yla Cumhurba\u015fkan\u0131, iktidar ve anamuhalefet partisi Meclis gruplar\u0131, TBMM \u00fcye tamsay\u0131s\u0131n\u0131n en az be\u015fte biri oran\u0131ndaki \u00fcyeleri, do\u011frudan do\u011fruya iptal davas\u0131 a\u00e7maya yetkili olacak.<\/p>\n<p style=\"text-align: justify;\">\u0130ktidarda birden fazla siyasi partinin bulunmas\u0131 halinde, iktidar partilerinin dava a\u00e7ma hakk\u0131n\u0131 en fazla \u00fcyeye sahip olan parti kullanacak.<\/p>\n<p style=\"text-align: justify;\">Anayasa de\u011fi\u015fikliklerinin, kanunlar\u0131n, kanun h\u00fckm\u00fcnde kararnamelerin ve TBMM \u0130\u00e7t\u00fcz\u00fc\u011f\u00fcn\u00fcn \u015fekil bak\u0131m\u0131ndan Anayasaya ayk\u0131r\u0131l\u0131\u011f\u0131 iddias\u0131yla iptal davas\u0131 a\u00e7maya Cumhurba\u015fkan\u0131 veya TBMM \u00fcye tam say\u0131s\u0131n\u0131n en az be\u015fte biri oran\u0131ndaki milletvekilleri yetkili olacak.<\/p>\n<p style=\"text-align: justify;\"><strong>\u015eEK\u0130L BAKIMINDAN \u0130PTAL DAVASI VE SINIRI<\/strong><\/p>\n<p style=\"text-align: justify;\">\u015eekil bak\u0131m\u0131ndan denetim; Anayasa de\u011fi\u015fikliklerinde teklif \u00e7o\u011funlu\u011funa, oylama \u00e7o\u011funlu\u011funa ve ivedilikle g\u00f6r\u00fc\u015f\u00fclemeyece\u011fi \u015fart\u0131na uyulup uyulmad\u0131\u011f\u0131; kanunlar\u0131n ve TBMM \u0130\u00e7t\u00fcz\u00fc\u011f\u00fcn\u00fcn son oylamas\u0131n\u0131n \u00f6ng\u00f6r\u00fclen \u00e7o\u011funlukla yap\u0131l\u0131p yap\u0131lmad\u0131\u011f\u0131; kanun h\u00fckm\u00fcnde kararnamelerin ise yetki kanununda \u00f6ng\u00f6r\u00fclen s\u00fcre i\u00e7inde \u00e7\u0131kar\u0131l\u0131p \u00e7\u0131kar\u0131lmad\u0131\u011f\u0131 ile Cumhurba\u015fkan\u0131 ve Bakanlar Kurulu \u00fcyelerinin imzalar\u0131n\u0131n bulunup bulunmad\u0131\u011f\u0131 hususlar\u0131yla s\u0131n\u0131rl\u0131 olacak.<\/p>\n<p style=\"text-align: justify;\">Anayasa de\u011fi\u015fikliklerine kar\u015f\u0131 iptal davalar\u0131 yaln\u0131z \u015fekil bak\u0131m\u0131ndan ayk\u0131r\u0131l\u0131k iddias\u0131 ile a\u00e7\u0131labilecek.<\/p>\n<p style=\"text-align: justify;\">\u015eekil bozuklu\u011funa dayanan iptal davalar\u0131 Mahkeme taraf\u0131ndan \u00f6ncelikle incelenerek karara ba\u011flanacak.<\/p>\n<p style=\"text-align: justify;\">\u015eekil bozuklu\u011funa dayanan Anayasaya ayk\u0131r\u0131l\u0131k iddias\u0131 mahkemeler taraf\u0131ndan ileri s\u00fcr\u00fclemeyecek.<\/p>\n<p style=\"text-align: justify;\"><strong>\u0130PTAL DAVASI A\u00c7MA S\u00dcRES\u0130<\/strong><\/p>\n<p style=\"text-align: justify;\">Esas bak\u0131m\u0131ndan iptal davas\u0131 a\u00e7ma yetkisi Resmi Gazete&#8217;de yay\u0131mland\u0131klar\u0131 tarihten ba\u015flayarak altm\u0131\u015f g\u00fcn; \u015fekil bak\u0131m\u0131ndan iptal davas\u0131 a\u00e7ma yetkisi ise Resmi Gazete&#8217;de yay\u0131mland\u0131klar\u0131 tarihten ba\u015flayarak on g\u00fcn sonra d\u00fc\u015fecek.<\/p>\n<p style=\"text-align: justify;\">\u0130ptal davas\u0131, siyasi parti gruplar\u0131n\u0131n genel kurullar\u0131n\u0131n, \u00fcye tam say\u0131s\u0131n\u0131n salt \u00e7o\u011funlu\u011fu ile alacaklar\u0131 karar \u00fczerine a\u00e7\u0131labilecek.<\/p>\n<p style=\"text-align: justify;\">Dava, TBMM \u00fcyeleri taraf\u0131ndan a\u00e7\u0131ld\u0131\u011f\u0131 takdirde dilek\u00e7ede, kendilerine Mahkemece tebligat yap\u0131lmak \u00fczere, iki \u00fcyenin ad\u0131n\u0131n g\u00f6sterilmesi gerekecek.<\/p>\n<p style=\"text-align: justify;\">Mahkemece, ba\u015fvuru dilek\u00e7esinde eksiklikler varsa kararla saptanarak onbe\u015f g\u00fcnden az olmamak \u00fczere verilecek s\u00fcre i\u00e7inde tamamlanmas\u0131 ilgililere tebli\u011f edilecek. Belirtilen s\u00fcre i\u00e7inde eksikliklerin tamamlanmamas\u0131 halinde Genel Kurulca iptal davas\u0131n\u0131n a\u00e7\u0131lmam\u0131\u015f say\u0131lmas\u0131na karar verilecek.<\/p>\n<p style=\"text-align: justify;\">\u0130ptal davalar\u0131nda Mahkemece esas\u0131n incelenmesine karar verilmesi halinde, dava dilek\u00e7esi ile ekleri TBMM ile Ba\u015fbakanl\u0131\u011fa g\u00f6nderilecek ve bu makamlar, iptal davas\u0131yla ilgili yaz\u0131l\u0131 g\u00f6r\u00fc\u015flerini de\u011ferlendirilmek \u00fczere Mahkemeye bildirebilecek.<\/p>\n<p style=\"text-align: justify;\"><strong>\u0130T\u0130RAZ YOLU<\/strong><\/p>\n<p style=\"text-align: justify;\">Taraflarca ileri s\u00fcr\u00fclen Anayasaya ayk\u0131r\u0131l\u0131k iddias\u0131 davaya bakan mahkemece ciddi g\u00f6r\u00fclmezse bu konudaki talep, gerek\u00e7eleri de g\u00f6sterilmek suretiyle reddedilecek. Bu husus esas h\u00fck\u00fcmle birlikte temyiz konusu yap\u0131labilecek.<\/p>\n<p style=\"text-align: justify;\">Evrak\u0131n kayda giri\u015finden itibaren on g\u00fcn i\u00e7inde ba\u015fvurunun y\u00f6ntemine uygun olup olmad\u0131\u011f\u0131 incelenecek. A\u00e7\u0131k bir \u015fekilde dayanaktan yoksun veya y\u00f6ntemine uygun olmayan itiraz ba\u015fvurular\u0131, Mahkeme taraf\u0131ndan esas incelemeye ge\u00e7ilmeksizin gerek\u00e7eleriyle reddedilecek.<\/p>\n<p style=\"text-align: justify;\">Anayasa Mahkemesi, i\u015fin kendisine noksans\u0131z olarak geli\u015finden ba\u015flamak \u00fczere be\u015f ay i\u00e7inde karar\u0131n\u0131 verecek ve a\u00e7\u0131klayacak. Bu s\u00fcre i\u00e7inde karar verilmezse ilgili mahkeme davay\u0131 y\u00fcr\u00fcrl\u00fckteki h\u00fck\u00fcmlere g\u00f6re sonu\u00e7land\u0131racak. Ancak Anayasa Mahkemesinin karar\u0131, esas hakk\u0131ndaki karar kesinle\u015finceye kadar gelirse mahkeme buna uymak zorunda olacak.<\/p>\n<p style=\"text-align: justify;\">Mahkemenin verdi\u011fi ret karar\u0131n\u0131n Resmi Gazete&#8217;de yay\u0131mlanmas\u0131ndan itibaren on y\u0131l ge\u00e7medik\u00e7e ayn\u0131 kanun h\u00fckm\u00fcn\u00fcn Anayasaya ayk\u0131r\u0131l\u0131\u011f\u0131 iddias\u0131yla itiraz ba\u015fvurusu yap\u0131lamayacak.<\/p>\n<p style=\"text-align: justify;\"><strong>ANAYASAYA AYKIRILI\u011eI \u0130LER\u0130 S\u00dcR\u00dcLEMEYECEK D\u00dcZENLEMELER<\/strong><\/p>\n<p style=\"text-align: justify;\">Usul\u00fcne g\u00f6re y\u00fcr\u00fcrl\u00fc\u011fe konulmu\u015f milletleraras\u0131 antla\u015fmalar ile ola\u011fan\u00fcst\u00fc hallerde, s\u0131k\u0131y\u00f6netim ve sava\u015f hallerinde \u00e7\u0131kar\u0131lan kanun h\u00fckm\u00fcnde kararnameler aleyhine \u015fekil ve esas bak\u0131m\u0131ndan iptal davas\u0131 a\u00e7\u0131lamaz ve mahkemeler taraf\u0131ndan Anayasaya ayk\u0131r\u0131l\u0131k iddias\u0131 ileri s\u00fcr\u00fclemeyecek.<\/p>\n<p style=\"text-align: justify;\">Ayr\u0131ca; Tevhidi Tedrisat Kanunu, \u015eapka \u0130ktisas\u0131 Hakk\u0131nda Kanun, Tekke ve Zaviyelerle T\u00fcrbelerin Seddine ve T\u00fcrbedarl\u0131klar ile Birtak\u0131m Unvanlar\u0131n Men ve \u0130lgas\u0131na Dair Kanun, T\u00fcrk Kanunu Medenisiyle kabul edilen evlenme aktinin evlendirme memuru \u00f6n\u00fcnde yap\u0131laca\u011f\u0131na dair medeni nikah esas\u0131, Beynelmilel Erkam\u0131n Kabul\u00fc Hakk\u0131nda Kanun, T\u00fcrk Harflerinin Kabul ve Tatbiki Hakk\u0131nda Kanun, Efendi, Bey, Pa\u015fa gibi Lakap ve Unvanlar\u0131n Kald\u0131r\u0131ld\u0131\u011f\u0131na Dair Kanun ile Baz\u0131 Kisvelerin Giyilemeyece\u011fine Dair Kanunun 7 Kas\u0131m 1982 g\u00fcn\u00fcnde y\u00fcr\u00fcrl\u00fckte bulunan h\u00fck\u00fcmlerinin Anayasaya ayk\u0131r\u0131 oldu\u011fu iddia edilemeyecek.<\/p>\n<p style=\"text-align: justify;\"><strong>B\u0130REYSEL BA\u015eVURU HAKKI<\/strong><\/p>\n<p style=\"text-align: justify;\">Herkes, Anayasada g\u00fcvence alt\u0131na al\u0131nm\u0131\u015f temel hak ve \u00f6zg\u00fcrl\u00fcklerinden, Avrupa \u0130nsan Haklar\u0131 S\u00f6zle\u015fmesi ve buna ek T\u00fcrkiye&#8217;nin taraf oldu\u011fu protokoller kapsam\u0131ndaki herhangi birinin kamu g\u00fcc\u00fc taraf\u0131ndan ihlal edildi\u011fi iddias\u0131yla Anayasa Mahkemesine ba\u015fvurabilecek.<\/p>\n<p style=\"text-align: justify;\">\u0130hlale neden oldu\u011fu ileri s\u00fcr\u00fclen i\u015flem, eylem ya da ihmal i\u00e7in kanunda \u00f6ng\u00f6r\u00fclm\u00fc\u015f idari ya da yarg\u0131sal ba\u015fvuru yollar\u0131n\u0131n tamam\u0131n\u0131n bireysel ba\u015fvuru yap\u0131lmadan \u00f6nce t\u00fcketilmi\u015f olmas\u0131 gerekecek.<\/p>\n<p style=\"text-align: justify;\">Yasama i\u015flemleri ile d\u00fczenleyici idari i\u015flemler aleyhine do\u011frudan bireysel ba\u015fvuru yap\u0131lamayaca\u011f\u0131 gibi Anayasa Mahkemesi kararlar\u0131 ile Anayasan\u0131n yarg\u0131 denetimi d\u0131\u015f\u0131nda b\u0131rakt\u0131\u011f\u0131 i\u015flemler de bireysel ba\u015fvurunun konusu olamayacak.<\/p>\n<p style=\"text-align: justify;\">Bireysel ba\u015fvuru ancak ihlale yol a\u00e7t\u0131\u011f\u0131 ileri s\u00fcr\u00fclen i\u015flem, eylem ya da ihmal nedeniyle g\u00fcncel ve ki\u015fisel bir hakk\u0131 do\u011frudan etkilenenler taraf\u0131ndan yap\u0131labilecek.<\/p>\n<p style=\"text-align: justify;\">Kamu t\u00fczel ki\u015fileri bireysel ba\u015fvuru yapamayacak. \u00d6zel hukuk t\u00fczel ki\u015fileri yaln\u0131zca t\u00fczel ki\u015fili\u011fe ait haklar\u0131n\u0131n ihlal edildi\u011fi gerek\u00e7esiyle bireysel ba\u015fvuruda bulunabilecek.<\/p>\n<p style=\"text-align: justify;\">Yaln\u0131zca T\u00fcrk vatanda\u015flar\u0131na tan\u0131nan haklarla ilgili olarak yabanc\u0131lar bireysel ba\u015fvuru yapamayacak.<\/p>\n<p style=\"text-align: justify;\"><strong>B\u0130REYSEL BA\u015eVURU USUL\u00dc<\/strong><\/p>\n<p style=\"text-align: justify;\">Bireysel ba\u015fvurular, Kanunda ve \u0130\u00e7t\u00fcz\u00fckte belirtilen \u015fartlara uygun olarak do\u011frudan ya da mahkemeler veya yurt d\u0131\u015f\u0131 temsilcilikler vas\u0131tas\u0131yla yap\u0131labilecek.<\/p>\n<p style=\"text-align: justify;\">Bireysel ba\u015fvurular harca tabi olacak.<\/p>\n<p style=\"text-align: justify;\">Ba\u015fvuru, kanun yollar\u0131n\u0131 t\u00fcketen nihai i\u015flemin ba\u015fvurucuya tebli\u011f edildi\u011fi tarihten, kanun yolu \u00f6ng\u00f6r\u00fclmemi\u015fse ihlalin \u00f6\u011frenildi\u011fi tarihten ba\u015flayarak otuz g\u00fcn i\u00e7inde yap\u0131lmas\u0131 gerekecek.<\/p>\n<p style=\"text-align: justify;\">Mahkeme, Anayasan\u0131n uygulanmas\u0131 ve yorumlanmas\u0131 veya temel haklar\u0131n kapsam\u0131n\u0131n ve s\u0131n\u0131rlar\u0131n\u0131n belirlenmesi a\u00e7\u0131s\u0131ndan \u00f6nem ta\u015f\u0131mayan ve esas hakk\u0131nda karar verilmesini gerektirmeyen ve ba\u015fvurucunun \u00f6nemli bir zarara u\u011framad\u0131\u011f\u0131 ba\u015fvurular\u0131 reddedebilecek.<\/p>\n<p style=\"text-align: justify;\">Kabul edilebilirlik \u015fartlar\u0131n\u0131 ta\u015f\u0131mad\u0131\u011f\u0131na oybirli\u011fi ile karar verilen ba\u015fvurular hakk\u0131nda, kabul edilemezlik karar\u0131 verilecek. Kabul edilemezlik kararlar\u0131 kesin olacak.<\/p>\n<p style=\"text-align: justify;\">Komisyonlar ve B\u00f6l\u00fcmler bireysel ba\u015fvurular\u0131 incelerken her t\u00fcrl\u00fc ara\u015ft\u0131rma ve incelemeyi yapabilecek, bilirki\u015fi incelemesi ya da ke\u015fif yap\u0131lmas\u0131na karar verebilecek.<\/p>\n<p style=\"text-align: justify;\">Mahkeme, incelemesini dosya \u00fczerinden yapmakla birlikte, gerekli g\u00f6r\u00fcrse duru\u015fma yap\u0131lmas\u0131na da karar verebilecek.<\/p>\n<p style=\"text-align: justify;\">Esas inceleme a\u015famas\u0131nda, ba\u015fvurucunun temel haklar\u0131n\u0131n korunmas\u0131 i\u00e7in zorunlu g\u00f6rd\u00fckleri tedbirlere resen veya ba\u015fvurucunun talebi \u00fczerine karar verebilecek. Tedbire karar verilmesi halinde, esas hakk\u0131ndaki karar\u0131n en ge\u00e7 alt\u0131 ay i\u00e7inde Resmi Gazete&#8217;de yay\u0131mlanmas\u0131 gerekecek aksi takdirde tedbir karar\u0131 kendili\u011finden kalkacak.<\/p>\n<p style=\"text-align: justify;\">Bireysel ba\u015fvuru ile ilgili maddeler 23 A\u011fustos 2012 tarihinde y\u00fcr\u00fcrl\u00fc\u011fe girecek.<\/p>\n<p style=\"text-align: justify;\"><strong>BA\u015eVURU HAKKINI A\u00c7IK\u00c7A K\u00d6T\u00dcYE KULLANMA<\/strong><\/p>\n<p style=\"text-align: justify;\">Kanun Tasar\u0131s\u0131na g\u00f6re, mahkeme, esas inceleme sonunda, ihlal karar\u0131 verilmesi halinde ihlalin ve sonu\u00e7lar\u0131n\u0131n ortadan kald\u0131r\u0131lmas\u0131 i\u00e7in yap\u0131lmas\u0131 gerekenlere h\u00fckmedilebilecek.<\/p>\n<p style=\"text-align: justify;\">\u0130hlal bir mahkeme karar\u0131ndan veya idari i\u015flemden kaynaklanm\u0131\u015fsa, ihlale konu karar\u0131n veya idari i\u015flemin iptaline karar verilecek. Karar\u0131n iptali kendili\u011finden ihlali kald\u0131rmazsa yarg\u0131laman\u0131n yeniden yap\u0131lmas\u0131na h\u00fckmedilecek.<\/p>\n<p style=\"text-align: justify;\">\u0130hlal, bir kamu g\u00fcc\u00fcn\u00fcn kanunen yapmas\u0131 gereken bir i\u015flemi yapmamas\u0131ndan kaynaklanm\u0131\u015fsa, Mahkeme, karar\u0131n\u0131n hangi makam taraf\u0131ndan yerine getirilece\u011fini ve \u00f6zel durumlarda karar\u0131n yerine getirili\u015f \u015feklini belirleyebilecek.<\/p>\n<p style=\"text-align: justify;\">Ba\u015fvurucunun temel bir hakk\u0131n\u0131n ihlal edilmesi sonucunda u\u011fran\u0131lan zarar\u0131n giderilmesine de h\u00fckmedilebilecek.<\/p>\n<p style=\"text-align: justify;\">B\u00f6l\u00fcmlerin esas hakk\u0131ndaki kararlar\u0131 kesin olacak ve yasama, y\u00fcr\u00fctme ve yarg\u0131 organlar\u0131 ile ger\u00e7ek ve t\u00fczel ki\u015fileri ba\u011flayacak.<\/p>\n<p style=\"text-align: justify;\">Komisyonlar aras\u0131ndaki i\u00e7tihat farkl\u0131l\u0131klar\u0131, ba\u011fl\u0131 olduklar\u0131 B\u00f6l\u00fcmler; B\u00f6l\u00fcmler aras\u0131ndaki i\u00e7tihat farkl\u0131l\u0131klar\u0131 ise Genel Kurul taraf\u0131ndan \u00e7\u00f6z\u00fclecek.<\/p>\n<p style=\"text-align: justify;\">Bireysel ba\u015fvuru hakk\u0131n\u0131 a\u00e7\u0131k\u00e7a k\u00f6t\u00fcye kulland\u0131\u011f\u0131 saptanan ba\u015fvurucular\u0131n yarg\u0131lama giderlerini \u00f6demesine h\u00fckmedilecek.<\/p>\n<p style=\"text-align: justify;\"><strong>S\u0130YAS\u0130 PART\u0130 KAPATMA DAVALARI<\/strong><\/p>\n<p style=\"text-align: justify;\">Yarg\u0131tay Cumhuriyet Ba\u015fsavc\u0131s\u0131 taraf\u0131ndan a\u00e7\u0131lan dava \u00fczerine Mahkeme, bir siyasi partinin Anayasan\u0131n 69. maddesinde say\u0131lan eylemlerinden \u00f6t\u00fcr\u00fc kapat\u0131lmas\u0131na veya dava konusu fiillerin a\u011f\u0131rl\u0131\u011f\u0131na g\u00f6re devlet yard\u0131m\u0131ndan k\u0131smen ya da tamamen yoksun b\u0131rak\u0131lmas\u0131na, toplant\u0131ya kat\u0131lan \u00fcyelerin \u00fc\u00e7te iki oy \u00e7oklu\u011fuyla karar verebilecek.<\/p>\n<p style=\"text-align: justify;\">Ba\u015fkan, ba\u015fvurunun incelenmesi i\u00e7in raport\u00f6r g\u00f6revlendirecek. Raport\u00f6r ilk inceleme raporunu haz\u0131rlayarak Ba\u015fkanl\u0131\u011fa sunacak. Yap\u0131lacak ilk inceleme sonras\u0131nda iddianamenin kabul\u00fcne karar verilmesi halinde, iddianame ve ekleri ilgili siyasi partiye g\u00f6nderilerek usul ve esasa ili\u015fkin savunmalar\u0131 al\u0131nacak. Daval\u0131 partinin yaz\u0131l\u0131 savunma vermesi halinde, bu savunma Yarg\u0131tay Cumhuriyet Ba\u015fsavc\u0131l\u0131\u011f\u0131na g\u00f6nderilecek. Ayr\u0131ca Yarg\u0131tay Cumhuriyet Ba\u015fsavc\u0131s\u0131ndan sonra kapat\u0131lmas\u0131 istenen siyasi partinin genel ba\u015fkanl\u0131\u011f\u0131n\u0131n veya tayin edece\u011fi bir vekilin s\u00f6zl\u00fc savunmas\u0131 dinlenecek. Hakk\u0131nda siyasi yasakl\u0131l\u0131k istenenler iddialarla ilgili savunmalar\u0131n\u0131 yaz\u0131l\u0131 olarak sunabilecek.<\/p>\n<p style=\"text-align: justify;\">Yarg\u0131tay Cumhuriyet Ba\u015fsavc\u0131s\u0131, parti aleyhine ihtar karar\u0131 verilmesi talebiyle Mahkemeye ba\u015fvurabilecek.<\/p>\n<p style=\"text-align: justify;\">Mahkemece verilecek s\u00fcre i\u00e7inde siyasi partinin savunmas\u0131 al\u0131nd\u0131ktan sonra, bu h\u00fck\u00fcmlere ayk\u0131r\u0131l\u0131k tespit edilirse ayk\u0131r\u0131l\u0131\u011f\u0131n giderilmesi i\u00e7in ilgili siyasi parti hakk\u0131nda ihtar karar\u0131 verilecek.<\/p>\n<p style=\"text-align: justify;\">Yasama dokunulmazl\u0131\u011f\u0131n\u0131n kald\u0131r\u0131lmas\u0131na veya milletvekilli\u011finin d\u00fc\u015fmesine ili\u015fkin TBMM kararlar\u0131na kar\u015f\u0131, ilgili milletvekili veya milletvekili olmayan bakan ya da bir di\u011fer milletvekili, karar\u0131n al\u0131nd\u0131\u011f\u0131 g\u00fcnden ba\u015flayarak yedi g\u00fcn i\u00e7inde karar\u0131n Anayasaya, kanuna veya TBMM \u0130\u00e7t\u00fcz\u00fc\u011f\u00fcne ayk\u0131r\u0131l\u0131\u011f\u0131 iddias\u0131yla iptali i\u00e7in Mahkemeye ba\u015fvurabilecek. Bu talep on be\u015f g\u00fcn i\u00e7inde kesin olarak karara ba\u011flanacak.<\/p>\n<p style=\"text-align: justify;\"><strong>S\u0130YAS\u0130 PART\u0130LER\u0130N MAL\u0130 DENET\u0130M\u0130<\/strong><\/p>\n<p style=\"text-align: justify;\">Mahkeme, siyasi partilerin mal edinimleri ile gelir ve giderlerinin kanuna uygunlu\u011funun denetimi i\u00e7in Say\u0131\u015ftaydan yard\u0131m sa\u011flayacak.<\/p>\n<p style=\"text-align: justify;\">Siyasi partiler, karara ba\u011flanarak birle\u015ftirilmi\u015f bulunan kesinhesap ile parti merkez ve ba\u011fl\u0131 il\u00e7eleri de kapsayan iller te\u015fkilat\u0131n\u0131n kesinhesaplar\u0131n\u0131n onayl\u0131 birer \u00f6rne\u011fini haziran ay\u0131 sonuna kadar Say\u0131\u015ftay Ba\u015fkanl\u0131\u011f\u0131na g\u00f6nderecek.<\/p>\n<p style=\"text-align: justify;\">\u0130\u015fin esas\u0131na ili\u015fkin inceleme, siyasi partilerin gelir ve giderlerinin, do\u011fru ve kanuna uygun olup olmad\u0131\u011f\u0131 y\u00f6nlerinden yap\u0131lacak.<\/p>\n<p style=\"text-align: justify;\"><strong>YEN\u0130DEN \u0130NCELEME<\/strong><\/p>\n<p style=\"text-align: justify;\">Y\u00fcce Divan taraf\u0131ndan verilen h\u00fckme kar\u015f\u0131 yeniden inceleme ba\u015fvurusu, Yarg\u0131tay Cumhuriyet Ba\u015fsavc\u0131s\u0131 veya Yarg\u0131tay Cumhuriyet Ba\u015fsavc\u0131vekili, san\u0131k, m\u00fcdafi, kat\u0131lan veya vekili taraf\u0131ndan yap\u0131labilecek.<\/p>\n<p style=\"text-align: justify;\">Yeniden inceleme ba\u015fvurusu, h\u00fckm\u00fcn a\u00e7\u0131klanmas\u0131ndan itibaren on be\u015f g\u00fcn i\u00e7inde Y\u00fcce Divana dilek\u00e7e verilmesi suretiyle yap\u0131lacak.<\/p>\n<p style=\"text-align: justify;\">Y\u00fcce Divan yeniden incelemeyi dosya \u00fczerinden yapacak. Yarg\u0131tay Cumhuriyet Ba\u015fsavc\u0131s\u0131n\u0131n veya Yarg\u0131tay Cumhuriyet Ba\u015fsavc\u0131vekilinin, san\u0131\u011f\u0131n veya kat\u0131lan\u0131n istemi \u00fczerine ya da resen incelemenin duru\u015fma a\u00e7\u0131larak yap\u0131lmas\u0131na da karar verilebilecek.<\/p>\n<p style=\"text-align: justify;\">Yeniden inceleme, yaln\u0131zca ba\u015fvuruda belirtilen hususlarla s\u0131n\u0131rl\u0131 olarak yap\u0131lacak. Ba\u015fvurunun yerinde g\u00f6r\u00fclmesi halinde ayn\u0131 zamanda ba\u015fvuru konusu hakk\u0131nda da karar verilecek. Yeniden inceleme ba\u015fvurusu \u00fczerine verilen kararlar kesin olacak.<\/p>\n<p style=\"text-align: justify;\"><strong>BAKAMAYACAKLARI DAVA VE \u0130\u015eLER<\/strong><\/p>\n<p style=\"text-align: justify;\">Ba\u015fkan ve \u00fcyeler; kendilerine ait olan veya kendilerini ilgilendiren dava ve i\u015flere, aralar\u0131nda evlilik ba\u011f\u0131 kalkm\u0131\u015f olsa bile e\u015finin, kan veya akrabal\u0131k y\u00f6n\u00fcnden \u00fcstsoy ve altsoyunun, d\u00f6rd\u00fcnc\u00fc dereceye kadar kan y\u00f6n\u00fcnden ve akrabal\u0131\u011f\u0131 do\u011furan evlilik ba\u011f\u0131 kalkm\u0131\u015f olsa bile \u00fc\u00e7\u00fcnc\u00fc dereceye kadar akrabal\u0131k y\u00f6n\u00fcnden civar h\u0131s\u0131mlar\u0131n\u0131n veya aralar\u0131nda evlatl\u0131k ba\u011f\u0131 bulunan kimselerin dava ve i\u015flerine, dava ve i\u015f sahiplerinin vekili, vasisi veya kayy\u0131m\u0131 s\u0131fat\u0131yla hareket etti\u011fi dava ve i\u015flere, hakim, savc\u0131, hakem s\u0131fat\u0131yla bakm\u0131\u015f veya tan\u0131k ya da bilirki\u015fi olarak beyanda bulunmu\u015f oldu\u011fu dava ve i\u015flere, isti\u015fari g\u00f6r\u00fc\u015f ve d\u00fc\u015f\u00fcncesini ifade etmi\u015f oldu\u011fu dava ve i\u015flere bakamayacak.<\/p>\n<p style=\"text-align: justify;\"><strong>KANUN KOYUCU G\u0130B\u0130 H\u00dcK\u00dcM TES\u0130S EDEMEYECEK<\/strong><\/p>\n<p style=\"text-align: justify;\">Kanun Tasar\u0131s\u0131&#8217;na g\u00f6re, Anayasa Mahkemesi Ba\u015fkan\u0131 ve \u00fcyeler, tarafs\u0131z hareket edemeyecekleri kan\u0131s\u0131n\u0131 hakl\u0131 k\u0131lan hallerin oldu\u011fu iddias\u0131 ile reddolunabilecek. Bu takdirde, Genel Kurul ya da b\u00f6l\u00fcmlerde, ilgili \u00fcye kat\u0131lmaks\u0131z\u0131n red konusu hakk\u0131nda kesin karar verilecek. Red \u015fahsi olacak. Genel Kurul ya da b\u00f6l\u00fcmlerin toplanmas\u0131na engel olacak say\u0131da \u00fcyenin reddine ili\u015fkin talepler dinlenmeyecek.<\/p>\n<p style=\"text-align: justify;\">Red dilek\u00e7esinde, red sebeplerinin a\u00e7\u0131k\u00e7a g\u00f6sterilmesi ve delillerin birlikte bildirilmesi gerekecek. Bu \u015fartlar\u0131 ta\u015f\u0131mayan dilek\u00e7eler reddolunacak. Yemin delil te\u015fkil etmeyecek.<\/p>\n<p style=\"text-align: justify;\">Red talebinin k\u00f6t\u00fc niyetle yap\u0131ld\u0131\u011f\u0131n\u0131n anla\u015f\u0131lmas\u0131 ve esas y\u00f6n\u00fcnden kabul edilmemesi halinde, talepte bulunanlar\u0131n her birine mahkemece 500 liradan 5 bin liraya kadar idari cezas\u0131 verilecek.<\/p>\n<p style=\"text-align: justify;\"><strong>DEVLET SIRRI N\u0130TEL\u0130\u011e\u0130NDEK\u0130 B\u0130LG\u0130LER<\/strong><\/p>\n<p style=\"text-align: justify;\">Mahkeme, kendisine verilen g\u00f6revlerin yerine getirilmesi s\u0131ras\u0131nda kamu idareleri, kamu g\u00f6revlileri, bankalar ile di\u011fer ger\u00e7ek ve t\u00fczel ki\u015filerle do\u011frudan yaz\u0131\u015fmaya, bilgi ve belge istemeye, gerekli g\u00f6rd\u00fc\u011f\u00fc her t\u00fcrl\u00fc belge, kay\u0131t ve i\u015flemi incelemeye, bilgi almak \u00fczere her derece ve s\u0131n\u0131ftan kamu g\u00f6revlileri ile ilgilileri \u00e7a\u011f\u0131rmaya, idare ve di\u011fer t\u00fczel ki\u015filerden temsilci istemeye yetkili olacak.<\/p>\n<p style=\"text-align: justify;\">Mahkemenin bakmakla g\u00f6revli oldu\u011fu dava ve i\u015flerle ilgili bilgiler, devlet s\u0131rr\u0131 oldu\u011fu gerek\u00e7esiyle mahkemeye kar\u015f\u0131 gizli tutulamayacak.<\/p>\n<p style=\"text-align: justify;\">Tan\u0131kl\u0131k konusu bilgilerin devlet s\u0131rr\u0131 niteli\u011fini ta\u015f\u0131mas\u0131 halinde tan\u0131k, mahkeme taraf\u0131ndan stenograf ve zab\u0131t katibi olmadan dinlenecek. Ba\u015fkan daha sonra bu tan\u0131k a\u00e7\u0131klamalar\u0131ndan sadece bak\u0131lmakta olan davan\u0131n esas\u0131na etkili olan hususlar\u0131 tutana\u011fa ge\u00e7irecek.<\/p>\n<p style=\"text-align: justify;\">A\u00e7\u0131klanmas\u0131, devletin d\u0131\u015f ili\u015fkilerine, milli savunmas\u0131na ve milli g\u00fcvenli\u011fine zarar verebilecek, anayasal d\u00fczen ve d\u0131\u015f ili\u015fkilerde tehlike yaratabilecek nitelikteki bilgiler devlet s\u0131rr\u0131 say\u0131lacak.<\/p>\n<p style=\"text-align: justify;\">Ba\u015fkan, Y\u00fcce Divan, siyasi parti kapatma davalar\u0131 ve s\u00f6zl\u00fc a\u00e7\u0131klamalarda duru\u015fman\u0131n gerekli k\u0131ld\u0131\u011f\u0131 durumlarda, devlet kurum ve kurulu\u015flar\u0131na ait ara\u00e7, gere\u00e7, stenograf ve teknik personelden yararlanmak i\u00e7in istemde bulunabilecek.<\/p>\n<p style=\"text-align: justify;\">Mahkemeye yap\u0131lacak bireysel ba\u015fvurular d\u0131\u015f\u0131ndaki ba\u015fvurular, al\u0131nacak kararlar ve yap\u0131lacak i\u015flemler har\u00e7, vergi ve resimden muaf olacak.<\/p>\n<p style=\"text-align: justify;\">Genel Kurul ve b\u00f6l\u00fcmler, kararlar\u0131n\u0131 kat\u0131lanlar\u0131n salt \u00e7o\u011funlu\u011fuyla alacak. Oylar\u0131n e\u015fitli\u011fi halinde Ba\u015fkan\u0131n bulundu\u011fu taraf\u0131n g\u00f6r\u00fc\u015f\u00fc do\u011frultusunda karar verilmi\u015f olacak.<\/p>\n<p style=\"text-align: justify;\">Anayasa de\u011fi\u015fikliklerinde iptale, siyasi partilerin kapat\u0131lmas\u0131na ya da devlet yard\u0131m\u0131ndan yoksun b\u0131rak\u0131lmas\u0131na karar verilebilmesi i\u00e7in toplant\u0131ya kat\u0131lan \u00fcyelerin \u00fc\u00e7te iki oy \u00e7oklu\u011fu aranacak.<\/p>\n<p style=\"text-align: justify;\"><strong>MAHKEME KARARLARI<\/strong><\/p>\n<p style=\"text-align: justify;\">Mahkemece iptaline karar verilen kanun, kanun h\u00fckm\u00fcnde kararname veya TBMM \u0130\u00e7t\u00fcz\u00fc\u011f\u00fc veya bunlar\u0131n belirli madde veya h\u00fck\u00fcmleri, iptal karar\u0131n\u0131n Resmi Gazete&#8217;de yay\u0131mland\u0131\u011f\u0131 tarihte y\u00fcr\u00fcrl\u00fckten kalkacak. Mahkeme gerekli g\u00f6rd\u00fc\u011f\u00fc hallerde, Resmi Gazete&#8217;de yay\u0131mland\u0131\u011f\u0131 g\u00fcnden ba\u015flayarak iptal karar\u0131n\u0131n y\u00fcr\u00fcrl\u00fc\u011fe girece\u011fi tarihi, bir y\u0131l\u0131 ge\u00e7memek \u00fczere ayr\u0131ca kararla\u015ft\u0131rabilecek.<\/p>\n<p style=\"text-align: justify;\">Mahkeme, bir kanun, kanun h\u00fckm\u00fcnde kararname veya TBMM \u0130\u00e7t\u00fcz\u00fc\u011f\u00fc&#8217;n\u00fcn tamam\u0131n\u0131 veya bir h\u00fckm\u00fcn\u00fc iptal ederken kanun koyucu gibi hareket ederek yeni bir uygulamaya yol a\u00e7acak bi\u00e7imde h\u00fck\u00fcm tesis edemeyecek.<\/p>\n<p style=\"text-align: justify;\">Mahkeme kararlar\u0131 gerek\u00e7eli olarak yaz\u0131lacak. \u0130ptal kararlar\u0131 gerek\u00e7esi yaz\u0131lmadan a\u00e7\u0131klanamayacak.<\/p>\n<p style=\"text-align: justify;\">Karar taslaklar\u0131n\u0131n haz\u0131rlanmas\u0131 ve g\u00f6r\u00fc\u015f\u00fclmesine ili\u015fkin esaslar \u0130\u00e7t\u00fcz\u00fckte g\u00f6sterilecek.<\/p>\n<p style=\"text-align: justify;\">Kararlar, inceleme veya yarg\u0131lamaya kat\u0131lan ba\u015fkan ve \u00fcyeler taraf\u0131ndan imzalanacak. Muhalif kalanlar, kararda muhalefet nedenlerini \u0130\u00e7t\u00fcz\u00fckte belirtilecek s\u00fcre i\u00e7inde yaz\u0131l\u0131 olarak teslim edecek.<\/p>\n<p style=\"text-align: justify;\">\u0130ptal ve itiraz ba\u015fvurular\u0131 sonucu verilen gerek\u00e7eli kararlar Resmi Gazete&#8217;de hemen yay\u0131mlanacak.<\/p>\n<p style=\"text-align: justify;\"><strong>YARGILAMANIN YEN\u0130LENMES\u0130<\/strong><\/p>\n<p style=\"text-align: justify;\">Mahkemenin siyasi parti kapatma davalar\u0131nda veya Y\u00fcce Divan s\u0131fat\u0131yla verdi\u011fi kararlara kar\u015f\u0131 yarg\u0131laman\u0131n yenilenmesi, Ceza Muhakemesi Kanunu h\u00fck\u00fcmlerine g\u00f6re istenebilecek.<\/p>\n<p style=\"text-align: justify;\">Avrupa \u0130nsan Haklar\u0131 Mahkemesinin, Anayasa Mahkemesinin siyasi parti kapatma veya Y\u00fcce Divan s\u0131fat\u0131yla verdi\u011fi bir karar\u0131n\u0131n Avrupa \u0130nsan Haklar\u0131 S\u00f6zle\u015fmesi ve eki protokollerin ihlali suretiyle verildi\u011fine h\u00fckmetmesi halinde Avrupa \u0130nsan Haklar\u0131 Mahkemesi karar\u0131n\u0131n kesinle\u015fti\u011fi tarihten itibaren 1 y\u0131l i\u00e7inde Anayasa Mahkemesinden yarg\u0131laman\u0131n yenilenmesine karar vermesi istenebilecek.<\/p>\n<p style=\"text-align: justify;\">Mahkemenin istemi esasl\u0131 ve kabule de\u011fer bulmas\u0131 durumunda yarg\u0131laman\u0131n yenilenmesine karar verilebilecek.<\/p>\n<p style=\"text-align: justify;\"><strong>MAL\u0130 HAKLAR<\/strong><\/p>\n<p style=\"text-align: justify;\">Tasar\u0131yla Anayasa Mahkemesi Ba\u015fkan\u0131, ba\u015fkanvekilleri, \u00fcyeleri, Anayasa Mahkemesi raport\u00f6rleri, raport\u00f6r yard\u0131mc\u0131lar\u0131 ve raport\u00f6r yard\u0131mc\u0131s\u0131 adaylar\u0131n\u0131n ayl\u0131k ve \u00f6denekleriyle di\u011fer mali, sosyal hak ve yard\u0131mlar\u0131 da d\u00fczenleniyor.<\/p>\n<p style=\"text-align: justify;\">En y\u00fcksek devlet memuruna mali haklar kapsam\u0131nda fiilen yap\u0131lmakta olan her t\u00fcrl\u00fc \u00f6demeler toplam\u0131n\u0131n br\u00fct tutar\u0131n\u0131 (k\u0131stas ayl\u0131k) olu\u015fturan her bir \u00f6deme unsurunun; Anayasa Mahkemesi Ba\u015fkan\u0131na y\u00fczde 100&#8217;\u00fc, Anayasa Mahkemesi ba\u015fkanvekillerine y\u00fczde 90&#8217;\u0131, Anayasa Mahkemesi \u00fcyelerine y\u00fczde 86&#8217;s\u0131 oran\u0131nda ayl\u0131k \u00f6deme yap\u0131lacak. Raport\u00f6rlere yap\u0131lacak \u00f6demelerde bu oranlar derecelerine g\u00f6re, y\u00fczde 42 ile y\u00fczde 79 oran\u0131nda de\u011fi\u015fecek.<\/p>\n<p style=\"text-align: justify;\">Bu madde kapsam\u0131ndaki \u00f6deme unsurlar\u0131 aras\u0131nda yer alan ikramiyenin hesab\u0131nda, k\u0131stas ayl\u0131k i\u00e7indeki ikramiyenin bir mali y\u0131ldaki toplam tutar\u0131n\u0131n 12&#8217;de biri dikkate al\u0131nacak.<\/p>\n<p style=\"text-align: justify;\">Anayasa Mahkemesi Ba\u015fkan\u0131, ba\u015fkanvekilleri, \u00fcyeleri ile Uyu\u015fmazl\u0131k Mahkemesi Ba\u015fkan\u0131 ve raport\u00f6rlere ayn\u0131 maddeye g\u00f6re \u00f6denmekte olan br\u00fct ayl\u0131klar\u0131n\u0131n y\u00fczde 10&#8217;u oran\u0131nda yarg\u0131 \u00f6dene\u011fi verilecek.<\/p>\n<p style=\"text-align: justify;\">Y\u00fcksek\u00f6\u011fretim kurumlar\u0131ndan veya Say\u0131\u015ftaydan gelen raport\u00f6rlere, ayn\u0131 derece, kademe ve k\u0131demdeki hakim ve savc\u0131 raport\u00f6rlere \u00f6denen ayl\u0131k ve \u00f6denekler esas al\u0131narak \u00f6deme yap\u0131lacak.<\/p>\n<p style=\"text-align: justify;\"><strong>B\u0130REYSEL BA\u015eVURU \u00d6DENE\u011e\u0130<\/strong><\/p>\n<p style=\"text-align: justify;\">Ayl\u0131k ve \u00f6deneklerinden ayr\u0131 olarak her ay Anayasa Mahkemesi Ba\u015fkan ve \u00fcyelerine 40 bin, raport\u00f6rlere 10 bin g\u00f6sterge rakam\u0131n\u0131n memur ayl\u0131klar\u0131na uygulanan ayl\u0131k katsay\u0131s\u0131 ile \u00e7arp\u0131m\u0131 sonucu bulunacak miktarda bireysel ba\u015fvuru \u00f6dene\u011fi verilecek.<\/p>\n<p style=\"text-align: justify;\">Bu \u00f6demeler hakk\u0131nda ayl\u0131klara ili\u015fkin h\u00fck\u00fcmler uygulanacak ve damga vergisi hari\u00e7 herhangi bir vergiye tabi tutulmayacak. Bireysel ba\u015fvuru \u00f6dene\u011fi, her ne \u015fekilde olursa olsun ba\u015fka bir \u00f6demenin hesaplanmas\u0131nda dikkate al\u0131nmayacak.<\/p>\n<p style=\"text-align: justify;\">Anayasa Mahkemesi Ba\u015fkanl\u0131\u011f\u0131na, raport\u00f6r, raport\u00f6r yard\u0131mc\u0131s\u0131 ve di\u011fer idari personelin de bulundu\u011fu 567 kadro ihdas ediliyor. Adalet Bakanl\u0131\u011f\u0131 ta\u015fra te\u015fkilat\u0131na 67 raport\u00f6r, Say\u0131\u015ftay Ba\u015fkanl\u0131\u011f\u0131na 15 raport\u00f6r ihdas edilecek.<\/p>\n<p style=\"text-align: justify;\">Anayasa Mahkemesine yap\u0131lacak bireysel ba\u015fvurularda 150 lira har\u00e7 al\u0131nacak.<\/p>\n<p style=\"text-align: justify;\">Tasar\u0131 toplam 80 maddeden olu\u015fuyor.<\/p>\n<p style=\"text-align: justify;\"><a href=\"http:\/\/www.gazeteport.com.tr\/GUNCEL\/NEWS\/GP_833813\" target=\"_blank\"><span style=\"color: #888888;\">Kaynak : GAZETEPORT<\/span><\/a><\/p>\n","protected":false},"excerpt":{"rendered":"<p style=\"text-align: justify;\">\n<p style=\"text-align: justify;\">Anayasa de\u011fi\u015fikli\u011fi kapsam\u0131nda Anayasa Mahkemesi&#8217;ni yeniden yap\u0131land\u0131ran tasar\u0131 TBMM Ba\u015fkanl\u0131\u011f\u0131&#8217;na sunuldu.<\/p>\n<p style=\"text-align: justify;\">ANKARA &#8211; Anayasa Mahkemesi&#8217;nin Kurulu\u015fu ve Yarg\u0131lama Usulleri Hakk\u0131nda Kanun Tasar\u0131s\u0131, y\u00fcksek mahkemenin yap\u0131s\u0131, g\u00f6revleri, yarg\u0131lama usulleri; ba\u015fkan, ba\u015fkanvekilleri ve \u00fcyelerinin se\u00e7imi, disiplin ve \u00f6zl\u00fck i\u015fleri ile raport\u00f6rler, raport\u00f6r yard\u0131mc\u0131lar\u0131 ve personelinin nitelikleri, atanmalar\u0131, g\u00f6rev ve sorumluluklar\u0131, <\/p>\n","protected":false},"author":1,"featured_media":0,"comment_status":"open","ping_status":"closed","sticky":false,"template":"","format":"standard","meta":{"footnotes":""},"categories":[105],"tags":[],"class_list":["post-27203","post","type-post","status-publish","format-standard","hentry","category-gundem","odd"],"_links":{"self":[{"href":"http:\/\/www.korhanyilmaz.com\/index.php?rest_route=\/wp\/v2\/posts\/27203","targetHints":{"allow":["GET"]}}],"collection":[{"href":"http:\/\/www.korhanyilmaz.com\/index.php?rest_route=\/wp\/v2\/posts"}],"about":[{"href":"http:\/\/www.korhanyilmaz.com\/index.php?rest_route=\/wp\/v2\/types\/post"}],"author":[{"embeddable":true,"href":"http:\/\/www.korhanyilmaz.com\/index.php?rest_route=\/wp\/v2\/users\/1"}],"replies":[{"embeddable":true,"href":"http:\/\/www.korhanyilmaz.com\/index.php?rest_route=%2Fwp%2Fv2%2Fcomments&post=27203"}],"version-history":[{"count":0,"href":"http:\/\/www.korhanyilmaz.com\/index.php?rest_route=\/wp\/v2\/posts\/27203\/revisions"}],"wp:attachment":[{"href":"http:\/\/www.korhanyilmaz.com\/index.php?rest_route=%2Fwp%2Fv2%2Fmedia&parent=27203"}],"wp:term":[{"taxonomy":"category","embeddable":true,"href":"http:\/\/www.korhanyilmaz.com\/index.php?rest_route=%2Fwp%2Fv2%2Fcategories&post=27203"},{"taxonomy":"post_tag","embeddable":true,"href":"http:\/\/www.korhanyilmaz.com\/index.php?rest_route=%2Fwp%2Fv2%2Ftags&post=27203"}],"curies":[{"name":"wp","href":"https:\/\/api.w.org\/{rel}","templated":true}]}}