{"id":27192,"date":"2011-01-10T17:23:05","date_gmt":"2011-01-10T15:23:05","guid":{"rendered":"http:\/\/www.korhanyilmaz.com\/?p=27192"},"modified":"2011-01-10T17:23:05","modified_gmt":"2011-01-10T15:23:05","slug":"boyle-ucuz-hafiyelikle-siyaset-yapilmaz","status":"publish","type":"post","link":"http:\/\/www.korhanyilmaz.com\/?p=27192","title":{"rendered":"&#8220;B\u00f6yle ucuz hafiyelikle siyaset yap\u0131lmaz&#8221;"},"content":{"rendered":"<p style=\"text-align: justify;\"><a href=\"http:\/\/www.korhanyilmaz.com\/wp-content\/uploads\/2011\/01\/037.jpg\"  class=\"lightview\"><img loading=\"lazy\" decoding=\"async\" class=\"aligncenter size-full wp-image-27193\" src=\"http:\/\/www.korhanyilmaz.com\/wp-content\/uploads\/2011\/01\/037.jpg\" alt=\"\" width=\"292\" height=\"200\" \/><\/a>CHP Genel Ba\u015fkan\u0131 Kemal K\u0131l\u0131\u00e7daro\u011flu \u0130\u00e7i\u015fleri Bakanl\u0131\u011f\u0131 i\u00e7in &#8220;yolsuzluk mezarl\u0131\u011f\u0131&#8221; benzetmesini yapt\u0131. K\u0131l\u0131\u00e7daro\u011flu&#8217;nun bu s\u00f6zlerine yan\u0131t \u0130\u00e7i\u015fleri Bakan\u0131 Be\u015fir Atalay&#8217;dan geldi. Atalay&#8217;\u0131n da \u00fcslubu sert oldu, &#8220;CHP \u00f6nce kendi harcamalar\u0131n\u0131n hesab\u0131n\u0131 versin&#8221; dedi. Atalay, CHP&#8217;nin &#8220;iftira dosyalar\u0131n\u0131n mezarl\u0131\u011f\u0131&#8221; oldu\u011funu s\u00f6yledi.<!--more--><\/p>\n<p style=\"text-align: justify;\">Atalay, 10 Ocak \u0130dareciler G\u00fcn\u00fc dolay\u0131s\u0131yla T\u00fcrk \u0130dareciler Derne\u011fi taraf\u0131ndan Rixos Hotel&#8217;de d\u00fczenlenen t\u00f6renin ard\u0131ndan gazetecilerin sorular\u0131n\u0131 yan\u0131tlad\u0131.<\/p>\n<p style=\"text-align: justify;\">Bir gazetecinin, CHP Genel Ba\u015fkan\u0131 Kemal K\u0131l\u0131\u00e7daro\u011flu&#8217;nun \u0130\u00e7i\u015fleri Bakanl\u0131\u011f\u0131&#8217;na y\u00f6nelik idialar\u0131n\u0131 hat\u0131rlatmas\u0131 \u00fczerine Atalay, &#8220;Somut olarak giderler yarg\u0131ya, yarg\u0131 da bu konular\u0131 de\u011ferlendirir, bir\u015fey varsa ortaya \u00e7\u0131kar&#8230; Bu ucuz hafiyeliklerle T\u00fcrkiye&#8217;de anamuhalefet liderli\u011fi yap\u0131lmaz&#8221; dedi.<\/p>\n<p style=\"text-align: justify;\"><strong>&#8220;Polis sab\u0131rl\u0131 olmak zorunda&#8221; <\/strong><\/p>\n<p style=\"text-align: justify;\">\u00d6\u011frenci protestolar\u0131n\u0131 ve polisin tavr\u0131n\u0131 da de\u011ferlendiren \u0130\u00e7i\u015fleri Bakan\u0131 Atalay, &#8220;Polis her zaman sab\u0131rl\u0131 olmak zorunda. Cezay\u0131 polis de\u011fil, yarg\u0131 verir&#8221; dedi.<\/p>\n<p style=\"text-align: justify;\">Atalay, ge\u00e7ti\u011fimiz hafta ODT\u00dc&#8217;de ya\u015fanan \u00f6\u011frenci eyleminde Emniyet&#8217;in sab\u0131rl\u0131 davrand\u0131\u011f\u0131n\u0131 belirtti ve polislere te\u015fekk\u00fcr etti.<\/p>\n<p style=\"text-align: justify;\"><a href=\"http:\/\/www.cnnturk.com\/2011\/turkiye\/01\/10\/boyle.ucuz.hafiyelikle.siyaset.yapilmaz\/602688.0\/index.html\" target=\"_blank\"><span style=\"color: #888888;\">CNN T\u00dcRK<\/span><\/a><\/p>\n<p style=\"text-align: justify;\">&nbsp;<\/p>\n","protected":false},"excerpt":{"rendered":"<p style=\"text-align: justify;\">CHP Genel Ba\u015fkan\u0131 Kemal K\u0131l\u0131\u00e7daro\u011flu \u0130\u00e7i\u015fleri Bakanl\u0131\u011f\u0131 i\u00e7in &#8220;yolsuzluk mezarl\u0131\u011f\u0131&#8221; benzetmesini yapt\u0131. K\u0131l\u0131\u00e7daro\u011flu&#8217;nun bu s\u00f6zlerine yan\u0131t \u0130\u00e7i\u015fleri Bakan\u0131 Be\u015fir Atalay&#8217;dan geldi. Atalay&#8217;\u0131n da \u00fcslubu sert oldu, &#8220;CHP \u00f6nce kendi harcamalar\u0131n\u0131n hesab\u0131n\u0131 versin&#8221; dedi. Atalay, CHP&#8217;nin &#8220;iftira dosyalar\u0131n\u0131n mezarl\u0131\u011f\u0131&#8221; oldu\u011funu s\u00f6yledi.<\/p>\n","protected":false},"author":1,"featured_media":0,"comment_status":"open","ping_status":"closed","sticky":false,"template":"","format":"standard","meta":{"footnotes":""},"categories":[105],"tags":[],"class_list":["post-27192","post","type-post","status-publish","format-standard","hentry","category-gundem","odd"],"_links":{"self":[{"href":"http:\/\/www.korhanyilmaz.com\/index.php?rest_route=\/wp\/v2\/posts\/27192","targetHints":{"allow":["GET"]}}],"collection":[{"href":"http:\/\/www.korhanyilmaz.com\/index.php?rest_route=\/wp\/v2\/posts"}],"about":[{"href":"http:\/\/www.korhanyilmaz.com\/index.php?rest_route=\/wp\/v2\/types\/post"}],"author":[{"embeddable":true,"href":"http:\/\/www.korhanyilmaz.com\/index.php?rest_route=\/wp\/v2\/users\/1"}],"replies":[{"embeddable":true,"href":"http:\/\/www.korhanyilmaz.com\/index.php?rest_route=%2Fwp%2Fv2%2Fcomments&post=27192"}],"version-history":[{"count":0,"href":"http:\/\/www.korhanyilmaz.com\/index.php?rest_route=\/wp\/v2\/posts\/27192\/revisions"}],"wp:attachment":[{"href":"http:\/\/www.korhanyilmaz.com\/index.php?rest_route=%2Fwp%2Fv2%2Fmedia&parent=27192"}],"wp:term":[{"taxonomy":"category","embeddable":true,"href":"http:\/\/www.korhanyilmaz.com\/index.php?rest_route=%2Fwp%2Fv2%2Fcategories&post=27192"},{"taxonomy":"post_tag","embeddable":true,"href":"http:\/\/www.korhanyilmaz.com\/index.php?rest_route=%2Fwp%2Fv2%2Ftags&post=27192"}],"curies":[{"name":"wp","href":"https:\/\/api.w.org\/{rel}","templated":true}]}}