{"id":27189,"date":"2011-01-10T17:43:33","date_gmt":"2011-01-10T15:43:33","guid":{"rendered":"http:\/\/www.korhanyilmaz.com\/?p=27189"},"modified":"2011-01-10T17:43:33","modified_gmt":"2011-01-10T15:43:33","slug":"danistay-baskani-yargi-emir-almaz","status":"publish","type":"post","link":"http:\/\/www.korhanyilmaz.com\/?p=27189","title":{"rendered":"Dan\u0131\u015ftay Ba\u015fkan\u0131: &#8220;Yarg\u0131 emir almaz&#8221;"},"content":{"rendered":"<p style=\"text-align: justify;\"><a href=\"http:\/\/www.korhanyilmaz.com\/wp-content\/uploads\/2011\/01\/036.jpg\"  class=\"lightview\"><img loading=\"lazy\" decoding=\"async\" class=\"aligncenter size-full wp-image-27190\" src=\"http:\/\/www.korhanyilmaz.com\/wp-content\/uploads\/2011\/01\/036.jpg\" alt=\"\" width=\"292\" height=\"194\" \/><\/a><\/p>\n<p style=\"text-align: justify;\">Dan\u0131\u015ftay Ba\u015fkan\u0131 Mustafa Birden, tart\u0131\u015f\u0131lan tahliyelerle ilgili tart\u0131\u015fmalara yan\u0131t verdi; &#8220;Yarg\u0131 emir almaz. Yarg\u0131n\u0131n y\u0131prat\u0131lmas\u0131 \u00fclkenin y\u0131prat\u0131lmas\u0131d\u0131r&#8221; dedi.<\/p>\n<p style=\"text-align: justify;\">Dan\u0131\u015ftay Ba\u015fkan\u0131 Birden, makam\u0131nda gazetecilerin sorular\u0131n\u0131 yan\u0131tlad\u0131. Adalet Bakan\u0131 Sadullah Ergin&#8217;in 10. Cumhurba\u015fkan\u0131 Ahmet Necdet Sezer&#8217;in &#8220;Bu h\u00fck\u00fcmete y\u00fcksek yarg\u0131ya adam ald\u0131rmamak laz\u0131m&#8221; s\u00f6zlerinin Ergenekon soru\u015fturmas\u0131 kapsam\u0131nda tutuklanan Mustafa Balbay&#8217;\u0131n g\u00fcnl\u00fcklerinde yer ald\u0131\u011f\u0131 \u015feklindeki iddialar\u0131 de\u011ferlendirirken &#8220;Bundan sonra Dan\u0131\u015ftayda i\u00e7tihatlar de\u011fi\u015fiyor&#8221; dedi\u011fini s\u00f6yledi. <!--more--><\/p>\n<p style=\"text-align: justify;\">Adalet Bakan\u0131 Ergin&#8217;in &#8220;Hakim ve savc\u0131 al\u0131mlar\u0131n\u0131 Dan\u0131\u015ftay&#8217;\u0131n durdurdu\u011fu&#8221; y\u00f6n\u00fcndeki s\u00f6zlerinin de hat\u0131rlatan Birden, &#8220;Dan\u0131\u015ftay bu davalar\u0131n hukuka uygunluk denetimini yerine getirirken bunun hakim ve savc\u0131 al\u0131mlar\u0131n\u0131n durdurulmas\u0131n\u0131 engellemek olarak nitelemek ve bunu yarg\u0131n\u0131n bug\u00fcn i\u00e7inde bulundu\u011fu sorunlara gerek\u00e7e olarak g\u00f6stermek hatta bu konuda Yarg\u0131\u00e7lar ve Savc\u0131lar Birli\u011fi ile Dan\u0131\u015ftay mensuplar\u0131 aras\u0131nda bir ili\u015fki kurularak yarg\u0131 s\u00fcrecine etki edildi\u011fi hissini uyand\u0131ran a\u00e7\u0131klamalar\u0131 yapmak bizi \u00e7ok \u00fcz\u00fcyor&#8221; dedi.<\/p>\n<p style=\"text-align: justify;\">Birden, &#8220;\u00d6zellikle say\u0131n Adalet Bakan\u0131n\u0131n o g\u00fcnl\u00fckten ge\u00e7en baz\u0131 ibareler nedeniyle bundan sonra &#8216;Dan\u0131\u015ftay&#8217;da baz\u0131 i\u00e7tihatler de\u011fi\u015fti&#8217; \u015feklinde c\u00fcmlesi oldu. Say\u0131n Bakan Dan\u0131\u015ftay&#8217;\u0131 niye b\u00f6yle yap\u0131yor anlam\u0131yorum. Dan\u0131\u015ftay&#8217;da yakla\u015f\u0131k onun ya\u015f\u0131 kadar hizmet veren insanlarla bu kararlar veriliyor. En a\u015fa\u011f\u0131 30 y\u0131l, 40-45 y\u0131ld\u0131r insanlar burada \u00e7al\u0131\u015f\u0131yor. Say\u0131n Adalet Bakan\u0131 yarg\u0131y\u0131 bu lafla t\u00f6hmet alt\u0131nda b\u0131rakt\u0131. Ve beni de \u00e7ok \u00fczen olmamas\u0131 gereken bir laf. Bu s\u00f6zlerini kabul etmem m\u00fcmk\u00fcn de\u011fil. Bence say\u0131n Adalet Bakan\u0131 derhal \u00e7\u0131k\u0131p bu konuda &#8216;amac\u0131m budur yarg\u0131y\u0131 t\u00f6hmet alt\u0131nda b\u0131rakmak istemedim&#8217; \u015feklinde bir beyanla \u00f6z\u00fcr dilemesi gerekir&#8221; dedi.<\/p>\n<p style=\"text-align: justify;\">Birden, Dan\u0131\u015ftaya yeni daireler kurulmas\u0131n\u0131n da \u00e7\u00f6z\u00fcm olmayaca\u011f\u0131n\u0131, baz\u0131 i\u015flerin Dan\u0131\u015ftaya gelmeden b\u00f6lge idare mahkemelerinde kesinle\u015ftirilmesinin sa\u011flanmas\u0131 gerekti\u011fini de s\u00f6yledi.<\/p>\n<p style=\"text-align: justify;\"><strong>Tahliyeler tart\u0131\u015f\u0131l\u0131yor <\/strong><\/p>\n<p style=\"text-align: justify;\">Yarg\u0131lama s\u00fcresi, tutukluluk s\u00fcreleri ile ilgili tart\u0131\u015fman\u0131n art\u0131k ana ba\u015fl\u0131\u011f\u0131. Ba\u015fbakan Erdo\u011fan, Yarg\u0131tay Ba\u015fkan\u0131&#8217;na tepki g\u00f6sterdi; &#8220;A\u011f\u0131r i\u015f y\u00fck\u00fcn\u00fc siyasi kanada y\u0131kma \u00e7abas\u0131 \u015f\u0131k de\u011fil&#8221; dedi.<\/p>\n<p style=\"text-align: justify;\">Tart\u0131\u015fmaya Cumhurba\u015fkan\u0131 Abdullah G\u00fcl de kat\u0131ld\u0131. G\u00fcl yarg\u0131 reformu \u015fart mesaj\u0131n\u0131 verdi.<\/p>\n<p style=\"text-align: justify;\">Meclis Ba\u015fkan\u0131 ise, &#8220;Acil \u00e7\u00f6z\u00fcm yarg\u0131da, dosyalar \u00f6ncelik s\u0131ras\u0131na g\u00f6re g\u00fcndeme al\u0131nabilir&#8221; dedi. Tart\u0131\u015fma s\u00fcrerken h\u00fck\u00fcmet yarg\u0131daki bo\u015f kadrolar\u0131 doldurmak i\u00e7in d\u00fc\u011fmeye bast\u0131.<\/p>\n<p style=\"text-align: justify;\">Buna g\u00f6re, istinaf mahkemelerinin devreye sokulmas\u0131 i\u00e7in gereken 3 bin 300 bo\u015f hakim ve savc\u0131 kadrosu doldurulacak. Bunun i\u00e7in yaz\u0131l\u0131 s\u0131nava girmi\u015f hakim ve savc\u0131lar ocak ay\u0131 i\u00e7inde s\u00f6zl\u00fc s\u0131nava al\u0131nacak.<\/p>\n<p style=\"text-align: justify;\">Ayr\u0131ca bu y\u0131l en az \u00fc\u00e7 s\u0131nav daha yap\u0131lacak. Bu s\u0131navlardan biri, daha \u00f6nce YARSAV&#8217;\u0131n tepki g\u00f6sterdi\u011fi avukatlara hakim ve savc\u0131 olma yolunu a\u00e7acak s\u0131nav olacak.<\/p>\n<p style=\"text-align: justify;\"><a href=\"http:\/\/www.cnnturk.com\/2011\/turkiye\/01\/10\/danistay.baskani.yargi.emir.almaz\/602698.0\/index.html\" target=\"_blank\"><span style=\"color: #888888;\">CNN T\u00dcRK<\/span><\/a><\/p>\n","protected":false},"excerpt":{"rendered":"<p style=\"text-align: justify;\">\n<p style=\"text-align: justify;\">Dan\u0131\u015ftay Ba\u015fkan\u0131 Mustafa Birden, tart\u0131\u015f\u0131lan tahliyelerle ilgili tart\u0131\u015fmalara yan\u0131t verdi; &#8220;Yarg\u0131 emir almaz. Yarg\u0131n\u0131n y\u0131prat\u0131lmas\u0131 \u00fclkenin y\u0131prat\u0131lmas\u0131d\u0131r&#8221; dedi.<\/p>\n<p style=\"text-align: justify;\">Dan\u0131\u015ftay Ba\u015fkan\u0131 Birden, makam\u0131nda gazetecilerin sorular\u0131n\u0131 yan\u0131tlad\u0131. Adalet Bakan\u0131 Sadullah Ergin&#8217;in 10. Cumhurba\u015fkan\u0131 Ahmet Necdet Sezer&#8217;in &#8220;Bu h\u00fck\u00fcmete y\u00fcksek yarg\u0131ya adam ald\u0131rmamak laz\u0131m&#8221; s\u00f6zlerinin Ergenekon soru\u015fturmas\u0131 kapsam\u0131nda tutuklanan Mustafa Balbay&#8217;\u0131n <\/p>\n","protected":false},"author":1,"featured_media":0,"comment_status":"open","ping_status":"closed","sticky":false,"template":"","format":"standard","meta":{"footnotes":""},"categories":[105],"tags":[],"class_list":["post-27189","post","type-post","status-publish","format-standard","hentry","category-gundem","odd"],"_links":{"self":[{"href":"http:\/\/www.korhanyilmaz.com\/index.php?rest_route=\/wp\/v2\/posts\/27189","targetHints":{"allow":["GET"]}}],"collection":[{"href":"http:\/\/www.korhanyilmaz.com\/index.php?rest_route=\/wp\/v2\/posts"}],"about":[{"href":"http:\/\/www.korhanyilmaz.com\/index.php?rest_route=\/wp\/v2\/types\/post"}],"author":[{"embeddable":true,"href":"http:\/\/www.korhanyilmaz.com\/index.php?rest_route=\/wp\/v2\/users\/1"}],"replies":[{"embeddable":true,"href":"http:\/\/www.korhanyilmaz.com\/index.php?rest_route=%2Fwp%2Fv2%2Fcomments&post=27189"}],"version-history":[{"count":0,"href":"http:\/\/www.korhanyilmaz.com\/index.php?rest_route=\/wp\/v2\/posts\/27189\/revisions"}],"wp:attachment":[{"href":"http:\/\/www.korhanyilmaz.com\/index.php?rest_route=%2Fwp%2Fv2%2Fmedia&parent=27189"}],"wp:term":[{"taxonomy":"category","embeddable":true,"href":"http:\/\/www.korhanyilmaz.com\/index.php?rest_route=%2Fwp%2Fv2%2Fcategories&post=27189"},{"taxonomy":"post_tag","embeddable":true,"href":"http:\/\/www.korhanyilmaz.com\/index.php?rest_route=%2Fwp%2Fv2%2Ftags&post=27189"}],"curies":[{"name":"wp","href":"https:\/\/api.w.org\/{rel}","templated":true}]}}