{"id":27162,"date":"2010-12-27T20:28:48","date_gmt":"2010-12-27T18:28:48","guid":{"rendered":"http:\/\/www.korhanyilmaz.com\/?p=27162"},"modified":"2010-12-27T20:28:48","modified_gmt":"2010-12-27T18:28:48","slug":"kilicdaroglundan-garnizon-kosusu-tepkisi","status":"publish","type":"post","link":"http:\/\/www.korhanyilmaz.com\/?p=27162","title":{"rendered":"K\u0131l\u0131\u00e7daro\u011flu&#8217;ndan &#8220;Garnizon Ko\u015fusu&#8221; tepkisi"},"content":{"rendered":"<p><a href=\"http:\/\/www.korhanyilmaz.com\/wp-content\/uploads\/2010\/12\/021.jpg\"  class=\"lightview\"><img loading=\"lazy\" decoding=\"async\" class=\"size-full wp-image-27163 aligncenter\" src=\"http:\/\/www.korhanyilmaz.com\/wp-content\/uploads\/2010\/12\/021.jpg\" alt=\"\" width=\"292\" height=\"183\" \/><\/a><\/p>\n<p style=\"text-align: justify;\">CHP Genel Ba\u015fkan\u0131 Kemal K\u0131l\u0131\u00e7daro\u011flu, Garnizon Ko\u015fusu&#8217;nun yap\u0131lamamas\u0131yla ilgili olarak, &#8220;bu g\u00fcn\u00fc, s\u0131radan bir g\u00fcn olarak kabul etmemek gerekti\u011fini&#8221; belirterek, &#8220;O t\u00f6renleri caddelerden al\u0131p odalara hapsetmek do\u011fru de\u011fil&#8221; dedi. <!--more--><\/p>\n<p style=\"text-align: justify;\">K\u0131l\u0131\u00e7daro\u011flu, Atat\u00fcrk&#8217;\u00fcn Ankara&#8217;ya geli\u015finin 91. y\u0131ld\u00f6n\u00fcm\u00fc dolay\u0131s\u0131yla Ankara Seymenler Kul\u00fcb\u00fcnce d\u00fczenlenen g\u00f6steriyi izlemek \u00fczere Ankara \u00dcniversitesi Dil ve Tarif Co\u011frafya Fak\u00fcltesi Farabi Salonu&#8217;na geldi.<\/p>\n<p style=\"text-align: justify;\">K\u0131l\u0131\u00e7daro\u011flu, g\u00f6steriden \u00f6nce gazetecilerin Garnizon Ko\u015fusu&#8217;nun yap\u0131lamamas\u0131 ile ilgili sorular\u0131 \u00fczerine &#8220;Her kentin tarihinde \u00f6nemli g\u00fcnler vard\u0131r. 27 Aral\u0131k, Ankara&#8217;n\u0131n tarihinde \u00e7ok \u00f6nemli bir g\u00fcnd\u00fcr. Bu g\u00fcn\u00fc s\u0131radan bir g\u00fcn gibi kabul etmemek gerekiyor. \u00dcstelik bu g\u00fcn y\u0131llard\u0131r kutlan\u0131yor, y\u0131llard\u0131r t\u00f6renler yap\u0131l\u0131yor ama o t\u00f6renleri caddelerden al\u0131p odalara hapsetmek do\u011fru de\u011fil&#8221; diye konu\u015ftu.<\/p>\n<p style=\"text-align: justify;\"><strong>Twitter&#8217;dan da ele\u015ftirdi <\/strong><\/p>\n<p style=\"text-align: justify;\">Kemal K\u0131l\u0131\u00e7daro\u011flu, Twitter&#8217;daki hesab\u0131nda ise ko\u015funun yap\u0131lmamas\u0131na ili\u015fkin \u015fu de\u011ferlendirmelerde bulundu: &#8220;Baz\u0131 gelenekler \u00f6nemlidir ve devam\u0131 gerekir. Zira gelenekler g\u00fcndelik hayatla ilgili baz\u0131 zorluklar do\u011fursa da bu zorluklar o \u00fclkenin yurtta\u015flar\u0131n\u0131n g\u00f6z\u00fcne batmaz. \u00c7\u00fcnk\u00fc ulusal ve duygusal ba\u011flar, maddi ba\u011flardan de\u011ferlidir. 27 Aral\u0131k 1919&#8217;un 91&#8217;inci y\u0131l\u0131nda, bir genelge \u00e7er\u00e7evesinde 91 y\u0131ld\u0131r yap\u0131lan Garnizon Ko\u015fusu&#8217;na mahalli kutlama kapsam\u0131nda yasak getirilmesi, bu g\u00fcn\u00fcn tarihsel \u00f6nemini unutturabilir mi?<\/p>\n<p style=\"text-align: justify;\">Mustafa Kemal Pa\u015fa&#8217;n\u0131n 91 y\u0131l \u00f6nce Samsun&#8217;da yakt\u0131\u011f\u0131 ba\u011f\u0131ms\u0131zl\u0131k ate\u015finin s\u0131cakl\u0131\u011f\u0131n\u0131 t\u00fcm benliklerinde hisseden ve bunu her y\u0131l ba\u015fkentin Atat\u00fcrk Bulvar\u0131&#8217;nda temsili olarak Gazi&#8217;yi tekrar kar\u015f\u0131layan Seymenlerin g\u00f6rkemli ve heyecan verici ge\u00e7i\u015flerinin engellenmesi sizce hangi zihniyetin \u00fcr\u00fcn\u00fc olabilir?&#8221;<\/p>\n<p style=\"text-align: justify;\">\u00d6te yandan K\u0131l\u0131\u00e7daro\u011flu, ayn\u0131 g\u00f6r\u00fc\u015flerini Facebook&#8217;taki &#8220;sakin g\u00fc\u00e7&#8221; adl\u0131 hesab\u0131nda da ifade etti.<\/p>\n<p style=\"text-align: justify;\"><a href=\"http:\/\/www.cnnturk.com\/2010\/turkiye\/12\/27\/kilicdaroglundan.garnizon.kosusu.tepkisi\/600924.0\/index.html\" target=\"_blank\"><span style=\"color: #888888;\">CNN T\u00dcRK<\/span><\/a><\/p>\n","protected":false},"excerpt":{"rendered":"<\/p>\n<p style=\"text-align: justify;\">CHP Genel Ba\u015fkan\u0131 Kemal K\u0131l\u0131\u00e7daro\u011flu, Garnizon Ko\u015fusu&#8217;nun yap\u0131lamamas\u0131yla ilgili olarak, &#8220;bu g\u00fcn\u00fc, s\u0131radan bir g\u00fcn olarak kabul etmemek gerekti\u011fini&#8221; belirterek, &#8220;O t\u00f6renleri caddelerden al\u0131p odalara hapsetmek do\u011fru de\u011fil&#8221; dedi. <\/p>\n","protected":false},"author":1,"featured_media":0,"comment_status":"open","ping_status":"closed","sticky":false,"template":"","format":"standard","meta":{"footnotes":""},"categories":[105],"tags":[],"class_list":["post-27162","post","type-post","status-publish","format-standard","hentry","category-gundem","odd"],"_links":{"self":[{"href":"http:\/\/www.korhanyilmaz.com\/index.php?rest_route=\/wp\/v2\/posts\/27162","targetHints":{"allow":["GET"]}}],"collection":[{"href":"http:\/\/www.korhanyilmaz.com\/index.php?rest_route=\/wp\/v2\/posts"}],"about":[{"href":"http:\/\/www.korhanyilmaz.com\/index.php?rest_route=\/wp\/v2\/types\/post"}],"author":[{"embeddable":true,"href":"http:\/\/www.korhanyilmaz.com\/index.php?rest_route=\/wp\/v2\/users\/1"}],"replies":[{"embeddable":true,"href":"http:\/\/www.korhanyilmaz.com\/index.php?rest_route=%2Fwp%2Fv2%2Fcomments&post=27162"}],"version-history":[{"count":0,"href":"http:\/\/www.korhanyilmaz.com\/index.php?rest_route=\/wp\/v2\/posts\/27162\/revisions"}],"wp:attachment":[{"href":"http:\/\/www.korhanyilmaz.com\/index.php?rest_route=%2Fwp%2Fv2%2Fmedia&parent=27162"}],"wp:term":[{"taxonomy":"category","embeddable":true,"href":"http:\/\/www.korhanyilmaz.com\/index.php?rest_route=%2Fwp%2Fv2%2Fcategories&post=27162"},{"taxonomy":"post_tag","embeddable":true,"href":"http:\/\/www.korhanyilmaz.com\/index.php?rest_route=%2Fwp%2Fv2%2Ftags&post=27162"}],"curies":[{"name":"wp","href":"https:\/\/api.w.org\/{rel}","templated":true}]}}