{"id":27153,"date":"2010-12-27T13:25:50","date_gmt":"2010-12-27T11:25:50","guid":{"rendered":"http:\/\/www.korhanyilmaz.com\/?p=27153"},"modified":"2010-12-27T13:25:50","modified_gmt":"2010-12-27T11:25:50","slug":"bdpden-basbakana-yanit","status":"publish","type":"post","link":"http:\/\/www.korhanyilmaz.com\/?p=27153","title":{"rendered":"BDP&#8217;den Ba\u015fbakan&#8217;a yan\u0131t"},"content":{"rendered":"<p style=\"text-align: center;\"><a href=\"http:\/\/www.korhanyilmaz.com\/wp-content\/uploads\/2010\/12\/019.jpg\"  class=\"lightview\"><img loading=\"lazy\" decoding=\"async\" class=\"size-full wp-image-27154 aligncenter\" src=\"http:\/\/www.korhanyilmaz.com\/wp-content\/uploads\/2010\/12\/019.jpg\" alt=\"\" width=\"412\" height=\"219\" \/><\/a><\/p>\n<p style=\"text-align: justify;\">BDP E\u015fba\u015fkan\u0131 Demirta\u015f, &#8220;Biz karde\u015fli\u011fi, Ba\u015fbakan b\u00f6l\u00fcc\u00fcl\u00fc\u011f\u00fc derinle\u015ftirmektedir. Tehdit ve hakaretle bu de\u011fi\u015fimi durduramaz. \u0130lla bize bedel \u00f6detecekse kellemizi kesse bile g\u00f6vdemiz dimdik ayakta duracakt\u0131r&#8221; dedi.<\/p>\n<p style=\"text-align: justify;\">Ba\u015fbakan Recep Tayyip Erdo\u011fan&#8217;\u0131n b\u00fct\u00e7e maratonunun son g\u00fcn\u00fcnde \u00f6zerklik ve iki dilli hayat gibi konularda ele\u015ftirdi\u011fi BDP&#8217;den ilk yan\u0131t geldi. <!--more--><\/p>\n<p style=\"text-align: justify;\">BDP E\u015f Ba\u015fkan\u0131 Selahattin Demirta\u015f, &#8220;Biz karde\u015fli\u011fi, Ba\u015fbakan b\u00f6l\u00fcc\u00fcl\u00fc\u011f\u00fc derinle\u015ftirmektedir&#8221; dedi.<\/p>\n<p style=\"text-align: justify;\">Demirta\u015f, &#8220;Tehdit ve hakaretle bu de\u011fi\u015fimi durduramaz. \u0130lla bize bedel \u00f6detecekse kellemizi kesse bile g\u00f6vdemiz dimdik ayakta duracakt\u0131r&#8221; diye konu\u015ftu.<\/p>\n<p style=\"text-align: justify;\">Ba\u015fbakan Erdo\u011fan, TBMM k\u00fcrs\u00fcs\u00fcnden d\u00fcn ak\u015fam \u015funlar\u0131 s\u00f6ylemi\u015fti:<\/p>\n<p style=\"text-align: justify;\">&#8221;Demokratik sistemlerde siyasi partiler ayk\u0131r\u0131 projeler, teklifler getirme hakk\u0131na sahip olabilir, ama bu hakk\u0131n k\u00f6t\u00fcye kullan\u0131lmas\u0131, demokratik siyaseti zay\u0131flat\u0131r, \u00fclkenin g\u00fcndemini gerer. Sonu\u00e7ta millet destek vermez, bu partiler de marjinal kalmaya mahkum olurlar. Ama zarar g\u00f6ren siyaset kurumu olur, \u00fclke olur.<\/p>\n<p style=\"text-align: justify;\">\u00d6zerklik tart\u0131\u015fmas\u0131, demokratikle\u015fmeyi, T\u00fcrkiye&#8217;nin ileri demokratik standartlara kavu\u015fmas\u0131n\u0131 hazmedemeyenlerin \u00e7irkin bir tezgah\u0131. Bu mil let, bu t\u00fcr tezgahlara evet der mi, bu t\u00fcr taslaklar\u0131 al\u0131r ba\u011fr\u0131na basar m\u0131, bu t\u00fcr projelere onay verir mi? Millete ra\u011fmen, milletin kurumlar\u0131na ra\u011fmen, anayasal d\u00fczene ra\u011fmen, kim hangi projeyi hayata ge\u00e7irebilir?<\/p>\n<p style=\"text-align: justify;\">Hi\u00e7bir ciddiyeti ve derinli\u011fi olmayan bu projeleri, benim K\u00fcrt k\u00f6kenli karde\u015flerimin talebiymi\u015f gibi takdim etmek, \u00e7ok b\u00fcy\u00fck bir haks\u0131zl\u0131kt\u0131r. Bu bildirileri yay\u0131nlayanlar, bunun siyasetini yapanlar benim K\u00fcrt k\u00f6kenli vatanda\u015f\u0131m\u0131n ne kadar\u0131n\u0131 temsil ediyorlar? Bunlar, Do\u011fu ve G\u00fcneydo\u011fu&#8217;nun ne kadar\u0131n\u0131 temsil ediyorlar?<\/p>\n<p style=\"text-align: justify;\">Ben her f\u0131rsatta defalarca s\u00f6yledim, bug\u00fcn de s\u00f6yl\u00fcyorum: Ne ter\u00f6r \u00f6rg\u00fct\u00fc, ne de onun uzant\u0131lar\u0131, hi\u00e7 bir zaman benim K\u00fcrt k\u00f6kenli vatanda\u015f\u0131m\u0131n temsilcisi, s\u00f6zc\u00fcs\u00fc olmam\u0131\u015ft\u0131r. Bundan sonra da asla olmayacakt\u0131r.<\/p>\n<p style=\"text-align: justify;\">Demokratik hak ve \u00f6zg\u00fcrl\u00fcklerden bahsedenler, benim b\u00f6lgedeki vatanda\u015f\u0131m\u0131n haklar\u0131n\u0131 kullanmas\u0131n\u0131 engelliyor, tehditle, bask\u0131yla engelliyor.<\/p>\n<p style=\"text-align: justify;\">Milletim m\u00fcsterih olsun, biz kimseye bu \u00fclke \u00fczerinde ameliyat yapt\u0131rmay\u0131z, kimseyi bu milletin hissiyat\u0131yla oynatmay\u0131z.<\/p>\n<p style=\"text-align: justify;\">Ortak dil T\u00fcrk\u00e7e&#8217;dir, bu ger\u00e7e\u011fi de\u011fi\u015ftirmeye y\u00f6nelik hi\u00e7bir giri\u015fim kabul edilemez. Zira bu mesele sosyal bar\u0131\u015f ve sosyal b\u00fct\u00fcnl\u00fck meselesidir. Bu meseleyi tart\u0131\u015fmaya dahi a\u00e7mak, bu meseleyi getirip T\u00fcrkiye&#8217;nin g\u00fcndemine ta\u015f\u0131mak ne demokrasiye, ne \u00f6zg\u00fcrl\u00fcklere, ne toplumsal bar\u0131\u015fa ne de karde\u015fli\u011fe asla hizmet etmez.<\/p>\n<p style=\"text-align: justify;\">Ter\u00f6r \u00f6rg\u00fct\u00fcn\u00fcn ve onun uzant\u0131lar\u0131n\u0131n, her se\u00e7im \u00f6ncesinde oldu\u011fu gibi yeniden ta\u015feronluk \u00fcstlenerek, i\u00e7 politikay\u0131 dizayn etme giri\u015fimlerini kar\u015f\u0131l\u0131ks\u0131z b\u0131rakmay\u0131z.&#8221;<a href=\"http:\/\/www.gazeteport.com.tr\/SIYASET\/NEWS\/GP_824830\" target=\"_blank\"><\/a><\/p>\n<p style=\"text-align: justify;\"><span style=\"color: #888888;\">Kaynak : <a href=\"http:\/\/www.gazeteport.com.tr\/SIYASET\/NEWS\/GP_824830\" target=\"_blank\">GAZETEPORT<\/a><br \/>\n<\/span><\/p>\n","protected":false},"excerpt":{"rendered":"<p style=\"text-align: center;\">\n<p style=\"text-align: justify;\">BDP E\u015fba\u015fkan\u0131 Demirta\u015f, &#8220;Biz karde\u015fli\u011fi, Ba\u015fbakan b\u00f6l\u00fcc\u00fcl\u00fc\u011f\u00fc derinle\u015ftirmektedir. Tehdit ve hakaretle bu de\u011fi\u015fimi durduramaz. \u0130lla bize bedel \u00f6detecekse kellemizi kesse bile g\u00f6vdemiz dimdik ayakta duracakt\u0131r&#8221; dedi.<\/p>\n<p style=\"text-align: justify;\">Ba\u015fbakan Recep Tayyip Erdo\u011fan&#8217;\u0131n b\u00fct\u00e7e maratonunun son g\u00fcn\u00fcnde \u00f6zerklik ve iki dilli hayat gibi konularda ele\u015ftirdi\u011fi BDP&#8217;den ilk yan\u0131t geldi. <\/p>\n","protected":false},"author":1,"featured_media":0,"comment_status":"open","ping_status":"closed","sticky":false,"template":"","format":"standard","meta":{"footnotes":""},"categories":[105],"tags":[],"class_list":["post-27153","post","type-post","status-publish","format-standard","hentry","category-gundem","odd"],"_links":{"self":[{"href":"http:\/\/www.korhanyilmaz.com\/index.php?rest_route=\/wp\/v2\/posts\/27153","targetHints":{"allow":["GET"]}}],"collection":[{"href":"http:\/\/www.korhanyilmaz.com\/index.php?rest_route=\/wp\/v2\/posts"}],"about":[{"href":"http:\/\/www.korhanyilmaz.com\/index.php?rest_route=\/wp\/v2\/types\/post"}],"author":[{"embeddable":true,"href":"http:\/\/www.korhanyilmaz.com\/index.php?rest_route=\/wp\/v2\/users\/1"}],"replies":[{"embeddable":true,"href":"http:\/\/www.korhanyilmaz.com\/index.php?rest_route=%2Fwp%2Fv2%2Fcomments&post=27153"}],"version-history":[{"count":0,"href":"http:\/\/www.korhanyilmaz.com\/index.php?rest_route=\/wp\/v2\/posts\/27153\/revisions"}],"wp:attachment":[{"href":"http:\/\/www.korhanyilmaz.com\/index.php?rest_route=%2Fwp%2Fv2%2Fmedia&parent=27153"}],"wp:term":[{"taxonomy":"category","embeddable":true,"href":"http:\/\/www.korhanyilmaz.com\/index.php?rest_route=%2Fwp%2Fv2%2Fcategories&post=27153"},{"taxonomy":"post_tag","embeddable":true,"href":"http:\/\/www.korhanyilmaz.com\/index.php?rest_route=%2Fwp%2Fv2%2Ftags&post=27153"}],"curies":[{"name":"wp","href":"https:\/\/api.w.org\/{rel}","templated":true}]}}