{"id":27150,"date":"2010-12-27T11:40:07","date_gmt":"2010-12-27T09:40:07","guid":{"rendered":"http:\/\/www.korhanyilmaz.com\/?p=27150"},"modified":"2010-12-27T11:40:07","modified_gmt":"2010-12-27T09:40:07","slug":"diyanet-vakfinin-28-kadin-uyesi-istifa-etti","status":"publish","type":"post","link":"http:\/\/www.korhanyilmaz.com\/?p=27150","title":{"rendered":"Diyanet Vakf\u0131&#8217;n\u0131n 28 kad\u0131n \u00fcyesi istifa etti"},"content":{"rendered":"<p><a href=\"http:\/\/www.korhanyilmaz.com\/wp-content\/uploads\/2010\/12\/018.jpg\"  class=\"lightview\"><img loading=\"lazy\" decoding=\"async\" class=\"size-full wp-image-27151 aligncenter\" src=\"http:\/\/www.korhanyilmaz.com\/wp-content\/uploads\/2010\/12\/018.jpg\" alt=\"\" width=\"292\" height=\"224\" \/><\/a><\/p>\n<p style=\"text-align: justify;\">T\u00fcrkiye Diyanet Vakf\u0131 (TDV) Kad\u0131n  Faaliyetleri Merkezi M\u00fcd\u00fcrl\u00fc\u011f\u00fc Y\u00fcr\u00fctme Kurulu ve Komisyon \u00fcyesi 28 kad\u0131n  g\u00f6revlerinden istifa etti.<\/p>\n<p style=\"text-align: justify;\">Kad\u0131n Faaliyetleri Merkezi M\u00fcd\u00fcrl\u00fc\u011f\u00fc  Y\u00fcr\u00fctme Kurulu Ba\u015fkan Yard\u0131mc\u0131s\u0131 Vildan Karabulut, Kad\u0131n Faaliyetleri  Merkezi&#8217;nde bas\u0131n toplant\u0131s\u0131 d\u00fczenledi. <!--more--><\/p>\n<p style=\"text-align: justify;\">Karabulut toplant\u0131da T\u00fcrkiye Diyanet  Vakf\u0131 (TDV) Kad\u0131n Faaliyetleri Merkezi M\u00fcd\u00fcr\u00fc Y\u00f6netim Kurulu Ba\u015fkan\u0131  Ay\u015fe Sucu&#8217;nun 25 Aral\u0131k&#8217;ta g\u00f6revden al\u0131nd\u0131\u011f\u0131n\u0131 hat\u0131rlatarak, merkezde  \u00e7al\u0131\u015fmalar\u0131 bir ekip bilinci ile yapt\u0131klar\u0131na inand\u0131klar\u0131n\u0131,  liderleriyle birlikte hi\u00e7bir \u00e7\u0131kar beklemeden hatta zaman zaman maddi  manevi katk\u0131larda bulunan, g\u00f6n\u00fcll\u00fc \u00e7al\u0131\u015fan, kendisinin de aralar\u0131nda  bulundu\u011fu y\u00f6netim kurulu \u00fcyesi 28 ki\u015finin g\u00f6revlerinin bitti\u011fini  d\u00fc\u015f\u00fcnd\u00fcklerini ve TDV Kad\u0131n Faaliyetleri Merkezi M\u00fcd\u00fcrl\u00fc\u011f\u00fc&#8217;ne  istifalar\u0131n\u0131 sunduklar\u0131n\u0131 s\u00f6yledi.<\/p>\n<p style=\"text-align: justify;\"><a href=\"http:\/\/www.cnnturk.com\/2010\/turkiye\/12\/27\/diyanet.vakfinin.28.kadin.uyesi.istifa.etti\/600852.0\/index.html\" target=\"_blank\"><span style=\"color: #888888;\">CNN T\u00dcRK<\/span><\/a><\/p>\n","protected":false},"excerpt":{"rendered":"<\/p>\n<p style=\"text-align: justify;\">T\u00fcrkiye Diyanet Vakf\u0131 (TDV) Kad\u0131n Faaliyetleri Merkezi M\u00fcd\u00fcrl\u00fc\u011f\u00fc Y\u00fcr\u00fctme Kurulu ve Komisyon \u00fcyesi 28 kad\u0131n g\u00f6revlerinden istifa etti.<\/p>\n<p style=\"text-align: justify;\">Kad\u0131n Faaliyetleri Merkezi M\u00fcd\u00fcrl\u00fc\u011f\u00fc Y\u00fcr\u00fctme Kurulu Ba\u015fkan Yard\u0131mc\u0131s\u0131 Vildan Karabulut, Kad\u0131n Faaliyetleri Merkezi&#8217;nde bas\u0131n toplant\u0131s\u0131 d\u00fczenledi. <\/p>\n","protected":false},"author":1,"featured_media":0,"comment_status":"open","ping_status":"closed","sticky":false,"template":"","format":"standard","meta":{"footnotes":""},"categories":[105],"tags":[],"class_list":["post-27150","post","type-post","status-publish","format-standard","hentry","category-gundem","odd"],"_links":{"self":[{"href":"http:\/\/www.korhanyilmaz.com\/index.php?rest_route=\/wp\/v2\/posts\/27150","targetHints":{"allow":["GET"]}}],"collection":[{"href":"http:\/\/www.korhanyilmaz.com\/index.php?rest_route=\/wp\/v2\/posts"}],"about":[{"href":"http:\/\/www.korhanyilmaz.com\/index.php?rest_route=\/wp\/v2\/types\/post"}],"author":[{"embeddable":true,"href":"http:\/\/www.korhanyilmaz.com\/index.php?rest_route=\/wp\/v2\/users\/1"}],"replies":[{"embeddable":true,"href":"http:\/\/www.korhanyilmaz.com\/index.php?rest_route=%2Fwp%2Fv2%2Fcomments&post=27150"}],"version-history":[{"count":0,"href":"http:\/\/www.korhanyilmaz.com\/index.php?rest_route=\/wp\/v2\/posts\/27150\/revisions"}],"wp:attachment":[{"href":"http:\/\/www.korhanyilmaz.com\/index.php?rest_route=%2Fwp%2Fv2%2Fmedia&parent=27150"}],"wp:term":[{"taxonomy":"category","embeddable":true,"href":"http:\/\/www.korhanyilmaz.com\/index.php?rest_route=%2Fwp%2Fv2%2Fcategories&post=27150"},{"taxonomy":"post_tag","embeddable":true,"href":"http:\/\/www.korhanyilmaz.com\/index.php?rest_route=%2Fwp%2Fv2%2Ftags&post=27150"}],"curies":[{"name":"wp","href":"https:\/\/api.w.org\/{rel}","templated":true}]}}