{"id":27134,"date":"2010-12-20T08:17:07","date_gmt":"2010-12-20T06:17:07","guid":{"rendered":"http:\/\/www.korhanyilmaz.com\/?p=27134"},"modified":"2010-12-20T08:17:07","modified_gmt":"2010-12-20T06:17:07","slug":"komur-verdikleri-ailelerin-kizlarini-ayartiyorlardi","status":"publish","type":"post","link":"http:\/\/www.korhanyilmaz.com\/?p=27134","title":{"rendered":"K\u00f6m\u00fcr verdikleri ailelerin k\u0131zlar\u0131n\u0131 ayart\u0131yorlard\u0131&#8230;"},"content":{"rendered":"<p style=\"text-align: justify;\"><a href=\"http:\/\/www.korhanyilmaz.com\/wp-content\/uploads\/2010\/12\/013.jpg\"  class=\"lightview\"><img loading=\"lazy\" decoding=\"async\" class=\"aligncenter size-full wp-image-27135\" src=\"http:\/\/www.korhanyilmaz.com\/wp-content\/uploads\/2010\/12\/013.jpg\" alt=\"\" width=\"465\" height=\"225\" \/><\/a><\/p>\n<p style=\"text-align: justify;\">\u201cKayseri Belediyesinde ya\u015fand\u0131\u011f\u0131 iddia edilen yolsuzluk ge\u00e7ti\u011fimiz hafta \u00e7ok konu\u015fuldu. CHP Genel Ba\u015fkan\u0131 K\u0131l\u0131\u00e7daro\u011flu\u2019nun iddias\u0131na g\u00f6re belediye \u00e7al\u0131\u015fanlar\u0131ndan Hac\u0131 Ali Hamurcu, belediyenin g\u00f6rece\u011fi \u00e7e\u015fitli i\u015fler i\u00e7in makbuzla hara\u00e7 topluyor, kar\u015f\u0131l\u0131\u011f\u0131nda belediye m\u00fch\u00fcrl\u00fc makbuz veriyordu. Kayseri\u2019de belediye ba\u015fkan\u0131n\u0131n da i\u00e7inde oldu\u011fu bir \u00e7ete s\u00f6zkonusuydu. Su\u00e7 ortada olmakla beraber ge\u00e7en hafta ya\u015fad\u0131\u011f\u0131m\u0131z tart\u0131\u015fma faillerin kim oldu\u011fu \u00fczerineydi. AKP, Hamurcu\u2019nun kendi ba\u015f\u0131na bunu yapt\u0131\u011f\u0131n\u0131 iddia ederken; CHP,  polise verdi\u011fi ilk ifadeye dayanarak Hamurcu\u2019nun Kayseri Belediye Ba\u015fkan\u0131 \u00d6zhaseki\u2019nin ba\u015f\u0131nda oldu\u011fu bir \u00e7etenin faaliyeti olarak hara\u00e7 toplad\u0131\u011f\u0131n\u0131 iddia ediyordu. <!--more--><\/p>\n<p style=\"text-align: justify;\">Ge\u00e7ti\u011fimiz hafta CHP Lideri K\u0131l\u0131\u00e7daro\u011flu ve Kayseri Belediyesi kar\u015f\u0131l\u0131kl\u0131 olarak belgeler yay\u0131nlad\u0131lar. Ancak \u015fu ana kadar konuya ili\u015fkin \u00e7ok \u00f6nemli bir belge halen g\u00fcndeme gelmedi. O da Hamurcu\u2019nun ilk ifadesini verdi\u011fi s\u0131rada avukat\u0131 olan Yusuf Erikel\u2019in Kayseri Belediyesi\u2019nin \u015fikayetiyle \u0130stanbul Cumhuriyet Savc\u0131l\u0131\u011f\u0131 Adalet Bakanl\u0131\u011f\u0131 B\u00fcrosunda al\u0131nan ifadesi. Bu ifadede Yusuf Erikel, avukatl\u0131k b\u00fcrosundan konu \u00fczerine \u00e7\u0131kan t\u00fcm belgeleri ve bilgileri savc\u0131l\u0131kla payla\u015f\u0131rken, tan\u0131k oldu\u011fu inan\u0131lmaz iddialar\u0131 da g\u00fcndeme getiriyordu. Hac\u0131 Ali Hamurcu\u2019nun daha sonraki avukat\u0131n\u0131n Yusuf Erikel\u2019in karde\u015fi AKP\u2019li Yakup Erikel oldu\u011fu hat\u0131rlan\u0131rsa Yusuf Erikel\u2019in ifadesi ayr\u0131 \u00f6neme sahip g\u00f6r\u00fcn\u00fcyor.<\/p>\n<p style=\"text-align: justify;\"><strong>TEM\u0130NAT SENED\u0130 <\/strong><\/p>\n<p style=\"text-align: justify;\">Erikel\u2019in ifadesi 2010\/288 Esas say\u0131l\u0131 davan\u0131n 1. klas\u00f6r\u00fcn\u00fcn 72-76 sayfalar\u0131 aras\u0131nda bulunuyor. Yusuf Erikel verdi\u011fi ifadenin memleket menfaati a\u00e7\u0131s\u0131ndan gizli tutulmas\u0131n\u0131 Bakanl\u0131k g\u00f6revlilerinden istiyor.<\/p>\n<p style=\"text-align: justify;\">Yusuf Erikel, Hac\u0131 Ali Hamurcu ile Hamurcu\u2019nun elindeki senetin hukuki yollarla tahsilat\u0131 i\u00e7in tan\u0131\u015ft\u0131\u011f\u0131n\u0131 anlat\u0131yor. Hac\u0131 Ali Hamurcu\u2019nun elindeki senedi bilmeyen okuyucular i\u00e7in Hac\u0131 Ali Hamurcu\u2019nun 26 sayfal\u0131k ilk ifadesine dayanarak anlatal\u0131m.<\/p>\n<p style=\"text-align: justify;\">Hac\u0131 Ali Hamurcu, ifadesinde birg\u00fcn Kayseri Belediyesi Genel Sekreteri Mustafa Yal\u00e7\u0131n\u2019\u0131n odas\u0131na \u00e7a\u011fr\u0131ld\u0131\u011f\u0131n\u0131 anlat\u0131yor. Odada Yal\u00e7\u0131n\u2019\u0131n yan\u0131 s\u0131ra 7 ki\u015fi daha bulunuyor. Yal\u00e7\u0131n, Hamurcu\u2019dan kendi g\u00f6sterdikleri ki\u015filerden, kendi s\u00f6yledikleri miktar kadar tahsilat yap\u0131lmas\u0131 i\u015fini \u00fcstlenmesini \u00f6neriyor. \u0130\u015f ba\u015f\u0131na ise 750 TL ile 2000 TL aras\u0131nda para \u00f6neriyor. Hamurcu ihtiyatl\u0131 yakla\u015farak, ya para al\u0131nd\u0131\u011f\u0131 halde i\u015f yap\u0131lmazsa sorusunu soruyor. Yal\u00e7\u0131n kendisine bu durum i\u00e7in teminat senedi verebileceklerini s\u00f6yl\u00fcyor. Daha sonra ya\u015fanan geli\u015fmeler ile beraber 10 trilyonluk senet (bug\u00fcn\u00fcn 10 milyon TL\u2019si) Hamurcu\u2019ya veriliyor. Senedin alt\u0131nda Belediye\u2019nin m\u00fchr\u00fc ve Belediye Ba\u015fkan\u0131 \u00d6zhaseki\u2019nin imzas\u0131 bulunuyor. Hamurcu ile \u00d6zhaseki\u2019nin aras\u0131n\u0131n bozulmas\u0131 \u00fczerine Hamurcu, senedi tahsil yoluna gidiyor. Yusuf Erikel\u2019i avukat olarak tayin etmesi bu \u015fekilde oluyor.  Nitekim Erikel, Hamurcu\u2019nun avukat\u0131 olarak gerekli tutana\u011f\u0131 tutuyor. Hamurcu\u2019nun savc\u0131l\u0131\u011fa verdi\u011fi ifadedeki iddialar\u0131 b\u00f6yle.<\/p>\n<p style=\"text-align: justify;\"><strong>ER\u0130KEL \u0130LE HAMURCU TUTARLI <\/strong><\/p>\n<p style=\"text-align: justify;\">Erikel, Hamurcu\u2019nun kendisine anlatt\u0131klar\u0131n\u0131 Bakanl\u0131k g\u00f6revlisine anlat\u0131yor. Erikel\u2019in ifadesine g\u00f6re Hamurcu, belediye ad\u0131na, belediye makbuzlar\u0131yla hi\u00e7bir zaman belediye hesaplar\u0131na girmeyen r\u00fc\u015fvetleri topluyor. Bunun kar\u015f\u0131l\u0131\u011f\u0131nda da komisyon al\u0131yor. Kendisine ise olumsuz bir durumda g\u00fcvence olu\u015fturmas\u0131 i\u00e7in 10 milyon TL\u2019lik senet veriliyor. K\u0131sacas\u0131 Hamurcu\u2019nun ifadesiyle Erikel\u2019in ifadesi birbirini tutuyor.<\/p>\n<p style=\"text-align: justify;\">Yusuf Erikel ise ifadesinde senet ile ilgili olarak \u00f6nce alt\u0131nda imzas\u0131 bulunan Belediye Ba\u015fkan\u0131 \u00d6zhaseki ile s\u00f6zl\u00fc olarak g\u00f6r\u00fc\u015ft\u00fc\u011f\u00fcn\u00fc anlat\u0131yor. Avukatl\u0131k mesle\u011fi \u00e7er\u00e7evesinde bunun normal oldu\u011funu belirtiyor. Bu t\u00fcr davalarda sulh yolunun en uygun \u00e7\u00f6z\u00fcm oldu\u011funu s\u00f6yleyen Erikel, Hamurcu\u2019nun davas\u0131n\u0131n senet meselesinin d\u0131\u015f\u0131na \u00e7\u0131kmas\u0131 \u00fczerine senedin icra takibini ger\u00e7ekle\u015ftirmedi\u011fini ifade ediyor.<\/p>\n<p style=\"text-align: justify;\">Erikel ifadesinde, Hamurcu\u2019nun r\u00fc\u015fvet organizasyonu i\u00e7erisinde bulundu\u011fu isimlerin bir listesini de veriyor. Bunun d\u0131\u015f\u0131nda Erikel\u2019in ifadesinin eklerinde toplanan paralar\u0131n makbuzlar\u0131 da bulunuyor.<\/p>\n<p style=\"text-align: justify;\"><strong>\u0130NANILMAZ \u0130DD\u0130A <\/strong><\/p>\n<p style=\"text-align: justify;\">Erikel ifadesinde Hamurcu\u2019nun a\u011fz\u0131ndan Kayseri\u2019de ya\u015fand\u0131\u011f\u0131n\u0131 iddia etti\u011fi inan\u0131lmaz bir olay\u0131 aktar\u0131yor. Erikel\u2019in ifadesinden dilimizin varmad\u0131\u011f\u0131 o iddiay\u0131 noktas\u0131na dokunmadan aktar\u0131yoruz:<\/p>\n<p style=\"text-align: justify;\">\u201cDedim ki bu i\u015f neden bu kavga noktas\u0131na geldi., neden g\u00fczel g\u00fczel \u00e7al\u0131p oynarken adeta bu senedi icraya vermeye karar verdin vs vs..<\/p>\n<p style=\"text-align: justify;\">Bana dedi ki: \u2018Yusuf Bey, bu Belediye Kayseri&#8217;deki fakir ailelere k\u00f6m\u00fcr g\u0131da yard\u0131m\u0131 yapar. Yine fakir ailelerin elektrik su borcunu \u00f6der yard\u0131m eder. Bu konuda \u00f6zel komisyonlar\u0131 ekipleri vard\u0131r..<\/p>\n<p style=\"text-align: justify;\">Bu ekipler bu arada yard\u0131m etti\u011fi ailelerin k\u0131zlar\u0131 veya kar\u0131landan g\u00fczel olanlar oldu\u011funda bunlar\u0131 belediyenin ba\u015fkan ve ekibine haber verirmi\u015f&#8230; Bu bayanlar yard\u0131m bahanesiyle daha markaja al\u0131n\u0131r ve gerekirse k\u0131sa s\u00fcreli i\u015fe al\u0131n\u0131r kurumlarda ve bu arada bu bayanlar Belediye Ba\u015fkan ve ekibi taraf\u0131ndan ayart\u0131l\u0131r ve kullan\u0131l\u0131r..<\/p>\n<p style=\"text-align: justify;\">Ben hayretle &#8220;olamaz&#8221; dedim&#8230;<\/p>\n<p style=\"text-align: justify;\">Ama olamaz de\u011fil oluyor ve olmakta dedi. Anlatt\u0131 da anlatt\u0131\u2026 Ve 1 de\u011fil 10 de\u011fil y\u00fczlerce aile dedi, k\u0131z kad\u0131n dedi..<\/p>\n<p style=\"text-align: justify;\">Ben de sonra dedim..<\/p>\n<p style=\"text-align: justify;\">Dedi ki Kayseri\u2019de filan mahallede bir sakat kad\u0131n vard\u0131. O kad\u0131n\u0131n 2 g\u00fczel k\u0131z\u0131 vard\u0131. Benden o k\u0131zlar\u0131 getirmemi istediler bu y\u00f6neticiler. Ben de mecburen emre uydum evlerinden ald\u0131m 2 k\u0131z karde\u015fi getirdim ne var ki otelde bana sen bekle a\u015fa\u011f\u0131da deyip &#8230;&#8230; ki\u015fi ve ki\u015filer 2 k\u0131z karde\u015fi al\u0131p odaya \u00e7\u0131karken ben de onlara \u2018 2 k\u0131z karde\u015fi ayn\u0131 anda yapmak ay\u0131pt\u0131r bu ne namussuzluk dedim\u2019 ve tart\u0131\u015ft\u0131k. Art\u0131k bu i\u015fi yapmayaca\u011f\u0131m\u0131 s\u00f6yledim. Bana o zaman senin defterini d\u00fcreriz dediler ve i\u015f tehditlere vs gidince ben de bu daha \u00f6nce ald\u0131\u011f\u0131m kendilerine verdi\u011fim paradan alaca\u011f\u0131m olan miktara ait senedi i\u015fleme koymak ve bu pislikleri a\u00e7\u0131klamak i\u00e7in bir avukat arad\u0131m ve Yozgatl\u0131 hem\u015ferim oldu\u011fun i\u00e7in ve d\u00fcr\u00fcst oldu\u011fun i\u00e7in sana geldim dedi&#8230;\u201d<\/p>\n<p style=\"text-align: justify;\">Erikel\u2019in ifadesinden aktard\u0131\u011f\u0131m\u0131z ve Ali Hamurcu ile Kayseri Belediyesi Y\u00f6netimi\u2019nin aras\u0131ndaki ipleri kopma noktas\u0131na getiren olay avukat Yusuf Erikel\u2019in a\u011fz\u0131ndan bu \u015fekilde anlat\u0131l\u0131yor.<\/p>\n<p style=\"text-align: justify;\"><strong>ABDULLAH G\u00dcL\u2019E HABER VERD\u0130M <\/strong><\/p>\n<p style=\"text-align: justify;\">Erikel\u2019in anlat\u0131mlar\u0131 bunlarla s\u0131n\u0131rl\u0131 de\u011fil. Erikel, durumu o g\u00fcnlerde Cumhurba\u015fkan\u0131 Abdullah G\u00fcl\u2019e iletti\u011fini Adalet Bakanl\u0131\u011f\u0131\u2019na verdi\u011fi ifade de s\u00f6yledi. Zira Erikel\u2019in ifadesine g\u00f6re r\u00fc\u015fvet iddialar\u0131n\u0131n i\u00e7inde ge\u00e7ti\u011fimiz g\u00fcnlerde Belediye Ba\u015fkan\u0131 \u00d6zhaseki\u2019ye kefil oldu\u011funu s\u00f6yleyerek taraf olan Cumhurba\u015fkan\u0131 Abdullah G\u00fcl\u2019\u00fcn karde\u015finin ad\u0131 da ge\u00e7iyordu. Erikel\u2019in ifadesinde ilgili b\u00f6l\u00fcm \u015f\u00f6yle: \u201cKald\u0131 ki ben durumu Say\u0131n Abdullah G\u00fcl Bey o zaman D\u0131\u015fi\u015fleri Bakan\u0131yd\u0131 ve Cumhurba\u015fkanl\u0131\u011f\u0131 se\u00e7imi vard\u0131. Kendisine Kayseri&#8217;ye faks \u00e7ektim, t\u00fcm ilgililere ilettim, zira bu alacakl\u0131 r\u00fc\u015fvet \u00e7ark\u0131n\u0131n i\u00e7inde say\u0131n Abdullah G\u00fcl\u2019&#8217;\u00fcn karde\u015finden de bahsetmekteydi..<\/p>\n<p style=\"text-align: justify;\">Kayseri&#8217;ye gittim emniyette g\u00f6rev yapan polis ve amirlerden baz\u0131lar\u0131yla konu\u015ftum. Bana bu olaylar bizce de duyuluyor ama ispat edilebilir mi dediler ve hatta tamam bizde biliyoruz, duyuyoruz ama bizde ispat edemeyiz, dediler. Ben gidelim ailelerle konu\u015fal\u0131m vs dedim.\u201d<\/p>\n<p style=\"text-align: justify;\">\u0130\u015fte Yusuf Erikel\u2019in \u015fok edici iddialar bulunan ifadesi bu \u015fekilde.<\/p>\n<p style=\"text-align: justify;\">Nihayetinde ortada Kayseri Belediyesi Hac\u0131 Ali Hamurcu\u2019nun toplad\u0131\u011f\u0131 sabit olan paralar, alt\u0131nda belediye m\u00fchr\u00fcn\u00fcn oldu\u011fu makbuzlar, ger\u00e7ek olup olmad\u0131\u011f\u0131na ancak adaletin karar verebilece\u011fi ve Kayseri Belediye Ba\u015fkan\u0131\u2019n\u0131n m\u00fchr\u00fcn\u00fc ta\u015f\u0131yan bir senet, daha sonra Yusuf Erikel\u2019in yerine avukatl\u0131\u011f\u0131 \u00fcstlenen AKP\u2019li Yakup Erikel\u2019in davay\u0131 kapatmak i\u00e7in \u00f6dedi\u011fi paralar var. \u00dcstelik hem Hac\u0131 Ali Hamurcu\u2019nun hem ilk avukat\u0131 Yusuf Erikel\u2019in hem de Hamurcu\u2019nun babas\u0131 Fahrettin Hamurcu\u2019nun birbiriyle tutarl\u0131 ifadeleri var.  \u00dcstelik Kayseri Vali Vekili \u0130brahim Yurdakul taraf\u0131ndan \u0130\u00e7i\u015fleri Bakanl\u0131\u011f\u0131\u2019na g\u00f6nderilen ve durumun vehametini anlatan rapor var.<\/p>\n<p style=\"text-align: justify;\">Bakal\u0131m iddialar kamuoyunun vicdan\u0131n\u0131 rahatlatacak \u015fekilde soru\u015fturulacak m\u0131?<\/p>\n<p style=\"text-align: justify;\"><span style=\"background-color: #ffff99; color: #000000;\">O ifadenin belgeleri i\u00e7in t\u0131klay\u0131n\u0131z :<\/span><\/p>\n<p style=\"text-align: justify;\"><span style=\"background-color: #ffff99;\"><strong><a href=\"http:\/\/www.odatv.com\/images\/klasr_1_sayfa_75%281%29.jpg\" target=\"_blank\">BELGE 1 <\/a> <a href=\"http:\/\/www.odatv.com\/images\/klasr_1_sayfa_74%281%29.jpg\" target=\"_blank\">BELGE 2<\/a> <a href=\"http:\/\/www.odatv.com\/images\/klasr_1_sayfa_73%281%29.jpg\" target=\"_blank\">BELGE 3<\/a> <\/strong><strong> <\/strong><strong> <\/strong><strong><a href=\"http:\/\/www.odatv.com\/images\/klasr_1_sayfa_72%281%29.jpg\" target=\"_blank\">BELGE 4<\/a> <a href=\"http:\/\/www.odatv.com\/images\/klasr_1_sayfa_71%281%29.jpg\" target=\"_blank\">BELGE 5<\/a> <a href=\"http:\/\/www.odatv.com\/images\/klasr_1_sayfa_71%281%29.jpg\" target=\"_blank\">BELGE 6<\/a><\/strong><\/span><\/p>\n<p style=\"text-align: justify;\"><span style=\"color: #888888;\">Kaynak : Bar\u0131\u015f Terko\u011flu &#8211; <a href=\"http:\/\/www.odatv.com\/n.php?n=-komur-verdikleri-ailelerinin-kizlarini-ayartiyorlardi-2012101200\" target=\"_blank\">Odatv.com<\/a><\/span><\/p>\n<p style=\"text-align: justify;\"><span style=\"color: #888888;\"><br \/>\n<\/span><\/p>\n","protected":false},"excerpt":{"rendered":"<p style=\"text-align: justify;\">\n<p style=\"text-align: justify;\">\u201cKayseri Belediyesinde ya\u015fand\u0131\u011f\u0131 iddia edilen yolsuzluk ge\u00e7ti\u011fimiz hafta \u00e7ok konu\u015fuldu. CHP Genel Ba\u015fkan\u0131 K\u0131l\u0131\u00e7daro\u011flu\u2019nun iddias\u0131na g\u00f6re belediye \u00e7al\u0131\u015fanlar\u0131ndan Hac\u0131 Ali Hamurcu, belediyenin g\u00f6rece\u011fi \u00e7e\u015fitli i\u015fler i\u00e7in makbuzla hara\u00e7 topluyor, kar\u015f\u0131l\u0131\u011f\u0131nda belediye m\u00fch\u00fcrl\u00fc makbuz veriyordu. Kayseri\u2019de belediye ba\u015fkan\u0131n\u0131n da i\u00e7inde oldu\u011fu bir \u00e7ete s\u00f6zkonusuydu. Su\u00e7 ortada olmakla beraber ge\u00e7en hafta ya\u015fad\u0131\u011f\u0131m\u0131z <\/p>\n","protected":false},"author":1,"featured_media":0,"comment_status":"open","ping_status":"closed","sticky":false,"template":"","format":"standard","meta":{"footnotes":""},"categories":[105],"tags":[],"class_list":["post-27134","post","type-post","status-publish","format-standard","hentry","category-gundem","odd"],"_links":{"self":[{"href":"http:\/\/www.korhanyilmaz.com\/index.php?rest_route=\/wp\/v2\/posts\/27134","targetHints":{"allow":["GET"]}}],"collection":[{"href":"http:\/\/www.korhanyilmaz.com\/index.php?rest_route=\/wp\/v2\/posts"}],"about":[{"href":"http:\/\/www.korhanyilmaz.com\/index.php?rest_route=\/wp\/v2\/types\/post"}],"author":[{"embeddable":true,"href":"http:\/\/www.korhanyilmaz.com\/index.php?rest_route=\/wp\/v2\/users\/1"}],"replies":[{"embeddable":true,"href":"http:\/\/www.korhanyilmaz.com\/index.php?rest_route=%2Fwp%2Fv2%2Fcomments&post=27134"}],"version-history":[{"count":0,"href":"http:\/\/www.korhanyilmaz.com\/index.php?rest_route=\/wp\/v2\/posts\/27134\/revisions"}],"wp:attachment":[{"href":"http:\/\/www.korhanyilmaz.com\/index.php?rest_route=%2Fwp%2Fv2%2Fmedia&parent=27134"}],"wp:term":[{"taxonomy":"category","embeddable":true,"href":"http:\/\/www.korhanyilmaz.com\/index.php?rest_route=%2Fwp%2Fv2%2Fcategories&post=27134"},{"taxonomy":"post_tag","embeddable":true,"href":"http:\/\/www.korhanyilmaz.com\/index.php?rest_route=%2Fwp%2Fv2%2Ftags&post=27134"}],"curies":[{"name":"wp","href":"https:\/\/api.w.org\/{rel}","templated":true}]}}