{"id":27119,"date":"2010-12-26T19:40:39","date_gmt":"2010-12-26T17:40:39","guid":{"rendered":"http:\/\/www.korhanyilmaz.com\/?p=27119"},"modified":"2010-12-26T19:40:39","modified_gmt":"2010-12-26T17:40:39","slug":"hidir-benzetmesine-kilicdaroglunun-cevabi","status":"publish","type":"post","link":"http:\/\/www.korhanyilmaz.com\/?p=27119","title":{"rendered":"&#8220;H\u0131d\u0131r&#8221; benzetmesine K\u0131l\u0131\u00e7daro\u011flu&#8217;nun cevab\u0131&#8230;"},"content":{"rendered":"<p style=\"text-align: justify;\"><a href=\"http:\/\/www.korhanyilmaz.com\/wp-content\/uploads\/2010\/12\/010.jpg\"  class=\"lightview\"><img loading=\"lazy\" decoding=\"async\" class=\"aligncenter size-full wp-image-27120\" src=\"http:\/\/www.korhanyilmaz.com\/wp-content\/uploads\/2010\/12\/010.jpg\" alt=\"\" width=\"292\" height=\"224\" \/><\/a><\/p>\n<p style=\"text-align: justify;\">B\u00fct\u00e7e g\u00f6r\u00fc\u015fmelerinin ard\u0131ndan Ba\u015fbakan Recep Tayyip Erdo\u011fan k\u00fcrs\u00fcye \u00e7\u0131kt\u0131\u011f\u0131nda CHP&#8217;yi sert bir dille ele\u015ftirdi. CHP lideri Kemal K\u0131l\u0131\u00e7daro\u011flu ise su\u00e7lamalara cevap vermek i\u00e7in s\u00f6z hakk\u0131 istemedi. Ancak K\u0131l\u0131\u00e7daro\u011flu, bas\u0131na k\u0131sa da olsa baz\u0131 a\u00e7\u0131klamalarda bulundu. \u0130\u015fte Erdo\u011fan&#8217;\u0131n ele\u015ftirileri ve K\u0131l\u0131\u00e7daro\u011flu&#8217;nun yan\u0131tlar\u0131&#8230; <!--more--><\/p>\n<p style=\"text-align: justify;\">Ba\u015fbakan Recep Tayyip Erdo\u011fan, b\u00fct\u00e7e g\u00f6r\u00fc\u015fmelerinin ard\u0131ndan yapt\u0131\u011f\u0131 konu\u015fmada CHP Genel Ba\u015fkan\u0131 Kemal K\u0131l\u0131\u00e7daro\u011flu&#8217;nun, &#8221;Nereye gitse, kiminle g\u00f6r\u00fc\u015fse, kime hitap etse, nabza g\u00f6re \u015ferbet verdi\u011fini, Kafda\u011f\u0131&#8217;n\u0131n arkas\u0131ndakileri de vaat eti\u011fini&#8221; ifade ederek, &#8221;Say\u0131n Genel Ba\u015fkan&#8217;\u0131n ad\u0131 o zaman H\u0131d\u0131r m\u0131yd\u0131? &#8216;Benim ad\u0131m H\u0131d\u0131r, elimden gelen budur&#8217;; b\u00f6yle mi diyece\u011fiz? Bir siyasi lidere, her \u015feyden \u00f6nce ciddiyet yak\u0131\u015f\u0131r, laubalilik de\u011fil&#8221; diye konu\u015fmu\u015ftu.<\/p>\n<p style=\"text-align: justify;\">CHP lideri Kemal K\u0131l\u0131\u00e7daro\u011flu, g\u00f6r\u00fc\u015fmelerden gazetecilerin kendisine y\u00f6neltti\u011fi &#8221;Ba\u015fbakan&#8217;\u0131n size y\u00f6nelik konu\u015fmas\u0131n\u0131 nas\u0131l de\u011ferlendiriyorsunuz?&#8221; sorusuna da &#8221;Ben H\u0131d\u0131r olmaktan da Kemal olmaktan da onur duyar\u0131m. Ge\u00e7mi\u015fte de demi\u015fti, &#8216;Memur Kemal Efendi&#8217; diye. Efendi adam\u0131z ne olacak? Biz hi\u00e7bir zaman bir ba\u015fka ki\u015finin ismini almaktan da \u00fcz\u00fclmedik. Beni ele\u015ftirmek i\u00e7in Ba\u015fbakan \u00e7ok zorlan\u0131yor tabii. Ne s\u00f6yleyecek?&#8221; diye konu\u015ftu.<\/p>\n<p style=\"text-align: justify;\">K\u0131l\u0131\u00e7daro\u011flu, gazetecilerin &#8221;Neden sata\u015fma nedeniyle s\u00f6z hakk\u0131n\u0131z\u0131 kullanmad\u0131n\u0131z?&#8221; sorusuna da &#8221;Hay\u0131r, H\u0131d\u0131r ismini bana verirse mutlu olurum. Onu bir sata\u015fma olarak g\u00f6rmedim. Sata\u015fma olarak g\u00f6rseydim, b\u00fct\u00fcn H\u0131d\u0131rlara haks\u0131zl\u0131k yapm\u0131\u015f olacakt\u0131m&#8221; dedi.<\/p>\n<p style=\"text-align: justify;\">Erdo\u011fan TBMM&#8217;deki konu\u015fmas\u0131nda, CHP&#8217;nin h\u00fck\u00fcmet orta\u011f\u0131 oldu\u011fu her d\u00f6nemin, kuyruklar\u0131n, karnelerin, k\u0131s\u0131tlamalar\u0131n, zamlar\u0131n rekora ko\u015ftu\u011fu d\u00f6nem oldu\u011funu savunarak, &#8221;Hesaps\u0131z, kitaps\u0131z, pop\u00fclizmle, bol keseden vaat ederek iktidar orta\u011f\u0131 olan CHP&#8217;nin, her seferinde \u00fclkeyi u\u00e7urumun kenar\u0131na getirdi\u011fini, telafisi zor faturalar\u0131 bu millete \u00f6detti\u011fini&#8221; s\u00f6yleyip \u00f6zellikle 1974 y\u0131l\u0131ndan itibaren CHP&#8217;nin h\u00fck\u00fcmette oldu\u011fu d\u00f6nemlerdeki gazete haberlerinden \u00f6rnekler vermi\u015fti.<\/p>\n<p style=\"text-align: justify;\">CHP Genel Ba\u015fkan\u0131 Kemal K\u0131l\u0131\u00e7daro\u011flu Ba\u015fbakan&#8217;\u0131n bu s\u00f6zlerini, &#8221;CHP&#8217;yi ele\u015ftirmek i\u00e7in 1974&#8217;lere gitmesi, Ba\u015fbakan&#8217;\u0131n CHP&#8217;yi ele\u015ftirmekte ne kadar zorland\u0131\u011f\u0131n\u0131 g\u00f6sterir&#8221; diyerek yan\u0131tlad\u0131.<\/p>\n<p style=\"text-align: justify;\">B\u00fct\u00e7e g\u00f6r\u00fc\u015fmelerinin sona ermesinin ard\u0131ndan gazetecilerin sorular\u0131n\u0131 yan\u0131tlayan K\u0131l\u0131\u00e7daro\u011flu, Ba\u015fbakan Erdo\u011fan&#8217;\u0131n b\u00fct\u00e7e \u00fczerindeki konu\u015fmas\u0131n\u0131 y\u00fczeysel buldu\u011funu s\u00f6yledi.<\/p>\n<p style=\"text-align: justify;\">Erdo\u011fan&#8217;\u0131n CHP&#8217;ye y\u00f6nelik konu\u015fmas\u0131ndan sat\u0131r ba\u015flar\u0131&#8230;<\/p>\n<p style=\"text-align: justify;\">Erdo\u011fan, TBMM Genel Kurulunda, 2011 y\u0131l\u0131 b\u00fct\u00e7e tasar\u0131s\u0131 \u00fczerinde h\u00fck\u00fcmet  ad\u0131na yapt\u0131\u011f\u0131 konu\u015fmas\u0131n\u0131n son b\u00f6l\u00fcm\u00fcnde CHP&#8217;ye y\u00f6nelik ele\u015ftirilerde bulundu.<\/p>\n<p style=\"text-align: justify;\">&#8221;Anamuhalefet partisi genel ba\u015fkan\u0131, nereye gitse, kiminle g\u00f6r\u00fc\u015fse, kime hitap etse, nabza g\u00f6re \u015ferbet veriyor, Kafda\u011f\u0131&#8217;n\u0131n arkas\u0131ndakileri de vaat ediyor&#8221; diyen Erdo\u011fan, \u015f\u00f6yle konu\u015ftu:<\/p>\n<p style=\"text-align: justify;\">&#8221;CHP Genel Ba\u015fkan\u0131&#8217;n\u0131n, sadece kurultayda dile getirdi\u011fi baz\u0131 vaatlerinin en m\u00fctevaz\u0131 hesapla maliyeti, on katrilyonlarca liray\u0131 buluyor. Umut simsarl\u0131\u011f\u0131 karl\u0131d\u0131r. Ama hayal k\u0131r\u0131kl\u0131\u011f\u0131n\u0131n faturas\u0131 da o derece a\u011f\u0131rd\u0131r. Umut tefecili\u011fi yapanlar, sadece kendileri kaybetmezler, millete de kaybettirirler. Milletimiz bug\u00fcne kadar ne \u00e7ektiyse, hesab\u0131n\u0131 kitab\u0131n\u0131 bilmeyen, ne konu\u015ftu\u011funu bilmeyen, umut simsarl\u0131\u011f\u0131 yapanlardan \u00e7ekti. B\u00f6yle bol keseden da\u011f\u0131tanlar, ka\u015f\u0131kla verenler, \u00e7ok k\u0131sa s\u00fcre zarf\u0131nda kep\u00e7eyle b\u00fct\u00fcn kazan\u0131mlar\u0131 geri ald\u0131lar. T\u0131pk\u0131 1990&#8217;l\u0131 y\u0131llarda, t\u0131pk\u0131 2001 krizinde oldu\u011fu gibi, enflasyon an\u0131nda f\u0131rlar, yeniden y\u00fczde 60&#8217;lar, 70&#8217;ler seviyesine \u00e7\u0131kar. Faizler an\u0131nda y\u00fckselir, y\u00fczde 7 bin 500&#8217;lere \u00e7\u0131kar. T\u00fcrkiye yeniden bor\u00e7-faiz sarmal\u0131na girer, yat\u0131r\u0131m, \u00fcretim, ihracat geriler, vergiler, faiz giderlerini dahi kar\u015f\u0131layamaz hale gelir. T\u00fcrkiye bunu ge\u00e7mi\u015fte maalesef \u00e7ok ya\u015fad\u0131. T\u00fcrkiye bunu CHP&#8217;nin koalisyon orta\u011f\u0131 oldu\u011fu d\u00f6nemlerde defalarca ve en a\u011f\u0131r \u015fekilde \u00f6dedi. \u015eimdi, CHP \u00e7ok uzun s\u00fcredir iktidara gelemedi\u011fi, iktidar orta\u011f\u0131 dahi olamad\u0131\u011f\u0131 i\u00e7in, CHP&#8217;li h\u00fck\u00fcmetlerin ne anlama geldi\u011fini vatanda\u015f\u0131m unutmu\u015f vaziyette. \u00d6zellikle 40 ya\u015f alt\u0131 vatanda\u015flar\u0131m, CHP&#8217;li h\u00fck\u00fcmetler d\u00f6nemini bilmiyor, bilmiyor olmalar\u0131 da gayet tabiidir.&#8221;<\/p>\n<p style=\"text-align: justify;\">Erdo\u011fan, Hazine ne zaman belini do\u011frultsa, hemen ard\u0131ndan CHP&#8217;nin koalisyon orta\u011f\u0131 oldu\u011fu iktidarlarca bo\u015falt\u0131ld\u0131\u011f\u0131n\u0131 belirterek, Adnan Menderes&#8217;in b\u00fcy\u00fctt\u00fc\u011f\u00fc ekonominin, ard\u0131ndan gelen CHP taraf\u0131ndan k\u00fc\u00e7\u00fclt\u00fcld\u00fc\u011f\u00fcn\u00fc, kasalar\u0131n bo\u015falt\u0131ld\u0131\u011f\u0131n\u0131 s\u00f6yledi.<\/p>\n<p style=\"text-align: justify;\">Turgut \u00d6zal taraf\u0131ndan ekonomide dengenin kuruldu\u011funu, ard\u0131ndan CHP&#8217;nin koalisyon orta\u011f\u0131 oldu\u011fu d\u00f6nemlerde o dengelerin tamam\u0131n\u0131n bozuldu\u011funu belirten Erdo\u011fan, CHP&#8217;nin h\u00fck\u00fcmet orta\u011f\u0131 oldu\u011fu her d\u00f6nemin, y\u00fcksek enflasyonla, y\u00fcksek faizle, ekonomik krizle vatanda\u015f\u0131n en b\u00fcy\u00fck bedelleri \u00f6dedi\u011fi d\u00f6nem oldu\u011funu ifade etti.<\/p>\n<p style=\"text-align: justify;\">Ba\u015fbakan Erdo\u011fan, T\u00fcrkiye&#8217;nin CHP d\u00f6nemlerinde 70 cente muhta\u00e7 hale getirildi\u011fini, b\u00fct\u00fcn CHP h\u00fck\u00fcmetlerinin klasi\u011finin bu oldu\u011funu belirtti.<\/p>\n<p style=\"text-align: justify;\">CHP&#8217;nin iktidar oldu\u011fu 1994&#8217;de, dolar\u0131n 19 bin liradan 38 bin liraya \u00e7\u0131kt\u0131\u011f\u0131n\u0131, enflasyonun \u00fc\u00e7 haneli oranlarla tan\u0131\u015ft\u0131\u011f\u0131n\u0131, y\u00fczde 400 faizli bor\u00e7lanma ka\u011f\u0131tlar\u0131n\u0131n piyasaya s\u00fcr\u00fcld\u00fc\u011f\u00fcn\u00fc ifade eden Erdo\u011fan, uluslararas\u0131 rezervlerin 3 milyar dolara d\u00fc\u015ft\u00fc\u011f\u00fcn\u00fc, bug\u00fcn ise alt\u0131n hari\u00e7 80 milyar dolar oldu\u011funu kaydetti.<\/p>\n<p style=\"text-align: justify;\"><a href=\"http:\/\/www.cnnturk.com\/2010\/turkiye\/12\/26\/hidir.benzetmesine.kilicdaroglunun.cevabi\/600800.0\/index.html\" target=\"_blank\"><span style=\"color: #888888;\">CNN T\u00dcRK<\/span><\/a><\/p>\n","protected":false},"excerpt":{"rendered":"<p style=\"text-align: justify;\">\n<p style=\"text-align: justify;\">B\u00fct\u00e7e g\u00f6r\u00fc\u015fmelerinin ard\u0131ndan Ba\u015fbakan Recep Tayyip Erdo\u011fan k\u00fcrs\u00fcye \u00e7\u0131kt\u0131\u011f\u0131nda CHP&#8217;yi sert bir dille ele\u015ftirdi. CHP lideri Kemal K\u0131l\u0131\u00e7daro\u011flu ise su\u00e7lamalara cevap vermek i\u00e7in s\u00f6z hakk\u0131 istemedi. Ancak K\u0131l\u0131\u00e7daro\u011flu, bas\u0131na k\u0131sa da olsa baz\u0131 a\u00e7\u0131klamalarda bulundu. \u0130\u015fte Erdo\u011fan&#8217;\u0131n ele\u015ftirileri ve K\u0131l\u0131\u00e7daro\u011flu&#8217;nun yan\u0131tlar\u0131&#8230; <\/p>\n","protected":false},"author":1,"featured_media":0,"comment_status":"open","ping_status":"closed","sticky":false,"template":"","format":"standard","meta":{"footnotes":""},"categories":[105],"tags":[],"class_list":["post-27119","post","type-post","status-publish","format-standard","hentry","category-gundem","odd"],"_links":{"self":[{"href":"http:\/\/www.korhanyilmaz.com\/index.php?rest_route=\/wp\/v2\/posts\/27119","targetHints":{"allow":["GET"]}}],"collection":[{"href":"http:\/\/www.korhanyilmaz.com\/index.php?rest_route=\/wp\/v2\/posts"}],"about":[{"href":"http:\/\/www.korhanyilmaz.com\/index.php?rest_route=\/wp\/v2\/types\/post"}],"author":[{"embeddable":true,"href":"http:\/\/www.korhanyilmaz.com\/index.php?rest_route=\/wp\/v2\/users\/1"}],"replies":[{"embeddable":true,"href":"http:\/\/www.korhanyilmaz.com\/index.php?rest_route=%2Fwp%2Fv2%2Fcomments&post=27119"}],"version-history":[{"count":0,"href":"http:\/\/www.korhanyilmaz.com\/index.php?rest_route=\/wp\/v2\/posts\/27119\/revisions"}],"wp:attachment":[{"href":"http:\/\/www.korhanyilmaz.com\/index.php?rest_route=%2Fwp%2Fv2%2Fmedia&parent=27119"}],"wp:term":[{"taxonomy":"category","embeddable":true,"href":"http:\/\/www.korhanyilmaz.com\/index.php?rest_route=%2Fwp%2Fv2%2Fcategories&post=27119"},{"taxonomy":"post_tag","embeddable":true,"href":"http:\/\/www.korhanyilmaz.com\/index.php?rest_route=%2Fwp%2Fv2%2Ftags&post=27119"}],"curies":[{"name":"wp","href":"https:\/\/api.w.org\/{rel}","templated":true}]}}