{"id":27114,"date":"2010-12-26T15:44:53","date_gmt":"2010-12-26T13:44:53","guid":{"rendered":"http:\/\/www.korhanyilmaz.com\/?p=27114"},"modified":"2010-12-26T15:44:53","modified_gmt":"2010-12-26T13:44:53","slug":"tum-bu-islemler-yuce-divanlik%e2%80%99tir","status":"publish","type":"post","link":"http:\/\/www.korhanyilmaz.com\/?p=27114","title":{"rendered":"T\u00fcm bu i\u015flemler Y\u00fcce Divanl\u0131k\u2019t\u0131r"},"content":{"rendered":"<p style=\"text-align: center;\"><a href=\"http:\/\/www.korhanyilmaz.com\/wp-content\/uploads\/2010\/12\/009.jpg\"  class=\"lightview\"><img loading=\"lazy\" decoding=\"async\" class=\"aligncenter size-full wp-image-27115\" src=\"http:\/\/www.korhanyilmaz.com\/wp-content\/uploads\/2010\/12\/009.jpg\" alt=\"\" width=\"420\" height=\"210\" \/><\/a><\/p>\n<p style=\"text-align: justify;\">T\u00fcrkiye Partisi Genel Ba\u015fkan\u0131 Abd\u00fcllatif \u015eener, Sinop ve Akkuyu\u2019daki n\u00fckleer santrallerin 20\u2019\u015fer milyar dolara yap\u0131laca\u011f\u0131n\u0131 belirterek, &#8220;H\u00fck\u00fcmet n\u00fckleer enerjide 20 milyar dolara abone olmu\u015f g\u00f6z\u00fck\u00fcyor&#8221; dedi.<\/p>\n<p style=\"text-align: justify;\">\u015eener, parti genel merkezinde d\u00fczenledi\u011fi bas\u0131n toplant\u0131s\u0131nda, iktidar ve muhalefetteki d\u00fc\u015f\u00fcnce anlay\u0131\u015f\u0131n\u0131n, sorunlar\u0131 \u00e7\u00f6zmedi\u011fini, s\u00fcrekli sorun \u00fcretti\u011fini ileri s\u00fcrd\u00fc. <!--more--><\/p>\n<p style=\"text-align: justify;\">Enerji ve Tabii Kaynaklar Bakan\u0131 Taner Y\u0131ld\u0131z\u2019\u0131n Japonya ziyaretine de\u011finen \u015eener, Sinop\u2019ta yap\u0131lmas\u0131 planlanan n\u00fckleer santral i\u00e7in Japonya ile 20 milyar dolarl\u0131k mutabakat imzaland\u0131\u011f\u0131n\u0131 kaydetti. Taner Y\u0131ld\u0131z\u2019\u0131n &#8220;Japonya\u2019da bekledi\u011finden fazla ilgi g\u00f6rmesine hayret etti\u011fini&#8221; belirtti\u011fini dile getiren \u015eener, &#8220;Biz de Say\u0131n Bakan\u2019\u0131n hayretine hayret ediyoruz. Bu i\u015flerin nas\u0131l d\u00f6nd\u00fc\u011f\u00fcn\u00fc bilmiyorsan\u0131z o koltukta niye oturuyorsunuz?&#8221; diye sordu.<\/p>\n<p style=\"text-align: justify;\">T\u00fcrkiye\u2019nin enerji sorununu \u00e7\u00f6zmedik\u00e7e k\u00fcresel ekonomide rekabet\u00e7i olamayaca\u011f\u0131n\u0131 vurgulayan \u015eener, d\u00fcnyan\u0131n en pahal\u0131 elektri\u011finin T\u00fcrkiye\u2019de oldu\u011funu ifade etti. Akkuyu ve Sinop\u2019ta Rus ve Japon firmalar\u0131 taraf\u0131ndan yap\u0131lmas\u0131 \u00f6ng\u00f6r\u00fclen n\u00fckleer santrallere 20\u2019\u015fer milyar dolar \u00f6denece\u011fini belirten \u015eener, \u015f\u00f6yle konu\u015ftu:<\/p>\n<p style=\"text-align: justify;\">&#8220;Santralleri Rus ya da Japon firmalar\u0131n\u0131n yapacak olmas\u0131 fark etmiyor. H\u00fck\u00fcmet, n\u00fckleer enerjide 20 milyar dolara abone olmu\u015f g\u00f6z\u00fck\u00fcyor. Akkuyu\u2019daki santral i\u00e7in y\u00fczde 100 Rus sermayeli \u015firket kurulacak; b\u00f6yle al\u0131\u015fveri\u015f olmaz, b\u00f6yle \u00fclke y\u00f6netilmez. 20 milyar dolarl\u0131k al\u0131\u015fveri\u015fin yolsuzluktan ar\u0131nd\u0131\u011f\u0131na, \u00fclke \u00e7\u0131karlar\u0131n\u0131 g\u00f6zetti\u011fine inan\u0131yor musunuz? \u00d6yle olsa elektri\u011fin fiyat\u0131 15 cent olarak ilan edilmezdi, d\u00fcnyada bu fiyata elektrik yok. T\u00fcm bu i\u015flemler Y\u00fcce Divanl\u0131k\u2019t\u0131r. Sorumlular, g\u00fcn\u00fc geldi\u011finde hesap vermek zorundad\u0131r.&#8221;<\/p>\n<p style=\"text-align: justify;\">\u015eener, T\u00fcrkiye\u2019nin, d\u00fcnyan\u0131n en y\u00fcksek i\u015fsizlik oran\u0131na sahip \u00fclkelerinden biri oldu\u011funu da dile getirerek, resmi rakamlara i\u015f aramaktan vazge\u00e7enlerin de eklendi\u011finde bu oran\u0131n daha da artaca\u011f\u0131n\u0131 s\u00f6yledi. \u0130\u015fsizlik oran\u0131n\u0131n 2001 ve 1994 y\u0131llar\u0131ndaki kriz d\u00f6nemlerinden daha fazla oldu\u011funu belirten \u015eener, &#8220;Ba\u015fbakan, d\u00fcnyan\u0131n en ba\u015far\u0131s\u0131z ba\u015fbakan\u0131d\u0131r&#8221; dedi.<\/p>\n<p style=\"text-align: justify;\">Mavi Marmara gemisine \u0130srail taraf\u0131ndan d\u00fczenlenen bask\u0131n\u0131n \u00fczerinden 7ay ge\u00e7ti\u011fini an\u0131msatan \u015eener, Ba\u015fbakan Recep Tayyip Erdo\u011fan\u2019\u0131n olaydan sonraki tutumunu ele\u015ftirdi. \u015eener, &#8220;Bu milletin onurunu tamir etmek i\u00e7in ne yapt\u0131n? \u00d6z\u00fcr ve tazminat, durumun vahametini tamir edebilir mi?&#8221; diye sordu.<\/p>\n<p style=\"text-align: justify;\"><span style=\"color: #888888;\">Kaynak : <a href=\"http:\/\/haber.gazetevatan.com\/tum-bu-islemler-yuce-divanliktir\/349071\/1\/Gundem\" target=\"_blank\">GAZETEVATAN<\/a><\/span><\/p>\n","protected":false},"excerpt":{"rendered":"<p style=\"text-align: center;\">\n<p style=\"text-align: justify;\">T\u00fcrkiye Partisi Genel Ba\u015fkan\u0131 Abd\u00fcllatif \u015eener, Sinop ve Akkuyu\u2019daki n\u00fckleer santrallerin 20\u2019\u015fer milyar dolara yap\u0131laca\u011f\u0131n\u0131 belirterek, &#8220;H\u00fck\u00fcmet n\u00fckleer enerjide 20 milyar dolara abone olmu\u015f g\u00f6z\u00fck\u00fcyor&#8221; dedi.<\/p>\n<p style=\"text-align: justify;\">\u015eener, parti genel merkezinde d\u00fczenledi\u011fi bas\u0131n toplant\u0131s\u0131nda, iktidar ve muhalefetteki d\u00fc\u015f\u00fcnce anlay\u0131\u015f\u0131n\u0131n, sorunlar\u0131 \u00e7\u00f6zmedi\u011fini, s\u00fcrekli sorun \u00fcretti\u011fini ileri s\u00fcrd\u00fc. <\/p>\n","protected":false},"author":1,"featured_media":0,"comment_status":"open","ping_status":"closed","sticky":false,"template":"","format":"standard","meta":{"footnotes":""},"categories":[105],"tags":[],"class_list":["post-27114","post","type-post","status-publish","format-standard","hentry","category-gundem","odd"],"_links":{"self":[{"href":"http:\/\/www.korhanyilmaz.com\/index.php?rest_route=\/wp\/v2\/posts\/27114","targetHints":{"allow":["GET"]}}],"collection":[{"href":"http:\/\/www.korhanyilmaz.com\/index.php?rest_route=\/wp\/v2\/posts"}],"about":[{"href":"http:\/\/www.korhanyilmaz.com\/index.php?rest_route=\/wp\/v2\/types\/post"}],"author":[{"embeddable":true,"href":"http:\/\/www.korhanyilmaz.com\/index.php?rest_route=\/wp\/v2\/users\/1"}],"replies":[{"embeddable":true,"href":"http:\/\/www.korhanyilmaz.com\/index.php?rest_route=%2Fwp%2Fv2%2Fcomments&post=27114"}],"version-history":[{"count":0,"href":"http:\/\/www.korhanyilmaz.com\/index.php?rest_route=\/wp\/v2\/posts\/27114\/revisions"}],"wp:attachment":[{"href":"http:\/\/www.korhanyilmaz.com\/index.php?rest_route=%2Fwp%2Fv2%2Fmedia&parent=27114"}],"wp:term":[{"taxonomy":"category","embeddable":true,"href":"http:\/\/www.korhanyilmaz.com\/index.php?rest_route=%2Fwp%2Fv2%2Fcategories&post=27114"},{"taxonomy":"post_tag","embeddable":true,"href":"http:\/\/www.korhanyilmaz.com\/index.php?rest_route=%2Fwp%2Fv2%2Ftags&post=27114"}],"curies":[{"name":"wp","href":"https:\/\/api.w.org\/{rel}","templated":true}]}}