{"id":27111,"date":"2010-12-26T20:20:21","date_gmt":"2010-12-26T18:20:21","guid":{"rendered":"http:\/\/www.korhanyilmaz.com\/?p=27111"},"modified":"2010-12-26T20:20:21","modified_gmt":"2010-12-26T18:20:21","slug":"sen-neymissin-be-abi","status":"publish","type":"post","link":"http:\/\/www.korhanyilmaz.com\/?p=27111","title":{"rendered":"&#8216;Sen neymi\u015fsin be abi!&#8217;"},"content":{"rendered":"<p style=\"text-align: center;\"><a href=\"http:\/\/www.korhanyilmaz.com\/wp-content\/uploads\/2010\/12\/008.jpg\"  class=\"lightview\"><img loading=\"lazy\" decoding=\"async\" class=\"aligncenter size-full wp-image-27112\" src=\"http:\/\/www.korhanyilmaz.com\/wp-content\/uploads\/2010\/12\/008.jpg\" alt=\"\" width=\"420\" height=\"210\" \/><\/a><\/p>\n<p style=\"text-align: justify;\">MHP Grup Ba\u015fkanvekili Mehmet \u015eand\u0131r, bug\u00fcn \u00f6zerklik kongreleri d\u00fczenleniyor, paralel bir devlet yap\u0131s\u0131 \u00f6nerilebiliyorsa, gelinen noktan\u0131n &#8220;k\u0131yametin bir ad\u0131m \u00f6ncesi&#8221; oldu\u011funu s\u00f6yledi.<\/p>\n<p style=\"text-align: justify;\">2011 Y\u0131l\u0131 Merkezi Y\u00f6netim B\u00fct\u00e7e Kanunu Tasar\u0131s\u0131 g\u00f6r\u00fc\u015fmelerinin son g\u00fcn\u00fcnde MHP Grubu ad\u0131na konu\u015fan Grup Ba\u015fkanvekili Mehmet \u015eand\u0131r, b\u00fct\u00e7e g\u00f6r\u00fc\u015fmelerinin &#8220;\u015fekil \u015fart\u0131n\u0131n \u00f6tesine ge\u00e7emedi\u011fini, g\u00f6r\u00fc\u015fmelerin s\u0131radanla\u015ft\u0131r\u0131ld\u0131\u011f\u0131n\u0131&#8221; savundu. <!--more--><\/p>\n<p style=\"text-align: justify;\">Bin y\u0131ld\u0131r karde\u015f olan milletin ayr\u0131\u015ft\u0131r\u0131lmaya \u00e7al\u0131\u015f\u0131ld\u0131\u011f\u0131n\u0131, AK Parti\u2019nin de bu projelere &#8220;ta\u015feronluk yapt\u0131\u011f\u0131n\u0131&#8221; ileri s\u00fcren \u015eand\u0131r, &#8220;T\u00fcrkiye\u2019nin temel sorunu; teslimiyet\u00e7i politikalar taraf\u0131ndan y\u00f6netiliyor olmas\u0131d\u0131r&#8221; dedi.<\/p>\n<p style=\"text-align: justify;\">B\u00fct\u00e7e tasar\u0131s\u0131n\u0131n topluma heyecan vermedi\u011fini, 2002\u2019de olan sorunlar\u0131n hepsinin bug\u00fcn de devam etti\u011fini savunan \u015eand\u0131r, &#8220;Hangi sorunu kesin \u00e7\u00f6z\u00fcme kavu\u015fturdunuz, insan\u0131m\u0131z\u0131n hayat\u0131nda iyiden g\u00fczelden yana 8 senede ne de\u011fi\u015fti?&#8221; diye sordu.<\/p>\n<p style=\"text-align: justify;\">\u015eand\u0131r, &#8220;T\u00fcm bu anlatt\u0131klar\u0131n\u0131z, i\u015fsizli\u011fi, yoksullu\u011fu \u00e7\u00f6zm\u00fcyorsa, yasaklar\u0131 ortadan kald\u0131rm\u0131yorsa kand\u0131rmacad\u0131r, g\u00f6z boyamad\u0131r&#8221; ifadesini kulland\u0131.<\/p>\n<p style=\"text-align: justify;\">&#8220;T\u00fcrkiye\u2019nin k\u00f6t\u00fc y\u00f6netildi\u011fini, AK Parti\u2019nin T\u00fcrkiye\u2019yi \u00e7ok tehlikeli bir s\u00fcrece g\u00f6t\u00fcrd\u00fc\u011f\u00fcn\u00fc&#8221; ileri s\u00fcren \u015eand\u0131r, \u015f\u00f6yle devam etti:<\/p>\n<p style=\"text-align: justify;\">&#8220;T\u00fcrkiye \u00f6nemli riskler alt\u0131na at\u0131ld\u0131, stratejik yanl\u0131\u015flar yap\u0131ld\u0131. Uygulanan ekonomik politikalarla T\u00fcrkiye\u2019yi \u00fcretimden uzakla\u015ft\u0131rd\u0131n\u0131z.<\/p>\n<p style=\"text-align: justify;\">\u2019B\u00fcy\u00fcd\u00fck, kalk\u0131nd\u0131k\u2019 diye \u00f6v\u00fcnmenizin halk nezdinde hi\u00e7bir kar\u015f\u0131l\u0131\u011f\u0131 bulunmamaktad\u0131r. Millet i\u015fsizlikten k\u0131r\u0131lmaktad\u0131r. T\u00fcrkiye\u2019yi, \u00f6zel sekt\u00f6r\u00fc, kamu ve vatanda\u015flar\u0131m\u0131z\u0131 ta\u015f\u0131yamayacaklar\u0131 bir y\u00fck\u00fcn alt\u0131na att\u0131n\u0131z, bor\u00e7land\u0131rd\u0131n\u0131z. \u00d6zelle\u015ftirmenin yabanc\u0131la\u015fmaya d\u00f6nd\u00fc\u011f\u00fcn\u00fcn bile fark\u0131nda de\u011filsiniz. Ne kadar stratejik kurulu\u015fumuz varsa yabanc\u0131lara satt\u0131n\u0131z. Biz bug\u00fcn\u00fcn d\u00fcn\u00fcn\u00fc ya\u015fad\u0131k. D\u00fcn ya\u015fananlar\u0131n sonunda maalesef devletimiz y\u0131k\u0131ld\u0131. Bu s\u00fcre\u00e7 durdurulamazsa \u00fclkemiz h\u0131zla Osmanl\u0131\u2019n\u0131n son d\u00f6nemindeki D\u00fcyun-u Umumiye\u2019ye do\u011fru ilerlemektedir.&#8221;<\/p>\n<p style=\"text-align: justify;\"><strong>&#8220;YANLI\u015e YAPTINIZ, GELECE\u011e\u0130 \u00d6NG\u00d6REMED\u0130N\u0130Z&#8221; <\/strong><\/p>\n<p style=\"text-align: justify;\">Mehmet \u015eand\u0131r, T\u00fcrkiye\u2019de bir kimlik sorunu olu\u015fturuldu\u011funu savunarak, &#8220;T\u00fcrk milletini \u2019alt kimlik, \u00fcst kimlik, T\u00fcrkiyelilik\u2019 ad\u0131 alt\u0131nda ayr\u0131\u015ft\u0131ran bir s\u00fcrece soktunuz&#8221; dedi.<\/p>\n<p style=\"text-align: justify;\">&#8220;Demokratik a\u00e7\u0131l\u0131m&#8221; s\u00fcrecinin \u015fimdi &#8220;demokratik \u00f6zerklik ad\u0131 alt\u0131nda \u00f6zerk K\u00fcrdistan projeleriyle \u00fclkenin etnik temelde ayr\u0131\u015fmas\u0131 ve b\u00f6l\u00fcnmesi taleplerine d\u00f6n\u00fc\u015ft\u00fc\u011f\u00fcn\u00fc&#8221; ileri s\u00fcren \u015eand\u0131r, &#8220;Yanl\u0131\u015f yapt\u0131n\u0131z, gelece\u011fi \u00f6ng\u00f6remediniz&#8221; diye konu\u015ftu.<\/p>\n<p style=\"text-align: justify;\">\u015eand\u0131r, \u015funlar\u0131 s\u00f6yledi:<\/p>\n<p style=\"text-align: justify;\">&#8220;PKK sizin davetinizi kabul etti, da\u011fdan \u015fehre indi, \u2019KCK\u2019 oldu, \u2019Demokratik Toplum Kongresi\u2019 oldu ve siyaset yap\u0131yor. \u0130ki dilli bir sosyal hayat\u0131, \u00f6z savunma g\u00fcc\u00fcn\u00fc, yerel parlamentoyu, yerel yarg\u0131y\u0131, ayr\u0131 bayra\u011f\u0131, ayr\u0131 y\u00f6netimi \u00f6neriyor, kabul edecek misiniz? Siz davet ettiniz \u015fimdi siyaset yap\u0131yorlar, ayr\u0131\u015fmay\u0131, ayr\u0131 kimli\u011fi konu\u015fuyorlar, kabul edecek misiniz?<\/p>\n<p style=\"text-align: justify;\">Devlet \u0130mral\u0131 canisiyle g\u00f6r\u00fc\u015f\u00fcyor, isteklerini kabul edecek misiniz? Etmedi\u011finiz takdirde ne yapaca\u011f\u0131 gazetelere yans\u0131d\u0131. \u2019Cumhurba\u015fkan\u0131n\u0131z\u0131 \u00f6ld\u00fcr\u00fcr\u00fcz\u2019 diye tehdit ediyor, fark\u0131nda m\u0131s\u0131n\u0131z? \u2019\u00c7ok kan akar sava\u015f \u00e7\u0131kar bu sava\u015fta da kimlerin \u00f6lece\u011fi belli de\u011fil\u2019 diye sizi tehdit ediyor, T\u00fcrkiye\u2019yi tehdit ediyor. Bu s\u00fcrecin ba\u015flang\u0131c\u0131 Say\u0131n Ba\u015fbakan\u2019\u0131n 2005\u2019te yapt\u0131\u011f\u0131 Diyarbak\u0131r konu\u015fmas\u0131d\u0131r ve AKP iktidar\u0131n\u0131n yakla\u015f\u0131mlar\u0131d\u0131r. Bu sonu\u00e7lar\u0131ndan Say\u0131n Ba\u015fbakan sorumludur. T\u00fcrk toplumunu cam k\u0131r\u0131\u011f\u0131 y\u0131\u011f\u0131n\u0131 haline getirdiniz.&#8221;<\/p>\n<p style=\"text-align: justify;\">&#8220;Ne oldu Say\u0131n Ba\u015fbakan, bug\u00fcn birli\u011fimiz d\u00fcnden daha m\u0131 g\u00fc\u00e7l\u00fc?&#8221; sorusunu y\u00f6nelten \u015eand\u0131r, &#8220;Kalk\u0131p BDP\u2019nin, KCK\u2019n\u0131n yapt\u0131klar\u0131ndan \u015fikayet etme hakk\u0131n\u0131z yok. Bu s\u00fcreci siz ba\u015flatt\u0131n\u0131z. Bug\u00fcn bu Meclis\u2019te birileri \u2019K\u00fcrt co\u011frafyas\u0131, K\u00fcrt halk\u0131\u2019 s\u00f6z\u00fcn\u00fc meydan okuma \u00fcslubuyla s\u00f6yleyebiliyorsa, bir ba\u015fkas\u0131 \u2019bin y\u0131ll\u0131k karde\u015flik bitti, yeni bir e\u015fikteyiz\u2019 diyebiliyorsa, \u00f6zerklik kongreleri d\u00fczenleniyor, paralel bir devlet yap\u0131s\u0131 \u00f6nerilebiliyorsa, gelinen nokta, k\u0131yametin bir ad\u0131m \u00f6ncesidir&#8221; diye konu\u015ftu.<\/p>\n<p style=\"text-align: justify;\">\u015eand\u0131r, T\u00fcrkiye\u2019nin &#8220;K\u00fcrt sorunu de\u011fil K\u00fcrt\u00e7\u00fcl\u00fck, b\u00f6l\u00fcc\u00fcl\u00fck sorunu&#8221; oldu\u011funu belirterek, &#8220;MHP var oldu\u011fu s\u00fcrece ne bir tek insan\u0131m\u0131zdan ne bir tek \u00e7ak\u0131l ta\u015f\u0131m\u0131zdan vazge\u00e7meyiz&#8221; dedi.<\/p>\n<p style=\"text-align: justify;\">\u015eand\u0131r, bu b\u00fct\u00e7e tasar\u0131s\u0131n\u0131n AK Parti\u2019nin &#8220;son b\u00fct\u00e7e tasar\u0131s\u0131&#8221; oldu\u011funu savundu.<\/p>\n<p style=\"text-align: justify;\"><strong>&#8220;SEN NEYM\u0130\u015eS\u0130N BE AB\u0130&#8221; <\/strong><\/p>\n<p style=\"text-align: justify;\">MHP Grup Ba\u015fkanvekili Oktay Vural, AK Parti kadar iktidarda kalan bir partinin programlar\u0131ndaki hedeflere ula\u015fm\u0131\u015f olmas\u0131 gerekti\u011fini belirterek, &#8220;Ancak AKP, program\u0131na yakla\u015fmak bir yana bu programdan uzakla\u015fm\u0131\u015ft\u0131r&#8221; dedi.<\/p>\n<p style=\"text-align: justify;\">57. H\u00fck\u00fcmet d\u00f6neminde yap\u0131lan baz\u0131 \u00e7al\u0131\u015fmalar\u0131 anlatan Vural, &#8220;1990\u2019l\u0131 y\u0131llar\u0131 unutanlar bug\u00fcn \u2019bankac\u0131l\u0131k krizi yok\u2019 diyorlar. O g\u00fcn tedbir al\u0131nmasayd\u0131 bug\u00fcn banka m\u0131 kal\u0131rd\u0131?&#8221; diye sordu.<\/p>\n<p style=\"text-align: justify;\">Ge\u00e7mi\u015fte yap\u0131lan hizmetlerin g\u00f6zard\u0131 edildi\u011fini savunan Vural, \u015f\u00f6yle dedi:<\/p>\n<p style=\"text-align: justify;\">&#8220;San\u0131rs\u0131n\u0131z ki AKP\u2019den \u00f6nce T\u00fcrkiye\u2019de yol, su, elektrik, hastane, okul yoktu. B\u00fct\u00e7e konu\u015fmalar\u0131nda yapt\u0131klar\u0131n\u0131 anlat\u0131rken \u2019\u00fc\u00e7, be\u015f tane koyun g\u00fcdemeyenler bu \u00fclkeyi y\u00f6netemez, i\u015flerden anlamaz\u2019 diyerek bir de daha \u00f6nce hizmet yapm\u0131\u015f olanlara dil uzat\u0131labilmi\u015ftir. Bu zihniyet bana bir \u015fark\u0131 s\u00f6z\u00fcn\u00fc hat\u0131rlat\u0131yor; \u2019Peki peki anlad\u0131k, her \u015feyi bilirsin, her \u015feyden sen anlars\u0131n, sen neymi\u015fsin be abi&#8230;&#8221;<\/p>\n<p style=\"text-align: justify;\">Milleti &#8220;g\u00f6be\u011fini ka\u015f\u0131yan adam&#8221; olarak g\u00f6renlere, millete hizmeti koyun g\u00fctmekle \u00f6zde\u015fle\u015ftirenlere hak etti\u011fi cevab\u0131 vereceklerini dile getiren Vural, &#8220;Ba\u015fbakan u\u00e7urumdan atlarsa biz de pe\u015finden atlar\u0131z\u2019 diyen zihniyete ancak koyun g\u00fctmeyi ve g\u00fcd\u00fclmeyi bilir. E\u011fer koyun g\u00fctmek mahdumlar\u0131n\u0131 gemi sahibi k\u0131lmaksa biz bunu bilmeyiz. E\u011fer koyun g\u00fctmek Ofer ile g\u00f6r\u00fc\u015f\u00fcp y\u00fczde 14,75 hisseyi gece yar\u0131s\u0131 operasyonlar\u0131yla satmaksa, evet biz koyun g\u00fctmesini bilmeyiz. Telekom \u00f6zelle\u015ftirilmeden \u00f6nce Hariri ile g\u00f6r\u00fc\u015f\u00fcp onu ortak yapmaksa, biz koyun g\u00fctmesini bilmeyiz&#8221; diye konu\u015ftu.<\/p>\n<p style=\"text-align: justify;\"><strong>&#8220;M\u0130LL\u0130YET\u00c7\u0130L\u0130K ANDIMIZI TARTI\u015eMAYA A\u00c7MAK DE\u011e\u0130LD\u0130R&#8221; <\/strong><\/p>\n<p style=\"text-align: justify;\">Oktay Vural, Ba\u015fbakan\u2019\u0131n b\u00fct\u00e7e g\u00f6r\u00fc\u015fmelerinin ba\u015f\u0131nda yapt\u0131\u011f\u0131 konu\u015fmada milliyet\u00e7ilikten bahsetmesini olumlu buldu\u011funu belirterek, s\u00f6zlerini \u015f\u00f6yle s\u00fcrd\u00fcrd\u00fc:<\/p>\n<p style=\"text-align: justify;\">&#8220;Say\u0131n Ba\u015fbakan\u2019\u0131n, AKP\u2019nin milliyet\u00e7ilik ile ilgili uygulamalar\u0131n\u0131 dikkate ald\u0131\u011f\u0131m\u0131z zaman bu dersten s\u0131n\u0131ftan kald\u0131\u011f\u0131n\u0131 art\u0131k herkesin anlam\u0131\u015f oldu\u011funu bilmesi gerekir.<\/p>\n<p style=\"text-align: justify;\">Milli k\u00fclt\u00fcr\u00fc \u00fcst de\u011fer olarak g\u00f6rmezseniz milli k\u00fclt\u00fcr\u00fc nas\u0131l ya\u015fatacaks\u0131n\u0131z? Bizi biz yapan de\u011ferleri sorgulay\u0131p \u2019ezber bozuyoruz\u2019 demek de\u011fildir milliyet\u00e7ilik. Cumhuriyetin ba\u015f\u0131na numara koymak milliyet\u00e7ilik de\u011fildir. Bin y\u0131ll\u0131k karde\u015fli\u011fimizi, tarihimizi, kimli\u011fimizi sorgulamak de\u011fildir. Milliyet\u00e7ilik, T\u00fcrkiyelilik de\u011fildir. T\u00fcrkl\u00fc\u011f\u00fcm\u00fcz\u00fc, M\u00fcsl\u00fcmanl\u0131\u011f\u0131m\u0131z\u0131 sorgulamak de\u011fildir. Ecdad\u0131m\u0131z\u0131n etnik temizlik yapt\u0131\u011f\u0131n\u0131 s\u00f6ylemek de\u011fildir. \u2019Milliyet\u00e7ilik okul yapt\u0131rmakt\u0131r\u2019 diyor Say\u0131n Ba\u015fbakan, do\u011frudur ama milliyet\u00e7ilik okullarda and\u0131m\u0131z\u0131, \u0130stiklal Mar\u015f\u0131m\u0131z\u0131 tart\u0131\u015fmaya a\u00e7mak de\u011fildir. Okullarda \u00e7ok k\u00fclt\u00fcrl\u00fc, \u00e7ok kimliklili\u011fi a\u015f\u0131lamak de\u011fildir. Ba\u015f\u00f6rt\u00fcs\u00fc sorununu se\u00e7im yat\u0131r\u0131m\u0131 olarak se\u00e7im sonras\u0131na erteleyip ondan siyasi rant elde etmek istemek milliyet\u00e7ilik de\u011fildir. \u2019Milliyet\u00e7ilik adaleti vatanda\u015f\u0131n aya\u011f\u0131na ula\u015ft\u0131rmakt\u0131r\u2019 diyor Say\u0131n Ba\u015fbakan ama adaleti ayaklar alt\u0131na almak de\u011fildir milliyet\u00e7ilik.&#8221;<\/p>\n<p style=\"text-align: justify;\"><strong>&#8220;AMPUL\u00dcN YED\u0130 HUZMES\u0130&#8230;&#8221; <\/strong><\/p>\n<p style=\"text-align: justify;\">\u0130ktidar\u0131n ekonomi politikalar\u0131n\u0131 da ele\u015ftiren Vural, &#8220;Ekonomi politikalar\u0131 ahlaki sonu\u00e7 do\u011furmam\u0131\u015ft\u0131r. \u0130nsana i\u015f verebildiniz mi, i\u015f bulma umudu verebildiniz mi? Yok. \u0130\u015f bulma umudunu kesenlerin say\u0131s\u0131n\u0131 yakla\u015f\u0131k 70 kat artm\u0131\u015ft\u0131r. Bug\u00fcn i\u015fsizlik art\u0131\u015f her 4 gen\u00e7ten biri i\u015fsiz hale d\u00fc\u015fm\u00fc\u015ft\u00fcr&#8221; diye konu\u015ftu.<\/p>\n<p style=\"text-align: justify;\">Vural, kad\u0131nlar\u0131n istihdam\u0131n\u0131n 2002 seviyesinde kald\u0131\u011f\u0131n\u0131, art\u0131k kad\u0131nlar\u0131n ve gen\u00e7lerin istihdam politikas\u0131nda yeri olmad\u0131\u011f\u0131n\u0131 ileri s\u00fcrerek, \u015funlar\u0131 kaydetti:<\/p>\n<p style=\"text-align: justify;\">&#8220;AKP d\u00f6neminde ve kendi haz\u0131rlad\u0131klar\u0131 dok\u00fcmanlara g\u00f6re; Ulus devletler etkisizle\u015ftirilmelidir. Etnik ayr\u0131mc\u0131l\u0131k, din ve mezhep ayr\u0131mc\u0131l\u0131\u011f\u0131na dayal\u0131 federatif ve siyasi \u00f6rg\u00fctlenmeler yayg\u0131nla\u015ft\u0131r\u0131lmal\u0131d\u0131r. Bat\u0131 medeniyetinin olu\u015fturdu\u011fu kimlik ve k\u00fclt\u00fcr kabul edilmelidir. Bunu i\u00e7in milli kimlik ve milli k\u00fclt\u00fcr tasfiye edilmelidir. Milli kalk\u0131nma yerine ithalata ve bor\u00e7lanamaya ba\u011f\u0131ml\u0131l\u0131k olu\u015fturulmal\u0131 ve \u00fclke k\u00fcresel pazar olmal\u0131d\u0131r. Nihayet yedincisi de sosyal devlet ilkesinden vazge\u00e7ilmeli, devletin gelir da\u011f\u0131l\u0131m\u0131, i\u015fsizlik, yoksulluk, sosyal g\u00fcvenlik alan\u0131ndaki faaliyetleri s\u0131n\u0131rland\u0131r\u0131lmal\u0131 ve bunlar piyasaya b\u0131rak\u0131lmal\u0131d\u0131r. AKP\u2019nin siyaset anlay\u0131\u015f\u0131n\u0131n, ampul\u00fcn yedi huzmesinin amac\u0131 ve hedefinin bu oldu\u011fu gerek parti program\u0131nda gerek \u2019Muhafazakar demokrat\u2019 kitab\u0131nda aynen bu \u015fekilde ortaya konmu\u015ftur. Bug\u00fcne kadar yap\u0131lanlar\u0131 bu \u00e7er\u00e7evede de\u011ferlendirmek gerekmektedir.&#8221;<\/p>\n<p style=\"text-align: justify;\"><span style=\"color: #888888;\">Kaynak : <a href=\"http:\/\/haber.gazetevatan.com\/sen-neymissin-be-abi\/349095\/9\/Siyaset\" target=\"_blank\">GAZETEVATAN<\/a><\/span><\/p>\n","protected":false},"excerpt":{"rendered":"<p style=\"text-align: center;\">\n<p style=\"text-align: justify;\">MHP Grup Ba\u015fkanvekili Mehmet \u015eand\u0131r, bug\u00fcn \u00f6zerklik kongreleri d\u00fczenleniyor, paralel bir devlet yap\u0131s\u0131 \u00f6nerilebiliyorsa, gelinen noktan\u0131n &#8220;k\u0131yametin bir ad\u0131m \u00f6ncesi&#8221; oldu\u011funu s\u00f6yledi.<\/p>\n<p style=\"text-align: justify;\">2011 Y\u0131l\u0131 Merkezi Y\u00f6netim B\u00fct\u00e7e Kanunu Tasar\u0131s\u0131 g\u00f6r\u00fc\u015fmelerinin son g\u00fcn\u00fcnde MHP Grubu ad\u0131na konu\u015fan Grup Ba\u015fkanvekili Mehmet \u015eand\u0131r, b\u00fct\u00e7e g\u00f6r\u00fc\u015fmelerinin &#8220;\u015fekil \u015fart\u0131n\u0131n \u00f6tesine ge\u00e7emedi\u011fini, g\u00f6r\u00fc\u015fmelerin s\u0131radanla\u015ft\u0131r\u0131ld\u0131\u011f\u0131n\u0131&#8221; <\/p>\n","protected":false},"author":1,"featured_media":0,"comment_status":"open","ping_status":"closed","sticky":false,"template":"","format":"standard","meta":{"footnotes":""},"categories":[105],"tags":[],"class_list":["post-27111","post","type-post","status-publish","format-standard","hentry","category-gundem","odd"],"_links":{"self":[{"href":"http:\/\/www.korhanyilmaz.com\/index.php?rest_route=\/wp\/v2\/posts\/27111","targetHints":{"allow":["GET"]}}],"collection":[{"href":"http:\/\/www.korhanyilmaz.com\/index.php?rest_route=\/wp\/v2\/posts"}],"about":[{"href":"http:\/\/www.korhanyilmaz.com\/index.php?rest_route=\/wp\/v2\/types\/post"}],"author":[{"embeddable":true,"href":"http:\/\/www.korhanyilmaz.com\/index.php?rest_route=\/wp\/v2\/users\/1"}],"replies":[{"embeddable":true,"href":"http:\/\/www.korhanyilmaz.com\/index.php?rest_route=%2Fwp%2Fv2%2Fcomments&post=27111"}],"version-history":[{"count":0,"href":"http:\/\/www.korhanyilmaz.com\/index.php?rest_route=\/wp\/v2\/posts\/27111\/revisions"}],"wp:attachment":[{"href":"http:\/\/www.korhanyilmaz.com\/index.php?rest_route=%2Fwp%2Fv2%2Fmedia&parent=27111"}],"wp:term":[{"taxonomy":"category","embeddable":true,"href":"http:\/\/www.korhanyilmaz.com\/index.php?rest_route=%2Fwp%2Fv2%2Fcategories&post=27111"},{"taxonomy":"post_tag","embeddable":true,"href":"http:\/\/www.korhanyilmaz.com\/index.php?rest_route=%2Fwp%2Fv2%2Ftags&post=27111"}],"curies":[{"name":"wp","href":"https:\/\/api.w.org\/{rel}","templated":true}]}}