{"id":27105,"date":"2010-12-25T19:04:48","date_gmt":"2010-12-25T17:04:48","guid":{"rendered":"http:\/\/www.korhanyilmaz.com\/?p=27105"},"modified":"2010-12-25T19:04:48","modified_gmt":"2010-12-25T17:04:48","slug":"27105","status":"publish","type":"post","link":"http:\/\/www.korhanyilmaz.com\/?p=27105","title":{"rendered":"CHP MYK belli oldu&#8230;"},"content":{"rendered":"<p style=\"text-align: center;\"><a href=\"http:\/\/www.korhanyilmaz.com\/wp-content\/uploads\/2010\/12\/007.jpg\"  class=\"lightview\"><img loading=\"lazy\" decoding=\"async\" class=\"aligncenter size-full wp-image-27106\" title=\"CHP\" src=\"http:\/\/www.korhanyilmaz.com\/wp-content\/uploads\/2010\/12\/007.jpg\" alt=\"\" width=\"360\" height=\"216\" \/><\/a><\/p>\n<p style=\"text-align: justify;\">CHP Genel Ba\u015fkan\u0131 Kemal K\u0131l\u0131\u00e7daro\u011flu, CHP&#8217;de 15. Ola\u011fan\u00fcst\u00fc Kurultay sonras\u0131 olu\u015fan Parti Meclisi&#8217;ne (PM) g\u00f6re yeni MYK&#8217;y\u0131 belirledi.<\/p>\n<p style=\"text-align: justify;\">CHP Genel Ba\u015fkan\u0131 Kemal K\u0131l\u0131\u00e7daro\u011flu taraf\u0131ndan, CHP&#8217;de 15. Ola\u011fan\u00fcst\u00fc Kurultay sonras\u0131 olu\u015fan Parti Meclisi&#8217;ne (PM) g\u00f6re belirlenen yeni MYK&#8217;da 10 yeni isim yer ald\u0131. Yeni MYK&#8217;da 3 kad\u0131n bulunuyor. <!--more--><\/p>\n<p style=\"text-align: justify;\">CHP&#8217;nin 14 ki\u015filik eski MYK&#8217;s\u0131ndan 7 isim yeni listede bulunmazken, 10 yeni yer ald\u0131\u011f\u0131 MYK&#8217;da, 3 yeni alana da genel ba\u015fkan yard\u0131mc\u0131s\u0131 atand\u0131.<\/p>\n<p style=\"text-align: justify;\">Erdo\u011fan Toprak, Volkan Canalio\u011flu, Osman Korut\u00fcrk, G\u00fcls\u00fcn Bilgehan, Engin Altay, Faik \u00d6ztrak, Sena Kaleli, Emrehan Hal\u0131c\u0131, Sezgin Tanr\u0131kulu ve Bihlun Tamayl\u0131gil MYK&#8217;daki yeni isimler oldu.<\/p>\n<p style=\"text-align: justify;\">Eski MYK&#8217;da da bulunan G\u00fcrsel Tekin, Hur\u015fit G\u00fcne\u015f, S\u00fcheyl Batum, \u0130zzet \u00c7etin, Umut Oran, Alaattin Y\u00fcksel ve Sencer Ayata da yeni MYK&#8217;da g\u00f6rev ald\u0131.<\/p>\n<p style=\"text-align: justify;\">\u00d6nceki MYK&#8217;de Genel Sekreterlik g\u00f6revini y\u00fcr\u00fcten S\u00fcheyl Batum, Se\u00e7im ve Hukuk \u0130\u015flerinden Sorumlu Genel Ba\u015fkan Yard\u0131mc\u0131l\u0131\u011f\u0131&#8217;nda g\u00f6revlendirilirken, \u00f6nceki MYK&#8217;da Ekonomik ve Mali Politikalardan Sorumlu Genel Ba\u015fkan Yard\u0131mc\u0131l\u0131\u011f\u0131 g\u00f6revini yapan Umut Oran, yeni belirlenen \u0130\u015fveren Sendikalar\u0131, Meslek Kurulu\u015flar\u0131 ve Di\u011fer Sivil Toplum Kurulu\u015flar\u0131ndan Sorumlu Genel Ba\u015fkan Yard\u0131mc\u0131l\u0131\u011f\u0131na getirildi.<\/p>\n<p style=\"text-align: justify;\">MYK&#8217;ya yeni giren Bihlun Tamayl\u0131gil ise Genel Sekreter oldu.<\/p>\n<p style=\"text-align: justify;\">\u00d6nceki MYK&#8217;da g\u00f6rev alan Mesut De\u011fer, \u0130sa G\u00f6k, O\u011fuz Oyan, Melda Onur, Didem Engin, Mehmet Ali \u00d6zpolat ve Mehmet Zeki G\u00fcnd\u00fcz ise yeni MYK&#8217;da bulunmuyor.<\/p>\n<p style=\"text-align: justify;\"><strong><em>CHP&#8217;den yap\u0131lan a\u00e7\u0131klamaya g\u00f6re, yeni MYK&#8217;da yer alan isimler \u015f\u00f6yle: <\/em><\/strong><\/p>\n<p style=\"text-align: justify;\"><strong>1<\/strong>-\u00d6rg\u00fctlenme ve \u00d6rg\u00fct Y\u00f6netimlerinden Sorumlu Genel Ba\u015fkan Yard\u0131mc\u0131s\u0131 G\u00fcrsel Tekin<\/p>\n<p style=\"text-align: justify;\"><strong>2<\/strong>-\u0130dari ve Mali \u0130\u015flerden Sorumlu Genel Ba\u015fkan Yard\u0131mc\u0131s\u0131 Hur\u015fit G\u00fcne\u015f<\/p>\n<p style=\"text-align: justify;\"><strong>3<\/strong>-Se\u00e7im ve Hukuk \u0130\u015flerinden Sorumlu Genel Ba\u015fkan Yard\u0131mc\u0131s\u0131 S\u00fcheyl Batum<\/p>\n<p style=\"text-align: justify;\"><strong>4<\/strong>-Partinin Tan\u0131t\u0131m\u0131 ve Bas\u0131n ve Propagandadan Sorumlu Genel Ba\u015fkan Yard\u0131mc\u0131s\u0131 Erdo\u011fan Toprak<\/p>\n<p style=\"text-align: justify;\"><strong>5-<\/strong>Yerel Y\u00f6netimlerden Sorumlu Genel Ba\u015fkan Yard\u0131mc\u0131s\u0131 Volkan Canalio\u011flu<\/p>\n<p style=\"text-align: justify;\"><strong><em>Meslek Kurulu\u015flar\u0131, Sendikalar ve Di\u011fer Sivil Toplum Kurulu\u015flar\u0131 Genel Ba\u015fkan Yard\u0131mc\u0131l\u0131klar\u0131: <\/em><\/strong><\/p>\n<p style=\"text-align: justify;\"><strong>6<\/strong>-\u0130\u015f\u00e7i Memur Sendikalar\u0131 ve emekliler ve emek B\u00fcrolar\u0131ndan Sorumlu Genel Ba\u015fkan Yard\u0131mc\u0131s\u0131 \u0130zzet \u00c7etin<\/p>\n<p style=\"text-align: justify;\"><strong>7<\/strong>-\u0130\u015fveren Sendikalar\u0131 Meslek Kurulu\u015flar\u0131 ve di\u011fer sivil Toplum Kurulu\u015flar\u0131ndan sorumlu Genel Ba\u015fkan Yard\u0131mc\u0131s\u0131 Umut Oran<\/p>\n<p style=\"text-align: justify;\"><strong>8-<\/strong>D\u0131\u015f \u0130li\u015fkiler ve Yurtd\u0131\u015f\u0131 \u00d6rg\u00fctlenmelerden Sorumlu Genel Ba\u015fkan Yard\u0131mc\u0131s\u0131 Osman Korut\u00fcrk<\/p>\n<p style=\"text-align: justify;\"><strong>9<\/strong>-Kad\u0131n \u00d6rg\u00fctlenmesi ve Kad\u0131n Kollar\u0131ndan Sorumlu Genel Ba\u015fkan Yard\u0131mc\u0131s\u0131 G\u00fcls\u00fcn Bilgehan<\/p>\n<p style=\"text-align: justify;\"><strong>10-<\/strong>Gen\u00e7lik \u00d6rg\u00fctlenmesi ve Gen\u00e7lik Kollar\u0131ndan Sorumlu Genel Ba\u015fkan Yard\u0131mc\u0131s\u0131 Engin Altay<\/p>\n<p style=\"text-align: justify;\"><strong>11-<\/strong>Ekonomik ve Mali Politikalardan Sorumlu Genel Ba\u015fkan Yard\u0131mc\u0131s\u0131 Faik \u00d6ztrak<\/p>\n<p style=\"text-align: justify;\"><strong>12<\/strong>-Halkla \u0130li\u015fkilerden Sorumlu Genel Ba\u015fkan Yard\u0131mc\u0131s\u0131 Alaattin Y\u00fcksel<\/p>\n<p style=\"text-align: justify;\"><strong>13<\/strong>-AR-GE; Bilim Y\u00f6netim ve K\u00fclt\u00fcr Platformundan Sorumlu Genel Ba\u015fkan Yard\u0131mc\u0131s\u0131 Sencer Ayata<\/p>\n<p style=\"text-align: justify;\"><strong>14<\/strong>-Parti \u0130\u00e7i E\u011fitimden Sorumlu Genel Ba\u015fkan Yard\u0131mc\u0131s\u0131 Sena Kaleli<\/p>\n<p style=\"text-align: justify;\"><strong>15<\/strong>-Bili\u015fim Teknolojilerinden Sorumlu Genel Ba\u015fkan Yard\u0131mc\u0131s\u0131 Emrahan Hal\u0131c\u0131<\/p>\n<p style=\"text-align: justify;\"><strong>16-<\/strong>\u0130nsan Haklar\u0131ndan Sorumlu Genel Ba\u015fkan Yard\u0131mc\u0131s\u0131 Sezgin Tanr\u0131kulu<\/p>\n<p style=\"text-align: justify;\"><strong>17<\/strong>-Genel Sekreter Bihlun Tamayl\u0131gil<\/p>\n<p style=\"text-align: justify;\"><span style=\"color: #888888;\">Kaynak : <a href=\"http:\/\/www.gazeteport.com.tr\/SIYASET\/NEWS\/GP_823994\" target=\"_blank\">GAZETEPORT<\/a><\/span><\/p>\n","protected":false},"excerpt":{"rendered":"<p style=\"text-align: center;\">\n<p style=\"text-align: justify;\">CHP Genel Ba\u015fkan\u0131 Kemal K\u0131l\u0131\u00e7daro\u011flu, CHP&#8217;de 15. Ola\u011fan\u00fcst\u00fc Kurultay sonras\u0131 olu\u015fan Parti Meclisi&#8217;ne (PM) g\u00f6re yeni MYK&#8217;y\u0131 belirledi.<\/p>\n<p style=\"text-align: justify;\">CHP Genel Ba\u015fkan\u0131 Kemal K\u0131l\u0131\u00e7daro\u011flu taraf\u0131ndan, CHP&#8217;de 15. Ola\u011fan\u00fcst\u00fc Kurultay sonras\u0131 olu\u015fan Parti Meclisi&#8217;ne (PM) g\u00f6re belirlenen yeni MYK&#8217;da 10 yeni isim yer ald\u0131. Yeni MYK&#8217;da 3 kad\u0131n bulunuyor. <\/p>\n","protected":false},"author":1,"featured_media":0,"comment_status":"open","ping_status":"closed","sticky":false,"template":"","format":"standard","meta":{"footnotes":""},"categories":[105],"tags":[],"class_list":["post-27105","post","type-post","status-publish","format-standard","hentry","category-gundem","odd"],"_links":{"self":[{"href":"http:\/\/www.korhanyilmaz.com\/index.php?rest_route=\/wp\/v2\/posts\/27105","targetHints":{"allow":["GET"]}}],"collection":[{"href":"http:\/\/www.korhanyilmaz.com\/index.php?rest_route=\/wp\/v2\/posts"}],"about":[{"href":"http:\/\/www.korhanyilmaz.com\/index.php?rest_route=\/wp\/v2\/types\/post"}],"author":[{"embeddable":true,"href":"http:\/\/www.korhanyilmaz.com\/index.php?rest_route=\/wp\/v2\/users\/1"}],"replies":[{"embeddable":true,"href":"http:\/\/www.korhanyilmaz.com\/index.php?rest_route=%2Fwp%2Fv2%2Fcomments&post=27105"}],"version-history":[{"count":0,"href":"http:\/\/www.korhanyilmaz.com\/index.php?rest_route=\/wp\/v2\/posts\/27105\/revisions"}],"wp:attachment":[{"href":"http:\/\/www.korhanyilmaz.com\/index.php?rest_route=%2Fwp%2Fv2%2Fmedia&parent=27105"}],"wp:term":[{"taxonomy":"category","embeddable":true,"href":"http:\/\/www.korhanyilmaz.com\/index.php?rest_route=%2Fwp%2Fv2%2Fcategories&post=27105"},{"taxonomy":"post_tag","embeddable":true,"href":"http:\/\/www.korhanyilmaz.com\/index.php?rest_route=%2Fwp%2Fv2%2Ftags&post=27105"}],"curies":[{"name":"wp","href":"https:\/\/api.w.org\/{rel}","templated":true}]}}