{"id":27099,"date":"2010-12-24T22:08:12","date_gmt":"2010-12-24T20:08:12","guid":{"rendered":"http:\/\/www.korhanyilmaz.com\/?p=27099"},"modified":"2010-12-24T22:08:12","modified_gmt":"2010-12-24T20:08:12","slug":"chp%e2%80%99de-gulen-rahatsizligi","status":"publish","type":"post","link":"http:\/\/www.korhanyilmaz.com\/?p=27099","title":{"rendered":"CHP\u2019de G\u00fclen rahats\u0131zl\u0131\u011f\u0131"},"content":{"rendered":"<p style=\"text-align: justify;\"><a href=\"http:\/\/www.korhanyilmaz.com\/wp-content\/uploads\/2010\/12\/006.jpg\"  class=\"lightview\"><img loading=\"lazy\" decoding=\"async\" class=\"aligncenter size-full wp-image-27100\" src=\"http:\/\/www.korhanyilmaz.com\/wp-content\/uploads\/2010\/12\/006.jpg\" alt=\"\" width=\"272\" height=\"204\" \/><\/a><\/p>\n<p style=\"text-align: justify;\">CHP Mersin Milletvekili ve PM \u00fcyesi Vahap Se\u00e7er&#8217;in, Fethullah G\u00fclen &#8216;le ilgili a\u00e7\u0131klamalar\u0131 rahats\u0131zl\u0131k yaratt\u0131.<\/p>\n<p style=\"text-align: justify;\">CHP Mersin Milletvekili ve PM \u00fcyesi Vahap Se\u00e7er, CHP\u2019nin yeni PM \u00fcyesi \u0130lahiyat\u00e7\u0131 Muhammet \u00c7akmak\u2019\u0131n, \u201cFethullah G\u00fclen bilgedir. G\u00fclen cemaatini selaml\u0131yorum\u201d a\u00e7\u0131klamas\u0131na sert tepki g\u00f6sterdi. Se\u00e7er, \u201cBu s\u00f6ylemleri, taban\u0131n g\u00f6r\u00fc\u015fleriyle \u00f6rt\u00fc\u015fm\u00fcyor. E\u011fer CHP\u2019nin temel siyasi felsefesine ayk\u0131r\u0131 bir d\u00fc\u015f\u00fcnceye sahipsen, o zaman g\u00f6r\u00fc\u015f\u00fcne uygun siyasi partiye gidip, orada siyaset yapars\u0131n\u201d dedi. CHP lideri Kemal K\u0131l\u0131\u00e7daro\u011flu\u2019nun yoksullara 600 TL maa\u015f ba\u011flama projesini ele\u015ftiren Ba\u015fbakan Erdo\u011fan\u2019\u0131n, \u201c\u0130zmir B\u00fcy\u00fck\u015fehir Belediyesi, senin belediyen. Bu projeyi orada uygulasana, hadi yap\u201d s\u00f6zlerini hat\u0131rlatan Se\u00e7er, \u201cSay\u0131n K\u0131l\u0131\u00e7daro\u011flu\u2019nun yerinde olsam bu i\u015fi \u0130zmir\u2019den ba\u015flat\u0131rd\u0131m&#8230; Konuyu Say\u0131n K\u0131l\u0131\u00e7daro\u011flu\u2019na iletece\u011fim\u201d diye konu\u015ftu.<!--more--><\/p>\n<p style=\"text-align: justify;\"><strong>VATAN\u2019\u0131n sorular\u0131n\u0131 yan\u0131tlayan Se\u00e7er\u2019in s\u00f6zleri \u015f\u00f6yle:<\/strong><\/p>\n<p style=\"text-align: justify;\"><strong>\u0130\u015e\u0130M\u0130Z ZOR: <\/strong>Yeni PM\u2019yle beraber Say\u0131n K\u0131l\u0131\u00e7daro\u011flu\u2019nun eli rahatlam\u0131\u015f oldu. 80 ki\u015finin \u00e7o\u011funlu\u011fu genel ba\u015fkan\u0131n \u00e7al\u0131\u015fma sisteminde bir ekip. Genel ba\u015fkan beraber y\u00fcr\u00fcyece\u011fi insanlar\u0131 olu\u015fturmu\u015f oldu. Beklenti b\u00fcy\u00fck. CHP, taban\u0131 d\u0131\u015f\u0131nda, AKP iktidar\u0131ndan bunalan alternatif bir parti arayan y\u00fczer ge\u00e7er oylar i\u00e7in de bir umut haline geldi. T\u00fcrkiye\u2019nin her taraf\u0131ndan PM\u2019ye girmemiz nedeniyle tebrik telefonlar\u0131 geliyor. \u0130\u015fimiz kolay de\u011fil zor. CHP de\u011fi\u015fim s\u00fcrecinde ve birtak\u0131m sanc\u0131lar, a\u011fr\u0131lar, s\u0131z\u0131lar ya\u015fayaca\u011f\u0131z. Bunu sab\u0131rla ta\u015f\u0131mam\u0131z gerekiyor. Bir taraftan se\u00e7im, \u00fclkenin \u00f6nemli sorunlar\u0131 var bir taraftan kendi kurumunuz i\u00e7inde aksakl\u0131klara enerji harcayacaks\u0131n\u0131z.<\/p>\n<p style=\"text-align: justify;\"><strong>EK\u0130P\u00c7\u0130L\u0130K B\u0130TT\u0130:<\/strong> CHP\u2019de \u00e7ok h\u0131zl\u0131 geli\u015fmeler oldu. 8 ay \u00f6nce bunlar\u0131 konu\u015fsak birbirimize tuhaf bakard\u0131k. Vekiller i\u00e7inde PM\u2019de g\u00f6rev alma beklentisi olanlar vard\u0131. Yer alamad\u0131klar\u0131 i\u00e7in k\u0131rg\u0131nl\u0131klar olabilir. Bunlar\u0131 sab\u0131rla dinlemeliyiz. CHP\u2019de ba\u015far\u0131l\u0131 olan genel ba\u015fkan kurultayda se\u00e7ilir ama ba\u015far\u0131s\u0131z olan art\u0131k derhal g\u00f6revine son versin. Art\u0131k CHP\u2019de ekip\u00e7ilik, grup\u00e7ulukla \u015fu bu oyunlarla iktidarda kalma devri bitmi\u015ftir. \u00d6l\u00e7\u00fc ba\u015far\u0131d\u0131r.<\/p>\n<p style=\"text-align: justify;\"><strong>HOCALIK AYRI, S\u0130YASET AYRI:<\/strong> Milletvekili grubu d\u0131\u015f\u0131nda parti d\u0131\u015f\u0131nda bizlerin de yakinen tan\u0131mad\u0131\u011f\u0131 bir\u00e7ok isim PM\u2019ye al\u0131nd\u0131. Bunlar\u0131n da al\u0131nma sebebi kendi alanlar\u0131nda de\u011ferli \u00e7al\u0131\u015fmalar\u0131, birikimleri. Bu birikimlerini CHP\u2019ye aktarma talebiyle PM\u2019ye al\u0131nd\u0131lar. Tabi \u00fcniversitede hocal\u0131kla ya da bir devlet kurumunda b\u00fcrokraside \u00e7al\u0131\u015fmakla, bir siyasi parti \u015femsiyesi alt\u0131nda siyaset yapmak ayr\u0131d\u0131r.<\/p>\n<p style=\"text-align: justify;\"><strong>S\u00d6YLEMLER\u0130NE D\u0130KKAT ETS\u0130N:<\/strong> Herkesin kendi fikridir sayg\u0131 duyar\u0131m ama birtak\u0131m beyanatlar oldu. Bu tabii ki partiyi s\u0131k\u0131nt\u0131ya soktu. Ge\u00e7ici de olsa parti taban\u0131nda rahats\u0131zl\u0131k yaratt\u0131. Nihayetinde CHP\u2019nin bir siyasi felsefesi, d\u00fcnya g\u00f6r\u00fc\u015f\u00fc, bak\u0131\u015f a\u00e7\u0131s\u0131 var. Kendine g\u00f6re k\u0131rm\u0131z\u0131 \u00e7izgileri var. En \u00f6nemlisi laiklik. Bu konudaki s\u00f6ylemlere arkada\u015flar\u0131n dikkat etmesi gerekiyor. \u2018Dimyat\u2019a pirince giderken evdeki bulgurdan olmak\u2019 diye bir s\u00f6z vard\u0131r. Yani bizim pop\u00fclist s\u00f6ylemlerle, g\u00fcn\u00fc kurtar\u0131c\u0131 politikalarla bug\u00fcne kadar bize hi\u00e7 oy vermemi\u015f bir taraflar\u0131n oyunu alaca\u011f\u0131m derken, y\u0131llard\u0131r bu partinin temelini olu\u015fturan sa\u011flam tabanda da \u00e7at\u0131rdamalara neden olmamal\u0131y\u0131z.<\/p>\n<p style=\"text-align: justify;\"><strong>\u00c7AKMAK\u2019IN S\u00d6YLEMLER\u0130:<\/strong> \u00c7akmak\u2019\u0131n beyanatlar\u0131 kendince h\u00fcrmet edilecek bir fikir olabilir. Herkesin g\u00f6r\u00fc\u015f\u00fcne sayg\u0131 duyar\u0131z. Ama o s\u00f6ylemler, CHP\u2019nin taban\u0131n\u0131n g\u00f6r\u00fc\u015fleriyle \u00f6rt\u00fc\u015fm\u00fcyor. Dolay\u0131s\u0131yla bu tip s\u00f6ylemler rahats\u0131zl\u0131klara neden oluyor. Onun i\u00e7in siyasete yeni giren arkada\u015flar\u0131m\u0131z\u0131n bu tip beyanatlara dikkat etmeleri gerekti\u011fini d\u00fc\u015f\u00fcn\u00fcyorum. E\u011fer CHP\u2019nin temel siyasi felsefesine ayk\u0131r\u0131 bir d\u00fc\u015f\u00fcnceye sahiplerse, CHP\u2019de siyaset yapmalar\u0131n\u0131n bir anlam\u0131 yok. Kendilerine uygun siyasi partilere gidip siyaset yapacaklar.<\/p>\n<p style=\"text-align: justify;\"><span style=\"color: #888888;\">Kaynak : <a href=\"http:\/\/haber.gazetevatan.com\/chpde-gulen-rahatsizligi\/348796\/9\/Siyaset\" target=\"_blank\">Levent \u0130\u00c7GEN\/VATAN ANKARA<\/a><\/span><\/p>\n","protected":false},"excerpt":{"rendered":"<p style=\"text-align: justify;\">\n<p style=\"text-align: justify;\">CHP Mersin Milletvekili ve PM \u00fcyesi Vahap Se\u00e7er&#8217;in, Fethullah G\u00fclen &#8216;le ilgili a\u00e7\u0131klamalar\u0131 rahats\u0131zl\u0131k yaratt\u0131.<\/p>\n<p style=\"text-align: justify;\">CHP Mersin Milletvekili ve PM \u00fcyesi Vahap Se\u00e7er, CHP\u2019nin yeni PM \u00fcyesi \u0130lahiyat\u00e7\u0131 Muhammet \u00c7akmak\u2019\u0131n, \u201cFethullah G\u00fclen bilgedir. G\u00fclen cemaatini selaml\u0131yorum\u201d a\u00e7\u0131klamas\u0131na sert tepki g\u00f6sterdi. Se\u00e7er, \u201cBu s\u00f6ylemleri, taban\u0131n g\u00f6r\u00fc\u015fleriyle \u00f6rt\u00fc\u015fm\u00fcyor. E\u011fer CHP\u2019nin <\/p>\n","protected":false},"author":1,"featured_media":0,"comment_status":"open","ping_status":"closed","sticky":false,"template":"","format":"standard","meta":{"footnotes":""},"categories":[105],"tags":[],"class_list":["post-27099","post","type-post","status-publish","format-standard","hentry","category-gundem","odd"],"_links":{"self":[{"href":"http:\/\/www.korhanyilmaz.com\/index.php?rest_route=\/wp\/v2\/posts\/27099","targetHints":{"allow":["GET"]}}],"collection":[{"href":"http:\/\/www.korhanyilmaz.com\/index.php?rest_route=\/wp\/v2\/posts"}],"about":[{"href":"http:\/\/www.korhanyilmaz.com\/index.php?rest_route=\/wp\/v2\/types\/post"}],"author":[{"embeddable":true,"href":"http:\/\/www.korhanyilmaz.com\/index.php?rest_route=\/wp\/v2\/users\/1"}],"replies":[{"embeddable":true,"href":"http:\/\/www.korhanyilmaz.com\/index.php?rest_route=%2Fwp%2Fv2%2Fcomments&post=27099"}],"version-history":[{"count":0,"href":"http:\/\/www.korhanyilmaz.com\/index.php?rest_route=\/wp\/v2\/posts\/27099\/revisions"}],"wp:attachment":[{"href":"http:\/\/www.korhanyilmaz.com\/index.php?rest_route=%2Fwp%2Fv2%2Fmedia&parent=27099"}],"wp:term":[{"taxonomy":"category","embeddable":true,"href":"http:\/\/www.korhanyilmaz.com\/index.php?rest_route=%2Fwp%2Fv2%2Fcategories&post=27099"},{"taxonomy":"post_tag","embeddable":true,"href":"http:\/\/www.korhanyilmaz.com\/index.php?rest_route=%2Fwp%2Fv2%2Ftags&post=27099"}],"curies":[{"name":"wp","href":"https:\/\/api.w.org\/{rel}","templated":true}]}}