{"id":27091,"date":"2010-12-26T14:39:07","date_gmt":"2010-12-26T12:39:07","guid":{"rendered":"http:\/\/www.korhanyilmaz.com\/?p=27091"},"modified":"2010-12-26T14:39:07","modified_gmt":"2010-12-26T12:39:07","slug":"mavi-marmara-istanbulda","status":"publish","type":"post","link":"http:\/\/www.korhanyilmaz.com\/?p=27091","title":{"rendered":"Mavi Marmara \u0130stanbul&#8217;da"},"content":{"rendered":"<p style=\"text-align: justify;\"><a href=\"http:\/\/www.korhanyilmaz.com\/wp-content\/uploads\/2010\/12\/004.jpg\"  class=\"lightview\"><img loading=\"lazy\" decoding=\"async\" class=\"aligncenter size-full wp-image-27092\" src=\"http:\/\/www.korhanyilmaz.com\/wp-content\/uploads\/2010\/12\/004.jpg\" alt=\"\" width=\"449\" height=\"231\" \/><\/a><\/p>\n<p style=\"text-align: justify;\">&#8221;Rotam\u0131z Filistin Y\u00fck\u00fcm\u00fcz \u0130nsani Yard\u0131m&#8221; kampanyas\u0131 kapsam\u0131nda Gazze&#8217;ye giderken \u0130srail&#8217;in sald\u0131r\u0131s\u0131na u\u011frayan &#8221;Mavi Marmara&#8221; gemisi, \u0130stanbul&#8217;a geldi.<\/p>\n<p style=\"text-align: justify;\">\u0130STANBUL &#8211; Sarayburnu&#8217;ndan 219 g\u00fcn \u00f6nce 22 May\u0131sta yola \u00e7\u0131kt\u0131ktan sonra 31 May\u0131sta \u0130srail&#8217;in sald\u0131r\u0131s\u0131na u\u011frayan &#8221;Mavi Marmara&#8221; gemisi, d\u00fcn gece saat 01.10&#8217;da \u00c7anakkale&#8217;deki Kepez Liman\u0131&#8217;ndan resmi i\u015flemlerinin tamamlanmas\u0131ndan sonra yola \u00e7\u0131kt\u0131. <!--more--><\/p>\n<p style=\"text-align: justify;\">\u0130stanbul&#8217;a saat 13.00&#8217;de ula\u015fan &#8221;Mavi Marmara&#8221; gemisini Sarayburnu Liman\u0131&#8217;na geminin kaptan\u0131 Mahmut Tural yana\u015ft\u0131rd\u0131. Geminin m\u00fcrettebat\u0131 da &#8221;Mavi Marmara&#8221; ile birlikte \u0130stanbul&#8217;a geldi.<\/p>\n<p style=\"text-align: justify;\"><strong>MAV\u0130 MARMARA \u015eARKISI \u0130LE KAR\u015eILANDI<\/strong><\/p>\n<p style=\"text-align: justify;\">\u0130HH \u0130nsani Yard\u0131m Vakf\u0131 taraf\u0131ndan Sarayburnu&#8217;da d\u00fczenlenen t\u00f6renle, &#8221;Mavi Marmara&#8221; gemisi vatanda\u015flar taraf\u0131ndan &#8221;Mavi Marmara&#8221; \u015fark\u0131s\u0131 e\u015fli\u011finde co\u015fkuyla kar\u015f\u0131land\u0131. &#8221;Mavi Marmara&#8221; gemisinin K\u0131y\u0131 Emniyeti ve Gemi Kurtarma Genel M\u00fcd\u00fcrl\u00fc\u011f\u00fc&#8217;ne ba\u011fl\u0131 iki r\u00f6mork\u00f6r e\u015fli\u011finde bo\u011faza giri\u015finde Galata K\u00f6pr\u00fcs\u00fc \u00fczerinde havai fi\u015fekler patlat\u0131ld\u0131.<\/p>\n<p style=\"text-align: justify;\">Gemi limana yana\u015f\u0131rken, t\u00f6rene kat\u0131lan baz\u0131 vatanda\u015flar, g\u00f6zya\u015flar\u0131n\u0131 tutamad\u0131. &#8221;Mavi Marmara&#8221; gemisinin \u00fczerine sald\u0131r\u0131da \u015fehit olanlar\u0131n resimlerinin de as\u0131l\u0131 oldu\u011fu g\u00f6r\u00fcld\u00fc.<\/p>\n<p style=\"text-align: justify;\">Deniz polisi de bo\u011fazda g\u00fcvenlik \u00f6nlemi ald\u0131. Anamur-Girne aras\u0131n\u0131 26 saat 15 dakika kafessiz y\u00fczerek d\u00fcnya rekoru k\u0131ran milli y\u00fcz\u00fcc\u00fc Alper Suna\u00e7o\u011flu&#8217;da ekibiyle Sarayburnu&#8217;ndan denize atlayarak, &#8221;Mavi Marmara&#8221; gemisinin \u0130stanbul&#8217;a geli\u015fini y\u00fczerek kar\u015f\u0131lad\u0131.<\/p>\n<p style=\"text-align: justify;\">\u00d6te yandan baz\u0131 vatanda\u015flar, deniz yoluyla Sarayburnu&#8217;na ellerinde Filistin bayraklar\u0131 oldu\u011fu halde sloganlar atarak geldi.<\/p>\n<p style=\"text-align: justify;\">Sarayburnu&#8217;nda d\u00fczenlenen kar\u015f\u0131lama t\u00f6renine, \u0130HH Ba\u015fkan\u0131 B\u00fclent Y\u0131ld\u0131r\u0131m, Ba\u015fpiskopos Hilarion Capucci, gemide \u015fehit olanlar\u0131n aileleri ve &#8221;Mavi Marmara&#8221; gemisiyle Filistin&#8217;e yard\u0131m g\u00f6t\u00fcren g\u00f6n\u00fcll\u00fcler kat\u0131l\u0131yor.<\/p>\n<p style=\"text-align: justify;\">Kar\u015f\u0131lama t\u00f6reni i\u00e7in bir\u00e7ok ilden otob\u00fcsler kald\u0131r\u0131ld\u0131. 50 farkl\u0131 \u00fclkeden aktivist \u0130stanbul&#8217;a geldi. &#8221;Mavi Marmara&#8221;y\u0131 denizde bal\u0131k\u00e7\u0131 g\u0131rg\u0131rlar\u0131 kar\u015f\u0131lad\u0131. T\u00f6ren alan\u0131n\u0131n giri\u015fine ve sahneye de &#8221;Mavi Marmara&#8221; \u015fehitlerinin resimleri as\u0131ld\u0131.<\/p>\n<p style=\"text-align: justify;\">&#8221;Mavi Marmara&#8221; gemisi, Sarayburnu&#8217;nda bir hafta kalarak vatanda\u015flar\u0131n ziyaretine a\u00e7\u0131k olacak. Gemi daha sonra Tuzla Tersanesi&#8217;ne \u00e7ekilecek. Burada geminin tamir ve bak\u0131m\u0131 devam edecek. Talep olmas\u0131 halinde gemi ba\u015fka \u00fclkelere de g\u00f6nderilecek. Bu \u015fekilde Filistin&#8217;de ya\u015fanan ambargonun s\u00fcrekli g\u00fcndemde olmas\u0131 sa\u011flanacak.<\/p>\n<p style=\"text-align: justify;\"><span style=\"color: #888888;\">Kaynak :<a href=\"http:\/\/www.gazeteport.com.tr\/GUNCEL\/NEWS\/GP_824292\" target=\"_blank\"> GAZETEPORT<\/a><\/span><\/p>\n<p style=\"text-align: justify;\">&nbsp;<\/p>\n","protected":false},"excerpt":{"rendered":"<p style=\"text-align: justify;\">\n<p style=\"text-align: justify;\">&#8221;Rotam\u0131z Filistin Y\u00fck\u00fcm\u00fcz \u0130nsani Yard\u0131m&#8221; kampanyas\u0131 kapsam\u0131nda Gazze&#8217;ye giderken \u0130srail&#8217;in sald\u0131r\u0131s\u0131na u\u011frayan &#8221;Mavi Marmara&#8221; gemisi, \u0130stanbul&#8217;a geldi.<\/p>\n<p style=\"text-align: justify;\">\u0130STANBUL &#8211; Sarayburnu&#8217;ndan 219 g\u00fcn \u00f6nce 22 May\u0131sta yola \u00e7\u0131kt\u0131ktan sonra 31 May\u0131sta \u0130srail&#8217;in sald\u0131r\u0131s\u0131na u\u011frayan &#8221;Mavi Marmara&#8221; gemisi, d\u00fcn gece saat 01.10&#8217;da \u00c7anakkale&#8217;deki Kepez Liman\u0131&#8217;ndan resmi i\u015flemlerinin tamamlanmas\u0131ndan sonra yola <\/p>\n","protected":false},"author":1,"featured_media":0,"comment_status":"open","ping_status":"closed","sticky":false,"template":"","format":"standard","meta":{"footnotes":""},"categories":[105],"tags":[],"class_list":["post-27091","post","type-post","status-publish","format-standard","hentry","category-gundem","odd"],"_links":{"self":[{"href":"http:\/\/www.korhanyilmaz.com\/index.php?rest_route=\/wp\/v2\/posts\/27091","targetHints":{"allow":["GET"]}}],"collection":[{"href":"http:\/\/www.korhanyilmaz.com\/index.php?rest_route=\/wp\/v2\/posts"}],"about":[{"href":"http:\/\/www.korhanyilmaz.com\/index.php?rest_route=\/wp\/v2\/types\/post"}],"author":[{"embeddable":true,"href":"http:\/\/www.korhanyilmaz.com\/index.php?rest_route=\/wp\/v2\/users\/1"}],"replies":[{"embeddable":true,"href":"http:\/\/www.korhanyilmaz.com\/index.php?rest_route=%2Fwp%2Fv2%2Fcomments&post=27091"}],"version-history":[{"count":0,"href":"http:\/\/www.korhanyilmaz.com\/index.php?rest_route=\/wp\/v2\/posts\/27091\/revisions"}],"wp:attachment":[{"href":"http:\/\/www.korhanyilmaz.com\/index.php?rest_route=%2Fwp%2Fv2%2Fmedia&parent=27091"}],"wp:term":[{"taxonomy":"category","embeddable":true,"href":"http:\/\/www.korhanyilmaz.com\/index.php?rest_route=%2Fwp%2Fv2%2Fcategories&post=27091"},{"taxonomy":"post_tag","embeddable":true,"href":"http:\/\/www.korhanyilmaz.com\/index.php?rest_route=%2Fwp%2Fv2%2Ftags&post=27091"}],"curies":[{"name":"wp","href":"https:\/\/api.w.org\/{rel}","templated":true}]}}