{"id":27083,"date":"2010-12-26T12:44:35","date_gmt":"2010-12-26T10:44:35","guid":{"rendered":"http:\/\/www.korhanyilmaz.com\/?p=27083"},"modified":"2010-12-26T12:44:35","modified_gmt":"2010-12-26T10:44:35","slug":"istanbula-uzay-taksi","status":"publish","type":"post","link":"http:\/\/www.korhanyilmaz.com\/?p=27083","title":{"rendered":"\u0130stanbul&#8217;a uzay taksi"},"content":{"rendered":"<p style=\"text-align: center;\"><a href=\"http:\/\/www.korhanyilmaz.com\/wp-content\/uploads\/2010\/12\/002.jpg\"  class=\"lightview\"><img loading=\"lazy\" decoding=\"async\" class=\"aligncenter size-full wp-image-27084\" src=\"http:\/\/www.korhanyilmaz.com\/wp-content\/uploads\/2010\/12\/002.jpg\" alt=\"\" width=\"414\" height=\"219\" \/><\/a><\/p>\n<p style=\"text-align: justify;\">\u0130stanbul ula\u015f\u0131m\u0131nda \u00f6nemli yer tutan taksilere yeni d\u00fczenleme geliyor.<\/p>\n<p style=\"text-align: justify;\">\u0130STANBUL &#8211; \u0130stanbul ula\u015f\u0131m\u0131nda \u00f6nemli yer tutan taksilere yeni d\u00fczenleme geliyor. \u0130stanbul B\u00fcy\u00fck\u015fehir Belediye Ba\u015fkan\u0131 Kadir Topba\u015f \u00f6n\u00fcm\u00fczdeki g\u00fcnlerde hayata ge\u00e7irmeyi planlad\u0131\u011f\u0131 \u201cUzay Taksi\u201d projesi ile \u0130stanbul\u2019da taksilere yeni standartlar getirecek, \u201ctaksi kokart\u0131\u201d bulunmayan s\u00fcr\u00fcc\u00fcler direksiyon ba\u015f\u0131na ge\u00e7emeyecek. Taksi \u015fof\u00f6r\u00fc arac\u0131n\u0131 \u00e7al\u0131\u015ft\u0131rabilmek i\u00e7in \u00f6nce kart\u0131n\u0131 okutmak zorunda kalacak. <!--more--><\/p>\n<p style=\"text-align: justify;\">H\u00fcrriyet Genel Yay\u0131n Y\u00f6netmeni Enis Berbero\u011flu, Yay\u0131n Koordinat\u00f6r\u00fc Fikret Ercan, Pazarlama Grup Ba\u015fkan\u0131 Tijen Mergen, Pazarlama ve Sat\u0131\u015f Y\u00f6netimi Koordinat\u00f6r\u00fc Bora \u00d6zyi\u011fit, \u0130stihbarat M\u00fcd\u00fcr\u00fc Celal Korkut S\u00fctl\u00fcce\u2019deki Proje Merkezi\u2019nde a\u011f\u0131rlayan Topba\u015f, \u0130stanbul i\u00e7in haz\u0131rlad\u0131\u011f\u0131 yeni projelerini anlatt\u0131.<\/p>\n<p style=\"text-align: justify;\"><strong>Koltuk arkas\u0131na ekran <\/strong><\/p>\n<p style=\"text-align: justify;\">\u0130lk olarak alt yap\u0131s\u0131 tamamen haz\u0131rlanm\u0131\u015f olan taksi projesini uygulamaya ge\u00e7irmeyi planlayan Topba\u015f, taksileri yak\u0131n takibe al\u0131p, arac\u0131n i\u00e7ini, hangi g\u00fczerg\u00e2h\u0131 kulland\u0131klar\u0131n\u0131 tek merkezden g\u00f6rebileceklerini s\u00f6yledi. Topba\u015f, \u201cBundan b\u00f6yle taksici ak\u015fama kadar kahvede oturup, yan\u0131ndakine \u2018Ben okey oynuyorum, al \u015fu anahtar\u0131 kalk git\u2019 diyemeyecek. Parmak izi okutma sistemiyle, ka\u00e7 plakal\u0131 taksiyi kim kullan\u0131yor diye merkezden g\u00f6rebilece\u011fiz\u201d dedi. Yeni sistemde, arac\u0131n i\u00e7inde g\u00fcvenlik sistemleri de olaca\u011f\u0131n\u0131 belirten Topba\u015f, bu konuda \u015fu bilgileri verdi: \u201cMerkezden takip edilebilen ara\u00e7ta, arka koltukta oturan yolcular\u0131n g\u00fcvenli\u011fi a\u00e7\u0131s\u0131ndan da, \u00f6n koltuklar\u0131n arkas\u0131na ekran konulacak. \u0130stanbullular, bilgisayar ekran\u0131ndan istedi\u011fi bilgiye ula\u015fabilecek, herhangi bir durumda, bir tu\u015fa dokundu\u011fu zaman merkezden g\u00f6r\u00fclebilecek.\u201d<\/p>\n<p style=\"text-align: justify;\"><strong>Caddelerin i\u015fgali bitecek <\/strong><\/p>\n<p style=\"text-align: justify;\">Bundan b\u00f6yle taksicilerin cadde ve yol kenarlar\u0131nda geli\u015fig\u00fczel trafi\u011fi i\u015fgal edemeyeceklerini, taksilerin belirli yerlerde depolanaca\u011f\u0131n\u0131 vurgulayan Topba\u015f, bunu \u015f\u00f6yle anlatt\u0131: \u201cMerkez eksilen arac\u0131n yerine, yak\u0131ndaki bir yerden fazlal\u0131k olan arac\u0131 devreye sokacak. D\u00f6n\u00fc\u015fte, yak\u0131n oldu\u011fu bir yerde ihtiya\u00e7 olan arac\u0131n yerine ba\u015fka yerde i\u015f verecek. B\u00f6ylelikle kimse i\u015fsiz kalmayacak. Arac\u0131n klimas\u0131na kadar standard\u0131 olacak. Amac\u0131m\u0131z k\u00e2r de\u011fil, g\u00fcvenli, temiz olmas\u0131.\u201d<\/p>\n<p style=\"text-align: justify;\"><strong>Kay\u0131td\u0131\u015f\u0131 \u00e7al\u0131\u015fma \u00f6nlenecek <\/strong><\/p>\n<p style=\"text-align: justify;\">Uygulaman\u0131n \u0130stanbul\u2019a \u2018kamu arac\u0131l\u0131\u011f\u0131yla d\u00fcnyada uygulanacak ilk sistem\u2019 olma prestiji getirece\u011fine de dikkat \u00e7eken Topba\u015f, sistemin faydalar\u0131n\u0131 \u015f\u00f6yle s\u0131ralad\u0131: \u201cTaksiler tek elden y\u00f6netilip denetlenebilecek. Trafik yo\u011funlu\u011fu azalacak. G\u00fcr\u00fclt\u00fc, emisyon gibi \u00e7evresel etkiler minimize edilecek. Kay\u0131t d\u0131\u015f\u0131 \u00e7al\u0131\u015fma \u00f6nlenecek. Vatanda\u015f memnuniyeti art\u0131r\u0131lacak. Zaman ve yak\u0131t tasarrufu sa\u011flanacak. \u0130stanbul\u2019un marka de\u011feri y\u00fckselecek. G\u00fcvenli seyahat hizmeti sa\u011flanacak. Taksi plaka sahipleri ve s\u00fcr\u00fcc\u00fclerin geliri artacak.\u201d<\/p>\n<p style=\"text-align: justify;\"><strong>Taksi projesi  neleri ama\u00e7l\u0131yor <\/strong><\/p>\n<p style=\"text-align: justify;\">\u0130stanbul B\u00fcy\u00fck\u015fehir Belediyesi taraf\u0131ndan ruhsatland\u0131r\u0131lm\u0131\u015f olan t\u00fcm ticari taksi plakal\u0131 ara\u00e7lar, bir merkezi kontrol ve alt uygulama merkezinden izlenecek, y\u00f6nlendirilecek, kontrol ve koordine edilecek.<\/p>\n<p style=\"text-align: justify;\">S\u00fcr\u00fcc\u00fc ve yolcu g\u00fcvenli\u011finin art\u0131r\u0131larak, m\u00fc\u015fteriyle s\u00fcr\u00fcc\u00fcy\u00fc en h\u0131zl\u0131, ekonomik rota ile bulu\u015fturacak. B\u00f6ylece zaman, yak\u0131t kayb\u0131 ve bekleme sorunlar\u0131 ortadan kalkacak. Gereksiz trafik yo\u011funlu\u011fu olu\u015fturulmayacak.<\/p>\n<p style=\"text-align: justify;\">Ara\u00e7lar belirlenen asgari \u00f6zelliklere sahip olacak. T\u00fcm \u00fcye ara\u00e7lar belirlenecek esaslara uygun \u00e7al\u0131\u015facak. sistem, \u2018Ticari Taksi Y\u00f6netim Merkezi\u2019 taraf\u0131ndan i\u015fletilecek. \u0130\u015f kapsam\u0131nda \u0130stanbul genelinde gelecek t\u00fcm \u00e7a\u011fr\u0131lar\u0131 de\u011ferlendirecek bir merkez kurulacak.<\/p>\n<p style=\"text-align: justify;\"><strong>24 y\u0131l \u00f6nce Japonya\u2019da g\u00f6rd\u00fcklerinden esinlendi <\/strong><\/p>\n<p style=\"text-align: justify;\">Kadir Topba\u015f, 1986 y\u0131l\u0131nda Japonya\u2019da Tokyo\u2019da g\u00f6rd\u00fc\u011f\u00fc bir uygulamadan esinlendi\u011fini anlat\u0131rken, bunu \u015f\u00f6yle aktard\u0131: \u201cJaponya\u2019da takside bakt\u0131m, at yar\u0131\u015f\u0131 ma\u00e7 gibi bir \u015fey anlat\u0131yor. Taksiciye \u2018Bu nedir\u2019 diye sordu\u011fumda, \u2018Bizim bulundu\u011fumuz merkezden m\u00fc\u015fteri al\u0131p giderken, bir tane taksi eksilmi\u015f oluyor. Merkez ba\u015fka yerden g\u00f6nderiyor\u2019 dedi.<\/p>\n<p style=\"text-align: justify;\"><strong>G\u00fcnl\u00fck 250 km\u2019lik yolun 3\u2019te 1\u2019i bo\u015f gezinme <\/strong><\/p>\n<p style=\"text-align: justify;\">\u0130STANBUL\u2019da bir taksinin g\u00fcnde ortalama 250 kilometre yol katetti\u011fini, bunun ayda 7 bin 500 kilometre etti\u011fini belirten Kadir Topba\u015f, ancak bunun 3\u2019te 1\u2019inin birinin bo\u015f gezinmeden kaynakland\u0131\u011f\u0131na dikkat \u00e7ekti. Topba\u015f, \u201c2 bin 500 kilometre bo\u015f gezinmenin y\u00fczde 30\u2019luk dilimini azaltt\u0131\u011f\u0131m\u0131zda, \u00fclkenin elde edece\u011fi kazan\u00e7 oran\u0131 ayl\u0131k 2,5- 3 milyon TL civar\u0131nda olacak\u201d dedi. Sistemin haz\u0131r oldu\u011funu s\u00f6yleyen Topba\u015f, \u201cTaksiye bindiniz, oturuyorsunuz. Panik halinde dokunmatik olarak merkeze uyar\u0131 g\u00f6nderebiliyorsunuz. Sistemle \u0130stanbullular daha g\u00fcvenli yolculuk yapacak\u201d derken, ana arterlerdeki taksi ihtiyac\u0131 i\u00e7in de yeni d\u00fczenleme gelece\u011fini s\u00f6yledi.<\/p>\n<p style=\"text-align: justify;\"><strong>Damal\u0131 \u00f6zel taksiler daha pahal\u0131 olacak <\/strong><\/p>\n<p style=\"text-align: justify;\">TAKS\u0130LER\u0130N sisteme d\u00f6n\u00fc\u015f\u00fcm\u00fc i\u00e7in belli s\u00fcre tan\u0131naca\u011f\u0131n\u0131 belirten Kadir Topba\u015f, daha l\u00fcks hizmet isteyen yolcular i\u00e7in \u201cDamal\u0131 taksi\u201d uygulamas\u0131 ba\u015flatacaklar\u0131n\u0131 a\u00e7\u0131klad\u0131. Topba\u015f, bu uygulamay\u0131 \u015f\u00f6yle anlatt\u0131:<\/p>\n<p style=\"text-align: justify;\">Taksiciler, g\u00f6t\u00fcr\u00fc vergiye tabi olduklar\u0131n\u0131, \u00d6TV y\u00fcz\u00fcnden b\u00fcy\u00fck araba alamad\u0131klar\u0131ndan yak\u0131n\u0131yor. D\u00fc\u015f\u00fcnd\u00fcm ki, biz Londra Taksi gibi daha b\u00fcy\u00fck hacimli arabalar tarifi yapal\u0131m.<\/p>\n<p style=\"text-align: justify;\">Firmalar geldi, g\u00f6r\u00fc\u015fmeler yapt\u0131k. Hacimli, g\u00fcvenli ara\u00e7lar tasarlayal\u0131m istedik. Rekabetten dolay\u0131 \u2018\u015fu ara\u00e7\u2019 diyemiyoruz, ancak tan\u0131m\u0131n\u0131 yap\u0131yoruz. Bu i\u015fi bilen, kokart\u0131 ve kart\u0131 olan bu arac\u0131 kulland\u0131\u011f\u0131 zaman, buna dama koyaca\u011f\u0131z.<\/p>\n<p style=\"text-align: justify;\">Daha l\u00fcks hizmet verecek olan bu taksiler y\u00fczde 20-25 daha pahal\u0131 olacak. 10 lira yerine 12 lira verin, bir rekabet olu\u015ftural\u0131m. Ben de olsam beklerim, \u2018Damal\u0131 olsun der, 2 lira daha veririm. Bu tip demokrasi \u00fclkelerde bunu ancak ticari rekabetle \u00e7\u00f6zebilirsiniz.<\/p>\n<p style=\"text-align: justify;\"><span style=\"color: #888888;\">Kaynak : <a href=\"http:\/\/www.gazeteport.com.tr\/EKONOMI\/NEWS\/GP_824178\" target=\"_blank\">GAZETEPORT<\/a><\/span><\/p>\n","protected":false},"excerpt":{"rendered":"<p style=\"text-align: center;\">\n<p style=\"text-align: justify;\">\u0130stanbul ula\u015f\u0131m\u0131nda \u00f6nemli yer tutan taksilere yeni d\u00fczenleme geliyor.<\/p>\n<p style=\"text-align: justify;\">\u0130STANBUL &#8211; \u0130stanbul ula\u015f\u0131m\u0131nda \u00f6nemli yer tutan taksilere yeni d\u00fczenleme geliyor. \u0130stanbul B\u00fcy\u00fck\u015fehir Belediye Ba\u015fkan\u0131 Kadir Topba\u015f \u00f6n\u00fcm\u00fczdeki g\u00fcnlerde hayata ge\u00e7irmeyi planlad\u0131\u011f\u0131 \u201cUzay Taksi\u201d projesi ile \u0130stanbul\u2019da taksilere yeni standartlar getirecek, \u201ctaksi kokart\u0131\u201d bulunmayan s\u00fcr\u00fcc\u00fcler direksiyon ba\u015f\u0131na ge\u00e7emeyecek. Taksi <\/p>\n","protected":false},"author":1,"featured_media":0,"comment_status":"open","ping_status":"closed","sticky":false,"template":"","format":"standard","meta":{"footnotes":""},"categories":[105],"tags":[],"class_list":["post-27083","post","type-post","status-publish","format-standard","hentry","category-gundem","odd"],"_links":{"self":[{"href":"http:\/\/www.korhanyilmaz.com\/index.php?rest_route=\/wp\/v2\/posts\/27083","targetHints":{"allow":["GET"]}}],"collection":[{"href":"http:\/\/www.korhanyilmaz.com\/index.php?rest_route=\/wp\/v2\/posts"}],"about":[{"href":"http:\/\/www.korhanyilmaz.com\/index.php?rest_route=\/wp\/v2\/types\/post"}],"author":[{"embeddable":true,"href":"http:\/\/www.korhanyilmaz.com\/index.php?rest_route=\/wp\/v2\/users\/1"}],"replies":[{"embeddable":true,"href":"http:\/\/www.korhanyilmaz.com\/index.php?rest_route=%2Fwp%2Fv2%2Fcomments&post=27083"}],"version-history":[{"count":0,"href":"http:\/\/www.korhanyilmaz.com\/index.php?rest_route=\/wp\/v2\/posts\/27083\/revisions"}],"wp:attachment":[{"href":"http:\/\/www.korhanyilmaz.com\/index.php?rest_route=%2Fwp%2Fv2%2Fmedia&parent=27083"}],"wp:term":[{"taxonomy":"category","embeddable":true,"href":"http:\/\/www.korhanyilmaz.com\/index.php?rest_route=%2Fwp%2Fv2%2Fcategories&post=27083"},{"taxonomy":"post_tag","embeddable":true,"href":"http:\/\/www.korhanyilmaz.com\/index.php?rest_route=%2Fwp%2Fv2%2Ftags&post=27083"}],"curies":[{"name":"wp","href":"https:\/\/api.w.org\/{rel}","templated":true}]}}