{"id":27080,"date":"2010-12-26T14:51:16","date_gmt":"2010-12-26T12:51:16","guid":{"rendered":"http:\/\/www.korhanyilmaz.com\/?p=27080"},"modified":"2010-12-26T14:51:16","modified_gmt":"2010-12-26T12:51:16","slug":"son-kayseri-bombasi","status":"publish","type":"post","link":"http:\/\/www.korhanyilmaz.com\/?p=27080","title":{"rendered":"Son Kayseri bombas\u0131"},"content":{"rendered":"<p style=\"text-align: center;\"><a href=\"http:\/\/www.korhanyilmaz.com\/wp-content\/uploads\/2010\/12\/001.jpg\"  class=\"lightview\"><img loading=\"lazy\" decoding=\"async\" class=\"aligncenter size-full wp-image-27081\" src=\"http:\/\/www.korhanyilmaz.com\/wp-content\/uploads\/2010\/12\/001.jpg\" alt=\"\" width=\"411\" height=\"211\" \/><\/a><\/p>\n<p style=\"text-align: justify;\">CHP Kayseri Milletvekili \u015eevki Kulkulo\u011flu, Kayseri&#8217;deki yolsuzluk iddialar\u0131 ile ilgili soru\u015fturmay\u0131 y\u00fcr\u00fcten Kayseri Cumhuriyet Ba\u015fsavc\u0131vekili \u0130smail Dalan&#8217;\u0131n, ba\u015fka bir yolsuzluk soru\u015fturmas\u0131nda dinleme ve takibe yakaland\u0131\u011f\u0131n\u0131 iddia etti.<!--more--><\/p>\n<p style=\"text-align: justify;\">ANKARA &#8211; Kulkulo\u011flu, Kayseri&#8217;deki yolsuzluk iddialar\u0131na ili\u015fkin d\u00fczenledi\u011fi bas\u0131n toplant\u0131s\u0131nda, \u0130smail Dalan&#8217;\u0131n, &#8221;Kayseri B\u00fcy\u00fck\u015fehir Belediyesindeki r\u00fc\u015fvet ve yolsuzluk soru\u015fturmas\u0131n\u0131 y\u00fcr\u00fcten ve tertemiz bitiren \u015fah\u0131s&#8221; oldu\u011funu savundu. Kulkulo\u011flu, s\u00f6z konusu Ba\u015fsavc\u0131vekili&#8217;nin, Kayseri&#8217;de 4 hafta \u00f6nce ba\u015flat\u0131lan ve Ankara&#8217;da &#8221;\u015eeker Operasyonu&#8221; ad\u0131 alt\u0131nda y\u00fcr\u00fct\u00fclen ba\u015fka bir yolsuzluk soru\u015fturmas\u0131nda dinleme ve takibe tak\u0131ld\u0131\u011f\u0131n\u0131 iddia etti.<\/p>\n<p style=\"text-align: justify;\">\u015eevki Kulkulo\u011flu, \u0130smail Dalan ile &#8221;soru\u015fturman\u0131n bir numaral\u0131 \u015f\u00fcphelisi&#8221; Kayseri \u015eeker Fabrikas\u0131 Y\u00f6netim Kurulu Ba\u015fkan\u0131 Vedat Ali \u00d6z\u0131\u015f\u0131k ve karde\u015fi Sava\u015f \u00d6z\u0131\u015f\u0131k aras\u0131nda, 30 Temmuz 2010 tarihinde ge\u00e7ti\u011fi iddia edilen telefon g\u00f6r\u00fc\u015fmesinin, bant kayd\u0131n\u0131 (tape recording) okudu.<\/p>\n<p style=\"text-align: justify;\">Kulkulo\u011flu, s\u00f6z konusu g\u00f6r\u00fc\u015fmeyle ilgili kay\u0131tlarda, Dalan&#8217;\u0131n, Vedat Ali \u00d6z\u0131\u015f\u0131k&#8217;a, &#8221;\u00c7ok iyi oldu bu i\u015f&#8230; \u00c7ocuklar girip \u00e7\u0131k\u0131yor. Biz de han\u0131m dedi ki bir u\u011frayal\u0131m da Ba\u015fkan Bey&#8217;e te\u015fekk\u00fcr edelim&#8221; \u015feklinde ifadeler kulland\u0131\u011f\u0131n\u0131 \u00f6ne s\u00fcrd\u00fc.<\/p>\n<p style=\"text-align: justify;\">Dalan&#8217;\u0131n, &#8221;soru\u015fturman\u0131n bir numaral\u0131 \u015f\u00fcphelisine&#8221; te\u015fekk\u00fcr etmek i\u00e7in telefon a\u00e7t\u0131\u011f\u0131n\u0131 iddia eden Kulkulo\u011flu, &#8221;E\u015fi ile beraber minnettarl\u0131\u011f\u0131n\u0131 belirtiyor. Devletinden ba\u015fka hi\u00e7bir yere, kimseye minnet duymamas\u0131 gereken bu Ba\u015fsavc\u0131vekili, acaba neyin kar\u015f\u0131l\u0131\u011f\u0131nda \u015f\u00fcpheliye minnettar kalm\u0131\u015f? Tek sat\u0131rl\u0131k telefon dinlemelerini bahane ederek bu \u00fclkede Yarg\u0131tay onursal ba\u015fsavc\u0131lar\u0131n\u0131n ve bu vatana hizmet etmi\u015f generallerin evini arayan, g\u00f6zalt\u0131na almaya kalkan Cumhuriyet Savc\u0131lar\u0131 bu konuda nerededir?&#8221; diye konu\u015ftu.<\/p>\n<p style=\"text-align: justify;\"><span style=\"color: #888888;\">Kaynak : <a href=\"http:\/\/www.gazeteport.com.tr\/SIYASET\/NEWS\/GP_824317\" target=\"_blank\">GAZETEPORT<\/a><\/span><\/p>\n","protected":false},"excerpt":{"rendered":"<p style=\"text-align: center;\">\n<p style=\"text-align: justify;\">CHP Kayseri Milletvekili \u015eevki Kulkulo\u011flu, Kayseri&#8217;deki yolsuzluk iddialar\u0131 ile ilgili soru\u015fturmay\u0131 y\u00fcr\u00fcten Kayseri Cumhuriyet Ba\u015fsavc\u0131vekili \u0130smail Dalan&#8217;\u0131n, ba\u015fka bir yolsuzluk soru\u015fturmas\u0131nda dinleme ve takibe yakaland\u0131\u011f\u0131n\u0131 iddia etti.<\/p>\n","protected":false},"author":1,"featured_media":0,"comment_status":"open","ping_status":"closed","sticky":false,"template":"","format":"standard","meta":{"footnotes":""},"categories":[105],"tags":[],"class_list":["post-27080","post","type-post","status-publish","format-standard","hentry","category-gundem","odd"],"_links":{"self":[{"href":"http:\/\/www.korhanyilmaz.com\/index.php?rest_route=\/wp\/v2\/posts\/27080","targetHints":{"allow":["GET"]}}],"collection":[{"href":"http:\/\/www.korhanyilmaz.com\/index.php?rest_route=\/wp\/v2\/posts"}],"about":[{"href":"http:\/\/www.korhanyilmaz.com\/index.php?rest_route=\/wp\/v2\/types\/post"}],"author":[{"embeddable":true,"href":"http:\/\/www.korhanyilmaz.com\/index.php?rest_route=\/wp\/v2\/users\/1"}],"replies":[{"embeddable":true,"href":"http:\/\/www.korhanyilmaz.com\/index.php?rest_route=%2Fwp%2Fv2%2Fcomments&post=27080"}],"version-history":[{"count":0,"href":"http:\/\/www.korhanyilmaz.com\/index.php?rest_route=\/wp\/v2\/posts\/27080\/revisions"}],"wp:attachment":[{"href":"http:\/\/www.korhanyilmaz.com\/index.php?rest_route=%2Fwp%2Fv2%2Fmedia&parent=27080"}],"wp:term":[{"taxonomy":"category","embeddable":true,"href":"http:\/\/www.korhanyilmaz.com\/index.php?rest_route=%2Fwp%2Fv2%2Fcategories&post=27080"},{"taxonomy":"post_tag","embeddable":true,"href":"http:\/\/www.korhanyilmaz.com\/index.php?rest_route=%2Fwp%2Fv2%2Ftags&post=27080"}],"curies":[{"name":"wp","href":"https:\/\/api.w.org\/{rel}","templated":true}]}}