{"id":27071,"date":"2010-11-17T17:34:59","date_gmt":"2010-11-17T15:34:59","guid":{"rendered":"http:\/\/www.korhanyilmaz.com\/?p=27071"},"modified":"2010-11-17T17:34:59","modified_gmt":"2010-11-17T15:34:59","slug":"basbakan-erdogana-suleymaniye-ofkesi","status":"publish","type":"post","link":"http:\/\/www.korhanyilmaz.com\/?p=27071","title":{"rendered":"Ba\u015fbakan Erdo\u011fan&#8217;a S\u00fcleymaniye \u00f6fkesi"},"content":{"rendered":"<p><a href=\"http:\/\/www.korhanyilmaz.com\/wp-content\/uploads\/2010\/11\/200.jpeg\"  class=\"lightview\"><img loading=\"lazy\" decoding=\"async\" class=\"aligncenter size-full wp-image-27072\" src=\"http:\/\/www.korhanyilmaz.com\/wp-content\/uploads\/2010\/11\/200.jpeg\" alt=\"\" width=\"307\" height=\"236\" \/><\/a><\/p>\n<p style=\"text-align: justify;\">CHP Genel Sekreteri S\u00fcheyl Batum, Ba\u015fbakan Erdo\u011fan&#8217;\u0131n S\u00fcleymaniye Camii&#8217;nde &#8220;oy dilencili\u011fi&#8221; yapt\u0131\u011f\u0131n\u0131 \u00f6ne s\u00fcrd\u00fc. DP Genel Ba\u015fkan\u0131 H\u00fcsamettin Cindoruk da, &#8220;Bu bayram sabah\u0131 Say\u0131n Ba\u015fbakan\u0131n S\u00fcleymaniye&#8217;yi i\u015fgal etmesini i\u00e7ime sindiremiyorum&#8221; dedi. <!--more--><\/p>\n<p style=\"text-align: justify;\">CHP Genel Sekreteri S\u00fcheyl Batum, yapt\u0131\u011f\u0131 yaz\u0131l\u0131 a\u00e7\u0131klamada, Erdo\u011fan&#8217;\u0131n y\u0131llard\u0131r k\u0131smi i\u00e7 onar\u0131m\u0131 yap\u0131lan ama 453 y\u0131ldan beri 5 vakit ibadete a\u00e7\u0131k olan S\u00fcleymaniye Camii&#8217;ni arife g\u00fcn\u00fc &#8220;ibadete kapatt\u0131rd\u0131\u011f\u0131n\u0131&#8221; savundu.<\/p>\n<p style=\"text-align: justify;\">Erdo\u011fan&#8217;\u0131n \u00fcnl\u00fc \u015fair Yahya Kemal&#8217;in S\u00fcleymaniye&#8217;de Bayram Sabah\u0131 \u015fiirini kendisine reklam slogan\u0131 yapt\u0131rd\u0131\u011f\u0131n\u0131 iddia eden Batum, &#8220;Bayram Namaz\u0131&#8217;n\u0131 S\u00fcleymaniye&#8217;de k\u0131laca\u011f\u0131n\u0131 b\u00fct\u00fcn \u0130stanbul&#8217;a ilan ettiriyor. Bu arada AKP&#8217;li belediyenin de bayram kahvalt\u0131s\u0131 da\u011f\u0131taca\u011f\u0131 a\u00e7\u0131klan\u0131yor. Ama\u00e7 ibadet i\u00e7in gelen cemaate AKP propagandas\u0131 yapmak gibi \u00e7a\u011f d\u0131\u015f\u0131, din d\u0131\u015f\u0131, ak\u0131l d\u0131\u015f\u0131 bir sefalettir. Bu hem demokrasi hem de kutsal dinimiz i\u00e7in son derece tehlikeli bir siyasi \u015fovdur&#8221; g\u00f6r\u00fc\u015f\u00fcn\u00fc ifade etti.<\/p>\n<p style=\"text-align: justify;\">&#8220;Ba\u015fbakan Erdo\u011fan&#8217;\u0131n S\u00fcleymaniye&#8217;de oy dilencili\u011fi yapt\u0131\u011f\u0131n\u0131, \u00e7aresizlikten as\u0131rl\u0131k camilere s\u0131\u011f\u0131nd\u0131\u011f\u0131n\u0131, parti reklam\u0131 u\u011fruna en kutsal konular\u0131 ve mekanlar\u0131 bile istismar etmeyi s\u00fcrd\u00fcrd\u00fc\u011f\u00fc&#8221; iddias\u0131nda bulunan Batum, \u015funlar\u0131 kaydetti:<\/p>\n<p style=\"text-align: justify;\">&#8220;Belli ki, Ba\u015fbakan fabrika ve i\u015fyeri a\u00e7amad\u0131\u011f\u0131 i\u00e7in \u00e7areyi y\u00fczlerce y\u0131ld\u0131r ibadete a\u00e7\u0131k olan kutsal mekanlara s\u0131\u011f\u0131nmakta bulmu\u015ftur. S\u00f6zde \u015fiir merakl\u0131s\u0131 Erdo\u011fan, bu \u015fiirin son m\u0131sras\u0131ndaki &#8216;Doludur g\u00f6nl\u00fcm \u0131\u015f\u0131klarla bu bayram sabah\u0131&#8217; s\u00f6zlerini belli ki &#8216;ampul \u0131\u015f\u0131\u011f\u0131&#8217; ile kar\u0131\u015ft\u0131rd\u0131. Bilsin ki art\u0131k o ampul, karanl\u0131k sa\u00e7\u0131yor. Be\u015f y\u00fczy\u0131ld\u0131r bayram namaz\u0131 k\u0131l\u0131nan S\u00fcleymaniye Camisi&#8217;nin de, d\u00fcn ve \u00f6nceki g\u00fcn a\u00e7t\u0131\u011f\u0131 y\u00fczlerce y\u0131ll\u0131k kutsal mekanlar\u0131n, AKP&#8217;nin kahvalt\u0131 promosyonuna ve \u015fovuna alet edilmesi hi\u00e7bir adap ve edebe s\u0131\u011fmaz.&#8221;<\/p>\n<p style=\"text-align: justify;\"><strong>Cindoruk: &#8220;\u0130\u00e7ime sindiremiyorum&#8221; <\/strong><\/p>\n<p style=\"text-align: justify;\">DP Genel Ba\u015fkan\u0131 H\u00fcsamettin Cindoruk da, &#8220;Bu bayram sabah\u0131 Say\u0131n Ba\u015fbakan\u0131n S\u00fcleymaniye&#8217;yi i\u015fgal etmesini i\u00e7ime sindiremiyorum. Say\u0131n Ba\u015fbakan oray\u0131 tamir ettirdi, onard\u0131 diye bir konu\u015fma yap\u0131yor. Zannettim ki Mimar Sinan konu\u015fuyor. D\u00fcn sabah S\u00fcleymaniye Camisi&#8217;ne siyaset girmi\u015ftir&#8221; dedi.<\/p>\n<p style=\"text-align: justify;\">Bayramla\u015fmak \u00fczere geldi\u011fi DP \u0130stanbul \u0130l Merkezinde partililerce halaylarla kar\u015f\u0131lanan Cindoruk, &#8220;Partililerin, halk\u0131n ve Silivri tutsaklar\u0131n\u0131n  bayram\u0131n\u0131 kutluyorum. En k\u0131sa zamanda haks\u0131zl\u0131\u011fa u\u011frayan herkesin \u00f6zg\u00fcrl\u00fc\u011fe kavu\u015fmas\u0131n\u0131 y\u00fcrekten diliyorum&#8221; dedi.<\/p>\n<p style=\"text-align: justify;\">Bayramlarda siyaset yapman\u0131n do\u011fru olmad\u0131\u011f\u0131n\u0131, ancak g\u00f6rd\u00fc\u011f\u00fc bir noktan\u0131n alt\u0131n\u0131 \u00e7izmek istedi\u011fini dile getiren Cindoruk, \u015funlar\u0131 s\u00f6yledi: &#8220;Bu bayram sabah\u0131 Say\u0131n Ba\u015fbakan\u0131n S\u00fcleymaniye&#8217;yi i\u015fgal etmesini i\u00e7ime sindiremiyorum. S\u00fcleymaniye Camisi 550 senelik milli iftihar vesilemiz. O, Sinan&#8217;\u0131n, Kanuni Sultan S\u00fcleyman&#8217;\u0131n hepimize b\u0131rakt\u0131\u011f\u0131 muhte\u015fem bir mirast\u0131r. Say\u0131n Ba\u015fbakan oray\u0131 tamir ettirdi, onard\u0131 diye bir konu\u015fma yap\u0131yor.<\/p>\n<p style=\"text-align: justify;\">Zannettim ki Mimar Sinan konu\u015fuyor. Mimar Sinan&#8217;\u0131n kalfas\u0131 konu\u015fuyor. Tarihe \u015fahitlik etmesi i\u00e7in s\u00f6yl\u00fcyorum. Sadece bizim zaman\u0131m\u0131zda S\u00fcleymaniye 3 kez onar\u0131m g\u00f6rm\u00fc\u015ft\u00fcr. Adnan Menderes, Demirel ve \u00d6zal zaman\u0131nda. Ama hi\u00e7birimiz de &#8216;Onar\u0131m yapt\u0131k&#8217; diye S\u00fcleymaniye Camisi&#8217;nde a\u00e7\u0131l\u0131\u015f, g\u00f6steri yapmad\u0131k. D\u00fcn sabah S\u00fcleymaniye Camisi&#8217;ne siyaset girmi\u015ftir.&#8221;<\/p>\n<p style=\"text-align: justify;\"><a href=\"http:\/\/www.cnnturk.com\/2010\/turkiye\/11\/17\/basbakan.erdogana.suleymaniye.ofkesi\/596755.0\/index.html\" target=\"_blank\"><span style=\"color: #888888;\">CNN T\u00dcRK<\/span><\/a><\/p>\n","protected":false},"excerpt":{"rendered":"<\/p>\n<p style=\"text-align: justify;\">CHP Genel Sekreteri S\u00fcheyl Batum, Ba\u015fbakan Erdo\u011fan&#8217;\u0131n S\u00fcleymaniye Camii&#8217;nde &#8220;oy dilencili\u011fi&#8221; yapt\u0131\u011f\u0131n\u0131 \u00f6ne s\u00fcrd\u00fc. DP Genel Ba\u015fkan\u0131 H\u00fcsamettin Cindoruk da, &#8220;Bu bayram sabah\u0131 Say\u0131n Ba\u015fbakan\u0131n S\u00fcleymaniye&#8217;yi i\u015fgal etmesini i\u00e7ime sindiremiyorum&#8221; dedi. <\/p>\n","protected":false},"author":1,"featured_media":0,"comment_status":"open","ping_status":"closed","sticky":false,"template":"","format":"standard","meta":{"footnotes":""},"categories":[105],"tags":[],"class_list":["post-27071","post","type-post","status-publish","format-standard","hentry","category-gundem","odd"],"_links":{"self":[{"href":"http:\/\/www.korhanyilmaz.com\/index.php?rest_route=\/wp\/v2\/posts\/27071","targetHints":{"allow":["GET"]}}],"collection":[{"href":"http:\/\/www.korhanyilmaz.com\/index.php?rest_route=\/wp\/v2\/posts"}],"about":[{"href":"http:\/\/www.korhanyilmaz.com\/index.php?rest_route=\/wp\/v2\/types\/post"}],"author":[{"embeddable":true,"href":"http:\/\/www.korhanyilmaz.com\/index.php?rest_route=\/wp\/v2\/users\/1"}],"replies":[{"embeddable":true,"href":"http:\/\/www.korhanyilmaz.com\/index.php?rest_route=%2Fwp%2Fv2%2Fcomments&post=27071"}],"version-history":[{"count":0,"href":"http:\/\/www.korhanyilmaz.com\/index.php?rest_route=\/wp\/v2\/posts\/27071\/revisions"}],"wp:attachment":[{"href":"http:\/\/www.korhanyilmaz.com\/index.php?rest_route=%2Fwp%2Fv2%2Fmedia&parent=27071"}],"wp:term":[{"taxonomy":"category","embeddable":true,"href":"http:\/\/www.korhanyilmaz.com\/index.php?rest_route=%2Fwp%2Fv2%2Fcategories&post=27071"},{"taxonomy":"post_tag","embeddable":true,"href":"http:\/\/www.korhanyilmaz.com\/index.php?rest_route=%2Fwp%2Fv2%2Ftags&post=27071"}],"curies":[{"name":"wp","href":"https:\/\/api.w.org\/{rel}","templated":true}]}}