{"id":27066,"date":"2010-11-13T19:03:09","date_gmt":"2010-11-13T17:03:09","guid":{"rendered":"http:\/\/www.korhanyilmaz.com\/?p=27066"},"modified":"2010-11-13T19:03:09","modified_gmt":"2010-11-13T17:03:09","slug":"gulden-bayramda-trafik-uyarisi","status":"publish","type":"post","link":"http:\/\/www.korhanyilmaz.com\/?p=27066","title":{"rendered":"G\u00fcl&#8217;den bayramda trafik uyar\u0131s\u0131"},"content":{"rendered":"<p style=\"text-align: center;\"><a href=\"http:\/\/www.korhanyilmaz.com\/wp-content\/uploads\/2010\/11\/183.jpeg\"  class=\"lightview\"><img loading=\"lazy\" decoding=\"async\" class=\"aligncenter size-full wp-image-27067\" src=\"http:\/\/www.korhanyilmaz.com\/wp-content\/uploads\/2010\/11\/183.jpeg\" alt=\"\" width=\"307\" height=\"236\" \/><\/a><\/p>\n<p style=\"text-align: justify;\">Cumhurba\u015fkan\u0131 Abdullah G\u00fcl, Kurban Bayram\u0131 i\u00e7in trafi\u011fe \u00e7\u0131kan vatanda\u015flara dikkatli olmalar\u0131, emniyet kemeri takmalar\u0131 ve h\u0131zl\u0131 gitmemeleri y\u00f6n\u00fcnde uyar\u0131da bulundu.<\/p>\n<p style=\"text-align: justify;\">Cumhurba\u015fkan\u0131 G\u00fcl, Twitter&#8217;daki hesab\u0131 \u00fczerinden yakla\u015fan Kurban Bayram\u0131 \u00f6ncesinde vatanda\u015flardan trafikte dikkatli olmalar\u0131n\u0131 istedi. <!--more--><\/p>\n<p style=\"text-align: justify;\">G\u00fcl, Twitter&#8217;da vatanda\u015fa bayram trafi\u011fiyle ilgili, &#8220;Bayram \u00f6ncesi hepinize bir mesaj\u0131m var. Uzun bir tatil olaca\u011f\u0131 i\u00e7in herkesin trafik kurallar\u0131na uymas\u0131 \u00e7ok \u00f6nemli. Aman bayram kendiniz ve bizim i\u00e7in ac\u0131ya d\u00f6n\u00fc\u015fmesin&#8221; dedi.<\/p>\n<p style=\"text-align: justify;\">G\u00fcl, trafikle ilgili vatanda\u015flara \u015fu mesajlar\u0131 verdi:<\/p>\n<p style=\"text-align: justify;\">&#8211; Bayramlar tabii ki ne\u015feli g\u00fcnlerdir, ama maalesef bazen dikkatsiz olunca bu ne\u015feli g\u00fcnler hepimize \u00e7ok ac\u0131l\u0131 g\u00fcnler haline d\u00f6n\u00fc\u015fmektedir. Bununla da trafi\u011fi kastetti\u011fimi eminim ki anlam\u0131\u015f\u0131n\u0131zd\u0131r.<\/p>\n<p style=\"text-align: justify;\">&#8211; Yollar\u0131m\u0131z \u00e7ift yol oldu, bundan b\u00fcy\u00fck bir memnuniyet duyuyoruz ama trafik kurallar\u0131na uymazsak, trafi\u011fe dikkat etmezsek, \u00e7ok b\u00fcy\u00fck ac\u0131lar\u0131 ya\u015far\u0131z. Unutmay\u0131n ki trafik kurallar\u0131na uymak hepimiz i\u00e7in mecburiyettir, hepimiz yapmal\u0131y\u0131z.<\/p>\n<p style=\"text-align: justify;\">&#8211; Bak\u0131n a\u00e7\u0131k konu\u015fay\u0131m size. Ben \u015fehir i\u00e7erisinde bile seyahat ederken, havaalan\u0131na gidip gelirken arka koltukta oturmama ra\u011fmen kemerimi takar\u0131m. Herkese tavsiye ediyorum. Kemerlerinizi muhakkak tak\u0131n. \u00d6n koltukta da olsa arka koltukta da olsan\u0131z tak\u0131n. Seyahat ederken fazla h\u0131zl\u0131 gitmeyin.<\/p>\n<p style=\"text-align: justify;\">&#8211; Yollar g\u00fczel bile olsa ufak bir dikkatsizlik \u00e7ok b\u00fcy\u00fck kazalara sebebiyet vermektedir. \u00dcmit ediyorum ki bu bayram, bu uzun tatil in\u015fallah \u00fcz\u00fcc\u00fc ge\u00e7meyecektir.&#8221;<\/p>\n<p style=\"text-align: justify;\"><a href=\"http:\/\/www.cnnturk.com\/2010\/turkiye\/11\/13\/gulden.bayramda.trafik.uyarisi\/596465.0\/index.html\" target=\"_blank\"><span style=\"color: #888888;\">CNN T\u00dcRK<\/span><\/a><\/p>\n","protected":false},"excerpt":{"rendered":"<p style=\"text-align: center;\">\n<p style=\"text-align: justify;\">Cumhurba\u015fkan\u0131 Abdullah G\u00fcl, Kurban Bayram\u0131 i\u00e7in trafi\u011fe \u00e7\u0131kan vatanda\u015flara dikkatli olmalar\u0131, emniyet kemeri takmalar\u0131 ve h\u0131zl\u0131 gitmemeleri y\u00f6n\u00fcnde uyar\u0131da bulundu.<\/p>\n<p style=\"text-align: justify;\">Cumhurba\u015fkan\u0131 G\u00fcl, Twitter&#8217;daki hesab\u0131 \u00fczerinden yakla\u015fan Kurban Bayram\u0131 \u00f6ncesinde vatanda\u015flardan trafikte dikkatli olmalar\u0131n\u0131 istedi. <\/p>\n","protected":false},"author":1,"featured_media":0,"comment_status":"open","ping_status":"closed","sticky":false,"template":"","format":"standard","meta":{"footnotes":""},"categories":[105],"tags":[],"class_list":["post-27066","post","type-post","status-publish","format-standard","hentry","category-gundem","odd"],"_links":{"self":[{"href":"http:\/\/www.korhanyilmaz.com\/index.php?rest_route=\/wp\/v2\/posts\/27066","targetHints":{"allow":["GET"]}}],"collection":[{"href":"http:\/\/www.korhanyilmaz.com\/index.php?rest_route=\/wp\/v2\/posts"}],"about":[{"href":"http:\/\/www.korhanyilmaz.com\/index.php?rest_route=\/wp\/v2\/types\/post"}],"author":[{"embeddable":true,"href":"http:\/\/www.korhanyilmaz.com\/index.php?rest_route=\/wp\/v2\/users\/1"}],"replies":[{"embeddable":true,"href":"http:\/\/www.korhanyilmaz.com\/index.php?rest_route=%2Fwp%2Fv2%2Fcomments&post=27066"}],"version-history":[{"count":0,"href":"http:\/\/www.korhanyilmaz.com\/index.php?rest_route=\/wp\/v2\/posts\/27066\/revisions"}],"wp:attachment":[{"href":"http:\/\/www.korhanyilmaz.com\/index.php?rest_route=%2Fwp%2Fv2%2Fmedia&parent=27066"}],"wp:term":[{"taxonomy":"category","embeddable":true,"href":"http:\/\/www.korhanyilmaz.com\/index.php?rest_route=%2Fwp%2Fv2%2Fcategories&post=27066"},{"taxonomy":"post_tag","embeddable":true,"href":"http:\/\/www.korhanyilmaz.com\/index.php?rest_route=%2Fwp%2Fv2%2Ftags&post=27066"}],"curies":[{"name":"wp","href":"https:\/\/api.w.org\/{rel}","templated":true}]}}