{"id":27062,"date":"2010-11-13T17:19:55","date_gmt":"2010-11-13T15:19:55","guid":{"rendered":"http:\/\/www.korhanyilmaz.com\/?p=27062"},"modified":"2010-11-13T17:19:55","modified_gmt":"2010-11-13T15:19:55","slug":"sayin-gul-sikilmayin-lutfen","status":"publish","type":"post","link":"http:\/\/www.korhanyilmaz.com\/?p=27062","title":{"rendered":"&#8216;Say\u0131n G\u00fcl s\u0131k\u0131lmay\u0131n l\u00fctfen&#8217;"},"content":{"rendered":"<p style=\"text-align: center;\"><a href=\"http:\/\/www.korhanyilmaz.com\/wp-content\/uploads\/2010\/11\/182.jpg\"  class=\"lightview\"><img loading=\"lazy\" decoding=\"async\" class=\"aligncenter size-full wp-image-27063\" src=\"http:\/\/www.korhanyilmaz.com\/wp-content\/uploads\/2010\/11\/182.jpg\" alt=\"\" width=\"420\" height=\"210\" \/><\/a><\/p>\n<p style=\"text-align: justify;\">K\u0131l\u0131\u00e7daro\u011flu, \u201cT\u00fcrban konusundan s\u0131k\u0131ld\u0131m\u201d diyen Cumhurba\u015fkan\u0131 G\u00fcl\u2019e twitter\u2019dan b\u00f6yle seslendi.<\/p>\n<p style=\"text-align: justify;\">CHP lideri Kemal K\u0131l\u0131\u00e7daro\u011flu, t\u00fcrban sorununa ili\u015fkin sorulara \u00f6nceki g\u00fcn \u201cart\u0131k b\u0131kt\u0131m\u201d yan\u0131t\u0131n\u0131 veren Cumhurba\u015fkan\u0131 Abdullah G\u00fcl\u2019e, twitter \u00fczerinden yan\u0131t verdi. G\u00fcl, kendi hesab\u0131ndan d\u00fcn ak\u015fam saatlerinde uzun bayram tatili nedeniyle vatanda\u015flar\u0131 trafik konusunda uyard\u0131. <!--more--><\/p>\n<p style=\"text-align: justify;\">G\u00fcl\u2019\u00fcn sitede aktif oldu\u011funu g\u00f6ren K\u0131l\u0131\u00e7daro\u011flu, bu f\u0131rsat\u0131 ka\u00e7\u0131rmad\u0131 ve G\u00fcl\u2019e att\u0131\u011f\u0131 twittler ile Cumhurba\u015fkan\u0131\u2019n\u0131 ilk\u00f6\u011fretimde ba\u015f\u00f6rt\u00fcs\u00fc olup olmayaca\u011f\u0131 konusunda net bir a\u00e7\u0131klama yapmaya davet etti. K\u0131l\u0131\u00e7daro\u011flu, \u201cSay\u0131n Cumhurba\u015fkan\u0131m\u201d diye hitap etti\u011fi G\u00fcl\u2019e, \u00f6nceki g\u00fcnk\u00fc \u201cb\u0131kt\u0131m\u201d a\u00e7\u0131klamas\u0131na da g\u00f6nderme yaparak \u015fu mesajlar\u0131 verdi: \u201cSay\u0131n Cumhurba\u015fkan\u0131m. S\u0131k\u0131lmay\u0131n\u0131z l\u00fctfen. Konu ile ilgili tart\u0131\u015fmalarda, s\u00f6z\u00fc tersinden de\u011fil d\u00fcz\u00fcnden s\u00f6ylerseniz, tart\u0131\u015fma en az\u0131ndan sizin a\u00e7\u0131n\u0131zdan biter. \u0130lkokulda k\u0131z \u00e7ocuklar\u0131m\u0131z\u0131n ba\u015f\u00f6rt\u00fcs\u00fc ya da t\u00fcrban ba\u011flamas\u0131; serbest olacak m\u0131? Olmayacak m\u0131? \u2018B\u00f6yle bir \u015fey s\u00f6z konusu bile olamaz. \u00c7\u00fcnk\u00fc r\u00fc\u015ft\u00fcn\u00fc bile ispat etmemi\u015f bu \u00e7ocuklar, kendi \u00f6zg\u00fcr iradeleriyle ba\u015flar\u0131n\u0131 ba\u011flamazlar\u2019 deyin. Hem siz rahatlars\u0131n\u0131z hem de halk. Bunu diyemiyorsan\u0131z, bu konuda daha \u00e7ok s\u0131k\u0131lmaya devam edersiniz.\u201d<\/p>\n<p style=\"text-align: justify;\">G\u00dcL NE DEM\u0130\u015eT\u0130?<\/p>\n<p style=\"text-align: justify;\">Cumhurba\u015fkan\u0131 G\u00fcl, \u00f6nceki g\u00fcn T\u00fcrkmenistan d\u00f6n\u00fc\u015f\u00fc, \u201cArt\u0131k bu t\u00fcrban konusundan b\u0131kt\u0131m. B\u0131rak\u0131n herkesi, ne giyiyorsa giysin\u201d demi\u015fti&#8230;.<\/p>\n<p style=\"text-align: justify;\"><a href=\"http:\/\/haber.gazetevatan.com\/sayin-gul-sikilmayin-lutfen\/340569\/1\/Gundem\" target=\"_blank\"><span style=\"color: #888888;\">Kaynak : VATAN<\/span><\/a><\/p>\n","protected":false},"excerpt":{"rendered":"<p style=\"text-align: center;\">\n<p style=\"text-align: justify;\">K\u0131l\u0131\u00e7daro\u011flu, \u201cT\u00fcrban konusundan s\u0131k\u0131ld\u0131m\u201d diyen Cumhurba\u015fkan\u0131 G\u00fcl\u2019e twitter\u2019dan b\u00f6yle seslendi.<\/p>\n<p style=\"text-align: justify;\">CHP lideri Kemal K\u0131l\u0131\u00e7daro\u011flu, t\u00fcrban sorununa ili\u015fkin sorulara \u00f6nceki g\u00fcn \u201cart\u0131k b\u0131kt\u0131m\u201d yan\u0131t\u0131n\u0131 veren Cumhurba\u015fkan\u0131 Abdullah G\u00fcl\u2019e, twitter \u00fczerinden yan\u0131t verdi. G\u00fcl, kendi hesab\u0131ndan d\u00fcn ak\u015fam saatlerinde uzun bayram tatili nedeniyle vatanda\u015flar\u0131 trafik konusunda uyard\u0131. <\/p>\n","protected":false},"author":1,"featured_media":0,"comment_status":"open","ping_status":"closed","sticky":false,"template":"","format":"standard","meta":{"footnotes":""},"categories":[105],"tags":[],"class_list":["post-27062","post","type-post","status-publish","format-standard","hentry","category-gundem","odd"],"_links":{"self":[{"href":"http:\/\/www.korhanyilmaz.com\/index.php?rest_route=\/wp\/v2\/posts\/27062","targetHints":{"allow":["GET"]}}],"collection":[{"href":"http:\/\/www.korhanyilmaz.com\/index.php?rest_route=\/wp\/v2\/posts"}],"about":[{"href":"http:\/\/www.korhanyilmaz.com\/index.php?rest_route=\/wp\/v2\/types\/post"}],"author":[{"embeddable":true,"href":"http:\/\/www.korhanyilmaz.com\/index.php?rest_route=\/wp\/v2\/users\/1"}],"replies":[{"embeddable":true,"href":"http:\/\/www.korhanyilmaz.com\/index.php?rest_route=%2Fwp%2Fv2%2Fcomments&post=27062"}],"version-history":[{"count":0,"href":"http:\/\/www.korhanyilmaz.com\/index.php?rest_route=\/wp\/v2\/posts\/27062\/revisions"}],"wp:attachment":[{"href":"http:\/\/www.korhanyilmaz.com\/index.php?rest_route=%2Fwp%2Fv2%2Fmedia&parent=27062"}],"wp:term":[{"taxonomy":"category","embeddable":true,"href":"http:\/\/www.korhanyilmaz.com\/index.php?rest_route=%2Fwp%2Fv2%2Fcategories&post=27062"},{"taxonomy":"post_tag","embeddable":true,"href":"http:\/\/www.korhanyilmaz.com\/index.php?rest_route=%2Fwp%2Fv2%2Ftags&post=27062"}],"curies":[{"name":"wp","href":"https:\/\/api.w.org\/{rel}","templated":true}]}}