{"id":27053,"date":"2010-11-12T17:40:24","date_gmt":"2010-11-12T15:40:24","guid":{"rendered":"http:\/\/www.korhanyilmaz.com\/?p=27053"},"modified":"2010-11-12T17:40:24","modified_gmt":"2010-11-12T15:40:24","slug":"sonunda-patladi-turbandan-biktim","status":"publish","type":"post","link":"http:\/\/www.korhanyilmaz.com\/?p=27053","title":{"rendered":"Sonunda patlad\u0131: &#8220;T\u00fcrbandan b\u0131kt\u0131m&#8221;"},"content":{"rendered":"<p><a href=\"http:\/\/www.korhanyilmaz.com\/wp-content\/uploads\/2010\/11\/180.jpeg\"  class=\"lightview\"><img loading=\"lazy\" decoding=\"async\" class=\"aligncenter size-full wp-image-27054\" src=\"http:\/\/www.korhanyilmaz.com\/wp-content\/uploads\/2010\/11\/180.jpeg\" alt=\"\" width=\"307\" height=\"236\" \/><\/a><\/p>\n<p style=\"text-align: justify;\">Cumhurba\u015fkan\u0131 Abdullah G\u00fcl, T\u00fcrkmenistan d\u00f6n\u00fc\u015f\u00fcnde gazetecilerin sorular\u0131n\u0131 cevaplad\u0131. G\u00fcl t\u00fcrbanla ilgili sorunun sonunu beklemeden &#8220;Bu t\u00fcrban konusundan b\u0131kt\u0131m. Bunu tekrar tekrar g\u00fcndeme getirmenin bir anlam\u0131 yok&#8221; dedi.<!--more--><\/p>\n<p style=\"text-align: justify;\">G\u00fcl, T\u00fcrkmenistan d\u00f6n\u00fc\u015f\u00fcnde Esenbo\u011fa Havaliman\u0131&#8217;nda a\u00e7\u0131klama yapt\u0131.<\/p>\n<p style=\"text-align: justify;\">Bir gazetecinin t\u00fcrban tart\u0131\u015fmalar\u0131 ile ilgili sorusu \u00fczerine, &#8220;Bu t\u00fcrban konusundan b\u0131kt\u0131m a\u00e7\u0131k s\u00f6yleyeyim. Yani l\u00fctfen sen al\u0131nma da gazeteci olarak tabi senin sorma hakk\u0131n var her \u015feyi, ama bu konulardan b\u0131kt\u0131k do\u011frusu. Yani bu kadar nedir bu; konu\u015f, konu\u015f, konu\u015f. Yani bu kadar T\u00fcrkiye&#8217;nin i\u015fleri varken, T\u00fcrkiye temel hak ve \u00f6zg\u00fcrl\u00fcklerde AB gibi bir \u00fclke olacakt\u0131r&#8221; dedi.<\/p>\n<p style=\"text-align: justify;\">G\u00fcl, &#8220;En geli\u015fmi\u015f demokratik standartlar T\u00fcrkiye&#8217;de ger\u00e7ekle\u015fecektir. Bu anlamda \u00f6zg\u00fcrl\u00fcklere tabi ki \u00f6nem veriliyor. Sanki T\u00fcrkiye&#8217;nin ba\u015fka bir meselesi yokmu\u015f gibi, sadece her oturumda bu, her \u015feyde bu. Televizyonlara bak\u0131yorum, konu\u015fulan mevzular bunlar, bunlar, bunlar. Yani b\u0131rak\u0131n herkesi serbest b\u0131rak\u0131n, herkes ne d\u00fc\u015f\u00fcn\u00fcyorsa konu\u015fsun. Ne istiyorsa yazs\u0131n, ne istiyorsa giysin&#8221; diye konu\u015ftu.<\/p>\n<p style=\"text-align: justify;\">Cumhurba\u015fkan\u0131, &#8220;Zaten bu konu \u00fcniversitelerle ilgili bir konu. \u00dcniversitelerin d\u0131\u015f\u0131nda herhangi ba\u015fka bir tart\u0131\u015fma yok. Yani bunu tekrar tekrar g\u00fcndeme getirmenin bir anlam\u0131 yok. Yine sen \u00fcst\u00fcne al\u0131nma gazeteci olarak, tabi ki her t\u00fcrl\u00fc soruyu soracaks\u0131n\u0131z, ben bunu genel olarak s\u00f6yledim, sizinle ilgili de\u011fil&#8221; dedi.<\/p>\n<p style=\"text-align: justify;\"><a href=\"http:\/\/www.cnnturk.com\/2010\/turkiye\/11\/12\/sonunda.patladi.turbandan.biktim\/596362.0\/index.html\" target=\"_blank\"><span style=\"color: #888888;\">CNN T\u00dcRK<\/span><\/a><\/p>\n","protected":false},"excerpt":{"rendered":"<\/p>\n<p style=\"text-align: justify;\">Cumhurba\u015fkan\u0131 Abdullah G\u00fcl, T\u00fcrkmenistan d\u00f6n\u00fc\u015f\u00fcnde gazetecilerin sorular\u0131n\u0131 cevaplad\u0131. G\u00fcl t\u00fcrbanla ilgili sorunun sonunu beklemeden &#8220;Bu t\u00fcrban konusundan b\u0131kt\u0131m. Bunu tekrar tekrar g\u00fcndeme getirmenin bir anlam\u0131 yok&#8221; dedi.<\/p>\n","protected":false},"author":1,"featured_media":0,"comment_status":"open","ping_status":"closed","sticky":false,"template":"","format":"standard","meta":{"footnotes":""},"categories":[105],"tags":[],"class_list":["post-27053","post","type-post","status-publish","format-standard","hentry","category-gundem","odd"],"_links":{"self":[{"href":"http:\/\/www.korhanyilmaz.com\/index.php?rest_route=\/wp\/v2\/posts\/27053","targetHints":{"allow":["GET"]}}],"collection":[{"href":"http:\/\/www.korhanyilmaz.com\/index.php?rest_route=\/wp\/v2\/posts"}],"about":[{"href":"http:\/\/www.korhanyilmaz.com\/index.php?rest_route=\/wp\/v2\/types\/post"}],"author":[{"embeddable":true,"href":"http:\/\/www.korhanyilmaz.com\/index.php?rest_route=\/wp\/v2\/users\/1"}],"replies":[{"embeddable":true,"href":"http:\/\/www.korhanyilmaz.com\/index.php?rest_route=%2Fwp%2Fv2%2Fcomments&post=27053"}],"version-history":[{"count":0,"href":"http:\/\/www.korhanyilmaz.com\/index.php?rest_route=\/wp\/v2\/posts\/27053\/revisions"}],"wp:attachment":[{"href":"http:\/\/www.korhanyilmaz.com\/index.php?rest_route=%2Fwp%2Fv2%2Fmedia&parent=27053"}],"wp:term":[{"taxonomy":"category","embeddable":true,"href":"http:\/\/www.korhanyilmaz.com\/index.php?rest_route=%2Fwp%2Fv2%2Fcategories&post=27053"},{"taxonomy":"post_tag","embeddable":true,"href":"http:\/\/www.korhanyilmaz.com\/index.php?rest_route=%2Fwp%2Fv2%2Ftags&post=27053"}],"curies":[{"name":"wp","href":"https:\/\/api.w.org\/{rel}","templated":true}]}}