{"id":27049,"date":"2010-11-12T17:19:52","date_gmt":"2010-11-12T15:19:52","guid":{"rendered":"http:\/\/www.korhanyilmaz.com\/?p=27049"},"modified":"2010-11-12T17:19:52","modified_gmt":"2010-11-12T15:19:52","slug":"chpden-bomba-iddia","status":"publish","type":"post","link":"http:\/\/www.korhanyilmaz.com\/?p=27049","title":{"rendered":"CHP&#8217;den bomba iddia"},"content":{"rendered":"<p style=\"text-align: center;\"><a href=\"http:\/\/www.korhanyilmaz.com\/wp-content\/uploads\/2010\/11\/179.jpg\"  class=\"lightview\"><img loading=\"lazy\" decoding=\"async\" class=\"aligncenter size-full wp-image-27050\" src=\"http:\/\/www.korhanyilmaz.com\/wp-content\/uploads\/2010\/11\/179.jpg\" alt=\"\" width=\"428\" height=\"195\" \/><\/a><\/p>\n<p style=\"text-align: justify;\"><strong>CHP Kayseri Milletvekili \u015eevki Kulkulo\u011flu: Trilyonluk yolsuzluk davas\u0131nda AKP&#8217;li bakanlar, y\u00f6neticiler var.<\/strong><\/p>\n<p style=\"text-align: justify;\">ANKARA &#8211; CHP Kayseri Milletvekili \u015eevki Kulkulo\u011flu, &#8220;56 san\u0131kl\u0131 ve trilyonlarca yolsuzlu\u011fun konu oldu\u011fu&#8221;nu s\u00f6yledi\u011fi bir davan\u0131n, iki kez yap\u0131lan temyiz incelemesi de dahil 5 ayda sonu\u00e7land\u0131\u011f\u0131n\u0131 s\u00f6yledi. <!--more--><\/p>\n<p style=\"text-align: justify;\">Kulkulo\u011flu, Mecliste d\u00fczenledi\u011fi bas\u0131n toplant\u0131s\u0131nda, yarg\u0131daki i\u015f y\u00fck\u00fcn\u00fcn a\u011f\u0131r oldu\u011funu ve davalar\u0131n ne kadar uzun s\u00fcrd\u00fc\u011f\u00fcn\u00fcn herkes taraf\u0131ndan bilindi\u011fini dile getirdi. Kulkulo\u011flu, &#8220;tek celseli bo\u015fanma davas\u0131n\u0131n bile en erken 4 ay s\u00fcrd\u00fc\u011f\u00fc&#8221; Kayseri Adliyesindeki &#8220;56 san\u0131kl\u0131 trilyonlarca liral\u0131k yolsuzlukla ilgili bir kamu davas\u0131&#8221;ndaki yarg\u0131laman\u0131n &#8220;Yarg\u0131taydaki iki temyiz incelemesi de dahil 5 ayda bitirildi\u011fini&#8221; \u00f6ne s\u00fcrd\u00fc.<\/p>\n<p style=\"text-align: justify;\">&#8220;Beraatle sonu\u00e7land\u0131\u011f\u0131n\u0131&#8221; belirtti\u011fi davayla ilgili &#8220;su\u00e7 duyurular\u0131 ve farkl\u0131 hukuki s\u00fcre\u00e7ler oldu\u011funu&#8221; ifade eden Kulkulo\u011flu, &#8220;Muhtemelen say\u0131n Genel Ba\u015fkan\u0131m\u0131z da bu konuda bir \u015feyler s\u00f6yleyecek. \u00c7\u00fcnk\u00fc bu dosya onun elinde&#8221; diye konu\u015ftu.<\/p>\n<p style=\"text-align: justify;\"><strong>DAVADA K\u0130MLER YARGILANIYOR<\/strong><\/p>\n<p style=\"text-align: justify;\">Bir bas\u0131n mensubunun, \u201cBu trilyonluk davada kimler yarg\u0131lan\u0131yor?\u201d sorusuna Kulkulo\u011flu, \u201c\u015eehrin t\u00fcm y\u00f6neticileri, AKP iktidar\u0131 y\u00f6neticileri, Bakanlar Kurulu\u2019ndan insanlar, AKP y\u00f6neticileri, T\u00fcrkiye tarihine \u00f6rnek olacak bir davad\u0131r\u201d dedi. \u201cKa\u00e7 Bakanlar Kurulu \u00fcyesi var?\u201d sorusuna ise Kulkulo\u011flu, \u201cHep beraber g\u00f6rece\u011fiz\u201d demekle yetindi.<\/p>\n<p style=\"text-align: justify;\"><strong>DOSYA KILI\u00c7DARO\u011eLU\u2019NUN \u00d6N\u00dcNDE<\/strong><\/p>\n<p style=\"text-align: justify;\">\u201c\u0130sim verebilir misiniz?\u201d sorusuna ise CHP\u2019li milletvekili, \u201c\u015eu anda veremem. Yarg\u0131da kar\u015f\u0131 s\u00fcre\u00e7 ba\u015flat\u0131lm\u0131\u015f durumda. Davalar a\u00e7\u0131l\u0131yor. Herhalde 100\u2019e yak\u0131n dava a\u00e7\u0131lm\u0131\u015f olacak. Su\u00e7 duyurular\u0131nda bulunulmu\u015f olacak. Muhtemelen Say\u0131n Genel Ba\u015fkan\u0131m\u0131z da bu konuda bir \u015feyler s\u00f6yleyecek. \u00c7\u00fcnk\u00fc onun elinde bu dosya\u201d diye konu\u015ftu.<\/p>\n<p style=\"text-align: justify;\">\u201cSu\u00e7 duyurusunda ve dava da siz de m\u00fcdahil misiniz?\u201d sorusuna da Kulkulo\u011flu, \u201cEvet, T\u00fcrk halk\u0131 ad\u0131na m\u00fcdahilim\u201d dedi. (AA)<\/p>\n<p style=\"text-align: justify;\"><a href=\"http:\/\/www.gazeteport.com.tr\/SIYASET\/NEWS\/GP_799737\" target=\"_blank\"><span style=\"color: #888888;\">Kaynak : GAZETEPORT<\/span><\/a><\/p>\n","protected":false},"excerpt":{"rendered":"<p style=\"text-align: center;\">\n<p style=\"text-align: justify;\">CHP Kayseri Milletvekili \u015eevki Kulkulo\u011flu: Trilyonluk yolsuzluk davas\u0131nda AKP&#8217;li bakanlar, y\u00f6neticiler var.<\/p>\n<p style=\"text-align: justify;\">ANKARA &#8211; CHP Kayseri Milletvekili \u015eevki Kulkulo\u011flu, &#8220;56 san\u0131kl\u0131 ve trilyonlarca yolsuzlu\u011fun konu oldu\u011fu&#8221;nu s\u00f6yledi\u011fi bir davan\u0131n, iki kez yap\u0131lan temyiz incelemesi de dahil 5 ayda sonu\u00e7land\u0131\u011f\u0131n\u0131 s\u00f6yledi. <\/p>\n","protected":false},"author":1,"featured_media":0,"comment_status":"open","ping_status":"closed","sticky":false,"template":"","format":"standard","meta":{"footnotes":""},"categories":[105],"tags":[],"class_list":["post-27049","post","type-post","status-publish","format-standard","hentry","category-gundem","odd"],"_links":{"self":[{"href":"http:\/\/www.korhanyilmaz.com\/index.php?rest_route=\/wp\/v2\/posts\/27049","targetHints":{"allow":["GET"]}}],"collection":[{"href":"http:\/\/www.korhanyilmaz.com\/index.php?rest_route=\/wp\/v2\/posts"}],"about":[{"href":"http:\/\/www.korhanyilmaz.com\/index.php?rest_route=\/wp\/v2\/types\/post"}],"author":[{"embeddable":true,"href":"http:\/\/www.korhanyilmaz.com\/index.php?rest_route=\/wp\/v2\/users\/1"}],"replies":[{"embeddable":true,"href":"http:\/\/www.korhanyilmaz.com\/index.php?rest_route=%2Fwp%2Fv2%2Fcomments&post=27049"}],"version-history":[{"count":0,"href":"http:\/\/www.korhanyilmaz.com\/index.php?rest_route=\/wp\/v2\/posts\/27049\/revisions"}],"wp:attachment":[{"href":"http:\/\/www.korhanyilmaz.com\/index.php?rest_route=%2Fwp%2Fv2%2Fmedia&parent=27049"}],"wp:term":[{"taxonomy":"category","embeddable":true,"href":"http:\/\/www.korhanyilmaz.com\/index.php?rest_route=%2Fwp%2Fv2%2Fcategories&post=27049"},{"taxonomy":"post_tag","embeddable":true,"href":"http:\/\/www.korhanyilmaz.com\/index.php?rest_route=%2Fwp%2Fv2%2Ftags&post=27049"}],"curies":[{"name":"wp","href":"https:\/\/api.w.org\/{rel}","templated":true}]}}