{"id":27042,"date":"2010-11-11T10:55:30","date_gmt":"2010-11-11T08:55:30","guid":{"rendered":"http:\/\/www.korhanyilmaz.com\/?p=27042"},"modified":"2010-11-11T10:55:30","modified_gmt":"2010-11-11T08:55:30","slug":"gul-erdogan-ile-ozgurluk-anlayisimiz-farkli-degil","status":"publish","type":"post","link":"http:\/\/www.korhanyilmaz.com\/?p=27042","title":{"rendered":"G\u00fcl: Erdo\u011fan ile \u00f6zg\u00fcrl\u00fck anlay\u0131\u015f\u0131m\u0131z farkl\u0131 de\u011fil!"},"content":{"rendered":"<p style=\"text-align: center;\"><a href=\"http:\/\/www.korhanyilmaz.com\/wp-content\/uploads\/2010\/11\/177.jpg\"  class=\"lightview\"><img loading=\"lazy\" decoding=\"async\" class=\"aligncenter size-full wp-image-27043\" src=\"http:\/\/www.korhanyilmaz.com\/wp-content\/uploads\/2010\/11\/177.jpg\" alt=\"\" width=\"413\" height=\"220\" \/><\/a><\/p>\n<p style=\"text-align: justify;\">Cumhurba\u015fkan\u0131 Abdullah G\u00fcl, &#8221;Say\u0131n Ba\u015fbakan&#8217;la \u00f6zg\u00fcrl\u00fck anlay\u0131\u015f\u0131m\u0131zda, bir fark\u0131m\u0131z yoktur&#8221; dedi.<\/p>\n<p style=\"text-align: justify;\">ANKARA  &#8211; G\u00fcl, T\u00fcrkmenistan&#8217;a yapaca\u011f\u0131 ziyaret \u00f6ncesinde Esenbo\u011fa Havaliman\u0131&#8217;nda gazetecilerin sorular\u0131n\u0131 yan\u0131tlad\u0131.<!--more--><\/p>\n<p style=\"text-align: justify;\">Bir gazetecinin, AB \u0130lerleme Raporu&#8217;nda bas\u0131n \u00f6zg\u00fcrl\u00fc\u011f\u00fc, inan\u00e7 \u00f6zg\u00fcrl\u00fc\u011f\u00fc, dini \u00f6zg\u00fcrl\u00fckler ve yarg\u0131lama s\u00fcreleri konular\u0131nda ele\u015ftiriler bulundu\u011funu hat\u0131rlatarak, &#8221;Bu konuda sizce ileride bir ad\u0131m at\u0131lmal\u0131 m\u0131&#8221; sorusu \u00fczerine G\u00fcl, \u0130lerleme Raporu&#8217;nun her y\u0131l yay\u0131mland\u0131\u011f\u0131n\u0131 ve T\u00fcrkiye&#8217;de yap\u0131lan g\u00fczel \u015feyleri yans\u0131tt\u0131\u011f\u0131 gibi, noksanl\u0131klar\u0131 ve teklifleri de toplad\u0131\u011f\u0131n\u0131 s\u00f6yledi.<\/p>\n<p style=\"text-align: justify;\"><a href=\"http:\/\/www.korhanyilmaz.com\/wp-content\/uploads\/2010\/11\/178.jpg\"  class=\"lightview\"><img loading=\"lazy\" decoding=\"async\" class=\"alignleft size-full wp-image-27044\" style=\"margin-left: 10px; margin-right: 10px;\" src=\"http:\/\/www.korhanyilmaz.com\/wp-content\/uploads\/2010\/11\/178.jpg\" alt=\"\" width=\"225\" height=\"225\" \/><\/a> Bununla ilgili bakanl\u0131\u011f\u0131n de\u011ferlendirmede bulunup a\u00e7\u0131klama yapt\u0131\u011f\u0131n\u0131 ifade eden G\u00fcl, bu konuda kendisinin de dikkat \u00e7ekti\u011fi bir husus oldu\u011funu dile getirdi. G\u00fcl, \u015f\u00f6yle devam etti:<\/p>\n<p style=\"text-align: justify;\">&#8221;Asl\u0131nda gazetecilerle ilgili bir d\u00fczenlemenin yap\u0131lmas\u0131 gerekti\u011fi&#8230; Bildi\u011fim kadar\u0131yla h\u00fck\u00fcmet de bunun \u00fczerinde duruyor. \u00c7\u00fcnk\u00fc \u00e7ok say\u0131da gazeteciyle ilgili davalar\u0131n a\u00e7\u0131ld\u0131\u011f\u0131n\u0131 g\u00f6r\u00fcyoruz.<\/p>\n<p style=\"text-align: justify;\">Ama burada \u015funun alt\u0131n\u0131 \u00e7izmek isterim, buna, Londra&#8217;da bulundu\u011fum s\u00fcre i\u00e7inde de sordular a\u00e7\u0131kl\u0131k getirdim. T\u00fcrkiye&#8217;de isteyen istedi\u011fini yazar. \u015eiddet olmamak \u015fart\u0131yla, \u015fiddeti te\u015fvik etmemek, nefreti te\u015fvik etmemek \u015fart\u0131yla istedi\u011fini yazar, istedi\u011fini d\u00fc\u015f\u00fcn\u00fcr, istedi\u011fini konu\u015fur. \u0130fade \u00f6zg\u00fcrl\u00fc\u011f\u00fc a\u00e7\u0131s\u0131ndan gazeteciler ne istiyorlarsa istedikleri tenkidi yapabilirler.<\/p>\n<p style=\"text-align: justify;\">Biliyorsunuz bu problem farkl\u0131 bir \u015fey. Mahkeme safahat\u0131ndaki bilgilerin erken yans\u0131t\u0131lmas\u0131yla ilgili bir problem var ortada. Dolay\u0131s\u0131yla bunun \u00fczerinde bir yasal \u00e7al\u0131\u015fma yap\u0131lmas\u0131 gerekti\u011fi kanaatindeyim. Dedi\u011fim gibi, Adalet Bakanl\u0131\u011f\u0131 ve h\u00fck\u00fcmet bu konuda \u00e7al\u0131\u015f\u0131yorlar.&#8221;<\/p>\n<p style=\"text-align: justify;\">Cumhurba\u015fkan\u0131 Abdullah G\u00fcl, &#8221;E\u015finizin ilkokulda ba\u015f\u00f6rt\u00fcs\u00fc ile ilgili olarak baz\u0131 a\u00e7\u0131klamalar\u0131 olmu\u015ftu. Siz, &#8216;Kat\u0131l\u0131yorum&#8217; demi\u015ftiniz. D\u00fcn Ba\u015fbakan, &#8216;Bireysel yorum yapmam&#8217; dedi ve se\u00e7im sonras\u0131n\u0131 i\u015faret etti. &#8216;G\u00f6r\u00fc\u015f ayr\u0131l\u0131\u011f\u0131 m\u0131 var?&#8217; yorumlar\u0131 da yap\u0131l\u0131yor. Nas\u0131l de\u011ferlendirirsiniz&#8221; sorusu \u00fczerine de \u015funlar\u0131 s\u00f6yledi:<\/p>\n<p style=\"text-align: justify;\">&#8221;Say\u0131n Ba\u015fbakan&#8217;la \u00f6zg\u00fcrl\u00fck anlay\u0131\u015f\u0131m\u0131zda, bunlarda bir fark\u0131m\u0131z yoktur. Her \u015fey a\u00e7\u0131k. Bu konularda bu kadar fazla konu\u015fulmas\u0131n\u0131 da do\u011frusu biraz gereksiz g\u00f6r\u00fcyorum. \u00d6n\u00fcm\u00fczde daha bir\u00e7ok meseleler var. Ciddi konular var.<\/p>\n<p style=\"text-align: justify;\">Bu konularla ilgili g\u00f6r\u00fcyorsunuz \u00fcniversitelerde de zaten b\u00fct\u00fcn T\u00fcrkiye bir anlay\u0131\u015fa geldi. \u0130ktidar\u0131yla, muhalefetiyle herkes vicdanlara ters gelen bir uygulaman\u0131n d\u00fczeltilmesi konusunda, herkesin bir ortak kanaati var. \u00dcmit ederim ki, bununla ilgili d\u00fczenlemeler de g\u00fcn\u00fc geldi\u011finde yap\u0131l\u0131r.&#8221;<\/p>\n<p style=\"text-align: justify;\"><a href=\"http:\/\/www.gazeteport.com.tr\/SIYASET\/NEWS\/GP_798682\" target=\"_blank\"><span style=\"color: #888888;\">Kaynak : GAZETEPORT<\/span><\/a><\/p>\n","protected":false},"excerpt":{"rendered":"<p style=\"text-align: center;\">\n<p style=\"text-align: justify;\">Cumhurba\u015fkan\u0131 Abdullah G\u00fcl, &#8221;Say\u0131n Ba\u015fbakan&#8217;la \u00f6zg\u00fcrl\u00fck anlay\u0131\u015f\u0131m\u0131zda, bir fark\u0131m\u0131z yoktur&#8221; dedi.<\/p>\n<p style=\"text-align: justify;\">ANKARA &#8211; G\u00fcl, T\u00fcrkmenistan&#8217;a yapaca\u011f\u0131 ziyaret \u00f6ncesinde Esenbo\u011fa Havaliman\u0131&#8217;nda gazetecilerin sorular\u0131n\u0131 yan\u0131tlad\u0131.<\/p>\n","protected":false},"author":1,"featured_media":0,"comment_status":"open","ping_status":"closed","sticky":false,"template":"","format":"standard","meta":{"footnotes":""},"categories":[105],"tags":[],"class_list":["post-27042","post","type-post","status-publish","format-standard","hentry","category-gundem","odd"],"_links":{"self":[{"href":"http:\/\/www.korhanyilmaz.com\/index.php?rest_route=\/wp\/v2\/posts\/27042","targetHints":{"allow":["GET"]}}],"collection":[{"href":"http:\/\/www.korhanyilmaz.com\/index.php?rest_route=\/wp\/v2\/posts"}],"about":[{"href":"http:\/\/www.korhanyilmaz.com\/index.php?rest_route=\/wp\/v2\/types\/post"}],"author":[{"embeddable":true,"href":"http:\/\/www.korhanyilmaz.com\/index.php?rest_route=\/wp\/v2\/users\/1"}],"replies":[{"embeddable":true,"href":"http:\/\/www.korhanyilmaz.com\/index.php?rest_route=%2Fwp%2Fv2%2Fcomments&post=27042"}],"version-history":[{"count":0,"href":"http:\/\/www.korhanyilmaz.com\/index.php?rest_route=\/wp\/v2\/posts\/27042\/revisions"}],"wp:attachment":[{"href":"http:\/\/www.korhanyilmaz.com\/index.php?rest_route=%2Fwp%2Fv2%2Fmedia&parent=27042"}],"wp:term":[{"taxonomy":"category","embeddable":true,"href":"http:\/\/www.korhanyilmaz.com\/index.php?rest_route=%2Fwp%2Fv2%2Fcategories&post=27042"},{"taxonomy":"post_tag","embeddable":true,"href":"http:\/\/www.korhanyilmaz.com\/index.php?rest_route=%2Fwp%2Fv2%2Ftags&post=27042"}],"curies":[{"name":"wp","href":"https:\/\/api.w.org\/{rel}","templated":true}]}}