{"id":27027,"date":"2010-11-10T10:37:53","date_gmt":"2010-11-10T08:37:53","guid":{"rendered":"http:\/\/www.korhanyilmaz.com\/?p=27027"},"modified":"2010-11-10T10:37:53","modified_gmt":"2010-11-10T08:37:53","slug":"buyuk-onder-ataturku-aniyoruz","status":"publish","type":"post","link":"http:\/\/www.korhanyilmaz.com\/?p=27027","title":{"rendered":"B\u00fcy\u00fck \u00f6nder Atat\u00fcrk&#8217;\u00fc an\u0131yoruz&#8230;"},"content":{"rendered":"<p style=\"text-align: center;\"><a href=\"http:\/\/www.korhanyilmaz.com\/wp-content\/uploads\/2010\/11\/170.jpeg\"  class=\"lightview\"><img loading=\"lazy\" decoding=\"async\" class=\"aligncenter size-full wp-image-27028\" src=\"http:\/\/www.korhanyilmaz.com\/wp-content\/uploads\/2010\/11\/170.jpeg\" alt=\"\" width=\"346\" height=\"266\" \/><\/a><\/p>\n<p style=\"text-align: justify;\">T\u00fcrkiye Cumhuriyeti&#8217;nin Kurucusu, B\u00fcy\u00fck \u00d6nder Mustafa Kemal Atat\u00fcrk, ebediyete intikal edi\u015finin 72. y\u0131ld\u00f6n\u00fcm\u00fcnde t\u00fcm yurtta, KKTC&#8217;de ve d\u0131\u015f temsilciliklerde t\u00f6renler ve \u00e7e\u015fitli etkinliklerle an\u0131l\u0131yor.<!--more--><\/p>\n<p style=\"text-align: justify;\"><strong>ANKARA&#8217;DAK\u0130 T\u00d6RENLER&#8230; <\/strong><\/p>\n<p style=\"text-align: justify;\">Atat\u00fcrk&#8217;\u00fc anma t\u00f6renlerinin ilk adresi An\u0131tkabir oldu.<\/p>\n<p style=\"text-align: justify;\">Devlet erkan\u0131, Cumhurba\u015fkan\u0131 Abdullah G\u00fcl ba\u015fkanl\u0131\u011f\u0131nda Atat\u00fcrk&#8217;\u00fcn manevi huzurunda sayg\u0131 duru\u015funda bulundu. An\u0131tkabir devlet t\u00f6reninin ard\u0131ndan her y\u0131l oldu\u011fu gibi vatanda\u015flar\u0131n ziyaretine de a\u00e7\u0131ld\u0131.<\/p>\n<p style=\"text-align: justify;\">Cumhurba\u015fkan\u0131 G\u00fcl ba\u015fkanl\u0131\u011f\u0131ndaki devlet erkan\u0131, An\u0131tkabir&#8217;deki t\u00f6rende bir araya geldi.<\/p>\n<p style=\"text-align: justify;\">Meclis Ba\u015fkan\u0131 Mehmet Ali \u015eahin, Ba\u015fbakan Recep Tayyip Erdo\u011fan, CHP lideri Kemal K\u0131l\u0131\u00e7daro\u011flu, MHP lideri Devlet Bah\u00e7eli, Genelkurmay Ba\u015fkan\u0131 Orgeneral I\u015f\u0131k Ko\u015faner ve kuvvet komutanlar\u0131, y\u00fcksek yarg\u0131 kurumlar\u0131n\u0131n ba\u015fkanlar\u0131 t\u00f6rendeydi.<\/p>\n<p style=\"text-align: justify;\">Onlar\u0131n yan\u0131 s\u0131ra Ankara Garnizonu&#8217;nda g\u00f6revli subay ve astsubaylar ile \u00f6\u011frenci ve vatanda\u015flar da an\u0131tkabirin avlusunu doldurmu\u015flard\u0131.<\/p>\n<p style=\"text-align: justify;\">Sayg\u0131 duru\u015fu ve \u0130stiklal Mar\u015f\u0131&#8217;n\u0131n ard\u0131ndan Misak-\u0131 Milli kulesine ge\u00e7ildi. An\u0131tkabir \u00f6zel defterini Cumhurba\u015fkan\u0131 Abdullah G\u00fcl imzalad\u0131:<\/p>\n<p style=\"text-align: justify;\">&#8220;Cumhuriyetimizin 87. y\u0131l\u0131nda yakalad\u0131\u011f\u0131m\u0131z geli\u015fme ivmesi, T\u00fcrkiye&#8217;nin gelece\u011finin parlak oldu\u011funu en g\u00fczel \u015fekilde ortaya koymaktad\u0131r. T\u00fcrkiye, model al\u0131nan bir \u00fclke ve \u00f6nemli bir b\u00f6lgesel g\u00fc\u00e7 olarak d\u00fcnyaya damgas\u0131n\u0131 vurmaya devam edecektir. T\u00fcrk milleti olarak, size \u015f\u00fckranlar\u0131m\u0131z\u0131 sunuyoruz. Ruhunuz \u015fad olsun. &#8220;<\/p>\n<p style=\"text-align: justify;\">Devlet t\u00f6renin ard\u0131ndan askeri ve sivil erkan ile \u00f6\u011frenciler, Atat\u00fcrk&#8217;\u00fcn mozolesinin \u00f6n\u00fcnden sayg\u0131 ge\u00e7i\u015fi yapt\u0131.<\/p>\n<p style=\"text-align: center;\"><a href=\"http:\/\/www.korhanyilmaz.com\/wp-content\/uploads\/2010\/11\/173.jpeg\"  class=\"lightview\"><img loading=\"lazy\" decoding=\"async\" class=\"aligncenter size-full wp-image-27030\" src=\"http:\/\/www.korhanyilmaz.com\/wp-content\/uploads\/2010\/11\/173.jpeg\" alt=\"\" width=\"464\" height=\"223\" \/><\/a><\/p>\n<p style=\"text-align: justify;\"><strong>\u0130STANBUL&#8217;DAK\u0130 T\u00d6RENLER&#8230;. <\/strong><\/p>\n<p style=\"text-align: justify;\">T\u00fcrkiye Cumhuriyeti&#8217;nin kurucusu Mustafa Kemal Atat\u00fcrk \u00f6l\u00fcm\u00fcn\u00fcn 72. Y\u0131l\u0131nda \u0130stanbul&#8217;da da t\u00f6renlerle an\u0131ld\u0131. Halk, B\u00fcy\u00fck \u00d6nderin hayata g\u00f6zlerini yumdu\u011fu Dolmabah\u00e7e Saray\u0131&#8217;na ak\u0131n etti. Ata&#8217;n\u0131n g\u00f6zlerini yumdu\u011fu yata\u011fa \u00e7i\u00e7ekler b\u0131rak\u0131ld\u0131.<\/p>\n<p style=\"text-align: justify;\">Saat 09. 05&#8217;te \u0130stanbul&#8217;da da sokaklarda, k\u00f6pr\u00fclerde, otoyollarda siren ve korna sesleri vard\u0131.<\/p>\n<p style=\"text-align: center;\"><a href=\"http:\/\/www.korhanyilmaz.com\/wp-content\/uploads\/2010\/11\/172.jpeg\"  class=\"lightview\"><img loading=\"lazy\" decoding=\"async\" class=\"aligncenter size-full wp-image-27029\" src=\"http:\/\/www.korhanyilmaz.com\/wp-content\/uploads\/2010\/11\/172.jpeg\" alt=\"\" width=\"464\" height=\"280\" \/><\/a><\/p>\n<p style=\"text-align: justify;\">Atat\u00fcrk i\u00e7in hayata g\u00f6zlerini yumdu\u011fu Dolmabah\u00e7e Saray\u0131&#8217;nda ve Taksim Meydan\u0131&#8217;nda t\u00f6renler d\u00fczenlendi. Saat 09. 05&#8217;te bayraklar yar\u0131ya indirildi ve Taksim Cumhuriyet An\u0131t\u0131&#8217;na \u00e7elenk b\u0131rak\u0131ld\u0131.<\/p>\n<p style=\"text-align: justify;\">Dolmabah\u00e7e Saray\u0131&#8217;n\u0131n bah\u00e7esi her y\u0131l oldu\u011fu gibi 7&#8217;den 70&#8217;e Ulu \u00d6nder&#8217;i anmak isteyenlerle doluydu. \u0130lk t\u00f6ren Atat\u00fcrk&#8217;\u00fcn odas\u0131&#8217;nda d\u00fczenlendi.<\/p>\n<p style=\"text-align: justify;\">Atat\u00fcrk&#8217;\u00fcn yata\u011f\u0131na karanfiller b\u0131rak\u0131ld\u0131. \u00c7ocuklar yine \u00f6n s\u0131ralardayd\u0131. T\u00f6renlere yurdun d\u00f6rt bir yan\u0131ndan yo\u011fun kat\u0131l\u0131m oldu. Atat\u00fcrk&#8217;\u00fcn manevi k\u0131z\u0131 \u00dclk\u00fc Adatepe de Dolmabah\u00e7e&#8217;deydi.<\/p>\n<p style=\"text-align: justify;\"><strong>Anma etkinlikleri d\u00fczenlenecek <\/strong><\/p>\n<p style=\"text-align: justify;\">Bisikletliler Derne\u011fi, &#8220;Atam\u0131z\u0131n Yolunday\u0131z&#8221; etkinli\u011fi kapsam\u0131nda, 81 ilden 81 bisikletli ile 500 kilometre pedal \u00e7evirerek, 10 Kas\u0131mda Atat\u00fcrk&#8217;\u00fcn huzuruna \u00e7\u0131kacak. Kocaeli, Sakarya, D\u00fczce ve Bolu illerinden ge\u00e7erek 10 Kas\u0131m \u00c7ar\u015famba g\u00fcn\u00fc Ankara&#8217;ya ula\u015facak olan bisikletliler, ayn\u0131 g\u00fcn An\u0131tkabir&#8217;de Atat\u00fcrk&#8217;\u00fcn huzuruna \u00e7\u0131kacaklar.<\/p>\n<p style=\"text-align: justify;\">Gazi \u00dcniversitesi, Cumhuriyetimizin kurucusu B\u00fcy\u00fck \u00d6nder Mustafa Kemal Atat\u00fcrk&#8217;\u00fc, \u00f6l\u00fcm\u00fcn\u00fcn 72. y\u0131l\u0131nda d\u00fczenleyece\u011fi etkinliklerle anacak. Bu kapsamda rekt\u00f6rl\u00fck binas\u0131 i\u00e7inde &#8220;Atat\u00fcrk Resimleri Sergisi&#8221; a\u00e7\u0131lacak. Azeri Ressam Hikmet Be\u015firli ve Elanura Karayeva&#8217;n\u0131n haz\u0131rlad\u0131\u011f\u0131 ya\u011fl\u0131 boya sergide, Ulu \u00d6nder Mustafa Kemal Atat\u00fcrk&#8217;\u00fcn ya\u015fam\u0131ndan kesitler sunuluyor. Hafta boyuncu a\u00e7\u0131k kalacak sergi, \u00fccretsiz gezilebilecek.<\/p>\n<p style=\"text-align: justify;\">Atletizm Federasyonu, Ulu \u00d6nder Atat\u00fcrk&#8217;\u00fcn \u00f6l\u00fcm\u00fcn\u00fcn 72. y\u0131l d\u00f6n\u00fcm\u00fc nedeniyle Atat\u00fcrk K\u00fclt\u00fcr Merkezi Hipodrom Alan\u0131&#8217;nda bir ko\u015fu d\u00fczenleyecek. \u0130lk\u00f6\u011fretim okullu k\u00fc\u00e7\u00fck k\u0131zlar ve k\u00fc\u00e7\u00fck erkekler, ilk\u00f6\u011fretim okullu y\u0131ld\u0131z k\u0131zlar ve y\u0131ld\u0131z erkekler, lise ve dengi okullu gen\u00e7 k\u0131zlar ve gen\u00e7 erkekler, \u00fcniversite, akademi ve y\u00fcksek okullu bayanlar ve erkekler kategorilerinde yap\u0131lacak yar\u0131\u015flar, 1500 metre ile 6000 metre aras\u0131nda de\u011fi\u015fecek.<\/p>\n<p style=\"text-align: justify;\">Atat\u00fcrk Orman \u00c7iftli\u011fi M\u00fcd\u00fcrl\u00fc\u011f\u00fc Atat\u00fcrk Haftas\u0131 etkinlikleri kapsam\u0131nda, 53 ressam\u0131n A.O.\u00c7. M\u00fcd\u00fcrl\u00fc\u011f\u00fcne ba\u011f\u0131\u015flad\u0131\u011f\u0131 ya\u011fl\u0131 boya resim \u00e7al\u0131\u015fmalar\u0131ndan olu\u015fan &#8220;Atat\u00fcrk Evleri Ya\u011fl\u0131 Boya Resim Sergisi&#8221; 6 Kas\u0131mda a\u00e7\u0131ld\u0131.<\/p>\n<p style=\"text-align: justify;\"><strong>En sevdi\u011fi operayla an\u0131lacak <\/strong><\/p>\n<p style=\"text-align: justify;\">Atat\u00fcrk, askeri ata\u015fe olarak gen\u00e7 ya\u015fta gitti\u011fi Bulgaristan&#8217;da sevdi\u011fi, her b\u00f6l\u00fcm\u00fcn\u00fc ezbere bildi\u011fi ve kimi zaman g\u00f6zya\u015flar\u0131 i\u00e7inde dinledi\u011fi &#8220;Tosca&#8221; e\u015fli\u011finde an\u0131lacak. Ankara Devlet Opera ve Balesi (ADOB), Ata&#8217;n\u0131n ebediyete intikalinin 72. y\u0131ld\u00f6n\u00fcm\u00fc olan 10 Kas\u0131m&#8217;da, Ulu \u00d6nder i\u00e7in en sevdi\u011fi operan\u0131n konser versiyonunu seslendirecek.<\/p>\n<p style=\"text-align: justify;\">Ayr\u0131ca Ankara Devlet Opera ve Balesi, bug\u00fcn saat 12.00&#8217;de Opera Sahnesi&#8217;nde &#8220;Atat\u00fcrk&#8217;\u00fc Anma Konseri&#8221; d\u00fczenleyecek. B\u00fcy\u00fck \u00d6nder Atat\u00fcrk&#8217;\u00fcn sevdi\u011fi \u015fark\u0131lar\u0131n seslendirilece\u011fi konserde koroyu Mustafa Erdo\u011fan y\u00f6netecek.<\/p>\n<p style=\"text-align: justify;\">Bursa B\u00f6lge Devlet Senfoni Orkestras\u0131 (BBDSO), &#8220;Atat\u00fcrk&#8217;\u00fc Anma Konseri&#8221;nde T\u00fcrk m\u00fczik d\u00fcnyas\u0131n\u0131n efsanelerinden \u00fcnl\u00fc piyanist \u0130dil Biret&#8217;i konuk edecek. Samsun ve Antalya Devlet Opera ve Balesi de 10 Kas\u0131mda Atat\u00fcrk&#8217;\u00fc anma konseri ger\u00e7ekle\u015ftirecek.<\/p>\n<p style=\"text-align: justify;\">Antalya Devlet Opera ve Balesi, Atat\u00fcrk&#8217;\u00fc, \u00f6l\u00fcm\u00fcn\u00fcn 72. y\u0131l\u0131nda &#8220;Atat\u00fcrk&#8217;\u00fcn Sesi&#8221; adl\u0131 eserin de sunulaca\u011f\u0131 \u00f6zel bir programla anacak. \u0130zmir&#8217;in iki sanat kurumu \u0130ZDSO ve \u0130zmir Devlet Opera ve Balesi (\u0130ZDOB), 10 Kas\u0131m Atat\u00fcrk&#8217;\u00fc Anma \u00f6zel etkinli\u011fi olarak, Sabri Tulu\u011f T\u0131rpan&#8217;\u0131n yazd\u0131\u011f\u0131 &#8220;Kahraman T\u00fcrk Kad\u0131nlar\u0131&#8221; oratoryosunun d\u00fcnya pr\u00f6miyerine imza atacak.<\/p>\n<p style=\"text-align: justify;\"><a href=\"http:\/\/www.cnnturk.com\/2010\/turkiye\/11\/10\/buyuk.onder.ataturku.aniyoruz\/595940.0\/index.html\" target=\"_blank\"><span style=\"color: #888888;\">CNN T\u00dcRK<\/span><\/a><\/p>\n","protected":false},"excerpt":{"rendered":"<p style=\"text-align: center;\">\n<p style=\"text-align: justify;\">T\u00fcrkiye Cumhuriyeti&#8217;nin Kurucusu, B\u00fcy\u00fck \u00d6nder Mustafa Kemal Atat\u00fcrk, ebediyete intikal edi\u015finin 72. y\u0131ld\u00f6n\u00fcm\u00fcnde t\u00fcm yurtta, KKTC&#8217;de ve d\u0131\u015f temsilciliklerde t\u00f6renler ve \u00e7e\u015fitli etkinliklerle an\u0131l\u0131yor.<\/p>\n","protected":false},"author":1,"featured_media":0,"comment_status":"open","ping_status":"closed","sticky":false,"template":"","format":"standard","meta":{"footnotes":""},"categories":[105],"tags":[],"class_list":["post-27027","post","type-post","status-publish","format-standard","hentry","category-gundem","odd"],"_links":{"self":[{"href":"http:\/\/www.korhanyilmaz.com\/index.php?rest_route=\/wp\/v2\/posts\/27027","targetHints":{"allow":["GET"]}}],"collection":[{"href":"http:\/\/www.korhanyilmaz.com\/index.php?rest_route=\/wp\/v2\/posts"}],"about":[{"href":"http:\/\/www.korhanyilmaz.com\/index.php?rest_route=\/wp\/v2\/types\/post"}],"author":[{"embeddable":true,"href":"http:\/\/www.korhanyilmaz.com\/index.php?rest_route=\/wp\/v2\/users\/1"}],"replies":[{"embeddable":true,"href":"http:\/\/www.korhanyilmaz.com\/index.php?rest_route=%2Fwp%2Fv2%2Fcomments&post=27027"}],"version-history":[{"count":0,"href":"http:\/\/www.korhanyilmaz.com\/index.php?rest_route=\/wp\/v2\/posts\/27027\/revisions"}],"wp:attachment":[{"href":"http:\/\/www.korhanyilmaz.com\/index.php?rest_route=%2Fwp%2Fv2%2Fmedia&parent=27027"}],"wp:term":[{"taxonomy":"category","embeddable":true,"href":"http:\/\/www.korhanyilmaz.com\/index.php?rest_route=%2Fwp%2Fv2%2Fcategories&post=27027"},{"taxonomy":"post_tag","embeddable":true,"href":"http:\/\/www.korhanyilmaz.com\/index.php?rest_route=%2Fwp%2Fv2%2Ftags&post=27027"}],"curies":[{"name":"wp","href":"https:\/\/api.w.org\/{rel}","templated":true}]}}