{"id":27023,"date":"2010-11-09T00:28:49","date_gmt":"2010-11-08T22:28:49","guid":{"rendered":"http:\/\/www.korhanyilmaz.com\/?p=27023"},"modified":"2010-11-09T00:28:49","modified_gmt":"2010-11-08T22:28:49","slug":"tubitak-muammasini-avukat-cozecek","status":"publish","type":"post","link":"http:\/\/www.korhanyilmaz.com\/?p=27023","title":{"rendered":"T\u00dcB\u0130TAK muammas\u0131n\u0131 avukat \u00e7\u00f6zecek"},"content":{"rendered":"<p style=\"text-align: center;\"><a href=\"http:\/\/www.korhanyilmaz.com\/wp-content\/uploads\/2010\/11\/169.jpg\"  class=\"lightview\"><img loading=\"lazy\" decoding=\"async\" class=\"aligncenter size-full wp-image-27024\" src=\"http:\/\/www.korhanyilmaz.com\/wp-content\/uploads\/2010\/11\/169.jpg\" alt=\"\" width=\"449\" height=\"231\" \/><\/a><\/p>\n<p style=\"text-align: justify;\">T\u00dcB\u0130TAK Ba\u015fkanl\u0131\u011f\u0131n\u0131n, Hanefi Avc\u0131&#8217;dan elde edildi\u011fi ileri s\u00fcr\u00fclen ses kasetlerine yap\u0131lan ke\u015fif s\u0131ras\u0131nda, g\u00f6revlilerinin olay yerinde bulunmad\u0131\u011f\u0131 iddias\u0131na kar\u015f\u0131, Avc\u0131&#8217;n\u0131n avukat\u0131 Ankara&#8217;da a\u00e7\u0131klama yapacak.<\/p>\n<p style=\"text-align: justify;\">\u0130STANBUL \/ Devrimci Karargah soru\u015fturmas\u0131 kapsam\u0131nda tutuklanan emniyet m\u00fcd\u00fcr\u00fc Hanefi Avc\u0131&#8217;n\u0131n avukat\u0131 Fidel Okan&#8217;\u0131n, T\u00dcB\u0130TAK Ba\u015fkanl\u0131\u011f\u0131n\u0131n yapt\u0131\u011f\u0131 yalanlama konusunda bug\u00fcn Ankara&#8217;da a\u00e7\u0131klama yapaca\u011f\u0131 \u00f6\u011frenildi. <!--more--><\/p>\n<p style=\"text-align: justify;\">Edinilen bilgilere g\u00f6re; Hanefi Avc\u0131&#8217;n\u0131n avukat\u0131 Fidel Okan, tutuklu emniyet m\u00fcd\u00fcr\u00fcn\u00fcn makam odas\u0131n\u0131n arkas\u0131nda bulunan istirahat b\u00f6lmesinde ele ge\u00e7irildi\u011fi ileri s\u00fcr\u00fclen yasad\u0131\u015f\u0131 dinleme kasetlerine ke\u015fif yap\u0131l\u0131rken, kasetlerin ke\u015fifte haz\u0131r bulunan g\u00f6revliler taraf\u0131ndan k\u0131r\u0131larak delillerin yok edildi\u011fini ileri s\u00fcrm\u00fc\u015f ve ke\u015ffi terk etti\u011fi ileri s\u00fcr\u00fclm\u00fc\u015ft\u00fc.<\/p>\n<p style=\"text-align: justify;\">Ke\u015fif yerini terk ederken soru\u015fturma Savc\u0131s\u0131 Kadir Alt\u0131n\u0131\u015f\u0131k&#8217;a tutanak tutturdu\u011fu belirtilmi\u015fti.<\/p>\n<p style=\"text-align: justify;\">Tutanakta \u0130stanbul Emniyet M\u00fcd\u00fcrl\u00fc\u011f\u00fc, Olay Yeri \u0130nceleme \u015eube M\u00fcd\u00fcrl\u00fc\u011f\u00fc ve T\u00dcB\u0130TAK Marmara B\u00f6lge temsilcili\u011finde g\u00f6rev yapan personelin adlar\u0131n\u0131n da yer ald\u0131\u011f\u0131 \u00f6\u011frenildi. Ancak T\u00dcB\u0130TAK Ba\u015fkanl\u0131\u011f\u0131 yapt\u0131\u011f\u0131 a\u00e7\u0131klama ile personelinin bu ortamda bulunmad\u0131\u011f\u0131n a\u00e7\u0131klam\u0131\u015ft\u0131.<\/p>\n<p style=\"text-align: justify;\"><strong>KE\u015e\u0130F TUTANA\u011eINI HABERC\u0130LERE VERECEK<\/strong><\/p>\n<p style=\"text-align: justify;\">Hanefi Avc\u0131&#8217;n\u0131n avukat\u0131 Fidel Okan&#8217;\u0131n, Kadir Alt\u0131n\u0131\u015f\u0131k&#8217;\u0131n \u00e7a\u011fr\u0131s\u0131 \u00fczerine ke\u015fif yerinde haz\u0131r bulunan g\u00f6revlilerin adlar\u0131n\u0131n da bulundu\u011fu tutana\u011f\u0131n bir \u00f6rne\u011fini gazetecilere verece\u011fi belirtildi. Okan&#8217;\u0131n delil karartma iddias\u0131na kar\u015f\u0131 yalanlama yapan T\u00dcB\u0130TAK ba\u015fkanl\u0131\u011f\u0131n\u0131n a\u00e7\u0131klamas\u0131na kar\u015f\u0131 bu belgeleri habercilere verece\u011fi \u00f6\u011frenildi. Ayr\u0131ca Hanefi Avc\u0131&#8217;da ele ge\u00e7irildi\u011fi iddia edilen kasetlere ke\u015fif yap\u0131l\u0131rken g\u00f6r\u00fcnt\u00fc al\u0131nd\u0131\u011f\u0131 da \u00f6\u011frenildi.<\/p>\n<p style=\"text-align: justify;\"><strong>T\u00dcB\u0130TAK BA\u015eKANLI\u011eI \u0130DD\u0130ALARI YALANLAMI\u015eTI<\/strong><\/p>\n<p style=\"text-align: justify;\">T\u00dcB\u0130TAK Ba\u015fkanl\u0131\u011f\u0131 T\u00fcrkiye&#8217;nin Gazeteport&#8217;tan \u00f6\u011frendi\u011fi kaset k\u0131r\u0131lma olay\u0131n\u0131 a\u015fa\u011f\u0131da yapt\u0131\u011f\u0131 a\u00e7\u0131klama ile yalanlam\u0131\u015ft\u0131:<\/p>\n<p style=\"text-align: justify;\">&#8221;Baz\u0131 bas\u0131n ve yay\u0131n organlar\u0131nda, Hanefi Avc\u0131&#8217;n\u0131n makam odas\u0131ndan \u00e7\u0131kt\u0131\u011f\u0131 ileri s\u00fcr\u00fclen kasetlerin, delil aranmas\u0131 s\u0131ras\u0131nda &#8216;T\u00dcB\u0130TAK g\u00f6revlilerinin de kat\u0131l\u0131m\u0131yla k\u0131r\u0131ld\u0131\u011f\u0131na&#8217; ili\u015fkin hayal mahsul\u00fc iddialar yer almaktad\u0131r.<\/p>\n<p style=\"text-align: justify;\">Bu tip soru\u015fturmalarda adli makamlar\u0131n teknik uzmanlardan talebi, elde edilen teyp kasetlerinin anla\u015f\u0131lamayan k\u0131s\u0131mlar\u0131n\u0131n \u00e7\u00f6z\u00fcmlerinin yap\u0131labilmesi amac\u0131yla dinlenilebilir hale getirilmesidir.<\/p>\n<p style=\"text-align: justify;\">T\u00dcB\u0130TAK personelinin delil aramas\u0131 s\u0131ras\u0131nda haz\u0131r bulunmas\u0131 yasal s\u00fcre\u00e7ler dahilinde m\u00fcmk\u00fcn olmad\u0131\u011f\u0131 gibi, adli mercilerden de arama yap\u0131l\u0131rken T\u00dcB\u0130TAK personelinin g\u00f6revlendirilmesi \u015feklinde bir talep al\u0131nmam\u0131\u015ft\u0131r.&#8221;<\/p>\n<p style=\"text-align: justify;\"><a href=\"http:\/\/www.gazeteport.com.tr\/GUNCEL\/NEWS\/GP_797143\" target=\"_blank\"><span style=\"color: #888888;\">Kaynak : \u0130hsan Demir &#8211; GAZETEPORT<\/span><\/a><\/p>\n","protected":false},"excerpt":{"rendered":"<p style=\"text-align: center;\">\n<p style=\"text-align: justify;\">T\u00dcB\u0130TAK Ba\u015fkanl\u0131\u011f\u0131n\u0131n, Hanefi Avc\u0131&#8217;dan elde edildi\u011fi ileri s\u00fcr\u00fclen ses kasetlerine yap\u0131lan ke\u015fif s\u0131ras\u0131nda, g\u00f6revlilerinin olay yerinde bulunmad\u0131\u011f\u0131 iddias\u0131na kar\u015f\u0131, Avc\u0131&#8217;n\u0131n avukat\u0131 Ankara&#8217;da a\u00e7\u0131klama yapacak.<\/p>\n<p style=\"text-align: justify;\">\u0130STANBUL \/ Devrimci Karargah soru\u015fturmas\u0131 kapsam\u0131nda tutuklanan emniyet m\u00fcd\u00fcr\u00fc Hanefi Avc\u0131&#8217;n\u0131n avukat\u0131 Fidel Okan&#8217;\u0131n, T\u00dcB\u0130TAK Ba\u015fkanl\u0131\u011f\u0131n\u0131n yapt\u0131\u011f\u0131 yalanlama konusunda bug\u00fcn Ankara&#8217;da a\u00e7\u0131klama yapaca\u011f\u0131 \u00f6\u011frenildi. <\/p>\n","protected":false},"author":1,"featured_media":0,"comment_status":"open","ping_status":"closed","sticky":false,"template":"","format":"standard","meta":{"footnotes":""},"categories":[105],"tags":[],"class_list":["post-27023","post","type-post","status-publish","format-standard","hentry","category-gundem","odd"],"_links":{"self":[{"href":"http:\/\/www.korhanyilmaz.com\/index.php?rest_route=\/wp\/v2\/posts\/27023","targetHints":{"allow":["GET"]}}],"collection":[{"href":"http:\/\/www.korhanyilmaz.com\/index.php?rest_route=\/wp\/v2\/posts"}],"about":[{"href":"http:\/\/www.korhanyilmaz.com\/index.php?rest_route=\/wp\/v2\/types\/post"}],"author":[{"embeddable":true,"href":"http:\/\/www.korhanyilmaz.com\/index.php?rest_route=\/wp\/v2\/users\/1"}],"replies":[{"embeddable":true,"href":"http:\/\/www.korhanyilmaz.com\/index.php?rest_route=%2Fwp%2Fv2%2Fcomments&post=27023"}],"version-history":[{"count":0,"href":"http:\/\/www.korhanyilmaz.com\/index.php?rest_route=\/wp\/v2\/posts\/27023\/revisions"}],"wp:attachment":[{"href":"http:\/\/www.korhanyilmaz.com\/index.php?rest_route=%2Fwp%2Fv2%2Fmedia&parent=27023"}],"wp:term":[{"taxonomy":"category","embeddable":true,"href":"http:\/\/www.korhanyilmaz.com\/index.php?rest_route=%2Fwp%2Fv2%2Fcategories&post=27023"},{"taxonomy":"post_tag","embeddable":true,"href":"http:\/\/www.korhanyilmaz.com\/index.php?rest_route=%2Fwp%2Fv2%2Ftags&post=27023"}],"curies":[{"name":"wp","href":"https:\/\/api.w.org\/{rel}","templated":true}]}}